{"id":49631,"date":"2026-03-09T19:24:08","date_gmt":"2026-03-09T22:24:08","guid":{"rendered":"https:\/\/newsinfoco.com.br\/inicio\/?p=49631"},"modified":"2026-03-09T19:24:08","modified_gmt":"2026-03-09T22:24:08","slug":"corrida-lilas-mobiliza-mulheres-em-alagoinhas-e-une-esporte-conscientizacao-e-solidariedade","status":"publish","type":"post","link":"https:\/\/newsinfoco.com.br\/inicio\/corrida-lilas-mobiliza-mulheres-em-alagoinhas-e-une-esporte-conscientizacao-e-solidariedade\/","title":{"rendered":"Corrida Lil\u00e1s mobiliza mulheres em Alagoinhas e une esporte, conscientiza\u00e7\u00e3o e solidariedade"},"content":{"rendered":"<p>A manh\u00e3 deste domingo, 8, foi marcada por esporte, solidariedade e conscientiza\u00e7\u00e3o em Alagoinhas, com a realiza\u00e7\u00e3o da Corrida Lil\u00e1s: Todos por Elas, evento promovido em comemora\u00e7\u00e3o ao Dia Internacional da Mulher, para valorizar e defender a vida das mulheres. A iniciativa, organizada pela vereadora Juci Cardoso, reuniu mais de 1.700 participantes e refor\u00e7ou a import\u00e2ncia do engajamento coletivo na luta contra a viol\u00eancia de g\u00eanero.<\/p>\n<p>A largada aconteceu no in\u00edcio da manh\u00e3, na Avenida Luiz Viana, com percursos de 3 km e 5 km. A corrida contou com as categorias Geral Raiz, voltada para corredoras de Alagoinhas; Geral Convidadas; e Geral PCD, destinada a pessoas com defici\u00eancia. Ao final, as tr\u00eas primeiras colocadas de cada categoria foram premiadas.<\/p><div class=\"newsi-conteudo_19\" id=\"newsi-3635506853\"><a href=\"https:\/\/www.instagram.com\/prefeituraalagoinhas?igsh=YzgzdDJ1bWR3aWI4\" aria-label=\"SAVE_20251006_221555\"><img loading=\"lazy\" decoding=\"async\" src=\"https:\/\/newsinfoco.com.br\/inicio\/wp-content\/uploads\/2025\/10\/SAVE_20251006_221555-rotated.jpg\" alt=\"\"  srcset=\"https:\/\/newsinfoco.com.br\/inicio\/wp-content\/uploads\/2025\/10\/SAVE_20251006_221555-rotated.jpg 1140w, https:\/\/newsinfoco.com.br\/inicio\/wp-content\/uploads\/2025\/10\/SAVE_20251006_221555-300x52.jpg 300w, https:\/\/newsinfoco.com.br\/inicio\/wp-content\/uploads\/2025\/10\/SAVE_20251006_221555-1024x177.jpg 1024w, https:\/\/newsinfoco.com.br\/inicio\/wp-content\/uploads\/2025\/10\/SAVE_20251006_221555-768x133.jpg 768w, https:\/\/newsinfoco.com.br\/inicio\/wp-content\/uploads\/2025\/10\/SAVE_20251006_221555-600x104.jpg 600w, https:\/\/newsinfoco.com.br\/inicio\/wp-content\/uploads\/2025\/10\/SAVE_20251006_221555-696x120.jpg 696w, https:\/\/newsinfoco.com.br\/inicio\/wp-content\/uploads\/2025\/10\/SAVE_20251006_221555-1068x185.jpg 1068w\" sizes=\"(max-width: 1140px) 100vw, 1140px\" width=\"1140\" height=\"197\"   \/><\/a><\/div>\n<p>\u201c\u00c9 um chamamento para que a sociedade se engaje. N\u00e3o \u00e9 poss\u00edvel continuarmos naturalizando todas as formas de viol\u00eancia contra as mulheres que temos presenciado. Em especial, os homens precisam se engajar\u201d, declarou Juci Cardoso.<\/p>\n<p>A secret\u00e1ria municipal de Desenvolvimento Social e primeira-dama de Alagoinhas, Lianne Carmo, foi a madrinha da corrida e participou do evento ao lado das atletas e servidoras da Sedes. \u201c\u00c9 uma honra ser a madrinha desse evento. Essa causa \u00e9 a conscientiza\u00e7\u00e3o do espa\u00e7o que temos, de quem n\u00f3s somos, de que podemos chegar onde quisermos com dignidade e respeito. Precisamos de mais mulheres engajadas nessa luta. Mulheres unidas, sociedade mais justa\u201d, afirmou.<\/p>\n<p>Al\u00e9m de incentivar a pr\u00e1tica esportiva, a Corrida Lil\u00e1s tamb\u00e9m teve car\u00e1ter solid\u00e1rio. A inscri\u00e7\u00e3o foi realizada mediante a doa\u00e7\u00e3o de cinco quilos de alimentos n\u00e3o perec\u00edveis, que ser\u00e3o destinados a mulheres e fam\u00edlias em situa\u00e7\u00e3o de vulnerabilidade social, especialmente aquelas impactadas pela chuva que atingiu o munic\u00edpio nos \u00faltimos dias.<\/p>\n<p>O evento contou com o apoio da Prefeitura Municipal de Alagoinhas, por meio da atua\u00e7\u00e3o das secretarias de Cultura, Esporte e Turismo (Secet) e de Desenvolvimento Social (Sedes), al\u00e9m da Superintend\u00eancia Municipal de Tr\u00e2nsito (SMT), que colaborou com a organiza\u00e7\u00e3o e a seguran\u00e7a do percurso. A Defensoria P\u00fablica, a OAB Mulher e a Delegacia Especializada de Aten\u00e7\u00e3o \u00e0 Mulher de Alagoinhas tamb\u00e9m apoiaram a a\u00e7\u00e3o.<\/p>\n<p>A equipe da Sedes tamb\u00e9m montou a Tenda Lil\u00e1s, um espa\u00e7o de apoio e acolhimento destinado a mulheres em situa\u00e7\u00e3o de viol\u00eancia. O local foi utilizado para sensibilizar o p\u00fablico sobre a causa e divulgar os servi\u00e7os de prote\u00e7\u00e3o dispon\u00edveis no munic\u00edpio.<\/p>\n<p>Entre as participantes, o sentimento era de entusiasmo e apoio \u00e0 causa. A t\u00e9cnica de enfermagem J\u00e9ssica Silva, de 27 anos, participou de uma corrida pela primeira vez e destacou a emo\u00e7\u00e3o de integrar um evento voltado ao fortalecimento das mulheres. \u201cFoi minha primeira corrida e j\u00e1 comecei em um evento t\u00e3o importante. \u00c9 uma iniciativa muito bonita, que une esporte, solidariedade e apoio \u00e0s mulheres. Estou muito feliz de participar\u201d, contou.<\/p>\n<p>J\u00e1 a recepcionista Jane Nunes, de 38 anos, disse que n\u00e3o poderia ficar de fora. Apaixonada por corrida, ela ressaltou que eventos como esse ajudam a fortalecer a uni\u00e3o feminina. \u201cEu amo correr e, quando soube que seria uma corrida dedicada \u00e0s mulheres, fiz quest\u00e3o de participar. Al\u00e9m do esporte, \u00e9 um momento de mostrar nossa for\u00e7a e apoiar outras mulheres\u201d, afirmou.<\/p>\n<p>Segundo a delegada de Pol\u00edcia Civil, titular da Delegacia Especial de Atendimento \u00e0 Mulher (DEAM) de Alagoinhas, L\u00e9lia Maria Raimundi David, a Corrida Lil\u00e1s representou um marco no munic\u00edpio em rela\u00e7\u00e3o ao enfrentamento \u00e0 viol\u00eancia contra a mulher.<\/p>\n<p>\u201cO ato coletivo, de iniciativa da vereadora Juci Cardoso e abra\u00e7ado pelo Poder P\u00fablico Municipal, reuniu mulheres de todas as idades, for\u00e7as de seguran\u00e7a e diversos segmentos da sociedade organizada com o objetivo de conscientizar pelo fim da viol\u00eancia contra a mulher e pelo fortalecimento do engajamento da sociedade com a causa. A participa\u00e7\u00e3o da Pol\u00edcia Civil da Bahia, atrav\u00e9s da DEAM de Alagoinhas, refor\u00e7ou o compromisso institucional com a preven\u00e7\u00e3o da viol\u00eancia dom\u00e9stica e familiar contra a mulher, defendendo o direito \u00e0 vida, \u00e0 dignidade e ao respeito, al\u00e9m de refor\u00e7ar a import\u00e2ncia da den\u00fancia\u201d, declarou L\u00e9lia.<\/p>\n<div class='share-to-whatsapp-wrapper'><div class='share-on-whsp'>Share on: <\/div><a data-text='Corrida Lil\u00e1s mobiliza mulheres em Alagoinhas e une esporte, conscientiza\u00e7\u00e3o e solidariedade' data-link='https:\/\/newsinfoco.com.br\/inicio\/corrida-lilas-mobiliza-mulheres-em-alagoinhas-e-une-esporte-conscientizacao-e-solidariedade\/' class='whatsapp-button whatsapp-share'>WhatsApp<\/a><div class='clear '><\/div><\/div>","protected":false},"excerpt":{"rendered":"<p>A manh\u00e3 deste domingo, 8, foi marcada por esporte, solidariedade e conscientiza\u00e7\u00e3o em Alagoinhas, com a realiza\u00e7\u00e3o da Corrida Lil\u00e1s: Todos por Elas, evento promovido em comemora\u00e7\u00e3o ao Dia Internacional da Mulher, para valorizar e defender a vida das mulheres. A iniciativa, organizada pela vereadora Juci Cardoso, reuniu mais de 1.700 participantes e refor\u00e7ou a [&hellip;]<\/p>\n","protected":false},"author":1,"featured_media":49632,"comment_status":"closed","ping_status":"closed","sticky":false,"template":"","format":"standard","meta":{"om_disable_all_campaigns":false,"_exactmetrics_skip_tracking":false,"_exactmetrics_sitenote_active":false,"_exactmetrics_sitenote_note":"","_exactmetrics_sitenote_category":0,"footnotes":""},"categories":[38,167],"tags":[],"class_list":["post-49631","post","type-post","status-publish","format-standard","has-post-thumbnail","hentry","category-alagoinhas-e-regiao","category-exclusivas"],"aioseo_notices":[],"_links":{"self":[{"href":"https:\/\/newsinfoco.com.br\/inicio\/wp-json\/wp\/v2\/posts\/49631","targetHints":{"allow":["GET"]}}],"collection":[{"href":"https:\/\/newsinfoco.com.br\/inicio\/wp-json\/wp\/v2\/posts"}],"about":[{"href":"https:\/\/newsinfoco.com.br\/inicio\/wp-json\/wp\/v2\/types\/post"}],"author":[{"embeddable":true,"href":"https:\/\/newsinfoco.com.br\/inicio\/wp-json\/wp\/v2\/users\/1"}],"replies":[{"embeddable":true,"href":"https:\/\/newsinfoco.com.br\/inicio\/wp-json\/wp\/v2\/comments?post=49631"}],"version-history":[{"count":1,"href":"https:\/\/newsinfoco.com.br\/inicio\/wp-json\/wp\/v2\/posts\/49631\/revisions"}],"predecessor-version":[{"id":49633,"href":"https:\/\/newsinfoco.com.br\/inicio\/wp-json\/wp\/v2\/posts\/49631\/revisions\/49633"}],"wp:featuredmedia":[{"embeddable":true,"href":"https:\/\/newsinfoco.com.br\/inicio\/wp-json\/wp\/v2\/media\/49632"}],"wp:attachment":[{"href":"https:\/\/newsinfoco.com.br\/inicio\/wp-json\/wp\/v2\/media?parent=49631"}],"wp:term":[{"taxonomy":"category","embeddable":true,"href":"https:\/\/newsinfoco.com.br\/inicio\/wp-json\/wp\/v2\/categories?post=49631"},{"taxonomy":"post_tag","embeddable":true,"href":"https:\/\/newsinfoco.com.br\/inicio\/wp-json\/wp\/v2\/tags?post=49631"}],"curies":[{"name":"wp","href":"https:\/\/api.w.org\/{rel}","templated":true}]}}