{"id":49634,"date":"2026-03-09T19:29:19","date_gmt":"2026-03-09T22:29:19","guid":{"rendered":"https:\/\/newsinfoco.com.br\/inicio\/?p=49634"},"modified":"2026-03-09T19:29:19","modified_gmt":"2026-03-09T22:29:19","slug":"prefeitura-de-alagoinhas-inicia-distribuicao-de-340-tablets-rastreados-para-agentes-comunitarios-de-saude","status":"publish","type":"post","link":"https:\/\/newsinfoco.com.br\/inicio\/prefeitura-de-alagoinhas-inicia-distribuicao-de-340-tablets-rastreados-para-agentes-comunitarios-de-saude\/","title":{"rendered":"Prefeitura de Alagoinhas inicia distribui\u00e7\u00e3o de 340 tablets rastreados para agentes comunit\u00e1rios de sa\u00fade"},"content":{"rendered":"<p>A Prefeitura de Alagoinhas, por meio da Secretaria Municipal de Sa\u00fade (Sesau), iniciou, nesta segunda-feira, 9, a distribui\u00e7\u00e3o de 340 tablets aos Agentes Comunit\u00e1rios de Sa\u00fade, T\u00e9cnicos em Agente Comunit\u00e1rios de Sa\u00fade, Agente de Combate \u00e0 endemias e Aten\u00e7\u00e3o Domiciliar. O evento aconteceu no audit\u00f3rio do Hospital Materno-infantil, que contou com as presen\u00e7as do secret\u00e1rio interino de Sa\u00fade, Luciano Sergio, da equipe da Sesau e de agentes de sa\u00fade do munic\u00edpio.<\/p>\n<p>O valor da aquisi\u00e7\u00e3o, realizada com recursos pr\u00f3prios, foi da ordem de R$ 650 mil. Os dispositivos, mais modernos do que os anteriores, possibilitar\u00e3o a sincroniza\u00e7\u00e3o de dados no momento das visitas quando conectado \u00e0 internet. \u201cCom a internet em tempo real, todos os dados s\u00e3o processados de imediato para o Minist\u00e9rio da Sa\u00fade, permitindo que as pol\u00edticas p\u00fablicas sejam aplicadas com mais rapidez\u201d, ressalta o coordenador de Tecnologia da Informa\u00e7\u00e3o e fiscal do contrato, Fabio Luciano Machado.<\/p><div class=\"newsi-conteudo_19\" id=\"newsi-1556855551\"><a href=\"https:\/\/www.instagram.com\/prefeituraalagoinhas?igsh=YzgzdDJ1bWR3aWI4\" aria-label=\"SAVE_20251006_221555\"><img loading=\"lazy\" decoding=\"async\" src=\"https:\/\/newsinfoco.com.br\/inicio\/wp-content\/uploads\/2025\/10\/SAVE_20251006_221555-rotated.jpg\" alt=\"\"  srcset=\"https:\/\/newsinfoco.com.br\/inicio\/wp-content\/uploads\/2025\/10\/SAVE_20251006_221555-rotated.jpg 1140w, https:\/\/newsinfoco.com.br\/inicio\/wp-content\/uploads\/2025\/10\/SAVE_20251006_221555-300x52.jpg 300w, https:\/\/newsinfoco.com.br\/inicio\/wp-content\/uploads\/2025\/10\/SAVE_20251006_221555-1024x177.jpg 1024w, https:\/\/newsinfoco.com.br\/inicio\/wp-content\/uploads\/2025\/10\/SAVE_20251006_221555-768x133.jpg 768w, https:\/\/newsinfoco.com.br\/inicio\/wp-content\/uploads\/2025\/10\/SAVE_20251006_221555-600x104.jpg 600w, https:\/\/newsinfoco.com.br\/inicio\/wp-content\/uploads\/2025\/10\/SAVE_20251006_221555-696x120.jpg 696w, https:\/\/newsinfoco.com.br\/inicio\/wp-content\/uploads\/2025\/10\/SAVE_20251006_221555-1068x185.jpg 1068w\" sizes=\"(max-width: 1140px) 100vw, 1140px\" width=\"1140\" height=\"197\"   \/><\/a><\/div>\n<p>Ainda segundo o coordenador, outro diferencial dos novos equipamentos \u00e9 o sistema de rastreamento e monitoramento em tempo real, o que aumenta a seguran\u00e7a e permite o gerenciamento centralizado pela Secretaria de Sa\u00fade. \u201cO tablet rastreado aumenta a seguran\u00e7a dos usu\u00e1rios e o recurso de gerenciamento permite monitorar todos os tablets em funcionamento. Em caso de perda ou furto, bloqueamos o aparelho e iniciamos o processo de monitoramento, comunicando \u00e0s autoridades com acesso em tempo real\u201d, explica.<\/p>\n<p>De acordo com Alex Viana, que trabalha como agente de endemia h\u00e1 14, os tablets trazem mais dinamismo ao trabalho em campo, contribuindo tamb\u00e9m para a qualidade do atendimento \u00e0 popula\u00e7\u00e3o. \u201cEsse aparelho vai facilitar a nossa vida, pois teremos condi\u00e7\u00f5es de ver os indicadores e trazer um bom trabalho para a popula\u00e7\u00e3o de Alagoinhas. O rastreador vai dar mais seguran\u00e7a e garantir um acompanhamento mais eficiente das nossas comunidades\u201d, declara.<\/p>\n<p>O secret\u00e1rio da Sesau, Luciano S\u00e9rgio destaca que os tablets ir\u00e3o alimentar o Sistema \u00danico de Sa\u00fade (SUS), fortalecendo a rela\u00e7\u00e3o de informa\u00e7\u00f5es entre a Secretaria Municipal e o Minist\u00e9rio da Sa\u00fade. \u201cEstes aparelhos s\u00e3o mais modernos e v\u00e3o turbinar nosso sistema de informa\u00e7\u00e3o. Estamos implementando inova\u00e7\u00e3o e tecnologia na secretaria e isso integra um conjunto de a\u00e7\u00f5es da Sesau voltadas \u00e0 moderniza\u00e7\u00e3o do servi\u00e7o de aten\u00e7\u00e3o b\u00e1sica e ao fortalecimento do monitoramento de doen\u00e7as e endemias no munic\u00edpio\u201d, diz.<\/p>\n<p>&nbsp;<\/p>\n<div class='share-to-whatsapp-wrapper'><div class='share-on-whsp'>Share on: <\/div><a data-text='Prefeitura de Alagoinhas inicia distribui\u00e7\u00e3o de 340 tablets rastreados para agentes comunit\u00e1rios de sa\u00fade' data-link='https:\/\/newsinfoco.com.br\/inicio\/prefeitura-de-alagoinhas-inicia-distribuicao-de-340-tablets-rastreados-para-agentes-comunitarios-de-saude\/' class='whatsapp-button whatsapp-share'>WhatsApp<\/a><div class='clear '><\/div><\/div>","protected":false},"excerpt":{"rendered":"<p>A Prefeitura de Alagoinhas, por meio da Secretaria Municipal de Sa\u00fade (Sesau), iniciou, nesta segunda-feira, 9, a distribui\u00e7\u00e3o de 340 tablets aos Agentes Comunit\u00e1rios de Sa\u00fade, T\u00e9cnicos em Agente Comunit\u00e1rios de Sa\u00fade, Agente de Combate \u00e0 endemias e Aten\u00e7\u00e3o Domiciliar. O evento aconteceu no audit\u00f3rio do Hospital Materno-infantil, que contou com as presen\u00e7as do secret\u00e1rio [&hellip;]<\/p>\n","protected":false},"author":1,"featured_media":49635,"comment_status":"closed","ping_status":"closed","sticky":false,"template":"","format":"standard","meta":{"om_disable_all_campaigns":false,"_exactmetrics_skip_tracking":false,"_exactmetrics_sitenote_active":false,"_exactmetrics_sitenote_note":"","_exactmetrics_sitenote_category":0,"footnotes":""},"categories":[38,167],"tags":[],"class_list":["post-49634","post","type-post","status-publish","format-standard","has-post-thumbnail","hentry","category-alagoinhas-e-regiao","category-exclusivas"],"aioseo_notices":[],"_links":{"self":[{"href":"https:\/\/newsinfoco.com.br\/inicio\/wp-json\/wp\/v2\/posts\/49634","targetHints":{"allow":["GET"]}}],"collection":[{"href":"https:\/\/newsinfoco.com.br\/inicio\/wp-json\/wp\/v2\/posts"}],"about":[{"href":"https:\/\/newsinfoco.com.br\/inicio\/wp-json\/wp\/v2\/types\/post"}],"author":[{"embeddable":true,"href":"https:\/\/newsinfoco.com.br\/inicio\/wp-json\/wp\/v2\/users\/1"}],"replies":[{"embeddable":true,"href":"https:\/\/newsinfoco.com.br\/inicio\/wp-json\/wp\/v2\/comments?post=49634"}],"version-history":[{"count":1,"href":"https:\/\/newsinfoco.com.br\/inicio\/wp-json\/wp\/v2\/posts\/49634\/revisions"}],"predecessor-version":[{"id":49636,"href":"https:\/\/newsinfoco.com.br\/inicio\/wp-json\/wp\/v2\/posts\/49634\/revisions\/49636"}],"wp:featuredmedia":[{"embeddable":true,"href":"https:\/\/newsinfoco.com.br\/inicio\/wp-json\/wp\/v2\/media\/49635"}],"wp:attachment":[{"href":"https:\/\/newsinfoco.com.br\/inicio\/wp-json\/wp\/v2\/media?parent=49634"}],"wp:term":[{"taxonomy":"category","embeddable":true,"href":"https:\/\/newsinfoco.com.br\/inicio\/wp-json\/wp\/v2\/categories?post=49634"},{"taxonomy":"post_tag","embeddable":true,"href":"https:\/\/newsinfoco.com.br\/inicio\/wp-json\/wp\/v2\/tags?post=49634"}],"curies":[{"name":"wp","href":"https:\/\/api.w.org\/{rel}","templated":true}]}}