{"id":49637,"date":"2026-03-09T19:41:43","date_gmt":"2026-03-09T22:41:43","guid":{"rendered":"https:\/\/newsinfoco.com.br\/inicio\/?p=49637"},"modified":"2026-03-09T19:41:43","modified_gmt":"2026-03-09T22:41:43","slug":"alagoinhas-lanca-plano-de-mobilizacao-para-ampliar-matriculas-na-eja","status":"publish","type":"post","link":"https:\/\/newsinfoco.com.br\/inicio\/alagoinhas-lanca-plano-de-mobilizacao-para-ampliar-matriculas-na-eja\/","title":{"rendered":"Alagoinhas lan\u00e7a plano de mobiliza\u00e7\u00e3o para ampliar matr\u00edculas na EJA"},"content":{"rendered":"<p>A Prefeitura de Alagoinhas lan\u00e7ou o Plano de Mobiliza\u00e7\u00e3o para Matr\u00edcula da Educa\u00e7\u00e3o de Jovens e Adultos (EJA) 2026. O objetivo \u00e9 ampliar o acesso \u00e0 educa\u00e7\u00e3o e incentivar o retorno de jovens e adultos \u00e0 sala de aula. Como parte das a\u00e7\u00f5es, os estudantes matriculados na modalidade contar\u00e3o com um incentivo financeiro de R$ 100 por m\u00eas, por meio da Bolsa Presen\u00e7a, medida que tem como objetivo estimular a perman\u00eancia e a continuidade dos estudos.<\/p>\n<p>O plano de mobiliza\u00e7\u00e3o foi elaborado pela Secretaria Municipal da Educa\u00e7\u00e3o (Seduc). Alinhada ao Governo Federal, por meio do Pacto Nacional pela Supera\u00e7\u00e3o do Analfabetismo e Qualifica\u00e7\u00e3o na Educa\u00e7\u00e3o de Jovens e Adultos, a iniciativa pretende fortalecer a pol\u00edtica de inclus\u00e3o educacional no munic\u00edpio, ampliando as oportunidades para quem deseja retomar a trajet\u00f3ria escolar.<\/p><div class=\"newsi-conteudo_19\" id=\"newsi-4180302865\"><a href=\"https:\/\/www.instagram.com\/prefeituraalagoinhas?igsh=YzgzdDJ1bWR3aWI4\" aria-label=\"SAVE_20251006_221555\"><img loading=\"lazy\" decoding=\"async\" src=\"https:\/\/newsinfoco.com.br\/inicio\/wp-content\/uploads\/2025\/10\/SAVE_20251006_221555-rotated.jpg\" alt=\"\"  srcset=\"https:\/\/newsinfoco.com.br\/inicio\/wp-content\/uploads\/2025\/10\/SAVE_20251006_221555-rotated.jpg 1140w, https:\/\/newsinfoco.com.br\/inicio\/wp-content\/uploads\/2025\/10\/SAVE_20251006_221555-300x52.jpg 300w, https:\/\/newsinfoco.com.br\/inicio\/wp-content\/uploads\/2025\/10\/SAVE_20251006_221555-1024x177.jpg 1024w, https:\/\/newsinfoco.com.br\/inicio\/wp-content\/uploads\/2025\/10\/SAVE_20251006_221555-768x133.jpg 768w, https:\/\/newsinfoco.com.br\/inicio\/wp-content\/uploads\/2025\/10\/SAVE_20251006_221555-600x104.jpg 600w, https:\/\/newsinfoco.com.br\/inicio\/wp-content\/uploads\/2025\/10\/SAVE_20251006_221555-696x120.jpg 696w, https:\/\/newsinfoco.com.br\/inicio\/wp-content\/uploads\/2025\/10\/SAVE_20251006_221555-1068x185.jpg 1068w\" sizes=\"(max-width: 1140px) 100vw, 1140px\" width=\"1140\" height=\"197\"   \/><\/a><\/div>\n<p>A ideia \u00e9 promover uma s\u00e9rie de a\u00e7\u00f5es voltadas \u00e0 busca ativa de estudantes jovens, adultos e idosos, por meio de mobiliza\u00e7\u00e3o comunit\u00e1ria e fortalecimento de parcerias institucionais. Al\u00e9m de ampliar o acesso \u00e0 EJA no munic\u00edpio, a iniciativa visa elevar a escolaridade m\u00e9dia da popula\u00e7\u00e3o, contribuindo para a supera\u00e7\u00e3o do analfabetismo entre pessoas a partir dos 15 anos de idade.<\/p>\n<p>\u201cO p\u00fablico-alvo inclui jovens a partir de 15 anos que interromperam os estudos ou enfrentaram repet\u00eancia no ensino fundamental, al\u00e9m de adultos trabalhadores, pessoas em situa\u00e7\u00e3o de vulnerabilidade social, mulheres respons\u00e1veis pelo lar e idosos\u201d, informa a secret\u00e1ria municipal da Educa\u00e7\u00e3o, Rita Bastos.<\/p>\n<p>Atualmente, a Rede Municipal de Alagoinhas conta com turmas de EJA distribu\u00eddas em diferentes localidades. Os estudantes interessados devem procurar a unidade mais pr\u00f3xima de sua resid\u00eancia.<\/p>\n<p>Entre as escolas que ofertam a modalidade est\u00e3o: o Col\u00e9gio Municipal de Alagoinhas (Centro), Col\u00e9gio Municipal Doutor Jairo Azi (Riacho da Guia), Col\u00e9gio Municipal Miguel Santos Fontes (Boa Uni\u00e3o), Escola Municipal \u00c9rico Ver\u00edssimo (Capoeiras), Escola Municipal Isa\u00edas Figueiredo (Rua do Catu), Escola Municipal Jos\u00e9 Honorato (Miguel Velho), Escola Municipal Ministro Marco Maciel (Alagoinhas Velha), Escola Municipal Nova Bras\u00edlia (Barreiro), Escola Municipal Pedro Furtado (Mangal\u00f4), Escola Municipal Professora Adalgisa Santos (Parque Alagoinhas), Escola Municipal Santa Terezinha (Santa Terezinha) e Escola Municipal Tancredo de Almeida Neves (Barreiro).<\/p>\n<p><strong>Mais oportunidades<\/strong><\/p>\n<p>Segundo explicou a gerente municipal da EJA em Alagoinhas, Rita Rezende, uma das principais frentes de atua\u00e7\u00e3o das equipes da Seduc est\u00e1 na articula\u00e7\u00e3o com o Centro de Refer\u00eancia de Assist\u00eancia Social (CRAS) e o Centro de Refer\u00eancia Especializado de Assist\u00eancia Social (CREAS), vinculados \u00e0 Secretaria de Desenvolvimento Social (Sedes), contando tamb\u00e9m com o apoio de agentes comunit\u00e1rios de sa\u00fade do munic\u00edpio.<\/p>\n<p>\u201cA mobiliza\u00e7\u00e3o tamb\u00e9m conta com a parceria de diversas institui\u00e7\u00f5es e organiza\u00e7\u00f5es sociais. Entre os parceiros est\u00e3o o Instituto Federal Baiano, Senai, Sesi, Sest Senat, al\u00e9m de associa\u00e7\u00f5es de moradores, movimentos sociais, o F\u00f3rum de Educa\u00e7\u00e3o e representantes do com\u00e9rcio e das empresas do munic\u00edpio. Estamos criando condi\u00e7\u00f5es para que mais pessoas possam retomar os estudos, inclusive com a possibilidade de hor\u00e1rios mais flex\u00edveis, pensados especialmente para trabalhadores que desejam voltar \u00e0 sala de aula\u201d, enfatiza Rezende.<\/p>\n<div class='share-to-whatsapp-wrapper'><div class='share-on-whsp'>Share on: <\/div><a data-text='Alagoinhas lan\u00e7a plano de mobiliza\u00e7\u00e3o para ampliar matr\u00edculas na EJA' data-link='https:\/\/newsinfoco.com.br\/inicio\/alagoinhas-lanca-plano-de-mobilizacao-para-ampliar-matriculas-na-eja\/' class='whatsapp-button whatsapp-share'>WhatsApp<\/a><div class='clear '><\/div><\/div>","protected":false},"excerpt":{"rendered":"<p>A Prefeitura de Alagoinhas lan\u00e7ou o Plano de Mobiliza\u00e7\u00e3o para Matr\u00edcula da Educa\u00e7\u00e3o de Jovens e Adultos (EJA) 2026. O objetivo \u00e9 ampliar o acesso \u00e0 educa\u00e7\u00e3o e incentivar o retorno de jovens e adultos \u00e0 sala de aula. Como parte das a\u00e7\u00f5es, os estudantes matriculados na modalidade contar\u00e3o com um incentivo financeiro de R$ [&hellip;]<\/p>\n","protected":false},"author":1,"featured_media":49638,"comment_status":"closed","ping_status":"closed","sticky":false,"template":"","format":"standard","meta":{"om_disable_all_campaigns":false,"_exactmetrics_skip_tracking":false,"_exactmetrics_sitenote_active":false,"_exactmetrics_sitenote_note":"","_exactmetrics_sitenote_category":0,"footnotes":""},"categories":[38,167],"tags":[],"class_list":["post-49637","post","type-post","status-publish","format-standard","has-post-thumbnail","hentry","category-alagoinhas-e-regiao","category-exclusivas"],"aioseo_notices":[],"_links":{"self":[{"href":"https:\/\/newsinfoco.com.br\/inicio\/wp-json\/wp\/v2\/posts\/49637","targetHints":{"allow":["GET"]}}],"collection":[{"href":"https:\/\/newsinfoco.com.br\/inicio\/wp-json\/wp\/v2\/posts"}],"about":[{"href":"https:\/\/newsinfoco.com.br\/inicio\/wp-json\/wp\/v2\/types\/post"}],"author":[{"embeddable":true,"href":"https:\/\/newsinfoco.com.br\/inicio\/wp-json\/wp\/v2\/users\/1"}],"replies":[{"embeddable":true,"href":"https:\/\/newsinfoco.com.br\/inicio\/wp-json\/wp\/v2\/comments?post=49637"}],"version-history":[{"count":1,"href":"https:\/\/newsinfoco.com.br\/inicio\/wp-json\/wp\/v2\/posts\/49637\/revisions"}],"predecessor-version":[{"id":49639,"href":"https:\/\/newsinfoco.com.br\/inicio\/wp-json\/wp\/v2\/posts\/49637\/revisions\/49639"}],"wp:featuredmedia":[{"embeddable":true,"href":"https:\/\/newsinfoco.com.br\/inicio\/wp-json\/wp\/v2\/media\/49638"}],"wp:attachment":[{"href":"https:\/\/newsinfoco.com.br\/inicio\/wp-json\/wp\/v2\/media?parent=49637"}],"wp:term":[{"taxonomy":"category","embeddable":true,"href":"https:\/\/newsinfoco.com.br\/inicio\/wp-json\/wp\/v2\/categories?post=49637"},{"taxonomy":"post_tag","embeddable":true,"href":"https:\/\/newsinfoco.com.br\/inicio\/wp-json\/wp\/v2\/tags?post=49637"}],"curies":[{"name":"wp","href":"https:\/\/api.w.org\/{rel}","templated":true}]}}