{"id":49642,"date":"2026-03-10T11:47:54","date_gmt":"2026-03-10T14:47:54","guid":{"rendered":"https:\/\/newsinfoco.com.br\/inicio\/?p=49642"},"modified":"2026-03-10T11:47:54","modified_gmt":"2026-03-10T14:47:54","slug":"augusto-lima-ex-socio-de-vorcaro-esta-descontente-com-liderancas-do-pt-diz-coluna","status":"publish","type":"post","link":"https:\/\/newsinfoco.com.br\/inicio\/augusto-lima-ex-socio-de-vorcaro-esta-descontente-com-liderancas-do-pt-diz-coluna\/","title":{"rendered":"Augusto Lima, ex-s\u00f3cio de Vorcaro, est\u00e1 descontente com lideran\u00e7as do PT, diz coluna"},"content":{"rendered":"<div class=\"conteudo_post\">\n<p>O empres\u00e1rio Augusto Lima, ex-s\u00f3cio do banqueiro Daniel Vorcaro, tem manifestado insatisfa\u00e7\u00e3o com o comportamento de aliados pol\u00edticos vinculados ao Partido dos Trabalhadores (PT) na Bahia. Segundo interlocutores, o inc\u00f4modo reside em declara\u00e7\u00f5es recentes dadas por caciques da legenda em entrevistas, nas quais Lima estaria sendo citado de forma pejorativa ou distante.<\/p>\n<p>As informa\u00e7\u00f5es foram publicadas originalmente pela coluna de\u00a0<i>Milena Teixeira<\/i>, no portal\u00a0<i>Metr\u00f3poles<\/i>. O descontentamento do empres\u00e1rio, conhecido como Guga Lima, ocorre ap\u00f3s sua pris\u00e3o preventiva em novembro de 2025, no \u00e2mbito da primeira fase da Opera\u00e7\u00e3o Compliance Zero. Atualmente, ele responde ao processo em liberdade, sob o cumprimento de medidas cautelares.<\/p><div class=\"newsi-conteudo_19\" id=\"newsi-3475248855\"><a href=\"https:\/\/www.instagram.com\/prefeituraalagoinhas?igsh=YzgzdDJ1bWR3aWI4\" aria-label=\"SAVE_20251006_221555\"><img loading=\"lazy\" decoding=\"async\" src=\"https:\/\/newsinfoco.com.br\/inicio\/wp-content\/uploads\/2025\/10\/SAVE_20251006_221555-rotated.jpg\" alt=\"\"  srcset=\"https:\/\/newsinfoco.com.br\/inicio\/wp-content\/uploads\/2025\/10\/SAVE_20251006_221555-rotated.jpg 1140w, https:\/\/newsinfoco.com.br\/inicio\/wp-content\/uploads\/2025\/10\/SAVE_20251006_221555-300x52.jpg 300w, https:\/\/newsinfoco.com.br\/inicio\/wp-content\/uploads\/2025\/10\/SAVE_20251006_221555-1024x177.jpg 1024w, https:\/\/newsinfoco.com.br\/inicio\/wp-content\/uploads\/2025\/10\/SAVE_20251006_221555-768x133.jpg 768w, https:\/\/newsinfoco.com.br\/inicio\/wp-content\/uploads\/2025\/10\/SAVE_20251006_221555-600x104.jpg 600w, https:\/\/newsinfoco.com.br\/inicio\/wp-content\/uploads\/2025\/10\/SAVE_20251006_221555-696x120.jpg 696w, https:\/\/newsinfoco.com.br\/inicio\/wp-content\/uploads\/2025\/10\/SAVE_20251006_221555-1068x185.jpg 1068w\" sizes=\"(max-width: 1140px) 100vw, 1140px\" width=\"1140\" height=\"197\"   \/><\/a><\/div>\n<p>De acordo com pessoas pr\u00f3ximas ao empres\u00e1rio, o ponto central da queixa \u00e9 o uso de termos como \u201caquele cara\u201d por parte de lideran\u00e7as petistas ao se referirem a ele publicamente. A postura \u00e9 vista como uma tentativa de distanciamento por parte de pol\u00edticos com quem Lima mant\u00e9m, ou manteve, proximidade hist\u00f3rica, como o ministro da Casa Civil, Rui Costa, e o senador Jaques Wagner (PT-BA).<\/p>\n<div>\n<div>\n<div class=\"trv-player-container\">\n<div class=\"trv-wrapper\">\n<div id=\"br_video_player_3d81f4a07feee23aefb5ea1f19e1a19dc3c659f9\" class=\"trvd_video_player trvdinstream\">\n<div class=\"media-player\"><\/div>\n<\/div>\n<\/div>\n<\/div>\n<\/div>\n<\/div>\n<p>Augusto Lima consolidou sua influ\u00eancia na pol\u00edtica baiana ao adquirir a Empresa Baiana de Alimentos (Ebal), que operava a rede Cesta do Povo e o cart\u00e3o Credcesta.<\/p>\n<p>Al\u00e9m do tr\u00e2nsito com o PT, o empres\u00e1rio tamb\u00e9m possui conex\u00f5es com nomes da oposi\u00e7\u00e3o, a exemplo do ex-ministro Jo\u00e3o Roma (PL). Recentemente, o Banco Pleno, adquirido por Lima em 2025, sofreu interven\u00e7\u00e3o e liquida\u00e7\u00e3o determinada pelo Banco Central em fevereiro deste ano.<\/p>\n<\/div>\n<div id=\"author-info\" class=\"ui items\">\n<div class=\"item\">Bahia.Ba<\/div>\n<\/div>\n<div class='share-to-whatsapp-wrapper'><div class='share-on-whsp'>Share on: <\/div><a data-text='Augusto Lima, ex-s\u00f3cio de Vorcaro, est\u00e1 descontente com lideran\u00e7as do PT, diz coluna' data-link='https:\/\/newsinfoco.com.br\/inicio\/augusto-lima-ex-socio-de-vorcaro-esta-descontente-com-liderancas-do-pt-diz-coluna\/' class='whatsapp-button whatsapp-share'>WhatsApp<\/a><div class='clear '><\/div><\/div>","protected":false},"excerpt":{"rendered":"<p>O empres\u00e1rio Augusto Lima, ex-s\u00f3cio do banqueiro Daniel Vorcaro, tem manifestado insatisfa\u00e7\u00e3o com o comportamento de aliados pol\u00edticos vinculados ao Partido dos Trabalhadores (PT) na Bahia. Segundo interlocutores, o inc\u00f4modo reside em declara\u00e7\u00f5es recentes dadas por caciques da legenda em entrevistas, nas quais Lima estaria sendo citado de forma pejorativa ou distante. As informa\u00e7\u00f5es foram [&hellip;]<\/p>\n","protected":false},"author":1,"featured_media":49643,"comment_status":"closed","ping_status":"closed","sticky":false,"template":"","format":"standard","meta":{"om_disable_all_campaigns":false,"_exactmetrics_skip_tracking":false,"_exactmetrics_sitenote_active":false,"_exactmetrics_sitenote_note":"","_exactmetrics_sitenote_category":0,"footnotes":""},"categories":[21],"tags":[],"class_list":["post-49642","post","type-post","status-publish","format-standard","has-post-thumbnail","hentry","category-brasil"],"aioseo_notices":[],"_links":{"self":[{"href":"https:\/\/newsinfoco.com.br\/inicio\/wp-json\/wp\/v2\/posts\/49642","targetHints":{"allow":["GET"]}}],"collection":[{"href":"https:\/\/newsinfoco.com.br\/inicio\/wp-json\/wp\/v2\/posts"}],"about":[{"href":"https:\/\/newsinfoco.com.br\/inicio\/wp-json\/wp\/v2\/types\/post"}],"author":[{"embeddable":true,"href":"https:\/\/newsinfoco.com.br\/inicio\/wp-json\/wp\/v2\/users\/1"}],"replies":[{"embeddable":true,"href":"https:\/\/newsinfoco.com.br\/inicio\/wp-json\/wp\/v2\/comments?post=49642"}],"version-history":[{"count":1,"href":"https:\/\/newsinfoco.com.br\/inicio\/wp-json\/wp\/v2\/posts\/49642\/revisions"}],"predecessor-version":[{"id":49644,"href":"https:\/\/newsinfoco.com.br\/inicio\/wp-json\/wp\/v2\/posts\/49642\/revisions\/49644"}],"wp:featuredmedia":[{"embeddable":true,"href":"https:\/\/newsinfoco.com.br\/inicio\/wp-json\/wp\/v2\/media\/49643"}],"wp:attachment":[{"href":"https:\/\/newsinfoco.com.br\/inicio\/wp-json\/wp\/v2\/media?parent=49642"}],"wp:term":[{"taxonomy":"category","embeddable":true,"href":"https:\/\/newsinfoco.com.br\/inicio\/wp-json\/wp\/v2\/categories?post=49642"},{"taxonomy":"post_tag","embeddable":true,"href":"https:\/\/newsinfoco.com.br\/inicio\/wp-json\/wp\/v2\/tags?post=49642"}],"curies":[{"name":"wp","href":"https:\/\/api.w.org\/{rel}","templated":true}]}}