{"id":49645,"date":"2026-03-10T11:54:42","date_gmt":"2026-03-10T14:54:42","guid":{"rendered":"https:\/\/newsinfoco.com.br\/inicio\/?p=49645"},"modified":"2026-03-10T11:54:42","modified_gmt":"2026-03-10T14:54:42","slug":"pt-acusa-trump-de-tentar-influenciar-eleicoes-no-brasil-com-debate-sobre-faccoes","status":"publish","type":"post","link":"https:\/\/newsinfoco.com.br\/inicio\/pt-acusa-trump-de-tentar-influenciar-eleicoes-no-brasil-com-debate-sobre-faccoes\/","title":{"rendered":"PT acusa Trump de tentar influenciar elei\u00e7\u00f5es no Brasil com debate sobre fac\u00e7\u00f5es"},"content":{"rendered":"<div class=\"conteudo_post\">\n<p>Membros do PT avaliam que a proposta dos Estados Unidos de equiparar as fac\u00e7\u00f5es criminosas brasileiras a organiza\u00e7\u00f5es terroristas \u00e9 uma tentativa do presidente Donald Trump de interferir nas elei\u00e7\u00f5es presidenciais deste ano no Brasil. As informa\u00e7\u00f5es s\u00e3o da CNN Brasil.<\/p>\n<p>A proposta \u00e9 recha\u00e7ada pelo PT e pelo governo Lula. O entendimento \u00e9 de que o tema se trata de uma ofensiva de Trump de tentar projetar a direita na Am\u00e9rica Latina. Al\u00e9m do Brasil, Peru e Col\u00f4mbia tamb\u00e9m t\u00eam elei\u00e7\u00f5es neste ano.<\/p><div class=\"newsi-conteudo_19\" id=\"newsi-2619952413\"><a href=\"https:\/\/www.instagram.com\/prefeituraalagoinhas?igsh=YzgzdDJ1bWR3aWI4\" aria-label=\"SAVE_20251006_221555\"><img loading=\"lazy\" decoding=\"async\" src=\"https:\/\/newsinfoco.com.br\/inicio\/wp-content\/uploads\/2025\/10\/SAVE_20251006_221555-rotated.jpg\" alt=\"\"  srcset=\"https:\/\/newsinfoco.com.br\/inicio\/wp-content\/uploads\/2025\/10\/SAVE_20251006_221555-rotated.jpg 1140w, https:\/\/newsinfoco.com.br\/inicio\/wp-content\/uploads\/2025\/10\/SAVE_20251006_221555-300x52.jpg 300w, https:\/\/newsinfoco.com.br\/inicio\/wp-content\/uploads\/2025\/10\/SAVE_20251006_221555-1024x177.jpg 1024w, https:\/\/newsinfoco.com.br\/inicio\/wp-content\/uploads\/2025\/10\/SAVE_20251006_221555-768x133.jpg 768w, https:\/\/newsinfoco.com.br\/inicio\/wp-content\/uploads\/2025\/10\/SAVE_20251006_221555-600x104.jpg 600w, https:\/\/newsinfoco.com.br\/inicio\/wp-content\/uploads\/2025\/10\/SAVE_20251006_221555-696x120.jpg 696w, https:\/\/newsinfoco.com.br\/inicio\/wp-content\/uploads\/2025\/10\/SAVE_20251006_221555-1068x185.jpg 1068w\" sizes=\"(max-width: 1140px) 100vw, 1140px\" width=\"1140\" height=\"197\"   \/><\/a><\/div>\n<p>A conversa entre Trump e Lula na Assembleia Geral da Organiza\u00e7\u00e3o das Na\u00e7\u00f5es Unidas (ONU), em setembro do ano passado, deu algum al\u00edvio para o governo brasileiro. No entanto, a proposta de classificar grupos como PCC (Primeiro Comando da Capital) e CV (Comando Vermelho) como organiza\u00e7\u00f5es terroristas fez com que o Pal\u00e1cio do Planalto voltasse a desconfiar das inten\u00e7\u00f5es da Casa Branca.<\/p>\n<p>No domingo (8), o ministro das Rela\u00e7\u00f5es Exteriores do Brasil, Mauro Vieira, teve uma conversa com o secret\u00e1rio de Estado americano, Marco Rubio, sobre uma parceria para o combate ao crime organizado. Al\u00e9m disso, o tema deve ser um dos pontos discutidos na reuni\u00e3o entre Lula e Trump. Inicialmente, o encontro estava previsto para este m\u00eas, mas segue sem data definida. A justificativa para o adiamento \u00e9 a guerra com o Ir\u00e3.<\/p>\n<div>\n<div>\n<div class=\"trv-player-container\">\n<div class=\"trv-wrapper\">\n<div id=\"br_video_player_65ae560bbe7b647320bcea1f19e1a19dc3c659f9\" class=\"trvd_video_player trvdinstream\">A ocupa\u00e7\u00e3o do governo brasileiro \u00e9 que o debate seja usado politicamente pela oposi\u00e7\u00e3o e acabe contaminando o di\u00e1logo diplom\u00e1tico entre Brasil e EUA. Em maio do ano passado, o senador Fl\u00e1vio Bolsonaro entregou a uma comitiva enviada pelo governo Trump um dossi\u00ea produzido pelas Secretarias de Seguran\u00e7a P\u00fablica do Rio de Janeiro e de S\u00e3o Paulo. O documento relaciona a atua\u00e7\u00e3o de fac\u00e7\u00f5es criminosas brasileiras a pr\u00e1ticas consideradas terroristas.<\/div>\n<div><\/div>\n<\/div>\n<\/div>\n<\/div>\n<\/div>\n<p>Durante a visita, representantes do governo dos EUA tamb\u00e9m se reuniram com t\u00e9cnicos do Minist\u00e9rio da Justi\u00e7a e Seguran\u00e7a P\u00fablica. Na ocasi\u00e3o, foi informado \u00e0 comitiva norte-americana que a legisla\u00e7\u00e3o brasileira classifica essas organiza\u00e7\u00f5es como grupos criminosos e n\u00e3o como organiza\u00e7\u00f5es terroristas.<\/p>\n<\/div>\n<div id=\"author-info\" class=\"ui items\">\n<div class=\"item\">Bahia.Ba<\/div>\n<\/div>\n<div class='share-to-whatsapp-wrapper'><div class='share-on-whsp'>Share on: <\/div><a data-text='PT acusa Trump de tentar influenciar elei\u00e7\u00f5es no Brasil com debate sobre fac\u00e7\u00f5es' data-link='https:\/\/newsinfoco.com.br\/inicio\/pt-acusa-trump-de-tentar-influenciar-eleicoes-no-brasil-com-debate-sobre-faccoes\/' class='whatsapp-button whatsapp-share'>WhatsApp<\/a><div class='clear '><\/div><\/div>","protected":false},"excerpt":{"rendered":"<p>Membros do PT avaliam que a proposta dos Estados Unidos de equiparar as fac\u00e7\u00f5es criminosas brasileiras a organiza\u00e7\u00f5es terroristas \u00e9 uma tentativa do presidente Donald Trump de interferir nas elei\u00e7\u00f5es presidenciais deste ano no Brasil. As informa\u00e7\u00f5es s\u00e3o da CNN Brasil. A proposta \u00e9 recha\u00e7ada pelo PT e pelo governo Lula. O entendimento \u00e9 de [&hellip;]<\/p>\n","protected":false},"author":1,"featured_media":49647,"comment_status":"closed","ping_status":"closed","sticky":false,"template":"","format":"standard","meta":{"om_disable_all_campaigns":false,"_exactmetrics_skip_tracking":false,"_exactmetrics_sitenote_active":false,"_exactmetrics_sitenote_note":"","_exactmetrics_sitenote_category":0,"footnotes":""},"categories":[21],"tags":[],"class_list":["post-49645","post","type-post","status-publish","format-standard","has-post-thumbnail","hentry","category-brasil"],"aioseo_notices":[],"_links":{"self":[{"href":"https:\/\/newsinfoco.com.br\/inicio\/wp-json\/wp\/v2\/posts\/49645","targetHints":{"allow":["GET"]}}],"collection":[{"href":"https:\/\/newsinfoco.com.br\/inicio\/wp-json\/wp\/v2\/posts"}],"about":[{"href":"https:\/\/newsinfoco.com.br\/inicio\/wp-json\/wp\/v2\/types\/post"}],"author":[{"embeddable":true,"href":"https:\/\/newsinfoco.com.br\/inicio\/wp-json\/wp\/v2\/users\/1"}],"replies":[{"embeddable":true,"href":"https:\/\/newsinfoco.com.br\/inicio\/wp-json\/wp\/v2\/comments?post=49645"}],"version-history":[{"count":1,"href":"https:\/\/newsinfoco.com.br\/inicio\/wp-json\/wp\/v2\/posts\/49645\/revisions"}],"predecessor-version":[{"id":49648,"href":"https:\/\/newsinfoco.com.br\/inicio\/wp-json\/wp\/v2\/posts\/49645\/revisions\/49648"}],"wp:featuredmedia":[{"embeddable":true,"href":"https:\/\/newsinfoco.com.br\/inicio\/wp-json\/wp\/v2\/media\/49647"}],"wp:attachment":[{"href":"https:\/\/newsinfoco.com.br\/inicio\/wp-json\/wp\/v2\/media?parent=49645"}],"wp:term":[{"taxonomy":"category","embeddable":true,"href":"https:\/\/newsinfoco.com.br\/inicio\/wp-json\/wp\/v2\/categories?post=49645"},{"taxonomy":"post_tag","embeddable":true,"href":"https:\/\/newsinfoco.com.br\/inicio\/wp-json\/wp\/v2\/tags?post=49645"}],"curies":[{"name":"wp","href":"https:\/\/api.w.org\/{rel}","templated":true}]}}