{"id":49649,"date":"2026-03-10T12:14:02","date_gmt":"2026-03-10T15:14:02","guid":{"rendered":"https:\/\/newsinfoco.com.br\/inicio\/?p=49649"},"modified":"2026-03-10T12:14:02","modified_gmt":"2026-03-10T15:14:02","slug":"stf-julga-deputados-do-pl-por-suspeita-de-propina-em-emendas","status":"publish","type":"post","link":"https:\/\/newsinfoco.com.br\/inicio\/stf-julga-deputados-do-pl-por-suspeita-de-propina-em-emendas\/","title":{"rendered":"STF julga deputados do PL por suspeita de propina em emendas"},"content":{"rendered":"<div class=\"conteudo_post\">\n<p>A Primeira Turma do Supremo Tribunal Federal (STF) inicia nesta ter\u00e7a-feira (10) o julgamento de dois deputados federais e um suplente do PL pelos crimes de corrup\u00e7\u00e3o passiva e organiza\u00e7\u00e3o criminosa. A sess\u00e3o est\u00e1 prevista para come\u00e7ar \u00e0s 9h.<\/p>\n<p>O colegiado vai julgar a a\u00e7\u00e3o penal na qual s\u00e3o r\u00e9us os parlamentares Josimar Maranh\u00e3ozinho (PL-MA) e Pastor Gil (PL-MA), al\u00e9m do suplente Bosco Costa (PL-SE).<\/p><div class=\"newsi-conteudo_19\" id=\"newsi-2725167001\"><a href=\"https:\/\/www.instagram.com\/prefeituraalagoinhas?igsh=YzgzdDJ1bWR3aWI4\" aria-label=\"SAVE_20251006_221555\"><img loading=\"lazy\" decoding=\"async\" src=\"https:\/\/newsinfoco.com.br\/inicio\/wp-content\/uploads\/2025\/10\/SAVE_20251006_221555-rotated.jpg\" alt=\"\"  srcset=\"https:\/\/newsinfoco.com.br\/inicio\/wp-content\/uploads\/2025\/10\/SAVE_20251006_221555-rotated.jpg 1140w, https:\/\/newsinfoco.com.br\/inicio\/wp-content\/uploads\/2025\/10\/SAVE_20251006_221555-300x52.jpg 300w, https:\/\/newsinfoco.com.br\/inicio\/wp-content\/uploads\/2025\/10\/SAVE_20251006_221555-1024x177.jpg 1024w, https:\/\/newsinfoco.com.br\/inicio\/wp-content\/uploads\/2025\/10\/SAVE_20251006_221555-768x133.jpg 768w, https:\/\/newsinfoco.com.br\/inicio\/wp-content\/uploads\/2025\/10\/SAVE_20251006_221555-600x104.jpg 600w, https:\/\/newsinfoco.com.br\/inicio\/wp-content\/uploads\/2025\/10\/SAVE_20251006_221555-696x120.jpg 696w, https:\/\/newsinfoco.com.br\/inicio\/wp-content\/uploads\/2025\/10\/SAVE_20251006_221555-1068x185.jpg 1068w\" sizes=\"(max-width: 1140px) 100vw, 1140px\" width=\"1140\" height=\"197\"   \/><\/a><\/div>\n<p>Eles s\u00e3o acusados pela Procuradoria-Geral da Rep\u00fablica (PGR) de cobrarem propina para a libera\u00e7\u00e3o de emendas parlamentares.<\/p>\n<p>Al\u00e9m dos deputados, mais cinco pessoas ligadas aos parlamentares s\u00e3o r\u00e9us no processo e tamb\u00e9m ser\u00e3o julgadas.<\/p>\n<p>De acordo com a PGR, entre janeiro e agosto de 2020, os acusados solicitaram vantagem indevida de R$ 1,6 milh\u00e3o para libera\u00e7\u00e3o de R$ 6,6 milh\u00f5es em emendas para o munic\u00edpio de S\u00e3o Jos\u00e9 de Ribamar (MA).<\/p>\n<p>O caso \u00e9 relatado pelo ministro Cristiano Zanin. Tamb\u00e9m fazem parte da turma os ministros Flavio Dino, Alexandre de Moraes e C\u00e1rmen L\u00facia.<\/p>\n<p>Al\u00e9m da sess\u00e3o desta manh\u00e3, o STF marcou mais duas reuni\u00f5es para analisar o caso, que ser\u00e3o realizadas nesta tarde e na manh\u00e3 desta quarta-feira (11).<\/p>\n<p><b>Defesas<\/b><\/p>\n<p>Durante a tramita\u00e7\u00e3o do processo, a defesa do deputado Josimar Maranh\u00e3ozinho declarou ao Supremo que as acusa\u00e7\u00f5es da PGR contra o parlamentar se \u201cmostram fr\u00e1geis e desfundamentadas\u201d.<\/p>\n<div>\n<div>\n<div class=\"trv-player-container\">\n<div class=\"trv-wrapper\">\n<div id=\"br_video_player_8f7edaed6bd768caee2cea1f19e1a19dc3c659f9\" class=\"trvd_video_player trvdfloater trv-right\">\n<div class=\"media-player\"><\/div>\n<div id=\"br_video_player_8f7edaed6bd768caee2cea1f19e1a19dc3c659f9_close\" class=\"trv-close-container\">Os advogados de Bosco Costa defenderam a rejei\u00e7\u00e3o da den\u00fancia por falta de provas. A defesa afirmou ao Supremo que a acusa\u00e7\u00e3o est\u00e1 baseada\u00a0 em \u201cdi\u00e1logos de terceiros e anota\u00e7\u00f5es manuscritas desconhecidas de Bosco\u201d.<\/div>\n<\/div>\n<\/div>\n<\/div>\n<\/div>\n<\/div>\n<p>A defesa de Pastor Gil defendeu a ilegalidade das provas obtidas na investiga\u00e7\u00e3o por entender que o caso deveria ter iniciado no STF, e n\u00e3o na Justi\u00e7a Federal do Maranh\u00e3o. Os advogados tamb\u00e9m acrescentaram que a den\u00fancia \u00e9 baseada em \u201chip\u00f3teses e conjecturas\u201d.<\/p>\n<\/div>\n<div id=\"div-share\">Bahia.Ba<\/div>\n<div class='share-to-whatsapp-wrapper'><div class='share-on-whsp'>Share on: <\/div><a data-text='STF julga deputados do PL por suspeita de propina em emendas' data-link='https:\/\/newsinfoco.com.br\/inicio\/stf-julga-deputados-do-pl-por-suspeita-de-propina-em-emendas\/' class='whatsapp-button whatsapp-share'>WhatsApp<\/a><div class='clear '><\/div><\/div>","protected":false},"excerpt":{"rendered":"<p>A Primeira Turma do Supremo Tribunal Federal (STF) inicia nesta ter\u00e7a-feira (10) o julgamento de dois deputados federais e um suplente do PL pelos crimes de corrup\u00e7\u00e3o passiva e organiza\u00e7\u00e3o criminosa. A sess\u00e3o est\u00e1 prevista para come\u00e7ar \u00e0s 9h. O colegiado vai julgar a a\u00e7\u00e3o penal na qual s\u00e3o r\u00e9us os parlamentares Josimar Maranh\u00e3ozinho (PL-MA) [&hellip;]<\/p>\n","protected":false},"author":1,"featured_media":49650,"comment_status":"closed","ping_status":"closed","sticky":false,"template":"","format":"standard","meta":{"om_disable_all_campaigns":false,"_exactmetrics_skip_tracking":false,"_exactmetrics_sitenote_active":false,"_exactmetrics_sitenote_note":"","_exactmetrics_sitenote_category":0,"footnotes":""},"categories":[21],"tags":[],"class_list":["post-49649","post","type-post","status-publish","format-standard","has-post-thumbnail","hentry","category-brasil"],"aioseo_notices":[],"_links":{"self":[{"href":"https:\/\/newsinfoco.com.br\/inicio\/wp-json\/wp\/v2\/posts\/49649","targetHints":{"allow":["GET"]}}],"collection":[{"href":"https:\/\/newsinfoco.com.br\/inicio\/wp-json\/wp\/v2\/posts"}],"about":[{"href":"https:\/\/newsinfoco.com.br\/inicio\/wp-json\/wp\/v2\/types\/post"}],"author":[{"embeddable":true,"href":"https:\/\/newsinfoco.com.br\/inicio\/wp-json\/wp\/v2\/users\/1"}],"replies":[{"embeddable":true,"href":"https:\/\/newsinfoco.com.br\/inicio\/wp-json\/wp\/v2\/comments?post=49649"}],"version-history":[{"count":1,"href":"https:\/\/newsinfoco.com.br\/inicio\/wp-json\/wp\/v2\/posts\/49649\/revisions"}],"predecessor-version":[{"id":49651,"href":"https:\/\/newsinfoco.com.br\/inicio\/wp-json\/wp\/v2\/posts\/49649\/revisions\/49651"}],"wp:featuredmedia":[{"embeddable":true,"href":"https:\/\/newsinfoco.com.br\/inicio\/wp-json\/wp\/v2\/media\/49650"}],"wp:attachment":[{"href":"https:\/\/newsinfoco.com.br\/inicio\/wp-json\/wp\/v2\/media?parent=49649"}],"wp:term":[{"taxonomy":"category","embeddable":true,"href":"https:\/\/newsinfoco.com.br\/inicio\/wp-json\/wp\/v2\/categories?post=49649"},{"taxonomy":"post_tag","embeddable":true,"href":"https:\/\/newsinfoco.com.br\/inicio\/wp-json\/wp\/v2\/tags?post=49649"}],"curies":[{"name":"wp","href":"https:\/\/api.w.org\/{rel}","templated":true}]}}