{"id":49655,"date":"2026-03-10T12:27:13","date_gmt":"2026-03-10T15:27:13","guid":{"rendered":"https:\/\/newsinfoco.com.br\/inicio\/?p=49655"},"modified":"2026-03-10T12:27:13","modified_gmt":"2026-03-10T15:27:13","slug":"deputado-afirma-que-lazer-e-direito-mas-custo-da-jornada-4x3-pode-custar-o-emprego-de-milhoes","status":"publish","type":"post","link":"https:\/\/newsinfoco.com.br\/inicio\/deputado-afirma-que-lazer-e-direito-mas-custo-da-jornada-4x3-pode-custar-o-emprego-de-milhoes\/","title":{"rendered":"Deputado afirma que lazer \u00e9 direito, mas custo da jornada 4&#215;3 pode custar o emprego de milh\u00f5es"},"content":{"rendered":"<div class=\"conteudo_post\">\n<p>O deputado federal Paulo Azi (Uni\u00e3o Brasil), relator da Proposta de Emenda \u00e0 Constitui\u00e7\u00e3o (PEC) que prev\u00ea o fim da escala 6\u00d71, apontou para os riscos econ\u00f4micos da medida. Em entrevista publicada nesta ter\u00e7a-feira (10) pelo jornal Correio Braziliense, o parlamentar baiano afirmou que, embora o lazer e o tempo com a fam\u00edlia sejam fundamentais, a mudan\u00e7a n\u00e3o pode \u201catingir o n\u00edvel de emprego\u201d no pa\u00eds.<\/p>\n<p>\u201c\u00c9 ineg\u00e1vel que permitir ao trabalhador mais tempo com a fam\u00edlia melhora sua qualidade de vida. O desafio \u00e9 fazer isso protegendo os setores que ser\u00e3o mais impactados\u201d, declarou.<\/p><div class=\"newsi-conteudo_19\" id=\"newsi-1669763462\"><a href=\"https:\/\/www.instagram.com\/prefeituraalagoinhas?igsh=YzgzdDJ1bWR3aWI4\" aria-label=\"SAVE_20251006_221555\"><img loading=\"lazy\" decoding=\"async\" src=\"https:\/\/newsinfoco.com.br\/inicio\/wp-content\/uploads\/2025\/10\/SAVE_20251006_221555-rotated.jpg\" alt=\"\"  srcset=\"https:\/\/newsinfoco.com.br\/inicio\/wp-content\/uploads\/2025\/10\/SAVE_20251006_221555-rotated.jpg 1140w, https:\/\/newsinfoco.com.br\/inicio\/wp-content\/uploads\/2025\/10\/SAVE_20251006_221555-300x52.jpg 300w, https:\/\/newsinfoco.com.br\/inicio\/wp-content\/uploads\/2025\/10\/SAVE_20251006_221555-1024x177.jpg 1024w, https:\/\/newsinfoco.com.br\/inicio\/wp-content\/uploads\/2025\/10\/SAVE_20251006_221555-768x133.jpg 768w, https:\/\/newsinfoco.com.br\/inicio\/wp-content\/uploads\/2025\/10\/SAVE_20251006_221555-600x104.jpg 600w, https:\/\/newsinfoco.com.br\/inicio\/wp-content\/uploads\/2025\/10\/SAVE_20251006_221555-696x120.jpg 696w, https:\/\/newsinfoco.com.br\/inicio\/wp-content\/uploads\/2025\/10\/SAVE_20251006_221555-1068x185.jpg 1068w\" sizes=\"(max-width: 1140px) 100vw, 1140px\" width=\"1140\" height=\"197\"   \/><\/a><\/div>\n<p>\u201cN\u00e3o adianta promover uma a\u00e7\u00e3o que traga benef\u00edcios, mas que atinja o n\u00edvel de emprego, pois n\u00e3o h\u00e1 trabalhador sem emprego. Melhorar a qualidade de vida \u00e9 fundamental, assim como proteger os empregos no pa\u00eds\u201d, acrescentou.<\/p>\n<p>O deputado acredita que a proposta trar\u00e1 impactos para a economia e que os setores mais afetados \u201cser\u00e3o aqueles que possuem a m\u00e3o de obra como um insumo decisivo na composi\u00e7\u00e3o de seus custos de produ\u00e7\u00e3o\u201d, como microempresas, com\u00e9rcio varejista e os setores de bares, restaurantes, eventos e servi\u00e7os.<\/p>\n<p>Ainda de acordo com Azi, a discuss\u00e3o da redu\u00e7\u00e3o da escala de trabalho vem sendo impulsionado por estar ocorrendo em ano eleitoral. \u201cContudo, temos ci\u00eancia dos riscos de que isso se transforme unicamente em uma pauta pol\u00edtica eleitoral usada de forma demag\u00f3gica. O desafio \u00e9 construir uma discuss\u00e3o respons\u00e1vel, mesmo em um per\u00edodo eleitoral\u201d, disse.<\/p>\n<div>\n<div>\n<div class=\"trv-player-container\">\n<div class=\"trv-wrapper\">\n<div id=\"br_video_player_506213945e45b38386d5ea1f19e1a19dc3c659f9\" class=\"trvd_video_player trvdinstream\">O deputado declarou que a Comiss\u00e3o de Constitui\u00e7\u00e3o e Justi\u00e7a (CCJ) da C\u00e2mara vai analisar a proposta inicial, que pode ser modificada.<\/div>\n<\/div>\n<\/div>\n<\/div>\n<\/div>\n<p>\u201cA discuss\u00e3o se inicia sobre o que foi proposto: a redu\u00e7\u00e3o da jornada de 44 para 36 horas e a mudan\u00e7a da escala de 6 X 1 para 4 X 3. Embora a discuss\u00e3o parta dessa base, nada impede que ocorram altera\u00e7\u00f5es na proposta inicial. No entanto, ainda n\u00e3o \u00e9 poss\u00edvel definir qual ser\u00e1 o modelo final que ser\u00e1 constru\u00eddo e aprovado pela comiss\u00e3o e, futuramente, pelo plen\u00e1rio da Casa\u201d, disse.<\/p>\n<\/div>\n<div id=\"author-info\" class=\"ui items\">\n<div class=\"item\">Bahia.Ba<\/div>\n<\/div>\n<div class='share-to-whatsapp-wrapper'><div class='share-on-whsp'>Share on: <\/div><a data-text='Deputado afirma que lazer \u00e9 direito, mas custo da jornada 4x3 pode custar o emprego de milh\u00f5es' data-link='https:\/\/newsinfoco.com.br\/inicio\/deputado-afirma-que-lazer-e-direito-mas-custo-da-jornada-4x3-pode-custar-o-emprego-de-milhoes\/' class='whatsapp-button whatsapp-share'>WhatsApp<\/a><div class='clear '><\/div><\/div>","protected":false},"excerpt":{"rendered":"<p>O deputado federal Paulo Azi (Uni\u00e3o Brasil), relator da Proposta de Emenda \u00e0 Constitui\u00e7\u00e3o (PEC) que prev\u00ea o fim da escala 6\u00d71, apontou para os riscos econ\u00f4micos da medida. Em entrevista publicada nesta ter\u00e7a-feira (10) pelo jornal Correio Braziliense, o parlamentar baiano afirmou que, embora o lazer e o tempo com a fam\u00edlia sejam fundamentais, [&hellip;]<\/p>\n","protected":false},"author":1,"featured_media":49656,"comment_status":"closed","ping_status":"closed","sticky":false,"template":"","format":"standard","meta":{"om_disable_all_campaigns":false,"_exactmetrics_skip_tracking":false,"_exactmetrics_sitenote_active":false,"_exactmetrics_sitenote_note":"","_exactmetrics_sitenote_category":0,"footnotes":""},"categories":[38,167],"tags":[],"class_list":["post-49655","post","type-post","status-publish","format-standard","has-post-thumbnail","hentry","category-alagoinhas-e-regiao","category-exclusivas"],"aioseo_notices":[],"_links":{"self":[{"href":"https:\/\/newsinfoco.com.br\/inicio\/wp-json\/wp\/v2\/posts\/49655","targetHints":{"allow":["GET"]}}],"collection":[{"href":"https:\/\/newsinfoco.com.br\/inicio\/wp-json\/wp\/v2\/posts"}],"about":[{"href":"https:\/\/newsinfoco.com.br\/inicio\/wp-json\/wp\/v2\/types\/post"}],"author":[{"embeddable":true,"href":"https:\/\/newsinfoco.com.br\/inicio\/wp-json\/wp\/v2\/users\/1"}],"replies":[{"embeddable":true,"href":"https:\/\/newsinfoco.com.br\/inicio\/wp-json\/wp\/v2\/comments?post=49655"}],"version-history":[{"count":1,"href":"https:\/\/newsinfoco.com.br\/inicio\/wp-json\/wp\/v2\/posts\/49655\/revisions"}],"predecessor-version":[{"id":49657,"href":"https:\/\/newsinfoco.com.br\/inicio\/wp-json\/wp\/v2\/posts\/49655\/revisions\/49657"}],"wp:featuredmedia":[{"embeddable":true,"href":"https:\/\/newsinfoco.com.br\/inicio\/wp-json\/wp\/v2\/media\/49656"}],"wp:attachment":[{"href":"https:\/\/newsinfoco.com.br\/inicio\/wp-json\/wp\/v2\/media?parent=49655"}],"wp:term":[{"taxonomy":"category","embeddable":true,"href":"https:\/\/newsinfoco.com.br\/inicio\/wp-json\/wp\/v2\/categories?post=49655"},{"taxonomy":"post_tag","embeddable":true,"href":"https:\/\/newsinfoco.com.br\/inicio\/wp-json\/wp\/v2\/tags?post=49655"}],"curies":[{"name":"wp","href":"https:\/\/api.w.org\/{rel}","templated":true}]}}