{"id":49658,"date":"2026-03-10T12:32:39","date_gmt":"2026-03-10T15:32:39","guid":{"rendered":"https:\/\/newsinfoco.com.br\/inicio\/?p=49658"},"modified":"2026-03-10T12:32:39","modified_gmt":"2026-03-10T15:32:39","slug":"jogador-do-bahia-esta-na-pre-lista-de-ancelotti-para-os-amistosos-da-selecao","status":"publish","type":"post","link":"https:\/\/newsinfoco.com.br\/inicio\/jogador-do-bahia-esta-na-pre-lista-de-ancelotti-para-os-amistosos-da-selecao\/","title":{"rendered":"Jogador do Bahia est\u00e1 na pr\u00e9-lista de Ancelotti para os amistosos da Sele\u00e7\u00e3o"},"content":{"rendered":"<div class=\"conteudo_post\">\n<p>O lateral-esquerdo Luciano Juba est\u00e1 na pr\u00e9-lista de convocados do t\u00e9cnico Carlo Ancelotti para os amistosos da Sele\u00e7\u00e3o Brasileira na Data Fifa deste m\u00eas de mar\u00e7o. A informa\u00e7\u00e3o \u00e9 do site ge.globo. O Brasil vai encarar a Fran\u00e7a e Cro\u00e1cia em partidas preparat\u00f3rias para a Copa do Mundo de 2026.<\/p>\n<p>Uma das principais pe\u00e7as do Esquadr\u00e3o de A\u00e7o, Juba tem uma convoca\u00e7\u00e3o pelo time Canarinho. Ele foi chamado por Ancelotti em novembro do ano passado, mas acabou n\u00e3o ganhando minutos nos jogos contra a Tun\u00edsia e Senegal, em que Alex Sandro foi o titular no primeiro e Caio Henrique fez parte dos onze iniciais no segundo. Por conta das les\u00f5es do zagueiro Milit\u00e3o e do atacante Rodrygo na partida, o atleta do Tricolor acabou n\u00e3o sendo acionado e permaneceu no banco de reservas. No entanto, o lateral recebeu elogios do comandante italiano.<\/p><div class=\"newsi-conteudo_19\" id=\"newsi-4054004471\"><a href=\"https:\/\/www.instagram.com\/prefeituraalagoinhas?igsh=YzgzdDJ1bWR3aWI4\" aria-label=\"SAVE_20251006_221555\"><img loading=\"lazy\" decoding=\"async\" src=\"https:\/\/newsinfoco.com.br\/inicio\/wp-content\/uploads\/2025\/10\/SAVE_20251006_221555-rotated.jpg\" alt=\"\"  srcset=\"https:\/\/newsinfoco.com.br\/inicio\/wp-content\/uploads\/2025\/10\/SAVE_20251006_221555-rotated.jpg 1140w, https:\/\/newsinfoco.com.br\/inicio\/wp-content\/uploads\/2025\/10\/SAVE_20251006_221555-300x52.jpg 300w, https:\/\/newsinfoco.com.br\/inicio\/wp-content\/uploads\/2025\/10\/SAVE_20251006_221555-1024x177.jpg 1024w, https:\/\/newsinfoco.com.br\/inicio\/wp-content\/uploads\/2025\/10\/SAVE_20251006_221555-768x133.jpg 768w, https:\/\/newsinfoco.com.br\/inicio\/wp-content\/uploads\/2025\/10\/SAVE_20251006_221555-600x104.jpg 600w, https:\/\/newsinfoco.com.br\/inicio\/wp-content\/uploads\/2025\/10\/SAVE_20251006_221555-696x120.jpg 696w, https:\/\/newsinfoco.com.br\/inicio\/wp-content\/uploads\/2025\/10\/SAVE_20251006_221555-1068x185.jpg 1068w\" sizes=\"(max-width: 1140px) 100vw, 1140px\" width=\"1140\" height=\"197\"   \/><\/a><\/div>\n<p>\u201cLuciano fez muito bons treinamentos, mostrando todas as suas qualidades. Estamos muito contentes com ele, porque \u00e9 um profissional s\u00e9rio e mostrou qualidade que tem. \u00c9 um jogador muito bom com bola, muito inteligente no posicionamento. Tem oportunidade de jogar amanh\u00e3 e tamb\u00e9m para estar na Copa do Mundo\u201d, disse na \u00e9poca.<\/p>\n<p>As chances de Juba voltar \u00e0 Sele\u00e7\u00e3o aumentaram com a les\u00e3o do concorrente de posi\u00e7\u00e3o Caio Henrique, do franc\u00eas Monaco. A lista de Ancelotti ser\u00e1 anunciada na pr\u00f3xima segunda-feira (16). Enquanto isso, membros da comiss\u00e3o t\u00e9cnico do italiano, o gerente C\u00edcero Souza e o analista de desempenho Bruno Baquete, estar\u00e3o na Arena Fonte Nova nesta quarta (11), \u00e0s 20h, para acompanhar o cl\u00e1ssico Ba-Vi, pela quinta rodada do Campeonato Brasileiro.<\/p>\n<div>\n<div>\n<div class=\"trv-player-container\">\n<div class=\"trv-wrapper\">\n<div id=\"br_video_player_2ae7000a495479a57764ea1f19e1a19dc3c659f9\" class=\"trvd_video_player trvdinstream\">\n<div class=\"media-player\">\n<div class=\"trv-video\">\n<div id=\"truvid_ima_container6441\" class=\"truvid_ima_container\">\n<div>\n<div><\/div>\n<\/div>\n<\/div>\n<\/div>\n<\/div>\n<\/div>\n<\/div>\n<\/div>\n<\/div>\n<\/div>\n<p>Luciano Juba est\u00e1 no Bahia desde 2023 e j\u00e1 disputou no total 149 jogos, marcou 13 gols e deu 18 assist\u00eancias. Na atual temporada, o atleta atuou em oito partidas, balan\u00e7ou as redes duas vezes e deu dois passes para os companheiros balan\u00e7arem as redes.<\/p>\n<p>Ap\u00f3s a convoca\u00e7\u00e3o na pr\u00f3xima segunda, o Brasil se apresenta em Orlando, nos Estados Unidos, no dia 23. Tr\u00eas dias depois, a delega\u00e7\u00e3o viaja at\u00e9 Boston para enfrentar a Fran\u00e7a. Enquanto o desafio preparat\u00f3ria contra a Cro\u00e1cia est\u00e1 programado para o dia 31, em Orlando.<\/p>\n<\/div>\n<div id=\"div-share\">Bahia.Ba<\/div>\n<div class='share-to-whatsapp-wrapper'><div class='share-on-whsp'>Share on: <\/div><a data-text='Jogador do Bahia est\u00e1 na pr\u00e9-lista de Ancelotti para os amistosos da Sele\u00e7\u00e3o' data-link='https:\/\/newsinfoco.com.br\/inicio\/jogador-do-bahia-esta-na-pre-lista-de-ancelotti-para-os-amistosos-da-selecao\/' class='whatsapp-button whatsapp-share'>WhatsApp<\/a><div class='clear '><\/div><\/div>","protected":false},"excerpt":{"rendered":"<p>O lateral-esquerdo Luciano Juba est\u00e1 na pr\u00e9-lista de convocados do t\u00e9cnico Carlo Ancelotti para os amistosos da Sele\u00e7\u00e3o Brasileira na Data Fifa deste m\u00eas de mar\u00e7o. A informa\u00e7\u00e3o \u00e9 do site ge.globo. O Brasil vai encarar a Fran\u00e7a e Cro\u00e1cia em partidas preparat\u00f3rias para a Copa do Mundo de 2026. Uma das principais pe\u00e7as do [&hellip;]<\/p>\n","protected":false},"author":1,"featured_media":49659,"comment_status":"closed","ping_status":"closed","sticky":false,"template":"","format":"standard","meta":{"om_disable_all_campaigns":false,"_exactmetrics_skip_tracking":false,"_exactmetrics_sitenote_active":false,"_exactmetrics_sitenote_note":"","_exactmetrics_sitenote_category":0,"footnotes":""},"categories":[19],"tags":[],"class_list":["post-49658","post","type-post","status-publish","format-standard","has-post-thumbnail","hentry","category-bahia"],"aioseo_notices":[],"_links":{"self":[{"href":"https:\/\/newsinfoco.com.br\/inicio\/wp-json\/wp\/v2\/posts\/49658","targetHints":{"allow":["GET"]}}],"collection":[{"href":"https:\/\/newsinfoco.com.br\/inicio\/wp-json\/wp\/v2\/posts"}],"about":[{"href":"https:\/\/newsinfoco.com.br\/inicio\/wp-json\/wp\/v2\/types\/post"}],"author":[{"embeddable":true,"href":"https:\/\/newsinfoco.com.br\/inicio\/wp-json\/wp\/v2\/users\/1"}],"replies":[{"embeddable":true,"href":"https:\/\/newsinfoco.com.br\/inicio\/wp-json\/wp\/v2\/comments?post=49658"}],"version-history":[{"count":1,"href":"https:\/\/newsinfoco.com.br\/inicio\/wp-json\/wp\/v2\/posts\/49658\/revisions"}],"predecessor-version":[{"id":49660,"href":"https:\/\/newsinfoco.com.br\/inicio\/wp-json\/wp\/v2\/posts\/49658\/revisions\/49660"}],"wp:featuredmedia":[{"embeddable":true,"href":"https:\/\/newsinfoco.com.br\/inicio\/wp-json\/wp\/v2\/media\/49659"}],"wp:attachment":[{"href":"https:\/\/newsinfoco.com.br\/inicio\/wp-json\/wp\/v2\/media?parent=49658"}],"wp:term":[{"taxonomy":"category","embeddable":true,"href":"https:\/\/newsinfoco.com.br\/inicio\/wp-json\/wp\/v2\/categories?post=49658"},{"taxonomy":"post_tag","embeddable":true,"href":"https:\/\/newsinfoco.com.br\/inicio\/wp-json\/wp\/v2\/tags?post=49658"}],"curies":[{"name":"wp","href":"https:\/\/api.w.org\/{rel}","templated":true}]}}