{"id":49662,"date":"2026-03-10T12:39:30","date_gmt":"2026-03-10T15:39:30","guid":{"rendered":"https:\/\/newsinfoco.com.br\/inicio\/?p=49662"},"modified":"2026-03-10T12:39:30","modified_gmt":"2026-03-10T15:39:30","slug":"rosemberg-pinto-nega-quebra-de-acordo-e-minimiza-baixas-na-base-governista","status":"publish","type":"post","link":"https:\/\/newsinfoco.com.br\/inicio\/rosemberg-pinto-nega-quebra-de-acordo-e-minimiza-baixas-na-base-governista\/","title":{"rendered":"Rosemberg Pinto nega quebra de acordo e minimiza baixas na base governista"},"content":{"rendered":"<div class=\"conteudo_post\">\n<p>O l\u00edder do Governo na Assembleia Legislativa da Bahia (ALBA), deputado Rosemberg Pinto (PT), comentou as recentes movimenta\u00e7\u00f5es pol\u00edticas no estado, desde o impasse na Comiss\u00e3o de Seguran\u00e7a P\u00fablica da Casa legislativa at\u00e9 as articula\u00e7\u00f5es para a chapa majorit\u00e1ria de 2026, comandada pelo governador Jer\u00f4nimo Rodrigues (PT).<\/p>\n<p>Ap\u00f3s o deputado Leandro de Jesus (PL) acusar a base governista de descumprir acordos para a presid\u00eancia da Comiss\u00e3o de Seguran\u00e7a P\u00fablica e Direitos Humanos, Rosemberg Pinto negou qualquer irregularidade. Segundo o petista, embora a indica\u00e7\u00e3o caiba \u00e0 minoria, a elei\u00e7\u00e3o depende do voto dos membros do colegiado.<\/p><div class=\"newsi-conteudo_19\" id=\"newsi-1692512555\"><a href=\"https:\/\/www.instagram.com\/prefeituraalagoinhas?igsh=YzgzdDJ1bWR3aWI4\" aria-label=\"SAVE_20251006_221555\"><img loading=\"lazy\" decoding=\"async\" src=\"https:\/\/newsinfoco.com.br\/inicio\/wp-content\/uploads\/2025\/10\/SAVE_20251006_221555-rotated.jpg\" alt=\"\"  srcset=\"https:\/\/newsinfoco.com.br\/inicio\/wp-content\/uploads\/2025\/10\/SAVE_20251006_221555-rotated.jpg 1140w, https:\/\/newsinfoco.com.br\/inicio\/wp-content\/uploads\/2025\/10\/SAVE_20251006_221555-300x52.jpg 300w, https:\/\/newsinfoco.com.br\/inicio\/wp-content\/uploads\/2025\/10\/SAVE_20251006_221555-1024x177.jpg 1024w, https:\/\/newsinfoco.com.br\/inicio\/wp-content\/uploads\/2025\/10\/SAVE_20251006_221555-768x133.jpg 768w, https:\/\/newsinfoco.com.br\/inicio\/wp-content\/uploads\/2025\/10\/SAVE_20251006_221555-600x104.jpg 600w, https:\/\/newsinfoco.com.br\/inicio\/wp-content\/uploads\/2025\/10\/SAVE_20251006_221555-696x120.jpg 696w, https:\/\/newsinfoco.com.br\/inicio\/wp-content\/uploads\/2025\/10\/SAVE_20251006_221555-1068x185.jpg 1068w\" sizes=\"(max-width: 1140px) 100vw, 1140px\" width=\"1140\" height=\"197\"   \/><\/a><\/div>\n<p>\u201cN\u00e3o h\u00e1 acordo para isso. H\u00e1 acordo de que a Secretaria [Presid\u00eancia da Comiss\u00e3o] de Seguran\u00e7a P\u00fablica ser\u00e1 indicada por algu\u00e9m da minoria. Mas isso n\u00e3o quer dizer que n\u00f3s temos compromisso em eleger Leandro de Jesus, afirmou. O l\u00edder governista classificou a rea\u00e7\u00e3o do oposicionista como estrat\u00e9gica. \u201cEle fez um grande estardalha\u00e7o, que \u00e9 praxe dele. Ele \u00e0s vezes \u00e9 descontrolado\u201d, disse Rosemberg.<\/p>\n<p>O deputado ainda afirmou que a vota\u00e7\u00e3o para a presid\u00eancia da comiss\u00e3o deve ocorrer na pr\u00f3xima semana e que, caso Leandro de Jesus queira pleitear a presid\u00eancia, \u201cele apresenta o nome dele\u201d. \u201cMas de antem\u00e3o acho que ele ser\u00e1 derrotado porque os deputados n\u00e3o v\u00e3o votar nele e n\u00f3s n\u00e3o temos acordo com a oposi\u00e7\u00e3o para votar em ningu\u00e9m\u201d, concluiu o l\u00edder do governo na ALBA.<\/p>\n<p><b>Vice em 2026<\/b><\/p>\n<p>Questionado sobre as declara\u00e7\u00f5es do governador Jer\u00f4nimo quanto \u00e0 possibilidade de o PSD assumir a vaga de vice na chapa, atualmente ocupada por Geraldo J\u00fanior (MDB), Rosemberg pregou cautela e unidade, refor\u00e7ando a import\u00e2ncia do atual vice-governador.<\/p>\n<p>\u201cGeraldo cumpre um papel muito importante nessa gest\u00e3o como vice-governador. O conselho pol\u00edtico vai se reunir, o governador Jer\u00f4nimo lidera esse processo, vai ser ouvido todos os partidos, todas as lideran\u00e7as e eu tenho convic\u00e7\u00e3o que vai chegar a um bom termo, todos unidos.\u201d<\/p>\n<p>O deputado afirmou que a defini\u00e7\u00e3o deve ocorrer at\u00e9 o final de mar\u00e7o, ap\u00f3s reuni\u00f5es do conselho pol\u00edtico.<\/p>\n<p><b>Z\u00e9 Coc\u00e1\u00a0<\/b><\/p>\n<p>Sobre a movimenta\u00e7\u00e3o do prefeito de Jequi\u00e9, Z\u00e9 Coc\u00e1 (PP), Rosemberg minimizou qualquer sentimento de perda por parte do governo. Ele atribuiu a narrativa de rompimento a uma estrat\u00e9gia do ex-prefeito de Salvador, ACM Neto (Uni\u00e3o Brasil).<\/p>\n<p>\u201cZ\u00e9 Coc\u00e1 sempre esteve do lado de ACM Neto. Algumas pessoas \u00e9 que acreditavam que Z\u00e9 Coc\u00e1 poderia incorporar o agrupamento. Eu n\u00e3o via nenhuma possibilidade, n\u00f3s n\u00e3o perdemos nada, ningu\u00e9m perde o que n\u00e3o tem\u201d, afirmou o parlamentar.<\/p>\n<p><b>Z\u00e9 Ronaldo\u00a0<\/b><\/p>\n<div>\n<div>\n<div class=\"trv-player-container\">\n<div class=\"trv-wrapper\">\n<div id=\"br_video_player_bf83f1a25e08b6fa9115ea1f19e1a19dc3c659f9\" class=\"trvd_video_player trvdinstream\">Quanto a Jos\u00e9 Ronaldo (Uni\u00e3o Brasil), prefeito de Feira de Santana, Rosemberg destacou que a rela\u00e7\u00e3o \u00e9 pautada pela institucionalidade, sem expectativas de ades\u00e3o pol\u00edtica imediata \u00e0 chapa governista.<\/div>\n<\/div>\n<\/div>\n<\/div>\n<\/div>\n<p>\u201cZ\u00e9 Ronaldo \u00e9 uma outra quest\u00e3o, \u00e9 uma pessoa que tem uma hist\u00f3ria vinculada a esse agrupamento pol\u00edtico [oposi\u00e7\u00e3o].O que eu acho que fazer \u00e9 o que o governador tem feito, cuidando da cidade de Feira de Santana. Mas nunca coloquei na nossa conta a composi\u00e7\u00e3o da chapa seja com Z\u00e9 Coc\u00e1, seja com Z\u00e9 Ronaldo\u201d, afirmou.<\/p>\n<\/div>\n<div id=\"author-info\" class=\"ui items\">\n<div class=\"item\">Bahia.Ba<\/div>\n<\/div>\n<div class='share-to-whatsapp-wrapper'><div class='share-on-whsp'>Share on: <\/div><a data-text='Rosemberg Pinto nega quebra de acordo e minimiza baixas na base governista' data-link='https:\/\/newsinfoco.com.br\/inicio\/rosemberg-pinto-nega-quebra-de-acordo-e-minimiza-baixas-na-base-governista\/' class='whatsapp-button whatsapp-share'>WhatsApp<\/a><div class='clear '><\/div><\/div>","protected":false},"excerpt":{"rendered":"<p>O l\u00edder do Governo na Assembleia Legislativa da Bahia (ALBA), deputado Rosemberg Pinto (PT), comentou as recentes movimenta\u00e7\u00f5es pol\u00edticas no estado, desde o impasse na Comiss\u00e3o de Seguran\u00e7a P\u00fablica da Casa legislativa at\u00e9 as articula\u00e7\u00f5es para a chapa majorit\u00e1ria de 2026, comandada pelo governador Jer\u00f4nimo Rodrigues (PT). Ap\u00f3s o deputado Leandro de Jesus (PL) acusar [&hellip;]<\/p>\n","protected":false},"author":1,"featured_media":49663,"comment_status":"closed","ping_status":"closed","sticky":false,"template":"","format":"standard","meta":{"om_disable_all_campaigns":false,"_exactmetrics_skip_tracking":false,"_exactmetrics_sitenote_active":false,"_exactmetrics_sitenote_note":"","_exactmetrics_sitenote_category":0,"footnotes":""},"categories":[19],"tags":[],"class_list":["post-49662","post","type-post","status-publish","format-standard","has-post-thumbnail","hentry","category-bahia"],"aioseo_notices":[],"_links":{"self":[{"href":"https:\/\/newsinfoco.com.br\/inicio\/wp-json\/wp\/v2\/posts\/49662","targetHints":{"allow":["GET"]}}],"collection":[{"href":"https:\/\/newsinfoco.com.br\/inicio\/wp-json\/wp\/v2\/posts"}],"about":[{"href":"https:\/\/newsinfoco.com.br\/inicio\/wp-json\/wp\/v2\/types\/post"}],"author":[{"embeddable":true,"href":"https:\/\/newsinfoco.com.br\/inicio\/wp-json\/wp\/v2\/users\/1"}],"replies":[{"embeddable":true,"href":"https:\/\/newsinfoco.com.br\/inicio\/wp-json\/wp\/v2\/comments?post=49662"}],"version-history":[{"count":1,"href":"https:\/\/newsinfoco.com.br\/inicio\/wp-json\/wp\/v2\/posts\/49662\/revisions"}],"predecessor-version":[{"id":49664,"href":"https:\/\/newsinfoco.com.br\/inicio\/wp-json\/wp\/v2\/posts\/49662\/revisions\/49664"}],"wp:featuredmedia":[{"embeddable":true,"href":"https:\/\/newsinfoco.com.br\/inicio\/wp-json\/wp\/v2\/media\/49663"}],"wp:attachment":[{"href":"https:\/\/newsinfoco.com.br\/inicio\/wp-json\/wp\/v2\/media?parent=49662"}],"wp:term":[{"taxonomy":"category","embeddable":true,"href":"https:\/\/newsinfoco.com.br\/inicio\/wp-json\/wp\/v2\/categories?post=49662"},{"taxonomy":"post_tag","embeddable":true,"href":"https:\/\/newsinfoco.com.br\/inicio\/wp-json\/wp\/v2\/tags?post=49662"}],"curies":[{"name":"wp","href":"https:\/\/api.w.org\/{rel}","templated":true}]}}