{"id":49665,"date":"2026-03-10T12:47:24","date_gmt":"2026-03-10T15:47:24","guid":{"rendered":"https:\/\/newsinfoco.com.br\/inicio\/?p=49665"},"modified":"2026-03-10T12:47:24","modified_gmt":"2026-03-10T15:47:24","slug":"salvador-tera-eventos-para-acompanhar-o-oscar-2026-veja-onde","status":"publish","type":"post","link":"https:\/\/newsinfoco.com.br\/inicio\/salvador-tera-eventos-para-acompanhar-o-oscar-2026-veja-onde\/","title":{"rendered":"Salvador ter\u00e1 eventos para acompanhar o Oscar 2026; veja onde"},"content":{"rendered":"<div class=\"conteudo_post\">\n<p data-start=\"222\" data-end=\"453\">Com a aproxima\u00e7\u00e3o da\u00a0<strong>98\u00aa cerim\u00f4nia do Oscar<\/strong>, marcada para o pr\u00f3ximo domingo (15), alguns espa\u00e7os culturais e bares de Salvador preparam programa\u00e7\u00f5es especiais para quem prefere acompanhar a premia\u00e7\u00e3o em clima coletivo.<\/p>\n<p data-start=\"455\" data-end=\"582\">A ideia \u00e9 reunir cin\u00e9filos e f\u00e3s de cinema para assistir ao evento ao vivo, com direito a debates, m\u00fasica e at\u00e9 festa tem\u00e1tica.<\/p><div class=\"newsi-conteudo_19\" id=\"newsi-1667137697\"><a href=\"https:\/\/www.instagram.com\/prefeituraalagoinhas?igsh=YzgzdDJ1bWR3aWI4\" aria-label=\"SAVE_20251006_221555\"><img loading=\"lazy\" decoding=\"async\" src=\"https:\/\/newsinfoco.com.br\/inicio\/wp-content\/uploads\/2025\/10\/SAVE_20251006_221555-rotated.jpg\" alt=\"\"  srcset=\"https:\/\/newsinfoco.com.br\/inicio\/wp-content\/uploads\/2025\/10\/SAVE_20251006_221555-rotated.jpg 1140w, https:\/\/newsinfoco.com.br\/inicio\/wp-content\/uploads\/2025\/10\/SAVE_20251006_221555-300x52.jpg 300w, https:\/\/newsinfoco.com.br\/inicio\/wp-content\/uploads\/2025\/10\/SAVE_20251006_221555-1024x177.jpg 1024w, https:\/\/newsinfoco.com.br\/inicio\/wp-content\/uploads\/2025\/10\/SAVE_20251006_221555-768x133.jpg 768w, https:\/\/newsinfoco.com.br\/inicio\/wp-content\/uploads\/2025\/10\/SAVE_20251006_221555-600x104.jpg 600w, https:\/\/newsinfoco.com.br\/inicio\/wp-content\/uploads\/2025\/10\/SAVE_20251006_221555-696x120.jpg 696w, https:\/\/newsinfoco.com.br\/inicio\/wp-content\/uploads\/2025\/10\/SAVE_20251006_221555-1068x185.jpg 1068w\" sizes=\"(max-width: 1140px) 100vw, 1140px\" width=\"1140\" height=\"197\"   \/><\/a><\/div>\n<h4 data-section-id=\"bc3l4q\" data-start=\"584\" data-end=\"606\">Cine Glauber Rocha<\/h4>\n<p data-start=\"608\" data-end=\"830\">Um dos principais pontos de encontro ser\u00e1 o\u00a0<strong><span class=\"hover:entity-accent entity-underline inline cursor-pointer align-baseline\"><span class=\"whitespace-normal\">Cine Glauber Rocha<\/span><\/span><\/strong>, no Centro da cidade. O cinema promove uma noite dedicada \u00e0 premia\u00e7\u00e3o, com festa no terra\u00e7o e transmiss\u00e3o da cerim\u00f4nia em uma de suas salas.<\/p>\n<p data-start=\"832\" data-end=\"1001\">A programa\u00e7\u00e3o come\u00e7a no fim da tarde, com discotecagem do DJ Raiz no terra\u00e7o do espa\u00e7o, das 17h \u00e0s 21h, e encontro entre cin\u00e9filos antes da exibi\u00e7\u00e3o do evento principal.<\/p>\n<p data-start=\"1003\" data-end=\"1197\">Durante a transmiss\u00e3o, o p\u00fablico tamb\u00e9m poder\u00e1 acompanhar coment\u00e1rios ao vivo do cr\u00edtico de cinema e pesquisador Rafael Carvalho, transformando a sess\u00e3o em uma esp\u00e9cie de\u00a0<em data-start=\"1174\" data-end=\"1187\">watch party<\/em>\u00a0coletiva.<\/p>\n<p data-start=\"1199\" data-end=\"1419\">Os ingressos custam R$ 60 no primeiro lote, dispon\u00edvel at\u00e9 esta ter\u00e7a-feira (10), e R$ 80 no segundo lote, a partir desta quarta-feira (11). O valor inclui acesso \u00e0 transmiss\u00e3o do Oscar, discotecagem do DJ Raiz e pipoca.<\/p>\n<div class=\"flex flex-col text-sm pb-25\">\n<article class=\"text-token-text-primary w-full focus:outline-none [--shadow-height:45px] has-data-writing-block:pointer-events-none has-data-writing-block:-mt-(--shadow-height) has-data-writing-block:pt-(--shadow-height) [&amp;:has([data-writing-block])&gt;*]:pointer-events-auto scroll-mt-[calc(var(--header-height)+min(200px,max(70px,20svh)))]\" dir=\"auto\" tabindex=\"-1\" data-turn-id=\"request-WEB:47dacaa2-cec5-4106-9eb0-222872ea37d0-11\" data-testid=\"conversation-turn-24\" data-scroll-anchor=\"true\" data-turn=\"assistant\">\n<div class=\"text-base my-auto mx-auto pb-10 [--thread-content-margin:var(--thread-content-margin-xs,calc(var(--spacing)*4))] @w-sm\/main:[--thread-content-margin:var(--thread-content-margin-sm,calc(var(--spacing)*6))] @w-lg\/main:[--thread-content-margin:var(--thread-content-margin-lg,calc(var(--spacing)*16))] px-(--thread-content-margin)\">\n<div class=\"[--thread-content-max-width:40rem] @w-lg\/main:[--thread-content-max-width:48rem] mx-auto max-w-(--thread-content-max-width) flex-1 group\/turn-messages focus-visible:outline-hidden relative flex w-full min-w-0 flex-col agent-turn\" tabindex=\"-1\">\n<div class=\"flex max-w-full flex-col gap-4 grow\">\n<div class=\"min-h-8 text-message relative flex w-full flex-col items-end gap-2 text-start break-words whitespace-normal [.text-message+&amp;]:mt-1\" dir=\"auto\" data-message-author-role=\"assistant\" data-message-id=\"7596db15-bab8-41f8-96da-249d7a83e3f0\" data-message-model-slug=\"gpt-5-3\">\n<div class=\"flex w-full flex-col gap-1 empty:hidden\">\n<div class=\"markdown prose dark:prose-invert w-full wrap-break-word dark markdown-new-styling\"><span style=\"color: #111111; font-family: Roboto, sans-serif; font-size: 19px;\">Cine Daten Paseo<\/span><\/div>\n<\/div>\n<\/div>\n<\/div>\n<\/div>\n<\/div>\n<\/article>\n<\/div>\n<p data-start=\"1443\" data-end=\"1608\">\n<p data-start=\"1443\" data-end=\"1608\">Outra op\u00e7\u00e3o para quem quer acompanhar o Oscar em Salvador \u00e9 o\u00a0<strong><span class=\"hover:entity-accent entity-underline inline cursor-pointer align-baseline\"><span class=\"whitespace-normal\">Cine Daten Paseo<\/span><\/span><\/strong>, localizado no bairro do Itaigara e parte do Circuito Saladearte.<\/p>\n<p data-start=\"1610\" data-end=\"1897\">A programa\u00e7\u00e3o come\u00e7a \u00e0s 18h30 com uma abertura interativa e recep\u00e7\u00e3o no estilo tapete vermelho. \u00c0s 19h, acontece um bate-papo com os cr\u00edticos Enoe Lopes Pontes e Jo\u00e3o Paulo Barreto. A partir das 20h, a cerim\u00f4nia ser\u00e1 transmitida na \u00edntegra, com coment\u00e1rios simult\u00e2neos dos especialistas.<\/p>\n<p data-start=\"1899\" data-end=\"2096\">O evento ter\u00e1 capacidade m\u00e1xima para 115 pessoas. Os ingressos custam R$ 50 e incluem pipoca e guaran\u00e1, com venda antecipada pelo site do Circuito Saladearte ou nas bilheterias dos cinemas da rede.<\/p>\n<p data-start=\"2098\" data-end=\"2249\">Para completar a programa\u00e7\u00e3o, a noite tamb\u00e9m contar\u00e1 com sorteios e um bol\u00e3o entre o p\u00fablico, que premiar\u00e1 os participantes com 20 ingressos de cinema.<\/p>\n<div class=\"flex flex-col text-sm pb-25\">\n<article class=\"text-token-text-primary w-full focus:outline-none [--shadow-height:45px] has-data-writing-block:pointer-events-none has-data-writing-block:-mt-(--shadow-height) has-data-writing-block:pt-(--shadow-height) [&amp;:has([data-writing-block])&gt;*]:pointer-events-auto scroll-mt-[calc(var(--header-height)+min(200px,max(70px,20svh)))]\" dir=\"auto\" tabindex=\"-1\" data-turn-id=\"request-WEB:47dacaa2-cec5-4106-9eb0-222872ea37d0-12\" data-testid=\"conversation-turn-26\" data-scroll-anchor=\"true\" data-turn=\"assistant\">\n<div class=\"text-base my-auto mx-auto pb-10 [--thread-content-margin:var(--thread-content-margin-xs,calc(var(--spacing)*4))] @w-sm\/main:[--thread-content-margin:var(--thread-content-margin-sm,calc(var(--spacing)*6))] @w-lg\/main:[--thread-content-margin:var(--thread-content-margin-lg,calc(var(--spacing)*16))] px-(--thread-content-margin)\">\n<div class=\"[--thread-content-max-width:40rem] @w-lg\/main:[--thread-content-max-width:48rem] mx-auto max-w-(--thread-content-max-width) flex-1 group\/turn-messages focus-visible:outline-hidden relative flex w-full min-w-0 flex-col agent-turn\" tabindex=\"-1\">\n<div class=\"flex max-w-full flex-col gap-4 grow\">\n<div class=\"min-h-8 text-message relative flex w-full flex-col items-end gap-2 text-start break-words whitespace-normal [.text-message+&amp;]:mt-1\" dir=\"auto\" data-message-author-role=\"assistant\" data-message-id=\"6fa65dcd-31fa-4c24-93f1-8d61fc0fb57a\" data-message-model-slug=\"gpt-5-3\">\n<div class=\"flex w-full flex-col gap-1 empty:hidden\">\n<div class=\"markdown prose dark:prose-invert w-full wrap-break-word dark markdown-new-styling\"><span style=\"color: #111111; font-family: Roboto, sans-serif; font-size: 19px;\">Velho Espanha Bar e Cultura<\/span><\/div>\n<\/div>\n<\/div>\n<\/div>\n<\/div>\n<\/div>\n<\/article>\n<\/div>\n<p data-start=\"2284\" data-end=\"2431\">Para quem prefere assistir \u00e0 premia\u00e7\u00e3o em um ambiente mais descontra\u00eddo, o\u00a0<strong>Velho Espanha Bar e Cultura<\/strong>, nos Barris, tamb\u00e9m entra no clima do Oscar.<\/p>\n<p data-start=\"2433\" data-end=\"2798\">O bar organiza uma programa\u00e7\u00e3o especial que mistura m\u00fasica ao vivo e transmiss\u00e3o da cerim\u00f4nia. A proposta \u00e9 transformar a noite em uma grande celebra\u00e7\u00e3o do cinema, reunindo o p\u00fablico para torcer pelos favoritos da premia\u00e7\u00e3o \u2014 especialmente pelo filme brasileiro\u00a0<em><strong><span class=\"hover:entity-accent entity-underline inline cursor-pointer align-baseline\"><span class=\"whitespace-normal\">O Agente Secreto<\/span><\/span><\/strong><\/em>\u00a0e pela poss\u00edvel vit\u00f3ria de\u00a0<span class=\"hover:entity-accent entity-underline inline cursor-pointer align-baseline\"><span class=\"whitespace-normal\">Wagner Moura<\/span><\/span>.<\/p>\n<p data-start=\"2800\" data-end=\"2920\">A programa\u00e7\u00e3o come\u00e7a \u00e0s 16h, com Samba da Democracia e Pedr\u00e3o Abib, seguida da transmiss\u00e3o da cerim\u00f4nia do Oscar \u00e0s 20h.<\/p>\n<p data-start=\"2922\" data-end=\"3122\" data-is-last-node=\"\" data-is-only-node=\"\">O p\u00fablico \u00e9 convidado a ir fantasiado de personagens interpretados por Wagner Moura e concorrer a R$ 300 em consuma\u00e7\u00e3o, al\u00e9m de aproveitar drinks e pratos especiais criados especialmente para a noite<\/p>\n<div class=\"flex flex-col text-sm pb-25\">\n<article class=\"text-token-text-primary w-full focus:outline-none [--shadow-height:45px] has-data-writing-block:pointer-events-none has-data-writing-block:-mt-(--shadow-height) has-data-writing-block:pt-(--shadow-height) [&amp;:has([data-writing-block])&gt;*]:pointer-events-auto scroll-mt-[calc(var(--header-height)+min(200px,max(70px,20svh)))]\" dir=\"auto\" tabindex=\"-1\" data-turn-id=\"request-WEB:47dacaa2-cec5-4106-9eb0-222872ea37d0-13\" data-testid=\"conversation-turn-28\" data-scroll-anchor=\"true\" data-turn=\"assistant\">\n<div class=\"text-base my-auto mx-auto pb-10 [--thread-content-margin:var(--thread-content-margin-xs,calc(var(--spacing)*4))] @w-sm\/main:[--thread-content-margin:var(--thread-content-margin-sm,calc(var(--spacing)*6))] @w-lg\/main:[--thread-content-margin:var(--thread-content-margin-lg,calc(var(--spacing)*16))] px-(--thread-content-margin)\">\n<div class=\"[--thread-content-max-width:40rem] @w-lg\/main:[--thread-content-max-width:48rem] mx-auto max-w-(--thread-content-max-width) flex-1 group\/turn-messages focus-visible:outline-hidden relative flex w-full min-w-0 flex-col agent-turn\" tabindex=\"-1\">\n<div class=\"flex max-w-full flex-col gap-4 grow\">\n<div class=\"min-h-8 text-message relative flex w-full flex-col items-end gap-2 text-start break-words whitespace-normal [.text-message+&amp;]:mt-1\" dir=\"auto\" data-message-author-role=\"assistant\" data-message-id=\"2c026c14-5473-4d9d-97d2-b936ca4e2fc7\" data-message-model-slug=\"gpt-5-3\">\n<div class=\"flex w-full flex-col gap-1 empty:hidden\">\n<div class=\"markdown prose dark:prose-invert w-full wrap-break-word dark markdown-new-styling\"><span style=\"color: #111111; font-family: Roboto, sans-serif; font-size: 19px;\">Festa do cinema<\/span><\/div>\n<\/div>\n<\/div>\n<\/div>\n<\/div>\n<\/div>\n<\/article>\n<\/div>\n<div>\n<div>\n<div class=\"trv-player-container\">\n<div class=\"trv-wrapper\">\n<div id=\"br_video_player_33cba9bedb0f143c313bea1f19e1a19dc3c659f9\" class=\"trvd_video_player trvdinstream\"><\/div>\n<\/div>\n<\/div>\n<\/div>\n<\/div>\n<p data-start=\"2005\" data-end=\"2371\" data-is-last-node=\"\" data-is-only-node=\"\">Com iniciativas espalhadas pela cidade, Salvador entra no clima do Oscar 2026 com diferentes formatos de celebra\u00e7\u00e3o.<\/p>\n<p data-start=\"2005\" data-end=\"2371\" data-is-last-node=\"\" data-is-only-node=\"\">Seja em salas de cinema ou em bares tradicionais, os eventos refor\u00e7am o interesse do p\u00fablico pela maior premia\u00e7\u00e3o da ind\u00fastria cinematogr\u00e1fica e criam espa\u00e7os de encontro para quem gosta de acompanhar cada momento da noite mais importante do cinema.<\/p>\n<\/div>\n<div id=\"author-info\" class=\"ui items\">\n<div class=\"item\">Bahia.Ba<\/div>\n<\/div>\n<div class='share-to-whatsapp-wrapper'><div class='share-on-whsp'>Share on: <\/div><a data-text='Salvador ter\u00e1 eventos para acompanhar o Oscar 2026; veja onde' data-link='https:\/\/newsinfoco.com.br\/inicio\/salvador-tera-eventos-para-acompanhar-o-oscar-2026-veja-onde\/' class='whatsapp-button whatsapp-share'>WhatsApp<\/a><div class='clear '><\/div><\/div>","protected":false},"excerpt":{"rendered":"<p>Com a aproxima\u00e7\u00e3o da\u00a098\u00aa cerim\u00f4nia do Oscar, marcada para o pr\u00f3ximo domingo (15), alguns espa\u00e7os culturais e bares de Salvador preparam programa\u00e7\u00f5es especiais para quem prefere acompanhar a premia\u00e7\u00e3o em clima coletivo. A ideia \u00e9 reunir cin\u00e9filos e f\u00e3s de cinema para assistir ao evento ao vivo, com direito a debates, m\u00fasica e at\u00e9 festa [&hellip;]<\/p>\n","protected":false},"author":1,"featured_media":49666,"comment_status":"closed","ping_status":"closed","sticky":false,"template":"","format":"standard","meta":{"om_disable_all_campaigns":false,"_exactmetrics_skip_tracking":false,"_exactmetrics_sitenote_active":false,"_exactmetrics_sitenote_note":"","_exactmetrics_sitenote_category":0,"footnotes":""},"categories":[19],"tags":[],"class_list":["post-49665","post","type-post","status-publish","format-standard","has-post-thumbnail","hentry","category-bahia"],"aioseo_notices":[],"_links":{"self":[{"href":"https:\/\/newsinfoco.com.br\/inicio\/wp-json\/wp\/v2\/posts\/49665","targetHints":{"allow":["GET"]}}],"collection":[{"href":"https:\/\/newsinfoco.com.br\/inicio\/wp-json\/wp\/v2\/posts"}],"about":[{"href":"https:\/\/newsinfoco.com.br\/inicio\/wp-json\/wp\/v2\/types\/post"}],"author":[{"embeddable":true,"href":"https:\/\/newsinfoco.com.br\/inicio\/wp-json\/wp\/v2\/users\/1"}],"replies":[{"embeddable":true,"href":"https:\/\/newsinfoco.com.br\/inicio\/wp-json\/wp\/v2\/comments?post=49665"}],"version-history":[{"count":1,"href":"https:\/\/newsinfoco.com.br\/inicio\/wp-json\/wp\/v2\/posts\/49665\/revisions"}],"predecessor-version":[{"id":49667,"href":"https:\/\/newsinfoco.com.br\/inicio\/wp-json\/wp\/v2\/posts\/49665\/revisions\/49667"}],"wp:featuredmedia":[{"embeddable":true,"href":"https:\/\/newsinfoco.com.br\/inicio\/wp-json\/wp\/v2\/media\/49666"}],"wp:attachment":[{"href":"https:\/\/newsinfoco.com.br\/inicio\/wp-json\/wp\/v2\/media?parent=49665"}],"wp:term":[{"taxonomy":"category","embeddable":true,"href":"https:\/\/newsinfoco.com.br\/inicio\/wp-json\/wp\/v2\/categories?post=49665"},{"taxonomy":"post_tag","embeddable":true,"href":"https:\/\/newsinfoco.com.br\/inicio\/wp-json\/wp\/v2\/tags?post=49665"}],"curies":[{"name":"wp","href":"https:\/\/api.w.org\/{rel}","templated":true}]}}