{"id":49668,"date":"2026-03-10T12:54:22","date_gmt":"2026-03-10T15:54:22","guid":{"rendered":"https:\/\/newsinfoco.com.br\/inicio\/?p=49668"},"modified":"2026-03-10T12:54:22","modified_gmt":"2026-03-10T15:54:22","slug":"flavio-bolsonaro-tem-razao-diz-o-otto-alencar-sobre-a-pec-para-o-fim-da-reeleicao","status":"publish","type":"post","link":"https:\/\/newsinfoco.com.br\/inicio\/flavio-bolsonaro-tem-razao-diz-o-otto-alencar-sobre-a-pec-para-o-fim-da-reeleicao\/","title":{"rendered":"\u2018Fl\u00e1vio Bolsonaro tem raz\u00e3o\u2019, diz o Otto Alencar sobre a PEC para o fim da reelei\u00e7\u00e3o"},"content":{"rendered":"<div class=\"conteudo_post\">\n<p data-start=\"0\" data-end=\"317\">O senador Otto Alencar (PSD-BA) reagiu, nesta ter\u00e7a-feira (10), \u00e0 apresenta\u00e7\u00e3o da PEC para o fim da reelei\u00e7\u00e3o apresentada pelo senador e pr\u00e9-candidato \u00e0 Presid\u00eancia, Fl\u00e1vio Bolsonaro (PL-RJ). Segundo ele, a Proposta de Emenda \u00e0 Constitui\u00e7\u00e3o sobre o fim da reelei\u00e7\u00e3o j\u00e1 foi aprovada na CCJ do Senado Federal.<\/p>\n<p data-start=\"319\" data-end=\"618\">A proposta apresentada por Fl\u00e1vio foi protocolada na Casa Alta do Congresso Nacional na \u00faltima segunda-feira (2). No entanto, a proposta aprovada foi a apresentada pelo senador Jorge Kajuru (PSB-SP), que aborda o mesmo assunto do fim da reelei\u00e7\u00e3o para prefeitos, governadores e presidente.<\/p><div class=\"newsi-conteudo_19\" id=\"newsi-3332846024\"><a href=\"https:\/\/www.instagram.com\/prefeituraalagoinhas?igsh=YzgzdDJ1bWR3aWI4\" aria-label=\"SAVE_20251006_221555\"><img loading=\"lazy\" decoding=\"async\" src=\"https:\/\/newsinfoco.com.br\/inicio\/wp-content\/uploads\/2025\/10\/SAVE_20251006_221555-rotated.jpg\" alt=\"\"  srcset=\"https:\/\/newsinfoco.com.br\/inicio\/wp-content\/uploads\/2025\/10\/SAVE_20251006_221555-rotated.jpg 1140w, https:\/\/newsinfoco.com.br\/inicio\/wp-content\/uploads\/2025\/10\/SAVE_20251006_221555-300x52.jpg 300w, https:\/\/newsinfoco.com.br\/inicio\/wp-content\/uploads\/2025\/10\/SAVE_20251006_221555-1024x177.jpg 1024w, https:\/\/newsinfoco.com.br\/inicio\/wp-content\/uploads\/2025\/10\/SAVE_20251006_221555-768x133.jpg 768w, https:\/\/newsinfoco.com.br\/inicio\/wp-content\/uploads\/2025\/10\/SAVE_20251006_221555-600x104.jpg 600w, https:\/\/newsinfoco.com.br\/inicio\/wp-content\/uploads\/2025\/10\/SAVE_20251006_221555-696x120.jpg 696w, https:\/\/newsinfoco.com.br\/inicio\/wp-content\/uploads\/2025\/10\/SAVE_20251006_221555-1068x185.jpg 1068w\" sizes=\"(max-width: 1140px) 100vw, 1140px\" width=\"1140\" height=\"197\"   \/><\/a><\/div>\n<p data-start=\"620\" data-end=\"1001\">\u201cSe realmente o Congresso Nacional quiser fazer uma coisa boa pelo Brasil, acabe com a reelei\u00e7\u00e3o de dois em dois anos e coloque elei\u00e7\u00f5es gerais com mandatos para cinco anos. J\u00e1 aprovamos na CCJ, mas o Davi [Alcolumbre, presidente do Senado] n\u00e3o colocou em pauta ainda. Se continuar dessa forma, com elei\u00e7\u00e3o de dois em dois anos, a nossa democracia vai acabar\u201d, disse ele.<\/p>\n<p data-start=\"1003\" data-end=\"1413\">O processo de reelei\u00e7\u00e3o no Brasil foi institu\u00eddo em 1997, com a Proposta de Emenda \u00e0 Constitui\u00e7\u00e3o n\u00ba 16\/1997, tendo Fernando Henrique Cardoso como o primeiro presidente reeleito. Na proposta de Fl\u00e1vio, o presidenci\u00e1vel justifica que, desde que foi institu\u00edda a reelei\u00e7\u00e3o, os presidentes t\u00eam agido em \u201cciclo permanente de campanha\u201d, ampliando pautas eleitoreiras e postergando medidas impopulares.<iframe loading=\"lazy\" id=\"truvid_cnt_prebid_trv_iframe57614\" src=\"about:blank\" width=\"1px\" height=\"1px\" frameborder=\"0\" marginwidth=\"0\" marginheight=\"0\" scrolling=\"NO\" data-mce-fragment=\"1\"><\/iframe><\/p>\n<p data-start=\"1415\" data-end=\"1698\">Para Alencar, desde ent\u00e3o, o Brasil passou por diversas crises, como a pris\u00e3o dos ex-presidentes Fernando Collor, Michel Temer, Lula (a qual definiu como uma inquisi\u00e7\u00e3o) e de Jair Bolsonaro. Conforme o senador, todas as crises pol\u00edticas do Brasil foram causadas pela reelei\u00e7\u00e3o.<\/p>\n<p data-start=\"1700\" data-end=\"2074\" data-is-last-node=\"\" data-is-only-node=\"\">\u201cPara uma democracia que tem pouco mais de 25 anos passar por tanta crise, a culpa n\u00e3o \u00e9 do povo, \u00e9 da reelei\u00e7\u00e3o. Tem que acabar com a reelei\u00e7\u00e3o para presidente da Rep\u00fablica, governador e prefeito. Agora o Fl\u00e1vio Bolsonaro pegou essa \u2018ponga\u2019 do meu projeto e est\u00e1 complementando. Dificilmente um Bolsonaro tem raz\u00e3o, mas, nesse caso, ele tem\u201d, concluiu Otto.<\/p>\n<\/div>\n<div id=\"author-info\" class=\"ui items\">\n<div class=\"item\">Bania.Ba<\/div>\n<\/div>\n<div class='share-to-whatsapp-wrapper'><div class='share-on-whsp'>Share on: <\/div><a data-text='\u2018Fl\u00e1vio Bolsonaro tem raz\u00e3o\u2019, diz o Otto Alencar sobre a PEC para o fim da reelei\u00e7\u00e3o' data-link='https:\/\/newsinfoco.com.br\/inicio\/flavio-bolsonaro-tem-razao-diz-o-otto-alencar-sobre-a-pec-para-o-fim-da-reeleicao\/' class='whatsapp-button whatsapp-share'>WhatsApp<\/a><div class='clear '><\/div><\/div>","protected":false},"excerpt":{"rendered":"<p>O senador Otto Alencar (PSD-BA) reagiu, nesta ter\u00e7a-feira (10), \u00e0 apresenta\u00e7\u00e3o da PEC para o fim da reelei\u00e7\u00e3o apresentada pelo senador e pr\u00e9-candidato \u00e0 Presid\u00eancia, Fl\u00e1vio Bolsonaro (PL-RJ). Segundo ele, a Proposta de Emenda \u00e0 Constitui\u00e7\u00e3o sobre o fim da reelei\u00e7\u00e3o j\u00e1 foi aprovada na CCJ do Senado Federal. A proposta apresentada por Fl\u00e1vio foi [&hellip;]<\/p>\n","protected":false},"author":1,"featured_media":49669,"comment_status":"closed","ping_status":"closed","sticky":false,"template":"","format":"standard","meta":{"om_disable_all_campaigns":false,"_exactmetrics_skip_tracking":false,"_exactmetrics_sitenote_active":false,"_exactmetrics_sitenote_note":"","_exactmetrics_sitenote_category":0,"footnotes":""},"categories":[19],"tags":[],"class_list":["post-49668","post","type-post","status-publish","format-standard","has-post-thumbnail","hentry","category-bahia"],"aioseo_notices":[],"_links":{"self":[{"href":"https:\/\/newsinfoco.com.br\/inicio\/wp-json\/wp\/v2\/posts\/49668","targetHints":{"allow":["GET"]}}],"collection":[{"href":"https:\/\/newsinfoco.com.br\/inicio\/wp-json\/wp\/v2\/posts"}],"about":[{"href":"https:\/\/newsinfoco.com.br\/inicio\/wp-json\/wp\/v2\/types\/post"}],"author":[{"embeddable":true,"href":"https:\/\/newsinfoco.com.br\/inicio\/wp-json\/wp\/v2\/users\/1"}],"replies":[{"embeddable":true,"href":"https:\/\/newsinfoco.com.br\/inicio\/wp-json\/wp\/v2\/comments?post=49668"}],"version-history":[{"count":1,"href":"https:\/\/newsinfoco.com.br\/inicio\/wp-json\/wp\/v2\/posts\/49668\/revisions"}],"predecessor-version":[{"id":49670,"href":"https:\/\/newsinfoco.com.br\/inicio\/wp-json\/wp\/v2\/posts\/49668\/revisions\/49670"}],"wp:featuredmedia":[{"embeddable":true,"href":"https:\/\/newsinfoco.com.br\/inicio\/wp-json\/wp\/v2\/media\/49669"}],"wp:attachment":[{"href":"https:\/\/newsinfoco.com.br\/inicio\/wp-json\/wp\/v2\/media?parent=49668"}],"wp:term":[{"taxonomy":"category","embeddable":true,"href":"https:\/\/newsinfoco.com.br\/inicio\/wp-json\/wp\/v2\/categories?post=49668"},{"taxonomy":"post_tag","embeddable":true,"href":"https:\/\/newsinfoco.com.br\/inicio\/wp-json\/wp\/v2\/tags?post=49668"}],"curies":[{"name":"wp","href":"https:\/\/api.w.org\/{rel}","templated":true}]}}