{"id":49671,"date":"2026-03-10T13:01:31","date_gmt":"2026-03-10T16:01:31","guid":{"rendered":"https:\/\/newsinfoco.com.br\/inicio\/?p=49671"},"modified":"2026-03-10T13:01:31","modified_gmt":"2026-03-10T16:01:31","slug":"eua-estudam-classificar-faccoes-com-atuacao-na-bahia-como-organizacoes-terroristas","status":"publish","type":"post","link":"https:\/\/newsinfoco.com.br\/inicio\/eua-estudam-classificar-faccoes-com-atuacao-na-bahia-como-organizacoes-terroristas\/","title":{"rendered":"EUA estudam classificar fac\u00e7\u00f5es com atua\u00e7\u00e3o na Bahia como organiza\u00e7\u00f5es terroristas"},"content":{"rendered":"<div class=\"conteudo_post\">\n<p>As fac\u00e7\u00f5es criminosas Primeiro Comando da Capital (PCC) e Comando Vermelho (CV), que possuem forte presen\u00e7a em territ\u00f3rio baiano, devem ser classificadas como organiza\u00e7\u00f5es terroristas pelos Estados Unidos.<\/p>\n<p>A medida, revelada pela colunista Mariana Sanches, do UOL, altera profundamente o tratamento jur\u00eddico dado a esses grupos pela legisla\u00e7\u00e3o norte-americana, abrindo precedentes para interven\u00e7\u00f5es que incluem o uso de for\u00e7a militar e opera\u00e7\u00f5es unilaterais em solo estrangeiro.<\/p><div class=\"newsi-conteudo_19\" id=\"newsi-724239580\"><a href=\"https:\/\/www.instagram.com\/prefeituraalagoinhas?igsh=YzgzdDJ1bWR3aWI4\" aria-label=\"SAVE_20251006_221555\"><img loading=\"lazy\" decoding=\"async\" src=\"https:\/\/newsinfoco.com.br\/inicio\/wp-content\/uploads\/2025\/10\/SAVE_20251006_221555-rotated.jpg\" alt=\"\"  srcset=\"https:\/\/newsinfoco.com.br\/inicio\/wp-content\/uploads\/2025\/10\/SAVE_20251006_221555-rotated.jpg 1140w, https:\/\/newsinfoco.com.br\/inicio\/wp-content\/uploads\/2025\/10\/SAVE_20251006_221555-300x52.jpg 300w, https:\/\/newsinfoco.com.br\/inicio\/wp-content\/uploads\/2025\/10\/SAVE_20251006_221555-1024x177.jpg 1024w, https:\/\/newsinfoco.com.br\/inicio\/wp-content\/uploads\/2025\/10\/SAVE_20251006_221555-768x133.jpg 768w, https:\/\/newsinfoco.com.br\/inicio\/wp-content\/uploads\/2025\/10\/SAVE_20251006_221555-600x104.jpg 600w, https:\/\/newsinfoco.com.br\/inicio\/wp-content\/uploads\/2025\/10\/SAVE_20251006_221555-696x120.jpg 696w, https:\/\/newsinfoco.com.br\/inicio\/wp-content\/uploads\/2025\/10\/SAVE_20251006_221555-1068x185.jpg 1068w\" sizes=\"(max-width: 1140px) 100vw, 1140px\" width=\"1140\" height=\"197\"   \/><\/a><\/div>\n<p>O governo brasileiro manifestou oposi\u00e7\u00e3o \u00e0 iniciativa, sustentando que essas organiza\u00e7\u00f5es n\u00e3o possuem motiva\u00e7\u00f5es ideol\u00f3gicas ou pol\u00edticas, caracter\u00edsticas fundamentais que definem o terrorismo cl\u00e1ssico.<\/p>\n<p>Apesar da resist\u00eancia diplom\u00e1tica, a administra\u00e7\u00e3o de Donald Trump sinaliza a continuidade de uma postura externa mais agressiva, semelhante \u00e0 adotada em novembro do ano passado contra o Cartel de los Soles, da Venezuela. Na ocasi\u00e3o, a classifica\u00e7\u00e3o resultou em uma interven\u00e7\u00e3o que levou \u00e0 pris\u00e3o de Nicol\u00e1s Maduro, que permanece sob cust\u00f3dia nos Estados Unidos.<\/p>\n<div>\n<div>\n<div class=\"trv-player-container\">\n<div class=\"trv-wrapper\">\n<div id=\"br_video_player_09ef09e8cf8725742f7cea1f19e1a19dc3c659f9\" class=\"trvd_video_player trvdinstream\">Na Bahia, o avan\u00e7o dessas organiza\u00e7\u00f5es ocorreu em per\u00edodos distintos. O PCC consolidou sua influ\u00eancia a partir dos anos 2000, utilizando o sistema prisional como centro de comando log\u00edstico.<\/div>\n<\/div>\n<\/div>\n<\/div>\n<\/div>\n<p>J\u00e1 o Comando Vermelho intensificou sua expans\u00e3o no estado a partir de 2020, diversificando as atividades criminosas para al\u00e9m do tr\u00e1fico de armas e entorpecentes. A nova classifica\u00e7\u00e3o pretendida por Washington visa sufocar o financiamento internacional desses grupos e permitir a\u00e7\u00f5es de intelig\u00eancia e combate direto em escala global.<\/p>\n<\/div>\n<div id=\"div-share\">Bahia.Ba<\/div>\n<div class='share-to-whatsapp-wrapper'><div class='share-on-whsp'>Share on: <\/div><a data-text='EUA estudam classificar fac\u00e7\u00f5es com atua\u00e7\u00e3o na Bahia como organiza\u00e7\u00f5es terroristas' data-link='https:\/\/newsinfoco.com.br\/inicio\/eua-estudam-classificar-faccoes-com-atuacao-na-bahia-como-organizacoes-terroristas\/' class='whatsapp-button whatsapp-share'>WhatsApp<\/a><div class='clear '><\/div><\/div>","protected":false},"excerpt":{"rendered":"<p>As fac\u00e7\u00f5es criminosas Primeiro Comando da Capital (PCC) e Comando Vermelho (CV), que possuem forte presen\u00e7a em territ\u00f3rio baiano, devem ser classificadas como organiza\u00e7\u00f5es terroristas pelos Estados Unidos. A medida, revelada pela colunista Mariana Sanches, do UOL, altera profundamente o tratamento jur\u00eddico dado a esses grupos pela legisla\u00e7\u00e3o norte-americana, abrindo precedentes para interven\u00e7\u00f5es que incluem [&hellip;]<\/p>\n","protected":false},"author":1,"featured_media":49672,"comment_status":"closed","ping_status":"closed","sticky":false,"template":"","format":"standard","meta":{"om_disable_all_campaigns":false,"_exactmetrics_skip_tracking":false,"_exactmetrics_sitenote_active":false,"_exactmetrics_sitenote_note":"","_exactmetrics_sitenote_category":0,"footnotes":""},"categories":[19],"tags":[],"class_list":["post-49671","post","type-post","status-publish","format-standard","has-post-thumbnail","hentry","category-bahia"],"aioseo_notices":[],"_links":{"self":[{"href":"https:\/\/newsinfoco.com.br\/inicio\/wp-json\/wp\/v2\/posts\/49671","targetHints":{"allow":["GET"]}}],"collection":[{"href":"https:\/\/newsinfoco.com.br\/inicio\/wp-json\/wp\/v2\/posts"}],"about":[{"href":"https:\/\/newsinfoco.com.br\/inicio\/wp-json\/wp\/v2\/types\/post"}],"author":[{"embeddable":true,"href":"https:\/\/newsinfoco.com.br\/inicio\/wp-json\/wp\/v2\/users\/1"}],"replies":[{"embeddable":true,"href":"https:\/\/newsinfoco.com.br\/inicio\/wp-json\/wp\/v2\/comments?post=49671"}],"version-history":[{"count":1,"href":"https:\/\/newsinfoco.com.br\/inicio\/wp-json\/wp\/v2\/posts\/49671\/revisions"}],"predecessor-version":[{"id":49673,"href":"https:\/\/newsinfoco.com.br\/inicio\/wp-json\/wp\/v2\/posts\/49671\/revisions\/49673"}],"wp:featuredmedia":[{"embeddable":true,"href":"https:\/\/newsinfoco.com.br\/inicio\/wp-json\/wp\/v2\/media\/49672"}],"wp:attachment":[{"href":"https:\/\/newsinfoco.com.br\/inicio\/wp-json\/wp\/v2\/media?parent=49671"}],"wp:term":[{"taxonomy":"category","embeddable":true,"href":"https:\/\/newsinfoco.com.br\/inicio\/wp-json\/wp\/v2\/categories?post=49671"},{"taxonomy":"post_tag","embeddable":true,"href":"https:\/\/newsinfoco.com.br\/inicio\/wp-json\/wp\/v2\/tags?post=49671"}],"curies":[{"name":"wp","href":"https:\/\/api.w.org\/{rel}","templated":true}]}}