{"id":49674,"date":"2026-03-10T13:06:52","date_gmt":"2026-03-10T16:06:52","guid":{"rendered":"https:\/\/newsinfoco.com.br\/inicio\/?p=49674"},"modified":"2026-03-10T13:06:52","modified_gmt":"2026-03-10T16:06:52","slug":"gustavo-carmo-busca-recursos-para-alagoinhas-em-brasilia","status":"publish","type":"post","link":"https:\/\/newsinfoco.com.br\/inicio\/gustavo-carmo-busca-recursos-para-alagoinhas-em-brasilia\/","title":{"rendered":"Gustavo Carmo busca recursos para Alagoinhas em Bras\u00edlia"},"content":{"rendered":"<p>O prefeito de Alagoinhas, Gustavo Carmo, cumpre uma extensa agenda de trabalho em Bras\u00edlia. O objetivo \u00e9 acompanhar o andamento os projetos cadastrados junto ao Governo Federal e buscar libera\u00e7\u00e3o de recursos para o munic\u00edpio. Nesta segunda-feira, 9, o gestor participou de reuni\u00f5es na Casa Civil e no Departamento Nacional de Infraestrutura de Transportes (Dnit). Amanh\u00e3, 10, vai participar do semin\u00e1rio da Frente Nacional de Prefeitas e Prefeitos (FNP).<\/p>\n<div id=\"attachment_87558\" class=\"wp-caption aligncenter\">\n<p class=\"wp-caption-text\">Reuni\u00e3o com o diretor do DNIT, Carlos Barros<\/p>\n<\/div>\n<p>Na Secretaria Nacional da Casa Civil, Gustavo foi recebido pelo secret\u00e1rio Marcus Cavalcanti e dialogou sobre a libera\u00e7\u00e3o de recursos cadastrados no Novo PAC. J\u00e1 no DNIT, o prefeito se reuniu com o diretor executivo Carlos Barros e o assessor de Rela\u00e7\u00f5es Institucionais, Jo\u00e9lio Almeida. Gustavo refor\u00e7ou o pedido para que seja realizada a licita\u00e7\u00e3o do projeto de duplica\u00e7\u00e3o da BR-110, no trecho de Alagoinhas a Catu, e das obras de duplica\u00e7\u00e3o da BR-101, de Alagoinhas at\u00e9 o viaduto de acesso a Feira de Santana, na BR-324.<\/p><div class=\"newsi-conteudo_19\" id=\"newsi-3572498230\"><a href=\"https:\/\/www.instagram.com\/prefeituraalagoinhas?igsh=YzgzdDJ1bWR3aWI4\" aria-label=\"SAVE_20251006_221555\"><img loading=\"lazy\" decoding=\"async\" src=\"https:\/\/newsinfoco.com.br\/inicio\/wp-content\/uploads\/2025\/10\/SAVE_20251006_221555-rotated.jpg\" alt=\"\"  srcset=\"https:\/\/newsinfoco.com.br\/inicio\/wp-content\/uploads\/2025\/10\/SAVE_20251006_221555-rotated.jpg 1140w, https:\/\/newsinfoco.com.br\/inicio\/wp-content\/uploads\/2025\/10\/SAVE_20251006_221555-300x52.jpg 300w, https:\/\/newsinfoco.com.br\/inicio\/wp-content\/uploads\/2025\/10\/SAVE_20251006_221555-1024x177.jpg 1024w, https:\/\/newsinfoco.com.br\/inicio\/wp-content\/uploads\/2025\/10\/SAVE_20251006_221555-768x133.jpg 768w, https:\/\/newsinfoco.com.br\/inicio\/wp-content\/uploads\/2025\/10\/SAVE_20251006_221555-600x104.jpg 600w, https:\/\/newsinfoco.com.br\/inicio\/wp-content\/uploads\/2025\/10\/SAVE_20251006_221555-696x120.jpg 696w, https:\/\/newsinfoco.com.br\/inicio\/wp-content\/uploads\/2025\/10\/SAVE_20251006_221555-1068x185.jpg 1068w\" sizes=\"(max-width: 1140px) 100vw, 1140px\" width=\"1140\" height=\"197\"   \/><\/a><\/div>\n<p>Gustavo tamb\u00e9m pediu a municipaliza\u00e7\u00e3o da gest\u00e3o do tr\u00e2nsito e da manuten\u00e7\u00e3o das rodovias federais \u2013 a BR-110, no trecho at\u00e9 o novo hospital regional, e a BR-101, no percurso que corta o munic\u00edpio. \u201cConsidero a municipaliza\u00e7\u00e3o desses trechos uma medida estrat\u00e9gica essencial para conferir ao poder p\u00fablico local a agilidade e a capacidade de resposta necess\u00e1rias para otimizar a infraestrutura vi\u00e1ria. Este controle direto permitir\u00e1 uma gest\u00e3o mais eficiente dos recursos, priorizando investimentos que se alinhem \u00e0s demandas urbanas e promovam um desenvolvimento integrado, reduzindo entraves e custos operacionais que hoje impactam nossa popula\u00e7\u00e3o\u201d, comenta Gustavo.<\/p>\n<p>Segundo o prefeito de Alagoinhas, caso se torne uma realidade, essa transi\u00e7\u00e3o para a gest\u00e3o municipal trar\u00e1 benef\u00edcios em termos de seguran\u00e7a, economia e qualidade de vida para os cidad\u00e3os. \u201cRodovias sob controle local garantiriam manuten\u00e7\u00e3o preventiva e corretiva mais r\u00e1pidas, melhoria na sinaliza\u00e7\u00e3o e ilumina\u00e7\u00e3o, e a implementa\u00e7\u00e3o de solu\u00e7\u00f5es de tr\u00e1fego que reduzam acidentes\u201d, diz.<\/p>\n<div id=\"attachment_87559\" class=\"wp-caption aligncenter\">\n<p class=\"wp-caption-text\">Assessor de Rela\u00e7\u00f5es Institucionais Jo\u00e9lio Almeida, secret\u00e1rio Especial da Casa Civil, Marcus Cavalcanti, e o prefeito Gustavo Carmo<\/p>\n<\/div>\n<p><strong>Aeroporto<\/strong><br \/>\nGustavo Carmo tamb\u00e9m aproveitou o primeiro dia em Bras\u00edlia para se reunir com o diretor de Rela\u00e7\u00f5es Institucionais da Heineken, Jo\u00e3o Marcelo. O encontro ocorreu no escrit\u00f3rio da cervejaria. O prefeito de Alagoinhas tratou sobre a concess\u00e3o da pista de pouso para o aeroporto de Alagoinhas e da cria\u00e7\u00e3o do bairro Monte Sinai, em regi\u00e3o no entorno da f\u00e1brica, projeto que envolve a\u00e7\u00f5es de infraestrutura e de regulariza\u00e7\u00e3o fundi\u00e1ria.<\/p>\n<p>\u201cEstamos aqui trabalhando de forma incans\u00e1vel, buscando melhorias para a nossa cidade, persistindo e insistindo para que nossos pedidos se tornem um realidade\u201d, afirma Gustavo.<\/p>\n<p><strong>Agenda<\/strong><br \/>\nNesta ter\u00e7a-feira, 10, Gustavo Carmo representa Alagoinhas no semin\u00e1rio \u201cQuem paga a conta? \u2013 Munic\u00edpios subfinanciados, servi\u00e7os precarizados\u201d, evento realizado pela Frente Nacional de Prefeitas e Prefeitos (FNP). O encontro reunir\u00e1 governantes municipais, parlamentares e acad\u00eamicos para debater as desigualdades no repasse de recursos para as cidades brasileiras. O objetivo \u00e9 abrir um debate p\u00fablico qualificado sobre o financiamento dos munic\u00edpios, a partir dos dados da plataforma Indicadores de Financiamento e Equidade Municipal (IFEM), desenvolvida pela Ger\u00eancia de Dados da FNP.<\/p>\n<div align=\"right\"><\/div>\n<div class='share-to-whatsapp-wrapper'><div class='share-on-whsp'>Share on: <\/div><a data-text='Gustavo Carmo busca recursos para Alagoinhas em Bras\u00edlia' data-link='https:\/\/newsinfoco.com.br\/inicio\/gustavo-carmo-busca-recursos-para-alagoinhas-em-brasilia\/' class='whatsapp-button whatsapp-share'>WhatsApp<\/a><div class='clear '><\/div><\/div>","protected":false},"excerpt":{"rendered":"<p>O prefeito de Alagoinhas, Gustavo Carmo, cumpre uma extensa agenda de trabalho em Bras\u00edlia. O objetivo \u00e9 acompanhar o andamento os projetos cadastrados junto ao Governo Federal e buscar libera\u00e7\u00e3o de recursos para o munic\u00edpio. Nesta segunda-feira, 9, o gestor participou de reuni\u00f5es na Casa Civil e no Departamento Nacional de Infraestrutura de Transportes (Dnit). [&hellip;]<\/p>\n","protected":false},"author":1,"featured_media":49675,"comment_status":"closed","ping_status":"closed","sticky":false,"template":"","format":"standard","meta":{"om_disable_all_campaigns":false,"_exactmetrics_skip_tracking":false,"_exactmetrics_sitenote_active":false,"_exactmetrics_sitenote_note":"","_exactmetrics_sitenote_category":0,"footnotes":""},"categories":[38,167],"tags":[],"class_list":["post-49674","post","type-post","status-publish","format-standard","has-post-thumbnail","hentry","category-alagoinhas-e-regiao","category-exclusivas"],"aioseo_notices":[],"_links":{"self":[{"href":"https:\/\/newsinfoco.com.br\/inicio\/wp-json\/wp\/v2\/posts\/49674","targetHints":{"allow":["GET"]}}],"collection":[{"href":"https:\/\/newsinfoco.com.br\/inicio\/wp-json\/wp\/v2\/posts"}],"about":[{"href":"https:\/\/newsinfoco.com.br\/inicio\/wp-json\/wp\/v2\/types\/post"}],"author":[{"embeddable":true,"href":"https:\/\/newsinfoco.com.br\/inicio\/wp-json\/wp\/v2\/users\/1"}],"replies":[{"embeddable":true,"href":"https:\/\/newsinfoco.com.br\/inicio\/wp-json\/wp\/v2\/comments?post=49674"}],"version-history":[{"count":1,"href":"https:\/\/newsinfoco.com.br\/inicio\/wp-json\/wp\/v2\/posts\/49674\/revisions"}],"predecessor-version":[{"id":49676,"href":"https:\/\/newsinfoco.com.br\/inicio\/wp-json\/wp\/v2\/posts\/49674\/revisions\/49676"}],"wp:featuredmedia":[{"embeddable":true,"href":"https:\/\/newsinfoco.com.br\/inicio\/wp-json\/wp\/v2\/media\/49675"}],"wp:attachment":[{"href":"https:\/\/newsinfoco.com.br\/inicio\/wp-json\/wp\/v2\/media?parent=49674"}],"wp:term":[{"taxonomy":"category","embeddable":true,"href":"https:\/\/newsinfoco.com.br\/inicio\/wp-json\/wp\/v2\/categories?post=49674"},{"taxonomy":"post_tag","embeddable":true,"href":"https:\/\/newsinfoco.com.br\/inicio\/wp-json\/wp\/v2\/tags?post=49674"}],"curies":[{"name":"wp","href":"https:\/\/api.w.org\/{rel}","templated":true}]}}