{"id":49680,"date":"2026-03-10T17:20:02","date_gmt":"2026-03-10T20:20:02","guid":{"rendered":"https:\/\/newsinfoco.com.br\/inicio\/?p=49680"},"modified":"2026-03-10T17:20:02","modified_gmt":"2026-03-10T20:20:02","slug":"alagoinhas-e-contemplada-com-retroescavadeira-em-acao-do-promaq","status":"publish","type":"post","link":"https:\/\/newsinfoco.com.br\/inicio\/alagoinhas-e-contemplada-com-retroescavadeira-em-acao-do-promaq\/","title":{"rendered":"Alagoinhas \u00e9 contemplada com retroescavadeira em a\u00e7\u00e3o do Promaq"},"content":{"rendered":"<p data-start=\"67\" data-end=\"505\">O munic\u00edpio de Alagoinhas est\u00e1 entre os nove contemplados com as novas retroescavadeiras entregues na manh\u00e3 desta ter\u00e7a-feira, 10, pelo governador da Bahia, Jer\u00f4nimo Rodrigues, por meio do Programa Nacional de Moderniza\u00e7\u00e3o e Apoio \u00e0 Produ\u00e7\u00e3o Agr\u00edcola (Promaq), do Minist\u00e9rio da Agricultura e Pecu\u00e1ria (Mapa). A solenidade ocorreu no Parque de Exposi\u00e7\u00f5es de Salvador e marcou um importante investimento na infraestrutura rural do estado.<\/p>\n<p data-start=\"509\" data-end=\"870\">As retroescavadeiras e outros equipamentos foram adquiridos por meio de emenda do senador Otto Alencar, no valor de aproximadamente R$ 20 milh\u00f5es, em parceria com o Governo Federal. Os ve\u00edculos pesados de constru\u00e7\u00e3o civil v\u00e3o ajudar na manuten\u00e7\u00e3o das estradas vicinais, facilitar o deslocamento das pessoas e o transporte da produ\u00e7\u00e3o agr\u00edcola para as cidades.<\/p><div class=\"newsi-conteudo_19\" id=\"newsi-1118624166\"><a href=\"https:\/\/www.instagram.com\/prefeituraalagoinhas?igsh=YzgzdDJ1bWR3aWI4\" aria-label=\"SAVE_20251006_221555\"><img loading=\"lazy\" decoding=\"async\" src=\"https:\/\/newsinfoco.com.br\/inicio\/wp-content\/uploads\/2025\/10\/SAVE_20251006_221555-rotated.jpg\" alt=\"\"  srcset=\"https:\/\/newsinfoco.com.br\/inicio\/wp-content\/uploads\/2025\/10\/SAVE_20251006_221555-rotated.jpg 1140w, https:\/\/newsinfoco.com.br\/inicio\/wp-content\/uploads\/2025\/10\/SAVE_20251006_221555-300x52.jpg 300w, https:\/\/newsinfoco.com.br\/inicio\/wp-content\/uploads\/2025\/10\/SAVE_20251006_221555-1024x177.jpg 1024w, https:\/\/newsinfoco.com.br\/inicio\/wp-content\/uploads\/2025\/10\/SAVE_20251006_221555-768x133.jpg 768w, https:\/\/newsinfoco.com.br\/inicio\/wp-content\/uploads\/2025\/10\/SAVE_20251006_221555-600x104.jpg 600w, https:\/\/newsinfoco.com.br\/inicio\/wp-content\/uploads\/2025\/10\/SAVE_20251006_221555-696x120.jpg 696w, https:\/\/newsinfoco.com.br\/inicio\/wp-content\/uploads\/2025\/10\/SAVE_20251006_221555-1068x185.jpg 1068w\" sizes=\"(max-width: 1140px) 100vw, 1140px\" width=\"1140\" height=\"197\"   \/><\/a><\/div>\n<p data-start=\"874\" data-end=\"1257\">\u201cEsta doa\u00e7\u00e3o de uma retroescavadeira para Alagoinhas nos ajudar\u00e1 a otimizar a manuten\u00e7\u00e3o de estradas vicinais e apoiar diretamente a agricultura familiar, impulsionando o desenvolvimento local e a qualidade de vida de nossos produtores rurais\u201d, afirma o secret\u00e1rio municipal de Manuten\u00e7\u00e3o, Cl\u00e1udio Espinheira, representante do prefeito Gustavo Carmo, que cumpre agenda em Bras\u00edlia.<\/p>\n<p data-start=\"1261\" data-end=\"1429\" data-is-last-node=\"\" data-is-only-node=\"\">Al\u00e9m de Alagoinhas, foram beneficiados os munic\u00edpios de Itarantim, Arataca, Maiquinique, Lap\u00e3o, Salinas da Margarida, S\u00e3o Felipe, Cabaceiras do Paragua\u00e7u e Serra Preta.<\/p>\n<div id=\"attachment_87571\" class=\"wp-caption aligncenter\"><\/div>\n<div class='share-to-whatsapp-wrapper'><div class='share-on-whsp'>Share on: <\/div><a data-text='Alagoinhas \u00e9 contemplada com retroescavadeira em a\u00e7\u00e3o do Promaq' data-link='https:\/\/newsinfoco.com.br\/inicio\/alagoinhas-e-contemplada-com-retroescavadeira-em-acao-do-promaq\/' class='whatsapp-button whatsapp-share'>WhatsApp<\/a><div class='clear '><\/div><\/div>","protected":false},"excerpt":{"rendered":"<p>O munic\u00edpio de Alagoinhas est\u00e1 entre os nove contemplados com as novas retroescavadeiras entregues na manh\u00e3 desta ter\u00e7a-feira, 10, pelo governador da Bahia, Jer\u00f4nimo Rodrigues, por meio do Programa Nacional de Moderniza\u00e7\u00e3o e Apoio \u00e0 Produ\u00e7\u00e3o Agr\u00edcola (Promaq), do Minist\u00e9rio da Agricultura e Pecu\u00e1ria (Mapa). A solenidade ocorreu no Parque de Exposi\u00e7\u00f5es de Salvador e [&hellip;]<\/p>\n","protected":false},"author":1,"featured_media":49681,"comment_status":"closed","ping_status":"closed","sticky":false,"template":"","format":"standard","meta":{"om_disable_all_campaigns":false,"_exactmetrics_skip_tracking":false,"_exactmetrics_sitenote_active":false,"_exactmetrics_sitenote_note":"","_exactmetrics_sitenote_category":0,"footnotes":""},"categories":[38,167],"tags":[],"class_list":["post-49680","post","type-post","status-publish","format-standard","has-post-thumbnail","hentry","category-alagoinhas-e-regiao","category-exclusivas"],"aioseo_notices":[],"_links":{"self":[{"href":"https:\/\/newsinfoco.com.br\/inicio\/wp-json\/wp\/v2\/posts\/49680","targetHints":{"allow":["GET"]}}],"collection":[{"href":"https:\/\/newsinfoco.com.br\/inicio\/wp-json\/wp\/v2\/posts"}],"about":[{"href":"https:\/\/newsinfoco.com.br\/inicio\/wp-json\/wp\/v2\/types\/post"}],"author":[{"embeddable":true,"href":"https:\/\/newsinfoco.com.br\/inicio\/wp-json\/wp\/v2\/users\/1"}],"replies":[{"embeddable":true,"href":"https:\/\/newsinfoco.com.br\/inicio\/wp-json\/wp\/v2\/comments?post=49680"}],"version-history":[{"count":1,"href":"https:\/\/newsinfoco.com.br\/inicio\/wp-json\/wp\/v2\/posts\/49680\/revisions"}],"predecessor-version":[{"id":49682,"href":"https:\/\/newsinfoco.com.br\/inicio\/wp-json\/wp\/v2\/posts\/49680\/revisions\/49682"}],"wp:featuredmedia":[{"embeddable":true,"href":"https:\/\/newsinfoco.com.br\/inicio\/wp-json\/wp\/v2\/media\/49681"}],"wp:attachment":[{"href":"https:\/\/newsinfoco.com.br\/inicio\/wp-json\/wp\/v2\/media?parent=49680"}],"wp:term":[{"taxonomy":"category","embeddable":true,"href":"https:\/\/newsinfoco.com.br\/inicio\/wp-json\/wp\/v2\/categories?post=49680"},{"taxonomy":"post_tag","embeddable":true,"href":"https:\/\/newsinfoco.com.br\/inicio\/wp-json\/wp\/v2\/tags?post=49680"}],"curies":[{"name":"wp","href":"https:\/\/api.w.org\/{rel}","templated":true}]}}