{"id":49683,"date":"2026-03-10T17:27:55","date_gmt":"2026-03-10T20:27:55","guid":{"rendered":"https:\/\/newsinfoco.com.br\/inicio\/?p=49683"},"modified":"2026-03-10T17:27:55","modified_gmt":"2026-03-10T20:27:55","slug":"alagoinhas-faz-historia-ao-aprovar-o-primeiro-codigo-de-vigilancia-em-saude-da-micro-e-macrorregiao-nordeste","status":"publish","type":"post","link":"https:\/\/newsinfoco.com.br\/inicio\/alagoinhas-faz-historia-ao-aprovar-o-primeiro-codigo-de-vigilancia-em-saude-da-micro-e-macrorregiao-nordeste\/","title":{"rendered":"Alagoinhas faz hist\u00f3ria ao aprovar o primeiro C\u00f3digo de Vigil\u00e2ncia em Sa\u00fade da micro e macrorregi\u00e3o Nordeste"},"content":{"rendered":"<p>Em uma sess\u00e3o realizada nesta ter\u00e7a-feira (10), a C\u00e2mara de Vereadores de Alagoinhas aprovou, por unanimidade, um pacote de leis que redefine o ordenamento jur\u00eddico e a prote\u00e7\u00e3o \u00e0 vida no munic\u00edpio. Entre os destaques est\u00e1 a cria\u00e7\u00e3o do C\u00f3digo de Vigil\u00e2ncia em Sa\u00fade, tornando Alagoinhas a primeira cidade das micro e macrorregi\u00f5es Nordeste a possuir uma legisla\u00e7\u00e3o espec\u00edfica e integral para a \u00e1rea, alinhada \u00e0s normas estaduais.<\/p>\n<p>Al\u00e9m do C\u00f3digo de Vigil\u00e2ncia, foram aprovados o C\u00f3digo Urban\u00edstico (Lei de Uso e Ocupa\u00e7\u00e3o do Solo), o C\u00f3digo de Obras e o C\u00f3digo Ambiental. A atualiza\u00e7\u00e3o era urgente, uma vez que parte dessas normas n\u00e3o era revisada desde 2004. At\u00e9 ent\u00e3o, o munic\u00edpio n\u00e3o possu\u00eda uma lei pr\u00f3pria de Vigil\u00e2ncia Sanit\u00e1ria, o que limitava o alcance das pol\u00edticas p\u00fablicas de prote\u00e7\u00e3o \u00e0 sa\u00fade.<\/p><div class=\"newsi-conteudo_19\" id=\"newsi-2496781112\"><a href=\"https:\/\/www.instagram.com\/prefeituraalagoinhas?igsh=YzgzdDJ1bWR3aWI4\" aria-label=\"SAVE_20251006_221555\"><img loading=\"lazy\" decoding=\"async\" src=\"https:\/\/newsinfoco.com.br\/inicio\/wp-content\/uploads\/2025\/10\/SAVE_20251006_221555-rotated.jpg\" alt=\"\"  srcset=\"https:\/\/newsinfoco.com.br\/inicio\/wp-content\/uploads\/2025\/10\/SAVE_20251006_221555-rotated.jpg 1140w, https:\/\/newsinfoco.com.br\/inicio\/wp-content\/uploads\/2025\/10\/SAVE_20251006_221555-300x52.jpg 300w, https:\/\/newsinfoco.com.br\/inicio\/wp-content\/uploads\/2025\/10\/SAVE_20251006_221555-1024x177.jpg 1024w, https:\/\/newsinfoco.com.br\/inicio\/wp-content\/uploads\/2025\/10\/SAVE_20251006_221555-768x133.jpg 768w, https:\/\/newsinfoco.com.br\/inicio\/wp-content\/uploads\/2025\/10\/SAVE_20251006_221555-600x104.jpg 600w, https:\/\/newsinfoco.com.br\/inicio\/wp-content\/uploads\/2025\/10\/SAVE_20251006_221555-696x120.jpg 696w, https:\/\/newsinfoco.com.br\/inicio\/wp-content\/uploads\/2025\/10\/SAVE_20251006_221555-1068x185.jpg 1068w\" sizes=\"(max-width: 1140px) 100vw, 1140px\" width=\"1140\" height=\"197\"   \/><\/a><\/div>\n<p>A nova legisla\u00e7\u00e3o representa um avan\u00e7o operacional sem precedentes. De acordo com Claudine Ramos, diretora de Vigil\u00e2ncia em Sa\u00fade, o c\u00f3digo paramenta legalmente as sete frentes de atua\u00e7\u00e3o dos setores de Vigil\u00e2ncia Epidemiol\u00f3gica, Sanit\u00e1ria, Sa\u00fade do Trabalhador (CEREST), SAE\/CTA, Endemias, Imuniza\u00e7\u00e3o e Ambiental.<\/p>\n<p>\u201cHoje, todos os fiscais que atuam na Vigil\u00e2ncia passam a ser regidos pela mesma lei e com poder de pol\u00edcia. Antes, autuar e dar auto de infra\u00e7\u00e3o era fun\u00e7\u00e3o restrita \u00e0 Sanit\u00e1ria. Agora, isso se amplia para todas as sete vigil\u00e2ncias\u201d, explica a diretora. A mudan\u00e7a vem com o intuito de resolver problemas antigos, como o acesso a im\u00f3veis fechados para o combate \u00e0 dengue. \u201cCom o poder de pol\u00edcia, ou o propriet\u00e1rio abre a casa para a fiscaliza\u00e7\u00e3o de endemias, ou as medidas legais ser\u00e3o aplicadas. \u00c9 uma vit\u00f3ria para a sa\u00fade p\u00fablica\u201d, completa Claudine.<\/p>\n<p>O projeto teve in\u00edcio no ano passado, ap\u00f3s a publica\u00e7\u00e3o do c\u00f3digo estadual, e foi lapidado por uma comiss\u00e3o t\u00e9cnica com o apoio do gabinete do vice-prefeito (Gavipre). Para o secret\u00e1rio de Sa\u00fade e vice-prefeito, Luciano S\u00e9rgio, o momento \u00e9 de profunda gratid\u00e3o e marca o \u00e1pice de um processo democr\u00e1tico e participativo.<\/p>\n<p>\u201cEstou muito emocionado e feliz. Constru\u00edmos esses c\u00f3digos com funcion\u00e1rios efetivos, comissionados e volunt\u00e1rios que conhecem a luta do dia a dia. Ouvimos quem trabalha na ponta para ter uma legisla\u00e7\u00e3o robusta que alcance o ideal dos nossos sonhos e mude a realidade do munic\u00edpio\u201d, afirmou o secret\u00e1rio.<\/p>\n<p>Luciano S\u00e9rgio ainda agradeceu \u00e0 dilig\u00eancia da C\u00e2mara Municipal. \u201cAgrade\u00e7o aos vereadores pelo cuidado e valida\u00e7\u00e3o deste instrumento estruturante. A administra\u00e7\u00e3o p\u00fablica existe para servir ao povo e aqui, na C\u00e2mara, chegamos \u00e0 ess\u00eancia da necessidade da popula\u00e7\u00e3o. Viva Alagoinhas, viva a democracia e o nosso Plano Diretor de Desenvolvimento Municipal\u201d.<\/p>\n<p>Para o enfermeiro sanitarista Holand Salom\u00e3o, que atua na Rede Municipal de Sa\u00fade, o sentimento \u00e9 de realiza\u00e7\u00e3o profissional e cidad\u00e3. \u201c\u00c9 uma conquista que pleiteamos h\u00e1 20 anos. Trazemos uma evolu\u00e7\u00e3o constru\u00edda desde a d\u00e9cada de 90. Nosso trabalho \u00e9 de preven\u00e7\u00e3o e controle, e essa evolu\u00e7\u00e3o \u00e9 essencial para garantir sa\u00fade real para a popula\u00e7\u00e3o\u201d, pontua Salom\u00e3o.<\/p>\n<p>Com a aprova\u00e7\u00e3o, a Prefeitura de Alagoinhas iniciar\u00e1 uma etapa intensiva de treinamento para todos os servidores da Vigil\u00e2ncia, garantindo que a fiscaliza\u00e7\u00e3o e a aplica\u00e7\u00e3o das normas sigam os novos par\u00e2metros legais. Al\u00e9m desses marcos, o Governo Municipal j\u00e1 prepara os pr\u00f3ximos passos estruturantes, como o Plano de Habita\u00e7\u00e3o de Interesse Social e o Plano de Mobilidade, reafirmando o compromisso com uma Alagoinhas mais organizada e moderna.<\/p>\n<p>&nbsp;<\/p>\n<div class='share-to-whatsapp-wrapper'><div class='share-on-whsp'>Share on: <\/div><a data-text='Alagoinhas faz hist\u00f3ria ao aprovar o primeiro C\u00f3digo de Vigil\u00e2ncia em Sa\u00fade da micro e macrorregi\u00e3o Nordeste' data-link='https:\/\/newsinfoco.com.br\/inicio\/alagoinhas-faz-historia-ao-aprovar-o-primeiro-codigo-de-vigilancia-em-saude-da-micro-e-macrorregiao-nordeste\/' class='whatsapp-button whatsapp-share'>WhatsApp<\/a><div class='clear '><\/div><\/div>","protected":false},"excerpt":{"rendered":"<p>Em uma sess\u00e3o realizada nesta ter\u00e7a-feira (10), a C\u00e2mara de Vereadores de Alagoinhas aprovou, por unanimidade, um pacote de leis que redefine o ordenamento jur\u00eddico e a prote\u00e7\u00e3o \u00e0 vida no munic\u00edpio. Entre os destaques est\u00e1 a cria\u00e7\u00e3o do C\u00f3digo de Vigil\u00e2ncia em Sa\u00fade, tornando Alagoinhas a primeira cidade das micro e macrorregi\u00f5es Nordeste a [&hellip;]<\/p>\n","protected":false},"author":1,"featured_media":49684,"comment_status":"closed","ping_status":"closed","sticky":false,"template":"","format":"standard","meta":{"om_disable_all_campaigns":false,"_exactmetrics_skip_tracking":false,"_exactmetrics_sitenote_active":false,"_exactmetrics_sitenote_note":"","_exactmetrics_sitenote_category":0,"footnotes":""},"categories":[38,167],"tags":[],"class_list":["post-49683","post","type-post","status-publish","format-standard","has-post-thumbnail","hentry","category-alagoinhas-e-regiao","category-exclusivas"],"aioseo_notices":[],"_links":{"self":[{"href":"https:\/\/newsinfoco.com.br\/inicio\/wp-json\/wp\/v2\/posts\/49683","targetHints":{"allow":["GET"]}}],"collection":[{"href":"https:\/\/newsinfoco.com.br\/inicio\/wp-json\/wp\/v2\/posts"}],"about":[{"href":"https:\/\/newsinfoco.com.br\/inicio\/wp-json\/wp\/v2\/types\/post"}],"author":[{"embeddable":true,"href":"https:\/\/newsinfoco.com.br\/inicio\/wp-json\/wp\/v2\/users\/1"}],"replies":[{"embeddable":true,"href":"https:\/\/newsinfoco.com.br\/inicio\/wp-json\/wp\/v2\/comments?post=49683"}],"version-history":[{"count":1,"href":"https:\/\/newsinfoco.com.br\/inicio\/wp-json\/wp\/v2\/posts\/49683\/revisions"}],"predecessor-version":[{"id":49685,"href":"https:\/\/newsinfoco.com.br\/inicio\/wp-json\/wp\/v2\/posts\/49683\/revisions\/49685"}],"wp:featuredmedia":[{"embeddable":true,"href":"https:\/\/newsinfoco.com.br\/inicio\/wp-json\/wp\/v2\/media\/49684"}],"wp:attachment":[{"href":"https:\/\/newsinfoco.com.br\/inicio\/wp-json\/wp\/v2\/media?parent=49683"}],"wp:term":[{"taxonomy":"category","embeddable":true,"href":"https:\/\/newsinfoco.com.br\/inicio\/wp-json\/wp\/v2\/categories?post=49683"},{"taxonomy":"post_tag","embeddable":true,"href":"https:\/\/newsinfoco.com.br\/inicio\/wp-json\/wp\/v2\/tags?post=49683"}],"curies":[{"name":"wp","href":"https:\/\/api.w.org\/{rel}","templated":true}]}}