{"id":49686,"date":"2026-03-10T17:32:52","date_gmt":"2026-03-10T20:32:52","guid":{"rendered":"https:\/\/newsinfoco.com.br\/inicio\/?p=49686"},"modified":"2026-03-10T17:32:52","modified_gmt":"2026-03-10T20:32:52","slug":"secretaria-de-educacao-de-alagoinhas-realiza-formacao-de-professores","status":"publish","type":"post","link":"https:\/\/newsinfoco.com.br\/inicio\/secretaria-de-educacao-de-alagoinhas-realiza-formacao-de-professores\/","title":{"rendered":"Secretaria de Educa\u00e7\u00e3o de Alagoinhas realiza forma\u00e7\u00e3o de professores"},"content":{"rendered":"<p>A Secretaria de Educa\u00e7\u00e3o de Alagoinhas (Seduc) realiza, at\u00e9 o pr\u00f3ximo dia 11 de mar\u00e7o, na Faculdade Sant\u00edssimo, a forma\u00e7\u00e3o pedag\u00f3gica dos professores do 1\u00ba ao 5\u00ba ano do Ensino Fundamental. A a\u00e7\u00e3o, que objetiva promover a qualifica\u00e7\u00e3o e valoriza\u00e7\u00e3o profissional, faz parte do Programa Aprendea\u00ea Alagoinhas.<\/p>\n<p>Focando no direito \u00e0 alfabetiza\u00e7\u00e3o na idade certa e na implementa\u00e7\u00e3o de estrat\u00e9gias de recomposi\u00e7\u00e3o das aprendizagens, garantindo que o fluxo escolar seja fortalecido em Alagoinhas, a iniciativa vem sendo realizada com os formadores do Educar Pra Valer, em parceria com os educadores do Aprendea\u00ea Alagoinhas. Todos os professores recebem os m\u00f3dulos de Portugu\u00eas e Matem\u00e1tica do 1\u00ba e 2\u00ba bimestres do Aprendea\u00ea Alagoinhas.<\/p><div class=\"newsi-conteudo_19\" id=\"newsi-3307845860\"><a href=\"https:\/\/www.instagram.com\/prefeituraalagoinhas?igsh=YzgzdDJ1bWR3aWI4\" aria-label=\"SAVE_20251006_221555\"><img loading=\"lazy\" decoding=\"async\" src=\"https:\/\/newsinfoco.com.br\/inicio\/wp-content\/uploads\/2025\/10\/SAVE_20251006_221555-rotated.jpg\" alt=\"\"  srcset=\"https:\/\/newsinfoco.com.br\/inicio\/wp-content\/uploads\/2025\/10\/SAVE_20251006_221555-rotated.jpg 1140w, https:\/\/newsinfoco.com.br\/inicio\/wp-content\/uploads\/2025\/10\/SAVE_20251006_221555-300x52.jpg 300w, https:\/\/newsinfoco.com.br\/inicio\/wp-content\/uploads\/2025\/10\/SAVE_20251006_221555-1024x177.jpg 1024w, https:\/\/newsinfoco.com.br\/inicio\/wp-content\/uploads\/2025\/10\/SAVE_20251006_221555-768x133.jpg 768w, https:\/\/newsinfoco.com.br\/inicio\/wp-content\/uploads\/2025\/10\/SAVE_20251006_221555-600x104.jpg 600w, https:\/\/newsinfoco.com.br\/inicio\/wp-content\/uploads\/2025\/10\/SAVE_20251006_221555-696x120.jpg 696w, https:\/\/newsinfoco.com.br\/inicio\/wp-content\/uploads\/2025\/10\/SAVE_20251006_221555-1068x185.jpg 1068w\" sizes=\"(max-width: 1140px) 100vw, 1140px\" width=\"1140\" height=\"197\"   \/><\/a><\/div>\n<p>Formador de matem\u00e1tica, Cleiton Rodrigues Bento, enalteceu o papel dessa forma\u00e7\u00e3o para o cotidiano dos professores. \u201cA principal contribui\u00e7\u00e3o \u00e9 qualificar e aperfei\u00e7oar o professor de forma mais l\u00fadica, fazendo com que ele viva a busca de fazer pedag\u00f3gico dele. Nesse sentido, trazemos poss\u00edveis estrat\u00e9gias, poss\u00edveis a\u00e7\u00f5es e viv\u00eancias para que eles possam estar se adaptando e levando para a sua realidade, que \u00e9 a sala de aula\u201d, contou.<\/p>\n<p>Professora h\u00e1 quase 40 anos, Adalira Santana Santo, da Escola Municipal Eurico Ver\u00edssimo, que atua hoje com as turmas do 1\u00ba e 2\u00ba ano, reconheceu o impacto da forma\u00e7\u00e3o pedag\u00f3gica proposta pela Seduc. \u201cExiste sempre o aprender. O professor, na verdade, est\u00e1 sempre num processo de aprendizagem. Quando a gente entra na sala de aula, a gente olha para aqueles rostinhos e a gente entende que \u00e9 respons\u00e1vel para que eles possam chegar aonde, de fato, precisam chegar. A forma\u00e7\u00e3o contribui para diversas experi\u00eancias, situa\u00e7\u00f5es inovadoras e desafiadoras e traz para n\u00f3s, enquanto professores, o desafio de nos desafiarmos\u201d, pontuou.<\/p>\n<p>A secret\u00e1ria de Educa\u00e7\u00e3o, Rita Bastos, definiu o momento como o in\u00edcio de um ciclo formativo, de fundamental import\u00e2ncia para o munic\u00edpio. \u201cEssa forma\u00e7\u00e3o marca a consolida\u00e7\u00e3o das nossas pol\u00edticas de alfabetiza\u00e7\u00e3o e recomposi\u00e7\u00e3o de aprendizagem. Nosso objetivo \u00e9 instrumentalizar os professores com as melhores estrat\u00e9gias pedag\u00f3gicas, garantindo que o progresso que planejamos chegue de forma efetiva ao ch\u00e3o da escola e se transforme em resultados reais para a educa\u00e7\u00e3o municipal\u201d, concluiu a secret\u00e1ria.<\/p>\n<p>&nbsp;<\/p>\n<div class='share-to-whatsapp-wrapper'><div class='share-on-whsp'>Share on: <\/div><a data-text='Secretaria de Educa\u00e7\u00e3o de Alagoinhas realiza forma\u00e7\u00e3o de professores' data-link='https:\/\/newsinfoco.com.br\/inicio\/secretaria-de-educacao-de-alagoinhas-realiza-formacao-de-professores\/' class='whatsapp-button whatsapp-share'>WhatsApp<\/a><div class='clear '><\/div><\/div>","protected":false},"excerpt":{"rendered":"<p>A Secretaria de Educa\u00e7\u00e3o de Alagoinhas (Seduc) realiza, at\u00e9 o pr\u00f3ximo dia 11 de mar\u00e7o, na Faculdade Sant\u00edssimo, a forma\u00e7\u00e3o pedag\u00f3gica dos professores do 1\u00ba ao 5\u00ba ano do Ensino Fundamental. A a\u00e7\u00e3o, que objetiva promover a qualifica\u00e7\u00e3o e valoriza\u00e7\u00e3o profissional, faz parte do Programa Aprendea\u00ea Alagoinhas. Focando no direito \u00e0 alfabetiza\u00e7\u00e3o na idade certa [&hellip;]<\/p>\n","protected":false},"author":1,"featured_media":49687,"comment_status":"closed","ping_status":"closed","sticky":false,"template":"","format":"standard","meta":{"om_disable_all_campaigns":false,"_exactmetrics_skip_tracking":false,"_exactmetrics_sitenote_active":false,"_exactmetrics_sitenote_note":"","_exactmetrics_sitenote_category":0,"footnotes":""},"categories":[19],"tags":[],"class_list":["post-49686","post","type-post","status-publish","format-standard","has-post-thumbnail","hentry","category-bahia"],"aioseo_notices":[],"_links":{"self":[{"href":"https:\/\/newsinfoco.com.br\/inicio\/wp-json\/wp\/v2\/posts\/49686","targetHints":{"allow":["GET"]}}],"collection":[{"href":"https:\/\/newsinfoco.com.br\/inicio\/wp-json\/wp\/v2\/posts"}],"about":[{"href":"https:\/\/newsinfoco.com.br\/inicio\/wp-json\/wp\/v2\/types\/post"}],"author":[{"embeddable":true,"href":"https:\/\/newsinfoco.com.br\/inicio\/wp-json\/wp\/v2\/users\/1"}],"replies":[{"embeddable":true,"href":"https:\/\/newsinfoco.com.br\/inicio\/wp-json\/wp\/v2\/comments?post=49686"}],"version-history":[{"count":1,"href":"https:\/\/newsinfoco.com.br\/inicio\/wp-json\/wp\/v2\/posts\/49686\/revisions"}],"predecessor-version":[{"id":49688,"href":"https:\/\/newsinfoco.com.br\/inicio\/wp-json\/wp\/v2\/posts\/49686\/revisions\/49688"}],"wp:featuredmedia":[{"embeddable":true,"href":"https:\/\/newsinfoco.com.br\/inicio\/wp-json\/wp\/v2\/media\/49687"}],"wp:attachment":[{"href":"https:\/\/newsinfoco.com.br\/inicio\/wp-json\/wp\/v2\/media?parent=49686"}],"wp:term":[{"taxonomy":"category","embeddable":true,"href":"https:\/\/newsinfoco.com.br\/inicio\/wp-json\/wp\/v2\/categories?post=49686"},{"taxonomy":"post_tag","embeddable":true,"href":"https:\/\/newsinfoco.com.br\/inicio\/wp-json\/wp\/v2\/tags?post=49686"}],"curies":[{"name":"wp","href":"https:\/\/api.w.org\/{rel}","templated":true}]}}