{"id":49690,"date":"2026-03-11T15:26:31","date_gmt":"2026-03-11T18:26:31","guid":{"rendered":"https:\/\/newsinfoco.com.br\/inicio\/?p=49690"},"modified":"2026-03-11T15:26:31","modified_gmt":"2026-03-11T18:26:31","slug":"alagoinhas-e-exemplo-de-transparencia-em-processo-seletivo-do-minha-casa-minha-vida","status":"publish","type":"post","link":"https:\/\/newsinfoco.com.br\/inicio\/alagoinhas-e-exemplo-de-transparencia-em-processo-seletivo-do-minha-casa-minha-vida\/","title":{"rendered":"Alagoinhas \u00e9 exemplo de transpar\u00eancia em processo seletivo do Minha Casa, Minha Vida"},"content":{"rendered":"<p>A Prefeitura de Alagoinhas demonstrou mais uma vez o compromisso com a transpar\u00eancia na gest\u00e3o de programas sociais. A primeira lista de selecionados para o Programa Doce Lar \u2013 Minha Casa, Minha Vida, divulgada nessa ter\u00e7a-feira, 10, considerou apenas 84 candidatos eleg\u00edveis para um universo de 418 unidades habitacionais. As moradias ser\u00e3o disponibilizadas em dois conjuntos residenciais que est\u00e3o em fase de constru\u00e7\u00e3o.<\/p>\n<p>O prefeito Gustavo Carmo destaca que o Munic\u00edpio continuar\u00e1 divulgando novas listas para garantir que as 418 moradias sejam entregues, e se empenhando para ampliar o programa. \u201cTemos provocado reuni\u00f5es em Bras\u00edlia e dialogado com o Governo Federal e parlamentares da nossa regi\u00e3o, para buscar investimentos em novos conjuntos habitacionais em Alagoinhas. Seguiremos firmes neste prop\u00f3sito\u201d, comenta o gestor.<\/p><div class=\"newsi-conteudo_19\" id=\"newsi-3544344985\"><a href=\"https:\/\/www.instagram.com\/prefeituraalagoinhas?igsh=YzgzdDJ1bWR3aWI4\" aria-label=\"SAVE_20251006_221555\"><img loading=\"lazy\" decoding=\"async\" src=\"https:\/\/newsinfoco.com.br\/inicio\/wp-content\/uploads\/2025\/10\/SAVE_20251006_221555-rotated.jpg\" alt=\"\"  srcset=\"https:\/\/newsinfoco.com.br\/inicio\/wp-content\/uploads\/2025\/10\/SAVE_20251006_221555-rotated.jpg 1140w, https:\/\/newsinfoco.com.br\/inicio\/wp-content\/uploads\/2025\/10\/SAVE_20251006_221555-300x52.jpg 300w, https:\/\/newsinfoco.com.br\/inicio\/wp-content\/uploads\/2025\/10\/SAVE_20251006_221555-1024x177.jpg 1024w, https:\/\/newsinfoco.com.br\/inicio\/wp-content\/uploads\/2025\/10\/SAVE_20251006_221555-768x133.jpg 768w, https:\/\/newsinfoco.com.br\/inicio\/wp-content\/uploads\/2025\/10\/SAVE_20251006_221555-600x104.jpg 600w, https:\/\/newsinfoco.com.br\/inicio\/wp-content\/uploads\/2025\/10\/SAVE_20251006_221555-696x120.jpg 696w, https:\/\/newsinfoco.com.br\/inicio\/wp-content\/uploads\/2025\/10\/SAVE_20251006_221555-1068x185.jpg 1068w\" sizes=\"(max-width: 1140px) 100vw, 1140px\" width=\"1140\" height=\"197\"   \/><\/a><\/div>\n<p>A sele\u00e7\u00e3o para o Doce Lar \u2013 Minha Casa Minha Vida somou 836 candidatos. Deste total, 587 foram desclassificados por n\u00e3o comparecerem para a entrega de documentos ou n\u00e3o cumprirem as exig\u00eancias do edital, a exemplo de pessoas que n\u00e3o possuem o N\u00famero de Identifica\u00e7\u00e3o Social (NIS) do munic\u00edpio de Alagoinhas. Outros 165 foram reposicionados ap\u00f3s rean\u00e1lise t\u00e9cnica dos dados cadastrais, aplica\u00e7\u00e3o dos crit\u00e9rios de elegibilidade e prioriza\u00e7\u00e3o do edital e da legisla\u00e7\u00e3o do programa.<\/p>\n<p>\u201cAjustes na classifica\u00e7\u00e3o podem ocorrer devido a fatores como diverg\u00eancia de dados com o Cadastro \u00danico, aus\u00eancia de identifica\u00e7\u00e3o ou confirma\u00e7\u00e3o de crit\u00e9rios de prioridade. Mas \u00e9 importante destacar que o reposicionamento n\u00e3o significa a exclus\u00e3o da sele\u00e7\u00e3o. Candidatos reposicionados continuam no processo e podem ser aprovados em listas futuras, desde que permane\u00e7am eleg\u00edveis e atendendo aos crit\u00e9rios do programa\u201d, afirma a secret\u00e1ria municipal de Desenvolvimento Social, Lianne Carmo.<\/p>\n<p>Qualquer candidato que queira entender os motivos do reposicionamento, pode obter informa\u00e7\u00f5es no Centro Integrado da Assist\u00eancia Social \u2013 CIAS \u2013 localizado na Rua Milton Jos\u00e9 Ornelas da Silva, Centro da cidade. O atendimento acontece de segunda a sexta-feira, das 8h \u00e0s 16 horas.<\/p>\n<p><strong>Entenda o processo<\/strong><\/p>\n<p>A publica\u00e7\u00e3o da primeira lista de selecionados no Doce Lar \u2013 Minha Casa, Minha Vida \u00e9 o resultado de uma sele\u00e7\u00e3o criteriosa. A Prefeitura de Alagoinhas analisou todos os documentos apresentados pelos candidatos e realizou visitas sociais para verificar a situa\u00e7\u00e3o habitacional e socioecon\u00f4mica das fam\u00edlias. Al\u00e9m disso, fez o cruzamento de dados com bases p\u00fablicas oficiais para assegurar a conformidade e a veracidade das informa\u00e7\u00f5es fornecidas.<\/p>\n<p>A primeira lista divulgada nesta ter\u00e7a, 10, ainda n\u00e3o corresponde \u00e0 rela\u00e7\u00e3o final de fam\u00edlias que ser\u00e3o contempladas com as unidades habitacionais. A pr\u00f3xima etapa de avalia\u00e7\u00e3o ser\u00e1 conduzida pela Caixa Econ\u00f4mica Federal, que atua como agente financeiro do programa e \u00e9 respons\u00e1vel pela opera\u00e7\u00e3o, seguindo as diretrizes estabelecidas pelo Governo Federal.<\/p>\n<p>Os candidatos que n\u00e3o foram selecionados na primeira lista podem ingressar com recurso no per\u00edodo de\u00a011\u00a0a 13 de mar\u00e7o. O pedido de revis\u00e3o deve ser fundamentado no site\u00a0<a href=\"https:\/\/habitacao.alagoinhas.ba.gov.br\/\" target=\"_blank\" rel=\"noopener noreferrer\">habitacao.alagoinhas.ba.gov.br<\/a>. Se a fundamenta\u00e7\u00e3o for pertinente, a situa\u00e7\u00e3o do candidato ser\u00e1 reavaliada.<\/p>\n<p><strong>Fiscaliza\u00e7\u00e3o<\/strong><\/p>\n<p>Apesar da transpar\u00eancia no processo, cidad\u00e3os que suspeitem de fraudes podem fazer a den\u00fancia por meio da Ouvidoria, no telefone 156 (liga\u00e7\u00e3o gratuita) ou pelo WhatsApp (75) 3423-8285.<\/p>\n<p>\u201cEstamos trabalhando para que as chaves das casas do Doce Lar sejam entregues \u00e0s pessoas que, de fato, mais necessitam. Mas \u00e9 claro que o apoio da popula\u00e7\u00e3o na fiscaliza\u00e7\u00e3o \u00e9 importante. Uma den\u00fancia an\u00f4nima pode evitar uma injusti\u00e7a, por isso, contamos com a parceria de todos\u201d, ressalta Lianne Carmo.<\/p>\n<div align=\"right\"><\/div>\n<div class='share-to-whatsapp-wrapper'><div class='share-on-whsp'>Share on: <\/div><a data-text='Alagoinhas \u00e9 exemplo de transpar\u00eancia em processo seletivo do Minha Casa, Minha Vida' data-link='https:\/\/newsinfoco.com.br\/inicio\/alagoinhas-e-exemplo-de-transparencia-em-processo-seletivo-do-minha-casa-minha-vida\/' class='whatsapp-button whatsapp-share'>WhatsApp<\/a><div class='clear '><\/div><\/div>","protected":false},"excerpt":{"rendered":"<p>A Prefeitura de Alagoinhas demonstrou mais uma vez o compromisso com a transpar\u00eancia na gest\u00e3o de programas sociais. A primeira lista de selecionados para o Programa Doce Lar \u2013 Minha Casa, Minha Vida, divulgada nessa ter\u00e7a-feira, 10, considerou apenas 84 candidatos eleg\u00edveis para um universo de 418 unidades habitacionais. As moradias ser\u00e3o disponibilizadas em dois [&hellip;]<\/p>\n","protected":false},"author":1,"featured_media":49691,"comment_status":"closed","ping_status":"closed","sticky":false,"template":"","format":"standard","meta":{"om_disable_all_campaigns":false,"_exactmetrics_skip_tracking":false,"_exactmetrics_sitenote_active":false,"_exactmetrics_sitenote_note":"","_exactmetrics_sitenote_category":0,"footnotes":""},"categories":[38,167],"tags":[],"class_list":["post-49690","post","type-post","status-publish","format-standard","has-post-thumbnail","hentry","category-alagoinhas-e-regiao","category-exclusivas"],"aioseo_notices":[],"_links":{"self":[{"href":"https:\/\/newsinfoco.com.br\/inicio\/wp-json\/wp\/v2\/posts\/49690","targetHints":{"allow":["GET"]}}],"collection":[{"href":"https:\/\/newsinfoco.com.br\/inicio\/wp-json\/wp\/v2\/posts"}],"about":[{"href":"https:\/\/newsinfoco.com.br\/inicio\/wp-json\/wp\/v2\/types\/post"}],"author":[{"embeddable":true,"href":"https:\/\/newsinfoco.com.br\/inicio\/wp-json\/wp\/v2\/users\/1"}],"replies":[{"embeddable":true,"href":"https:\/\/newsinfoco.com.br\/inicio\/wp-json\/wp\/v2\/comments?post=49690"}],"version-history":[{"count":1,"href":"https:\/\/newsinfoco.com.br\/inicio\/wp-json\/wp\/v2\/posts\/49690\/revisions"}],"predecessor-version":[{"id":49692,"href":"https:\/\/newsinfoco.com.br\/inicio\/wp-json\/wp\/v2\/posts\/49690\/revisions\/49692"}],"wp:featuredmedia":[{"embeddable":true,"href":"https:\/\/newsinfoco.com.br\/inicio\/wp-json\/wp\/v2\/media\/49691"}],"wp:attachment":[{"href":"https:\/\/newsinfoco.com.br\/inicio\/wp-json\/wp\/v2\/media?parent=49690"}],"wp:term":[{"taxonomy":"category","embeddable":true,"href":"https:\/\/newsinfoco.com.br\/inicio\/wp-json\/wp\/v2\/categories?post=49690"},{"taxonomy":"post_tag","embeddable":true,"href":"https:\/\/newsinfoco.com.br\/inicio\/wp-json\/wp\/v2\/tags?post=49690"}],"curies":[{"name":"wp","href":"https:\/\/api.w.org\/{rel}","templated":true}]}}