{"id":49693,"date":"2026-03-11T15:31:21","date_gmt":"2026-03-11T18:31:21","guid":{"rendered":"https:\/\/newsinfoco.com.br\/inicio\/?p=49693"},"modified":"2026-03-11T15:31:21","modified_gmt":"2026-03-11T18:31:21","slug":"prefeitura-de-alagoinhas-divulga-primeira-lista-de-selecionados-do-doce-lar-habitacao-minha-casa-minha-vida","status":"publish","type":"post","link":"https:\/\/newsinfoco.com.br\/inicio\/prefeitura-de-alagoinhas-divulga-primeira-lista-de-selecionados-do-doce-lar-habitacao-minha-casa-minha-vida\/","title":{"rendered":"Prefeitura de Alagoinhas divulga primeira lista de selecionados do Doce Lar Habita\u00e7\u00e3o \u2013 Minha Casa, Minha Vida"},"content":{"rendered":"<p>A Prefeitura de Alagoinhas publicou, nesta ter\u00e7a-feira, 10, no\u00a0<a href=\"https:\/\/doem.org.br\/ba\/alagoinhas\/diarios\/previsualizar\/gN0lpPNP\" target=\"_blank\" rel=\"noopener noreferrer\">Di\u00e1rio Oficial do Munic\u00edpio<\/a>, a primeira lista de candidatos selecionados do programa Doce Lar Habita\u00e7\u00e3o \u2013 Minha Casa, Minha Vida. A lista foi definida depois da an\u00e1lise dos documentos e da visita social, al\u00e9m da verifica\u00e7\u00e3o dos dados nas bases p\u00fablicas oficiais. A publica\u00e7\u00e3o segue rigorosamente as etapas previstas no edital do processo seletivo.<\/p>\n<p>Esta fase se refere apenas \u00e0 an\u00e1lise de elegibilidade dos candidatos realizada pelo munic\u00edpio; a lista divulgada n\u00e3o corresponde ainda \u00e0 rela\u00e7\u00e3o final de fam\u00edlias contempladas com as unidades habitacionais. A pr\u00f3xima etapa do processo ser\u00e1 conduzida pela Caixa Econ\u00f4mica Federal, agente financeiro respons\u00e1vel pela opera\u00e7\u00e3o do programa, conforme as diretrizes estabelecidas pelo Governo Federal.<\/p><div class=\"newsi-conteudo_19\" id=\"newsi-4194276365\"><a href=\"https:\/\/www.instagram.com\/prefeituraalagoinhas?igsh=YzgzdDJ1bWR3aWI4\" aria-label=\"SAVE_20251006_221555\"><img loading=\"lazy\" decoding=\"async\" src=\"https:\/\/newsinfoco.com.br\/inicio\/wp-content\/uploads\/2025\/10\/SAVE_20251006_221555-rotated.jpg\" alt=\"\"  srcset=\"https:\/\/newsinfoco.com.br\/inicio\/wp-content\/uploads\/2025\/10\/SAVE_20251006_221555-rotated.jpg 1140w, https:\/\/newsinfoco.com.br\/inicio\/wp-content\/uploads\/2025\/10\/SAVE_20251006_221555-300x52.jpg 300w, https:\/\/newsinfoco.com.br\/inicio\/wp-content\/uploads\/2025\/10\/SAVE_20251006_221555-1024x177.jpg 1024w, https:\/\/newsinfoco.com.br\/inicio\/wp-content\/uploads\/2025\/10\/SAVE_20251006_221555-768x133.jpg 768w, https:\/\/newsinfoco.com.br\/inicio\/wp-content\/uploads\/2025\/10\/SAVE_20251006_221555-600x104.jpg 600w, https:\/\/newsinfoco.com.br\/inicio\/wp-content\/uploads\/2025\/10\/SAVE_20251006_221555-696x120.jpg 696w, https:\/\/newsinfoco.com.br\/inicio\/wp-content\/uploads\/2025\/10\/SAVE_20251006_221555-1068x185.jpg 1068w\" sizes=\"(max-width: 1140px) 100vw, 1140px\" width=\"1140\" height=\"197\"   \/><\/a><\/div>\n<p>Os candidatos que n\u00e3o foram selecionados nesta etapa poder\u00e3o apresentar recurso dentro do prazo previsto no edital, entre 11 e 13 de mar\u00e7o. O pedido fundamentado deve ser feito no site habitacao.alagoinhas.ba.gov.br\/recurso. Se a fundamenta\u00e7\u00e3o for pertinente, a situa\u00e7\u00e3o do candidato ser\u00e1 reavaliada.<\/p>\n<p>Como o n\u00famero de selecionados nesta etapa n\u00e3o foi suficiente para compor o total de benefici\u00e1rios e o cadastro reserva dos dois residenciais vinculados ao programa, ap\u00f3s a an\u00e1lise e decis\u00e3o sobre os recursos, haver\u00e1 nova convoca\u00e7\u00e3o de inscritos para apresenta\u00e7\u00e3o de documentos e realiza\u00e7\u00e3o de visita social.<\/p>\n<p>A Prefeitura orienta que os candidatos acompanhem as informa\u00e7\u00f5es e atualiza\u00e7\u00f5es sobre o processo seletivo por meio dos canais oficiais de comunica\u00e7\u00e3o do munic\u00edpio.<\/p>\n<p><strong>Doce Lar<\/strong><\/p>\n<p>O Doce Lar Habita\u00e7\u00e3o \u2013 Programa Minha Casa, Minha Vida vai beneficiar 418 fam\u00edlias com novas unidades habitacionais, cuja entrega est\u00e1 prevista para 2026. Os im\u00f3veis estar\u00e3o distribu\u00eddos em dois empreendimentos: o Residencial Curi\u00f3, localizado na Baixa da Candeia, com 250 casas, e o Conjunto Filgueiras I, situado na Rua do Catu, com 168 unidades.<\/p>\n<div align=\"right\"><\/div>\n<div class='share-to-whatsapp-wrapper'><div class='share-on-whsp'>Share on: <\/div><a data-text='Prefeitura de Alagoinhas divulga primeira lista de selecionados do Doce Lar Habita\u00e7\u00e3o \u2013 Minha Casa, Minha Vida' data-link='https:\/\/newsinfoco.com.br\/inicio\/prefeitura-de-alagoinhas-divulga-primeira-lista-de-selecionados-do-doce-lar-habitacao-minha-casa-minha-vida\/' class='whatsapp-button whatsapp-share'>WhatsApp<\/a><div class='clear '><\/div><\/div>","protected":false},"excerpt":{"rendered":"<p>A Prefeitura de Alagoinhas publicou, nesta ter\u00e7a-feira, 10, no\u00a0Di\u00e1rio Oficial do Munic\u00edpio, a primeira lista de candidatos selecionados do programa Doce Lar Habita\u00e7\u00e3o \u2013 Minha Casa, Minha Vida. A lista foi definida depois da an\u00e1lise dos documentos e da visita social, al\u00e9m da verifica\u00e7\u00e3o dos dados nas bases p\u00fablicas oficiais. A publica\u00e7\u00e3o segue rigorosamente as [&hellip;]<\/p>\n","protected":false},"author":1,"featured_media":49694,"comment_status":"closed","ping_status":"closed","sticky":false,"template":"","format":"standard","meta":{"om_disable_all_campaigns":false,"_exactmetrics_skip_tracking":false,"_exactmetrics_sitenote_active":false,"_exactmetrics_sitenote_note":"","_exactmetrics_sitenote_category":0,"footnotes":""},"categories":[38,167],"tags":[],"class_list":["post-49693","post","type-post","status-publish","format-standard","has-post-thumbnail","hentry","category-alagoinhas-e-regiao","category-exclusivas"],"aioseo_notices":[],"_links":{"self":[{"href":"https:\/\/newsinfoco.com.br\/inicio\/wp-json\/wp\/v2\/posts\/49693","targetHints":{"allow":["GET"]}}],"collection":[{"href":"https:\/\/newsinfoco.com.br\/inicio\/wp-json\/wp\/v2\/posts"}],"about":[{"href":"https:\/\/newsinfoco.com.br\/inicio\/wp-json\/wp\/v2\/types\/post"}],"author":[{"embeddable":true,"href":"https:\/\/newsinfoco.com.br\/inicio\/wp-json\/wp\/v2\/users\/1"}],"replies":[{"embeddable":true,"href":"https:\/\/newsinfoco.com.br\/inicio\/wp-json\/wp\/v2\/comments?post=49693"}],"version-history":[{"count":1,"href":"https:\/\/newsinfoco.com.br\/inicio\/wp-json\/wp\/v2\/posts\/49693\/revisions"}],"predecessor-version":[{"id":49695,"href":"https:\/\/newsinfoco.com.br\/inicio\/wp-json\/wp\/v2\/posts\/49693\/revisions\/49695"}],"wp:featuredmedia":[{"embeddable":true,"href":"https:\/\/newsinfoco.com.br\/inicio\/wp-json\/wp\/v2\/media\/49694"}],"wp:attachment":[{"href":"https:\/\/newsinfoco.com.br\/inicio\/wp-json\/wp\/v2\/media?parent=49693"}],"wp:term":[{"taxonomy":"category","embeddable":true,"href":"https:\/\/newsinfoco.com.br\/inicio\/wp-json\/wp\/v2\/categories?post=49693"},{"taxonomy":"post_tag","embeddable":true,"href":"https:\/\/newsinfoco.com.br\/inicio\/wp-json\/wp\/v2\/tags?post=49693"}],"curies":[{"name":"wp","href":"https:\/\/api.w.org\/{rel}","templated":true}]}}