{"id":49696,"date":"2026-03-11T15:40:32","date_gmt":"2026-03-11T18:40:32","guid":{"rendered":"https:\/\/newsinfoco.com.br\/inicio\/?p=49696"},"modified":"2026-03-11T15:40:32","modified_gmt":"2026-03-11T18:40:32","slug":"vereador-luciano-almeida-denuncia-existencia-de-milicia-digital-e-desafia-prefeito-a-prestar-contas-sobre-gastos-na-educacao","status":"publish","type":"post","link":"https:\/\/newsinfoco.com.br\/inicio\/vereador-luciano-almeida-denuncia-existencia-de-milicia-digital-e-desafia-prefeito-a-prestar-contas-sobre-gastos-na-educacao\/","title":{"rendered":"Vereador Luciano Almeida denuncia exist\u00eancia de \u201cmil\u00edcia digital\u201d e desafia prefeito a prestar contas sobre gastos na Educa\u00e7\u00e3o"},"content":{"rendered":"<div class=\"elementor-column elementor-col-50 elementor-top-column elementor-element elementor-element-166fa74c\" data-id=\"166fa74c\" data-element_type=\"column\">\n<div class=\"elementor-widget-wrap elementor-element-populated\">\n<div class=\"elementor-element elementor-element-8956c80 elementor-widget elementor-widget-theme-post-content\" data-id=\"8956c80\" data-element_type=\"widget\" data-widget_type=\"theme-post-content.default\">\n<div class=\"elementor-widget-container\">\n<p>Em discurso na sess\u00e3o ordin\u00e1ria desta ter\u00e7a-feira (10), o vereador Luciano Almeida utilizou a tribuna da C\u00e2mara Municipal\u00a0 para denunciar o que classificou como uma \u201cenxurrada de ataques\u201d orquestrados contra seu mandato. O parlamentar afirmou, \u201cassinando embaixo com CPF e rubrica\u201d, que parte das agress\u00f5es virtuais que sofre prov\u00e9m da estrutura de comunica\u00e7\u00e3o oficial do munic\u00edpio e de ocupantes de cargos comissionados.<\/p>\n<p>\u201cCriou-se uma verdadeira mil\u00edcia digital, um verdadeiro gabinete do \u00f3dio. Existem secret\u00e1rios, diretores e cargos comissionados que, em hor\u00e1rio de trabalho, est\u00e3o em grupos de WhatsApp disseminando mentiras e orquestrando fake news\u201d, afirmou.<\/p><div class=\"newsi-conteudo_19\" id=\"newsi-424431968\"><a href=\"https:\/\/www.instagram.com\/prefeituraalagoinhas?igsh=YzgzdDJ1bWR3aWI4\" aria-label=\"SAVE_20251006_221555\"><img loading=\"lazy\" decoding=\"async\" src=\"https:\/\/newsinfoco.com.br\/inicio\/wp-content\/uploads\/2025\/10\/SAVE_20251006_221555-rotated.jpg\" alt=\"\"  srcset=\"https:\/\/newsinfoco.com.br\/inicio\/wp-content\/uploads\/2025\/10\/SAVE_20251006_221555-rotated.jpg 1140w, https:\/\/newsinfoco.com.br\/inicio\/wp-content\/uploads\/2025\/10\/SAVE_20251006_221555-300x52.jpg 300w, https:\/\/newsinfoco.com.br\/inicio\/wp-content\/uploads\/2025\/10\/SAVE_20251006_221555-1024x177.jpg 1024w, https:\/\/newsinfoco.com.br\/inicio\/wp-content\/uploads\/2025\/10\/SAVE_20251006_221555-768x133.jpg 768w, https:\/\/newsinfoco.com.br\/inicio\/wp-content\/uploads\/2025\/10\/SAVE_20251006_221555-600x104.jpg 600w, https:\/\/newsinfoco.com.br\/inicio\/wp-content\/uploads\/2025\/10\/SAVE_20251006_221555-696x120.jpg 696w, https:\/\/newsinfoco.com.br\/inicio\/wp-content\/uploads\/2025\/10\/SAVE_20251006_221555-1068x185.jpg 1068w\" sizes=\"(max-width: 1140px) 100vw, 1140px\" width=\"1140\" height=\"197\"   \/><\/a><\/div>\n<p>Luciano Almeida fez quest\u00e3o de separar a imprensa profissional das estruturas de ataque. Segundo ele, ve\u00edculos de comunica\u00e7\u00e3o imparciais t\u00eam o direito leg\u00edtimo \u00e0 publicidade institucional, mas questionou os crit\u00e9rios atuais: \u201cTivemos sites que ficaram de fora simplesmente porque n\u00e3o estavam dispostos a seguir a linha de atacar a oposi\u00e7\u00e3o\u201d, salientou.<\/p>\n<p>O vereador revelou ainda que a press\u00e3o ultrapassou o campo digital. Ele relatou epis\u00f3dios de intimida\u00e7\u00e3o f\u00edsica, como carros e motos que o seguiram ap\u00f3s a academia e nas proximidades de sua resid\u00eancia. \u201cDe onde vem isso? Do sistema?\u201d, indagou.<\/p>\n<p>O parlamentar desafiou o prefeito Gustavo Carmo a comparecer \u00e0 Casa para prestar contas de sua gest\u00e3o \u00e0 frente da Secretaria de Educa\u00e7\u00e3o, especialmente sobre o destino de R$ 35 milh\u00f5es dos precat\u00f3rios.<\/p>\n<p>\u201cHoje temos escolas caindo aos peda\u00e7os, sem ventilador, cozinhas insalubres e telhados vazando. N\u00e3o se construiu ou reformou com a qualidade necess\u00e1ria, mas se compraram bibliotecas m\u00f3veis com rodinhas ao valor de R$ 525 mil cada\u201d, afirmou, acrescentando que j\u00e1 protocolou nove representa\u00e7\u00f5es, sendo que duas j\u00e1 resultaram em inqu\u00e9ritos.<\/p>\n<p>Respondendo a ataques pessoais que o rotularam de \u201cpalha\u00e7o\u201d e \u201cpilantra\u201d em programa de r\u00e1dio, o vereador defendeu sua trajet\u00f3ria de 51 anos e suas m\u00e3os limpas. \u201cPilantras s\u00e3o aqueles que entram na pol\u00edtica para enriquecer, comprar fazendas e acumular patrim\u00f4nio incompat\u00edvel. Eu moro na mesma casa. Tudo o que tenho \u00e9 compat\u00edvel com o que ganho\u201d, pontuou<\/p>\n<p>Em aparte, a vereadora Jaldice Nunes prestou solidariedade e refor\u00e7ou o papel fiscalizador do Legislativo. \u201cFiscalizar o dinheiro p\u00fablico n\u00e3o \u00e9 ser palha\u00e7o. N\u00f3s fomos eleitos para garantir que as pol\u00edticas cheguem a quem precisa. Tamb\u00e9m j\u00e1 fui v\u00edtima de montagens e ataques, mas escolhi ter coragem\u201d, disse a parlamentar, reafirmando a uni\u00e3o da bancada de oposi\u00e7\u00e3o junto \u00e0 vereadora Luma Menezes.<\/p>\n<div class=\"wp-block-image\"><\/div>\n<p><strong>PDDM<\/strong><\/p>\n<p>Apesar do tom cr\u00edtico, Luciano Almeida parabenizou o vice-prefeito Luciano S\u00e9rgio e a t\u00e9cnica Fl\u00e1via Barbosa pelo esfor\u00e7o na viabiliza\u00e7\u00e3o do Plano Diretor de Desenvolvimento Municipal (PDDM) e na atualiza\u00e7\u00e3o de c\u00f3digos defasados h\u00e1 d\u00e9cadas.<\/p>\n<p>Ao finalizar, o vereador reafirmou que n\u00e3o ir\u00e1 retroceder. \u201cEscolhi o caminho mais dif\u00edcil, que \u00e9 a oposi\u00e7\u00e3o, o caminho mais tortuoso. Mas hoje me sinto mais livre para trazer a voz do povo para esta tribuna. N\u00e3o vou me acovardar\u201d, concluiu.<\/p>\n<p><strong>Para assistir a sess\u00e3o na \u00edntegra, clique abaixo:<\/strong><\/p>\n<figure class=\"wp-block-embed is-type-video is-provider-youtube wp-block-embed-youtube wp-embed-aspect-4-3 wp-has-aspect-ratio\">\n<div class=\"wp-block-embed__wrapper\">\n<p class=\"responsive-video-wrap clr\">\n<\/div>\n<\/figure>\n<p><strong>Ascom \u2013 C\u00e2mara Municipal de Alagoinhas<\/strong><\/p>\n<p><strong>Fotos \u2013 Jh\u00f4 Paz<\/strong><\/p>\n<\/div>\n<\/div>\n<\/div>\n<\/div>\n<div class=\"elementor-column elementor-col-50 elementor-top-column elementor-element elementor-element-263f143b\" data-id=\"263f143b\" data-element_type=\"column\">\n<div class=\"elementor-widget-wrap elementor-element-populated\">\n<div class=\"elementor-element elementor-element-19118fd7 elementor-widget elementor-widget-heading\" data-id=\"19118fd7\" data-element_type=\"widget\" data-widget_type=\"heading.default\">\n<div class=\"elementor-widget-container\"><\/div>\n<\/div>\n<\/div>\n<\/div>\n<div class='share-to-whatsapp-wrapper'><div class='share-on-whsp'>Share on: <\/div><a data-text='Vereador Luciano Almeida denuncia exist\u00eancia de \u201cmil\u00edcia digital\u201d e desafia prefeito a prestar contas sobre gastos na Educa\u00e7\u00e3o' data-link='https:\/\/newsinfoco.com.br\/inicio\/vereador-luciano-almeida-denuncia-existencia-de-milicia-digital-e-desafia-prefeito-a-prestar-contas-sobre-gastos-na-educacao\/' class='whatsapp-button whatsapp-share'>WhatsApp<\/a><div class='clear '><\/div><\/div>","protected":false},"excerpt":{"rendered":"<p>Em discurso na sess\u00e3o ordin\u00e1ria desta ter\u00e7a-feira (10), o vereador Luciano Almeida utilizou a tribuna da C\u00e2mara Municipal\u00a0 para denunciar o que classificou como uma \u201cenxurrada de ataques\u201d orquestrados contra seu mandato. O parlamentar afirmou, \u201cassinando embaixo com CPF e rubrica\u201d, que parte das agress\u00f5es virtuais que sofre prov\u00e9m da estrutura de comunica\u00e7\u00e3o oficial do [&hellip;]<\/p>\n","protected":false},"author":1,"featured_media":49697,"comment_status":"closed","ping_status":"closed","sticky":false,"template":"","format":"standard","meta":{"om_disable_all_campaigns":false,"_exactmetrics_skip_tracking":false,"_exactmetrics_sitenote_active":false,"_exactmetrics_sitenote_note":"","_exactmetrics_sitenote_category":0,"footnotes":""},"categories":[38,167],"tags":[],"class_list":["post-49696","post","type-post","status-publish","format-standard","has-post-thumbnail","hentry","category-alagoinhas-e-regiao","category-exclusivas"],"aioseo_notices":[],"_links":{"self":[{"href":"https:\/\/newsinfoco.com.br\/inicio\/wp-json\/wp\/v2\/posts\/49696","targetHints":{"allow":["GET"]}}],"collection":[{"href":"https:\/\/newsinfoco.com.br\/inicio\/wp-json\/wp\/v2\/posts"}],"about":[{"href":"https:\/\/newsinfoco.com.br\/inicio\/wp-json\/wp\/v2\/types\/post"}],"author":[{"embeddable":true,"href":"https:\/\/newsinfoco.com.br\/inicio\/wp-json\/wp\/v2\/users\/1"}],"replies":[{"embeddable":true,"href":"https:\/\/newsinfoco.com.br\/inicio\/wp-json\/wp\/v2\/comments?post=49696"}],"version-history":[{"count":1,"href":"https:\/\/newsinfoco.com.br\/inicio\/wp-json\/wp\/v2\/posts\/49696\/revisions"}],"predecessor-version":[{"id":49698,"href":"https:\/\/newsinfoco.com.br\/inicio\/wp-json\/wp\/v2\/posts\/49696\/revisions\/49698"}],"wp:featuredmedia":[{"embeddable":true,"href":"https:\/\/newsinfoco.com.br\/inicio\/wp-json\/wp\/v2\/media\/49697"}],"wp:attachment":[{"href":"https:\/\/newsinfoco.com.br\/inicio\/wp-json\/wp\/v2\/media?parent=49696"}],"wp:term":[{"taxonomy":"category","embeddable":true,"href":"https:\/\/newsinfoco.com.br\/inicio\/wp-json\/wp\/v2\/categories?post=49696"},{"taxonomy":"post_tag","embeddable":true,"href":"https:\/\/newsinfoco.com.br\/inicio\/wp-json\/wp\/v2\/tags?post=49696"}],"curies":[{"name":"wp","href":"https:\/\/api.w.org\/{rel}","templated":true}]}}