{"id":49705,"date":"2026-03-11T16:16:39","date_gmt":"2026-03-11T19:16:39","guid":{"rendered":"https:\/\/newsinfoco.com.br\/inicio\/?p=49705"},"modified":"2026-03-11T16:16:39","modified_gmt":"2026-03-11T19:16:39","slug":"deputados-da-bahia-ignoram-debate-sobre-feminicidio-no-8-de-marco-aponta-analise","status":"publish","type":"post","link":"https:\/\/newsinfoco.com.br\/inicio\/deputados-da-bahia-ignoram-debate-sobre-feminicidio-no-8-de-marco-aponta-analise\/","title":{"rendered":"Deputados da Bahia ignoram debate sobre feminic\u00eddio no 8 de mar\u00e7o, aponta an\u00e1lise"},"content":{"rendered":"<div class=\"conteudo_post\">\n<p>O Dia Internacional da Mulher, comemorado no dia 8 de mar\u00e7o, \u00faltimo domingo, foi uma data marcada por manifesta\u00e7\u00f5es em todo o pa\u00eds.\u00a0<a href=\"https:\/\/bahia.ba\/salvador\/ato-contra-feminicidio-reune-mulheres-em-salvador-e-em-outras-capitais-no-8-de-marco\/\" target=\"_blank\" rel=\"noopener noreferrer\">As mulheres foram \u00e0s ruas<\/a>\u00a0com o mote \u201cMulheres vivas, em luta e sem medo: por democracia com soberania, pelo Bem Viver, fim do feminic\u00eddio e da escala 6\u00d71\u201d. Nas redes sociais, a bancada parlamentar baiana na C\u00e2mara dos Deputados n\u00e3o seguiu o mesmo ritmo.<\/p>\n<p>Um levantamento aponta que a maioria dos 39 deputados federais da Bahia, 26 deles (66,7%) n\u00e3o fizeram nenhuma publica\u00e7\u00e3o ou n\u00e3o mencionaram viol\u00eancia contra mulheres nos conte\u00fados publicados no 8 de mar\u00e7o. A an\u00e1lise do estrategista digital Victor Limeira sobre as postagens no Instagram durante o Dia Internacional da Mulher mostra que apenas 13 parlamentares (33,3%) abordaram diretamente o feminic\u00eddio.<\/p><div class=\"newsi-conteudo_19\" id=\"newsi-2834728275\"><a href=\"https:\/\/www.instagram.com\/prefeituraalagoinhas?igsh=YzgzdDJ1bWR3aWI4\" aria-label=\"SAVE_20251006_221555\"><img loading=\"lazy\" decoding=\"async\" src=\"https:\/\/newsinfoco.com.br\/inicio\/wp-content\/uploads\/2025\/10\/SAVE_20251006_221555-rotated.jpg\" alt=\"\"  srcset=\"https:\/\/newsinfoco.com.br\/inicio\/wp-content\/uploads\/2025\/10\/SAVE_20251006_221555-rotated.jpg 1140w, https:\/\/newsinfoco.com.br\/inicio\/wp-content\/uploads\/2025\/10\/SAVE_20251006_221555-300x52.jpg 300w, https:\/\/newsinfoco.com.br\/inicio\/wp-content\/uploads\/2025\/10\/SAVE_20251006_221555-1024x177.jpg 1024w, https:\/\/newsinfoco.com.br\/inicio\/wp-content\/uploads\/2025\/10\/SAVE_20251006_221555-768x133.jpg 768w, https:\/\/newsinfoco.com.br\/inicio\/wp-content\/uploads\/2025\/10\/SAVE_20251006_221555-600x104.jpg 600w, https:\/\/newsinfoco.com.br\/inicio\/wp-content\/uploads\/2025\/10\/SAVE_20251006_221555-696x120.jpg 696w, https:\/\/newsinfoco.com.br\/inicio\/wp-content\/uploads\/2025\/10\/SAVE_20251006_221555-1068x185.jpg 1068w\" sizes=\"(max-width: 1140px) 100vw, 1140px\" width=\"1140\" height=\"197\"   \/><\/a><\/div>\n<p><strong>Confira os dados detalhados da an\u00e1lise<\/strong><\/p>\n<p>De acordo com o estudo, oito parlamentares (20,5%) n\u00e3o fizeram nenhuma publica\u00e7\u00e3o na rede social relacionada ao Dia da Mulher. Foram eles:<\/p>\n<p>\u2013 Elmar Nascimento\u00a0 (Uni\u00e3o Brasil)<\/p>\n<p>\u2013 Jos\u00e9 Rocha (Uni\u00e3o Brasil)<\/p>\n<p>\u2013 Antonio Brito (PSD)<\/p>\n<p>\u2013 Paulo Magalh\u00e3es (PSD)<\/p>\n<p>\u2013 Adolfo Viana (PSDB)<\/p>\n<p>\u2013 Alex Santana (Republicanos)<\/p>\n<p>\u2013 Cl\u00e1udio Cajado (PP)<\/p>\n<p>\u2013 Mario Negromonte Jr. (PP)<\/p>\n<p><b>Mensagens gen\u00e9ricas<\/b><\/p>\n<p>Outro grupo, formado por 14 deputados (35,9%), publicou mensagens gen\u00e9ricas, em tom comemorativo ou familiar, sem abordar diretamente quest\u00f5es estruturais relacionadas \u00e0 realidade das mulheres no pa\u00eds.<\/p>\n<p>\u2013 Jo\u00e3o Carlos Bacelar (PL)<\/p>\n<p>\u2013 Jo\u00e3o Le\u00e3o (PP)<\/p>\n<p>\u2013 Pastor Sargento Isid\u00f3rio (Avante)<\/p>\n<p>\u2013 F\u00e9lix Mendon\u00e7a Jr. (PDT)<\/p>\n<p>\u2013 Raimundo Costa (Podemos)<\/p>\n<p>\u2013 S\u00e9rgio Brito (PSD)<\/p>\n<p>\u2013 Charles Fernandes\u00a0 (PSD)<\/p>\n<p>\u2013 Diego Coronel (PSD)<\/p>\n<p>\u2013 Neto Carletto (PP)<\/p>\n<p>\u2013 Dal Barreto (Uni\u00e3o Brasil)<\/p>\n<p>\u2013 Bacelar (PV)<\/p>\n<p>\u2013 Marcio Marinho (Republicanos)<\/p>\n<p>\u2013 Rog\u00e9ria Santos (Republicanos)<\/p>\n<p>\u2013 Josias Gomes (PT)<\/p>\n<p><b>Viol\u00eancia contra as mulheres<\/b><\/p>\n<p>J\u00e1 13 parlamentares (33,3%) trouxeram publica\u00e7\u00f5es com posicionamento direto sobre feminic\u00eddio ou viol\u00eancia contra as mulheres. De acordo com o levantamento, as mensagens inseriram o Dia Internacional da Mulher em um contexto mais amplo de debate p\u00fablico sobre seguran\u00e7a, direitos e pol\u00edticas de prote\u00e7\u00e3o.<\/p>\n<p>\u2013 Alice Portugal (PCdoB)<\/p>\n<p>\u2013 Daniel Almeida (PCdoB)<\/p>\n<p>\u2013 Elis\u00e2ngela Ara\u00fajo(PT)<\/p>\n<p>\u2013 Joseildo Ramos (PT)<\/p>\n<p>\u2013 Waldenor Pereira (PT)<\/p>\n<p>\u2013 Ivoneide Caetano (PT)<\/p>\n<p>\u2013 Jorge Solla (PT)<\/p>\n<p>\u2013 Valmir Assun\u00e7\u00e3o (PT)<\/p>\n<p>\u2013 Capit\u00e3o Alden (PL)<\/p>\n<p>\u2013 L\u00eddice da Mata (PSB)<\/p>\n<p>\u2013 Gabriel Nunes (PSD)<\/p>\n<p>\u2013 Ricardo Maia (MDB)<\/p>\n<p>\u2013 Paulo Azi (Uni\u00e3o Brasil)<\/p>\n<p><b>Outras abordagens<\/b><\/p>\n<p>Quatro deputados (10,3%) adotaram outras abordagens. Dois destacaram devolutivas de a\u00e7\u00f5es legislativas relacionadas a pautas voltadas \u00e0s mulheres. Uma deputada enfatizou a import\u00e2ncia da representatividade feminina na pol\u00edtica, enquanto outro parlamentar utilizou a data principalmente para divulgar agendas comemorativas.<\/p>\n<p>\u2013 Leur Lomanto Jr. (Uni\u00e3o Brasil)<\/p>\n<p>\u2013 Roberta Roma (PL)<\/p>\n<p>\u2013 L\u00e9o Prates (PDT)<\/p>\n<p>\u2013 Z\u00e9 Neto (PT)<\/p>\n<p><b>Fim da escala 6\u00d71<\/b><\/p>\n<p>A an\u00e1lise tamb\u00e9m identificou que seis deputados defenderam o fim da escala 6\u00d71, tema que vem ganhando espa\u00e7o no debate p\u00fablico nacional. Embora n\u00e3o seja uma pauta exclusivamente feminina, a discuss\u00e3o dialoga diretamente com a realidade de muitas mulheres, especialmente pela quest\u00e3o da dupla jornada de trabalho, que combina atividades profissionais e responsabilidades dom\u00e9sticas.<\/p>\n<p>\u2013 L\u00e9o Prates (PDT)<\/p>\n<p>\u2013 Jorge Solla (PT)<\/p>\n<p>\u2013 Alice Portugal (PCdoB)<\/p>\n<p>\u2013 Waldenor Pereira (PT)<\/p>\n<p>\u2013 L\u00eddice da Mata (PSB)<\/p>\n<p>\u2013 Valmir Assun\u00e7\u00e3o (PT)<\/p>\n<p><b>Representatividade feminina<\/b><\/p>\n<p>Entre as parlamentares baianas, cinco das seis deputadas destacaram em suas publica\u00e7\u00f5es a import\u00e2ncia da representatividade feminina na pol\u00edtica, refor\u00e7ando a discuss\u00e3o sobre a presen\u00e7a de mulheres nos espa\u00e7os de poder.<\/p>\n<p>\u2013 Roberta Roma (PL)<\/p>\n<p>\u2013 Alice Portugal (PCDOB)<\/p>\n<p>\u2013 L\u00eddice da Mata (PSB)<\/p>\n<div>\n<div>\n<div class=\"trv-player-container\">\n<div class=\"trv-wrapper\">\n<div id=\"br_video_player_a51c55ccd92d606a8027ea1f19e1a19dc3c659f9\" class=\"trvd_video_player trvdinstream\">\n<div class=\"media-player\">\n<div class=\"trv-video\"><\/div>\n<\/div>\n<\/div>\n<\/div>\n<\/div>\n<\/div>\n<\/div>\n<p>\u2013 Ivoneide Caetano (PT)<\/p>\n<p>\u2013 Elis\u00e2ngela Ara\u00fajo (PT)<\/p>\n<p>Bahia.Ba<\/p>\n<\/div>\n<div id=\"author-info\" class=\"ui items\">\n<div class=\"item\"><\/div>\n<\/div>\n<div class='share-to-whatsapp-wrapper'><div class='share-on-whsp'>Share on: <\/div><a data-text='Deputados da Bahia ignoram debate sobre feminic\u00eddio no 8 de mar\u00e7o, aponta an\u00e1lise' data-link='https:\/\/newsinfoco.com.br\/inicio\/deputados-da-bahia-ignoram-debate-sobre-feminicidio-no-8-de-marco-aponta-analise\/' class='whatsapp-button whatsapp-share'>WhatsApp<\/a><div class='clear '><\/div><\/div>","protected":false},"excerpt":{"rendered":"<p>O Dia Internacional da Mulher, comemorado no dia 8 de mar\u00e7o, \u00faltimo domingo, foi uma data marcada por manifesta\u00e7\u00f5es em todo o pa\u00eds.\u00a0As mulheres foram \u00e0s ruas\u00a0com o mote \u201cMulheres vivas, em luta e sem medo: por democracia com soberania, pelo Bem Viver, fim do feminic\u00eddio e da escala 6\u00d71\u201d. Nas redes sociais, a bancada [&hellip;]<\/p>\n","protected":false},"author":1,"featured_media":49706,"comment_status":"closed","ping_status":"closed","sticky":false,"template":"","format":"standard","meta":{"om_disable_all_campaigns":false,"_exactmetrics_skip_tracking":false,"_exactmetrics_sitenote_active":false,"_exactmetrics_sitenote_note":"","_exactmetrics_sitenote_category":0,"footnotes":""},"categories":[19],"tags":[],"class_list":["post-49705","post","type-post","status-publish","format-standard","has-post-thumbnail","hentry","category-bahia"],"aioseo_notices":[],"_links":{"self":[{"href":"https:\/\/newsinfoco.com.br\/inicio\/wp-json\/wp\/v2\/posts\/49705","targetHints":{"allow":["GET"]}}],"collection":[{"href":"https:\/\/newsinfoco.com.br\/inicio\/wp-json\/wp\/v2\/posts"}],"about":[{"href":"https:\/\/newsinfoco.com.br\/inicio\/wp-json\/wp\/v2\/types\/post"}],"author":[{"embeddable":true,"href":"https:\/\/newsinfoco.com.br\/inicio\/wp-json\/wp\/v2\/users\/1"}],"replies":[{"embeddable":true,"href":"https:\/\/newsinfoco.com.br\/inicio\/wp-json\/wp\/v2\/comments?post=49705"}],"version-history":[{"count":1,"href":"https:\/\/newsinfoco.com.br\/inicio\/wp-json\/wp\/v2\/posts\/49705\/revisions"}],"predecessor-version":[{"id":49707,"href":"https:\/\/newsinfoco.com.br\/inicio\/wp-json\/wp\/v2\/posts\/49705\/revisions\/49707"}],"wp:featuredmedia":[{"embeddable":true,"href":"https:\/\/newsinfoco.com.br\/inicio\/wp-json\/wp\/v2\/media\/49706"}],"wp:attachment":[{"href":"https:\/\/newsinfoco.com.br\/inicio\/wp-json\/wp\/v2\/media?parent=49705"}],"wp:term":[{"taxonomy":"category","embeddable":true,"href":"https:\/\/newsinfoco.com.br\/inicio\/wp-json\/wp\/v2\/categories?post=49705"},{"taxonomy":"post_tag","embeddable":true,"href":"https:\/\/newsinfoco.com.br\/inicio\/wp-json\/wp\/v2\/tags?post=49705"}],"curies":[{"name":"wp","href":"https:\/\/api.w.org\/{rel}","templated":true}]}}