{"id":49709,"date":"2026-03-11T16:30:08","date_gmt":"2026-03-11T19:30:08","guid":{"rendered":"https:\/\/newsinfoco.com.br\/inicio\/?p=49709"},"modified":"2026-03-11T16:30:08","modified_gmt":"2026-03-11T19:30:08","slug":"wagner-moura-e-anunciado-como-apresentador-de-categoria-no-oscar","status":"publish","type":"post","link":"https:\/\/newsinfoco.com.br\/inicio\/wagner-moura-e-anunciado-como-apresentador-de-categoria-no-oscar\/","title":{"rendered":"Wagner Moura \u00e9 anunciado como apresentador de categoria no Oscar"},"content":{"rendered":"<div class=\"markdown prose dark:prose-invert w-full wrap-break-word dark markdown-new-styling\">\n<p data-start=\"163\" data-end=\"448\">Al\u00e9m de concorrer ao pr\u00eamio de\u00a0<strong data-start=\"194\" data-end=\"209\">Melhor Ator<\/strong>,\u00a0<span class=\"hover:entity-accent entity-underline inline cursor-pointer align-baseline\"><span class=\"whitespace-normal\">Wagner Moura<\/span><\/span>\u00a0tamb\u00e9m ser\u00e1 um dos respons\u00e1veis por apresentar categorias durante o\u00a0<span class=\"hover:entity-accent entity-underline inline cursor-pointer align-baseline\"><span class=\"whitespace-normal\">Oscar<\/span><\/span>\u00a02026. O an\u00fancio foi feito nesta quarta-feira (11) pela\u00a0<strong data-start=\"55\" data-end=\"104\">Academia de Artes e Ci\u00eancias Cinematogr\u00e1ficas.<\/strong><\/p>\n<p data-start=\"450\" data-end=\"757\">O nome do ator aparece em uma lista divulgada pela institui\u00e7\u00e3o ao lado de artistas como\u00a0<span class=\"hover:entity-accent entity-underline inline cursor-pointer align-baseline\"><span class=\"whitespace-normal\">Nicole Kidman<\/span><\/span>,\u00a0<span class=\"hover:entity-accent entity-underline inline cursor-pointer align-baseline\"><span class=\"whitespace-normal\">Jimmy Kimmel<\/span><\/span>\u00a0e\u00a0<span class=\"hover:entity-accent entity-underline inline cursor-pointer align-baseline\"><span class=\"whitespace-normal\">Pedro Pascal<\/span><\/span>. A Academia, no entanto, n\u00e3o informou quais categorias cada convidado ficar\u00e1 respons\u00e1vel por anunciar.<\/p><div class=\"newsi-conteudo_19\" id=\"newsi-2358133900\"><a href=\"https:\/\/www.instagram.com\/prefeituraalagoinhas?igsh=YzgzdDJ1bWR3aWI4\" aria-label=\"SAVE_20251006_221555\"><img loading=\"lazy\" decoding=\"async\" src=\"https:\/\/newsinfoco.com.br\/inicio\/wp-content\/uploads\/2025\/10\/SAVE_20251006_221555-rotated.jpg\" alt=\"\"  srcset=\"https:\/\/newsinfoco.com.br\/inicio\/wp-content\/uploads\/2025\/10\/SAVE_20251006_221555-rotated.jpg 1140w, https:\/\/newsinfoco.com.br\/inicio\/wp-content\/uploads\/2025\/10\/SAVE_20251006_221555-300x52.jpg 300w, https:\/\/newsinfoco.com.br\/inicio\/wp-content\/uploads\/2025\/10\/SAVE_20251006_221555-1024x177.jpg 1024w, https:\/\/newsinfoco.com.br\/inicio\/wp-content\/uploads\/2025\/10\/SAVE_20251006_221555-768x133.jpg 768w, https:\/\/newsinfoco.com.br\/inicio\/wp-content\/uploads\/2025\/10\/SAVE_20251006_221555-600x104.jpg 600w, https:\/\/newsinfoco.com.br\/inicio\/wp-content\/uploads\/2025\/10\/SAVE_20251006_221555-696x120.jpg 696w, https:\/\/newsinfoco.com.br\/inicio\/wp-content\/uploads\/2025\/10\/SAVE_20251006_221555-1068x185.jpg 1068w\" sizes=\"(max-width: 1140px) 100vw, 1140px\" width=\"1140\" height=\"197\"   \/><\/a><\/div>\n<p data-start=\"759\" data-end=\"1077\">Outros nomes j\u00e1 confirmados para apresentar pr\u00eamios durante a cerim\u00f4nia incluem\u00a0<span class=\"hover:entity-accent entity-underline inline cursor-pointer align-baseline\"><span class=\"whitespace-normal\">Robert Downey Jr.<\/span><\/span>,\u00a0<span class=\"hover:entity-accent entity-underline inline cursor-pointer align-baseline\"><span class=\"whitespace-normal\">Anne Hathaway<\/span><\/span>,\u00a0<span class=\"hover:entity-accent entity-underline inline cursor-pointer align-baseline\"><span class=\"whitespace-normal\">Paul Mescal<\/span><\/span>,\u00a0<span class=\"hover:entity-accent entity-underline inline cursor-pointer align-baseline\"><span class=\"whitespace-normal\">Chris Evans<\/span><\/span>,\u00a0<span class=\"hover:entity-accent entity-underline inline cursor-pointer align-baseline\"><span class=\"whitespace-normal\">Demi Moore<\/span><\/span>\u00a0e\u00a0<span class=\"hover:entity-accent entity-underline inline cursor-pointer align-baseline\"><span class=\"whitespace-normal\">Gwyneth Paltrow<\/span><\/span>.<\/p>\n<p data-start=\"1079\" data-end=\"1176\">O comando principal da premia\u00e7\u00e3o ficar\u00e1 com o comediante <span class=\"hover:entity-accent entity-underline inline cursor-pointer align-baseline\"><span class=\"whitespace-normal\">Conan O\u2019Brien<\/span><\/span>.\u00a0A cerim\u00f4nia do\u00a0<span class=\"hover:entity-accent entity-underline inline cursor-pointer align-baseline\"><span class=\"whitespace-normal\">Oscar<\/span><\/span>\u00a02026 ser\u00e1 realizada neste domingo (15).<\/p>\n<p data-start=\"1079\" data-end=\"1176\">Bahia.Ba<\/p>\n<\/div>\n<div class='share-to-whatsapp-wrapper'><div class='share-on-whsp'>Share on: <\/div><a data-text='Wagner Moura \u00e9 anunciado como apresentador de categoria no Oscar' data-link='https:\/\/newsinfoco.com.br\/inicio\/wagner-moura-e-anunciado-como-apresentador-de-categoria-no-oscar\/' class='whatsapp-button whatsapp-share'>WhatsApp<\/a><div class='clear '><\/div><\/div>","protected":false},"excerpt":{"rendered":"<p>Al\u00e9m de concorrer ao pr\u00eamio de\u00a0Melhor Ator,\u00a0Wagner Moura\u00a0tamb\u00e9m ser\u00e1 um dos respons\u00e1veis por apresentar categorias durante o\u00a0Oscar\u00a02026. O an\u00fancio foi feito nesta quarta-feira (11) pela\u00a0Academia de Artes e Ci\u00eancias Cinematogr\u00e1ficas. O nome do ator aparece em uma lista divulgada pela institui\u00e7\u00e3o ao lado de artistas como\u00a0Nicole Kidman,\u00a0Jimmy Kimmel\u00a0e\u00a0Pedro Pascal. A Academia, no entanto, n\u00e3o informou [&hellip;]<\/p>\n","protected":false},"author":1,"featured_media":49710,"comment_status":"closed","ping_status":"closed","sticky":false,"template":"","format":"standard","meta":{"om_disable_all_campaigns":false,"_exactmetrics_skip_tracking":false,"_exactmetrics_sitenote_active":false,"_exactmetrics_sitenote_note":"","_exactmetrics_sitenote_category":0,"footnotes":""},"categories":[19],"tags":[],"class_list":["post-49709","post","type-post","status-publish","format-standard","has-post-thumbnail","hentry","category-bahia"],"aioseo_notices":[],"_links":{"self":[{"href":"https:\/\/newsinfoco.com.br\/inicio\/wp-json\/wp\/v2\/posts\/49709","targetHints":{"allow":["GET"]}}],"collection":[{"href":"https:\/\/newsinfoco.com.br\/inicio\/wp-json\/wp\/v2\/posts"}],"about":[{"href":"https:\/\/newsinfoco.com.br\/inicio\/wp-json\/wp\/v2\/types\/post"}],"author":[{"embeddable":true,"href":"https:\/\/newsinfoco.com.br\/inicio\/wp-json\/wp\/v2\/users\/1"}],"replies":[{"embeddable":true,"href":"https:\/\/newsinfoco.com.br\/inicio\/wp-json\/wp\/v2\/comments?post=49709"}],"version-history":[{"count":1,"href":"https:\/\/newsinfoco.com.br\/inicio\/wp-json\/wp\/v2\/posts\/49709\/revisions"}],"predecessor-version":[{"id":49711,"href":"https:\/\/newsinfoco.com.br\/inicio\/wp-json\/wp\/v2\/posts\/49709\/revisions\/49711"}],"wp:featuredmedia":[{"embeddable":true,"href":"https:\/\/newsinfoco.com.br\/inicio\/wp-json\/wp\/v2\/media\/49710"}],"wp:attachment":[{"href":"https:\/\/newsinfoco.com.br\/inicio\/wp-json\/wp\/v2\/media?parent=49709"}],"wp:term":[{"taxonomy":"category","embeddable":true,"href":"https:\/\/newsinfoco.com.br\/inicio\/wp-json\/wp\/v2\/categories?post=49709"},{"taxonomy":"post_tag","embeddable":true,"href":"https:\/\/newsinfoco.com.br\/inicio\/wp-json\/wp\/v2\/tags?post=49709"}],"curies":[{"name":"wp","href":"https:\/\/api.w.org\/{rel}","templated":true}]}}