{"id":49712,"date":"2026-03-11T16:44:37","date_gmt":"2026-03-11T19:44:37","guid":{"rendered":"https:\/\/newsinfoco.com.br\/inicio\/?p=49712"},"modified":"2026-03-11T16:44:37","modified_gmt":"2026-03-11T19:44:37","slug":"genial-quaest-flavio-bolsonaro-empata-com-lula-em-simulacao-de-2o-turno","status":"publish","type":"post","link":"https:\/\/newsinfoco.com.br\/inicio\/genial-quaest-flavio-bolsonaro-empata-com-lula-em-simulacao-de-2o-turno\/","title":{"rendered":"Genial\/Quaest: Fl\u00e1vio Bolsonaro empata com Lula em simula\u00e7\u00e3o de 2\u00ba turno"},"content":{"rendered":"<div class=\"conteudo_post\">\n<div class=\"text-base my-auto mx-auto [--thread-content-margin:var(--thread-content-margin-xs,calc(var(--spacing)*4))] @w-sm\/main:[--thread-content-margin:var(--thread-content-margin-sm,calc(var(--spacing)*6))] @w-lg\/main:[--thread-content-margin:var(--thread-content-margin-lg,calc(var(--spacing)*16))] px-(--thread-content-margin)\">\n<div class=\"[--thread-content-max-width:40rem] @w-lg\/main:[--thread-content-max-width:48rem] mx-auto max-w-(--thread-content-max-width) flex-1 group\/turn-messages focus-visible:outline-hidden relative flex w-full min-w-0 flex-col agent-turn\" tabindex=\"-1\">\n<div class=\"flex max-w-full flex-col gap-4 grow\">\n<div class=\"min-h-8 text-message relative flex w-full flex-col items-end gap-2 text-start break-words whitespace-normal [.text-message+&amp;]:mt-1\" dir=\"auto\" data-message-author-role=\"assistant\" data-message-id=\"c45875a2-18a4-412c-ad01-5dd4315f2dc0\" data-message-model-slug=\"gpt-5-3\">\n<div class=\"flex w-full flex-col gap-1 empty:hidden\">\n<div class=\"markdown prose dark:prose-invert w-full wrap-break-word light markdown-new-styling\">\n<p data-start=\"188\" data-end=\"541\">O senador\u00a0<span class=\"hover:entity-accent entity-underline inline cursor-pointer align-baseline\"><span class=\"whitespace-normal\">Fl\u00e1vio Bolsonaro<\/span><\/span>\u00a0(PL), apontado como pr\u00e9-candidato do partido \u00e0 Presid\u00eancia da Rep\u00fablica em 2026, aparece em empate t\u00e9cnico com o presidente\u00a0<span class=\"hover:entity-accent entity-underline inline cursor-pointer align-baseline\"><span class=\"whitespace-normal\">Luiz In\u00e1cio Lula da Silva<\/span><\/span>\u00a0(PT) em um eventual segundo turno. O dado \u00e9 da pesquisa divulgada nesta quarta-feira (11) pelo instituto\u00a0<span class=\"hover:entity-accent entity-underline inline cursor-pointer align-baseline\"><span class=\"whitespace-normal\">Genial\/Quaest<\/span><\/span>.<\/p>\n<p data-start=\"543\" data-end=\"753\">No primeiro cen\u00e1rio testado, Lula e Fl\u00e1vio Bolsonaro registram 41% das inten\u00e7\u00f5es de voto cada. Os votos brancos, nulos ou eleitores que afirmaram que n\u00e3o ir\u00e3o votar somam 16%, enquanto 2% se disseram indecisos.<\/p><div class=\"newsi-conteudo_19\" id=\"newsi-4215836314\"><a href=\"https:\/\/www.instagram.com\/prefeituraalagoinhas?igsh=YzgzdDJ1bWR3aWI4\" aria-label=\"SAVE_20251006_221555\"><img loading=\"lazy\" decoding=\"async\" src=\"https:\/\/newsinfoco.com.br\/inicio\/wp-content\/uploads\/2025\/10\/SAVE_20251006_221555-rotated.jpg\" alt=\"\"  srcset=\"https:\/\/newsinfoco.com.br\/inicio\/wp-content\/uploads\/2025\/10\/SAVE_20251006_221555-rotated.jpg 1140w, https:\/\/newsinfoco.com.br\/inicio\/wp-content\/uploads\/2025\/10\/SAVE_20251006_221555-300x52.jpg 300w, https:\/\/newsinfoco.com.br\/inicio\/wp-content\/uploads\/2025\/10\/SAVE_20251006_221555-1024x177.jpg 1024w, https:\/\/newsinfoco.com.br\/inicio\/wp-content\/uploads\/2025\/10\/SAVE_20251006_221555-768x133.jpg 768w, https:\/\/newsinfoco.com.br\/inicio\/wp-content\/uploads\/2025\/10\/SAVE_20251006_221555-600x104.jpg 600w, https:\/\/newsinfoco.com.br\/inicio\/wp-content\/uploads\/2025\/10\/SAVE_20251006_221555-696x120.jpg 696w, https:\/\/newsinfoco.com.br\/inicio\/wp-content\/uploads\/2025\/10\/SAVE_20251006_221555-1068x185.jpg 1068w\" sizes=\"(max-width: 1140px) 100vw, 1140px\" width=\"1140\" height=\"197\"   \/><\/a><\/div>\n<p data-start=\"755\" data-end=\"891\">A pesquisa tamb\u00e9m simulou outros confrontos de segundo turno envolvendo o atual presidente e poss\u00edveis advers\u00e1rios nas elei\u00e7\u00f5es de 2026.<\/p>\n<p data-start=\"893\" data-end=\"1164\">Em uma disputa com o governador do Paran\u00e1,\u00a0<span class=\"hover:entity-accent entity-underline inline cursor-pointer align-baseline\"><span class=\"whitespace-normal\">Ratinho Junior<\/span><\/span>\u00a0(PSD), Lula aparece com 42% das inten\u00e7\u00f5es de voto, contra 33% do advers\u00e1rio. Nesse cen\u00e1rio, 22% declararam voto branco, nulo ou disseram que n\u00e3o pretendem votar, enquanto 3% est\u00e3o indecisos.<\/p>\n<p data-start=\"1166\" data-end=\"1401\">Em outro quadro, Lula venceria o governador de Minas Gerais,\u00a0<span class=\"hover:entity-accent entity-underline inline cursor-pointer align-baseline\"><span class=\"whitespace-normal\">Romeu Zema<\/span><\/span>\u00a0(Novo), por 44% a 34%. Os votos em branco, nulos ou de eleitores que afirmam n\u00e3o votar chegam a 19%, enquanto 3% n\u00e3o souberam responder.<\/p>\n<p data-start=\"1403\" data-end=\"1661\">Contra o governador de Goi\u00e1s,\u00a0<span class=\"hover:entity-accent entity-underline inline cursor-pointer align-baseline\"><span class=\"whitespace-normal\">Ronaldo Caiado<\/span><\/span>\u00a0(Uni\u00e3o Brasil), o petista tamb\u00e9m aparece \u00e0 frente, com 44% das inten\u00e7\u00f5es de voto, contra 32% do advers\u00e1rio. Nesse cen\u00e1rio, 21% declararam voto branco, nulo ou absten\u00e7\u00e3o e 3% est\u00e3o indecisos.<\/p>\n<p data-start=\"1663\" data-end=\"1944\">Em uma eventual disputa com o governador do Rio Grande do Sul,\u00a0<span class=\"hover:entity-accent entity-underline inline cursor-pointer align-baseline\"><span class=\"whitespace-normal\">Eduardo Leite<\/span><\/span>\u00a0(PSD), Lula alcan\u00e7a 42% das inten\u00e7\u00f5es de voto, enquanto o ga\u00facho aparece com 26%. Os votos brancos, nulos ou de eleitores que n\u00e3o pretendem votar chegam a 29%, com 3% de indecisos.<\/p>\n<p data-start=\"1946\" data-end=\"2231\">A pesquisa tamb\u00e9m testou um cen\u00e1rio contra o ex-ministro\u00a0<span class=\"hover:entity-accent entity-underline inline cursor-pointer align-baseline\"><span class=\"whitespace-normal\">Aldo Rebelo<\/span><\/span>\u00a0(DC). Nesse caso, Lula teria 44% das inten\u00e7\u00f5es de voto, contra 23% do advers\u00e1rio. Os votos brancos, nulos ou de eleitores que afirmam n\u00e3o votar somam 30%, enquanto 3% n\u00e3o souberam responder.<\/p>\n<p data-start=\"2233\" data-end=\"2480\">Na \u00faltima simula\u00e7\u00e3o, o presidente venceria o coordenador do\u00a0<span class=\"hover:entity-accent entity-underline inline cursor-pointer align-baseline\"><span class=\"whitespace-normal\">Movimento Brasil Livre<\/span><\/span>\u00a0(MBL),\u00a0<span class=\"hover:entity-accent entity-underline inline cursor-pointer align-baseline\"><span class=\"whitespace-normal\">Renan Santos<\/span><\/span>\u00a0(Miss\u00e3o), por 43% a 24%. Os votos brancos, nulos ou absten\u00e7\u00f5es tamb\u00e9m chegam a 30%, com 3% de indecisos.<\/p>\n<p data-start=\"2482\" data-end=\"2833\" data-is-last-node=\"\" data-is-only-node=\"\">A pesquisa ouviu 2.004 eleitores entre os dias 6 e 9 de mar\u00e7o por meio de entrevistas presenciais. A margem de erro \u00e9 de dois pontos percentuais para mais ou para menos, com n\u00edvel de confian\u00e7a de 95%. O levantamento foi financiado pelo pr\u00f3prio instituto e est\u00e1 registrado no\u00a0<span class=\"hover:entity-accent entity-underline inline cursor-pointer align-baseline\"><span class=\"whitespace-normal\">Tribunal Superior Eleitoral<\/span><\/span>\u00a0(TSE) sob o protocolo BR-05809\/2026.<\/p>\n<\/div>\n<\/div>\n<\/div>\n<\/div>\n<\/div>\n<\/div>\n<\/div>\n<div id=\"author-info\" class=\"ui items\">\n<div class=\"item\">Bahia;Ba<\/div>\n<\/div>\n<div class='share-to-whatsapp-wrapper'><div class='share-on-whsp'>Share on: <\/div><a data-text='Genial\/Quaest: Fl\u00e1vio Bolsonaro empata com Lula em simula\u00e7\u00e3o de 2\u00ba turno' data-link='https:\/\/newsinfoco.com.br\/inicio\/genial-quaest-flavio-bolsonaro-empata-com-lula-em-simulacao-de-2o-turno\/' class='whatsapp-button whatsapp-share'>WhatsApp<\/a><div class='clear '><\/div><\/div>","protected":false},"excerpt":{"rendered":"<p>O senador\u00a0Fl\u00e1vio Bolsonaro\u00a0(PL), apontado como pr\u00e9-candidato do partido \u00e0 Presid\u00eancia da Rep\u00fablica em 2026, aparece em empate t\u00e9cnico com o presidente\u00a0Luiz In\u00e1cio Lula da Silva\u00a0(PT) em um eventual segundo turno. O dado \u00e9 da pesquisa divulgada nesta quarta-feira (11) pelo instituto\u00a0Genial\/Quaest. No primeiro cen\u00e1rio testado, Lula e Fl\u00e1vio Bolsonaro registram 41% das inten\u00e7\u00f5es de voto [&hellip;]<\/p>\n","protected":false},"author":1,"featured_media":49713,"comment_status":"closed","ping_status":"closed","sticky":false,"template":"","format":"standard","meta":{"om_disable_all_campaigns":false,"_exactmetrics_skip_tracking":false,"_exactmetrics_sitenote_active":false,"_exactmetrics_sitenote_note":"","_exactmetrics_sitenote_category":0,"footnotes":""},"categories":[21],"tags":[],"class_list":["post-49712","post","type-post","status-publish","format-standard","has-post-thumbnail","hentry","category-brasil"],"aioseo_notices":[],"_links":{"self":[{"href":"https:\/\/newsinfoco.com.br\/inicio\/wp-json\/wp\/v2\/posts\/49712","targetHints":{"allow":["GET"]}}],"collection":[{"href":"https:\/\/newsinfoco.com.br\/inicio\/wp-json\/wp\/v2\/posts"}],"about":[{"href":"https:\/\/newsinfoco.com.br\/inicio\/wp-json\/wp\/v2\/types\/post"}],"author":[{"embeddable":true,"href":"https:\/\/newsinfoco.com.br\/inicio\/wp-json\/wp\/v2\/users\/1"}],"replies":[{"embeddable":true,"href":"https:\/\/newsinfoco.com.br\/inicio\/wp-json\/wp\/v2\/comments?post=49712"}],"version-history":[{"count":1,"href":"https:\/\/newsinfoco.com.br\/inicio\/wp-json\/wp\/v2\/posts\/49712\/revisions"}],"predecessor-version":[{"id":49714,"href":"https:\/\/newsinfoco.com.br\/inicio\/wp-json\/wp\/v2\/posts\/49712\/revisions\/49714"}],"wp:featuredmedia":[{"embeddable":true,"href":"https:\/\/newsinfoco.com.br\/inicio\/wp-json\/wp\/v2\/media\/49713"}],"wp:attachment":[{"href":"https:\/\/newsinfoco.com.br\/inicio\/wp-json\/wp\/v2\/media?parent=49712"}],"wp:term":[{"taxonomy":"category","embeddable":true,"href":"https:\/\/newsinfoco.com.br\/inicio\/wp-json\/wp\/v2\/categories?post=49712"},{"taxonomy":"post_tag","embeddable":true,"href":"https:\/\/newsinfoco.com.br\/inicio\/wp-json\/wp\/v2\/tags?post=49712"}],"curies":[{"name":"wp","href":"https:\/\/api.w.org\/{rel}","templated":true}]}}