{"id":49718,"date":"2026-03-11T16:59:57","date_gmt":"2026-03-11T19:59:57","guid":{"rendered":"https:\/\/newsinfoco.com.br\/inicio\/?p=49718"},"modified":"2026-03-11T16:59:57","modified_gmt":"2026-03-11T19:59:57","slug":"partiu-estagio-abre-5-mil-vagas-para-universitarios-na-bahia","status":"publish","type":"post","link":"https:\/\/newsinfoco.com.br\/inicio\/partiu-estagio-abre-5-mil-vagas-para-universitarios-na-bahia\/","title":{"rendered":"Partiu Est\u00e1gio abre 5 mil vagas para universit\u00e1rios na Bahia"},"content":{"rendered":"<div class=\"conteudo_post\">\n<article class=\"text-token-text-primary w-full focus:outline-none [--shadow-height:45px] has-data-writing-block:pointer-events-none has-data-writing-block:-mt-(--shadow-height) has-data-writing-block:pt-(--shadow-height) [&amp;:has([data-writing-block])&gt;*]:pointer-events-auto scroll-mt-[calc(var(--header-height)+min(200px,max(70px,20svh)))]\" dir=\"auto\" tabindex=\"-1\" data-turn-id=\"request-WEB:abb17aef-e254-4ce3-9c5f-2ef3259fece4-12\" data-testid=\"conversation-turn-26\" data-scroll-anchor=\"true\" data-turn=\"assistant\">\n<div class=\"text-base my-auto mx-auto pb-10 [--thread-content-margin:var(--thread-content-margin-xs,calc(var(--spacing)*4))] @w-sm\/main:[--thread-content-margin:var(--thread-content-margin-sm,calc(var(--spacing)*6))] @w-lg\/main:[--thread-content-margin:var(--thread-content-margin-lg,calc(var(--spacing)*16))] px-(--thread-content-margin)\">\n<div class=\"[--thread-content-max-width:40rem] @w-lg\/main:[--thread-content-max-width:48rem] mx-auto max-w-(--thread-content-max-width) flex-1 group\/turn-messages focus-visible:outline-hidden relative flex w-full min-w-0 flex-col agent-turn\" tabindex=\"-1\">\n<div class=\"flex max-w-full flex-col gap-4 grow\">\n<div class=\"min-h-8 text-message relative flex w-full flex-col items-end gap-2 text-start break-words whitespace-normal [.text-message+&amp;]:mt-1\" dir=\"auto\" data-message-author-role=\"assistant\" data-message-id=\"b3f19d54-bfed-44ec-8a7c-6542013c441c\" data-message-model-slug=\"gpt-5-3\">\n<div class=\"flex w-full flex-col gap-1 empty:hidden\">\n<div class=\"markdown prose dark:prose-invert w-full wrap-break-word dark markdown-new-styling\">\n<p data-start=\"183\" data-end=\"415\">O programa Partiu Est\u00e1gio, do Governo da Bahia, est\u00e1 com 5.874 vagas abertas para estudantes universit\u00e1rios interessados em atuar em \u00f3rg\u00e3os p\u00fablicos estaduais. As inscri\u00e7\u00f5es podem ser feitas at\u00e9 23h59 do dia 10 de abril.<\/p>\n<p data-start=\"417\" data-end=\"681\">O edital da nova edi\u00e7\u00e3o foi publicado no Di\u00e1rio Oficial do Estado (DOE) nesta quarta-feira (11). Os interessados devem se inscrever pela internet, enquanto o documento completo com as regras pode ser consultado no site da\u00a0<span class=\"hover:entity-accent entity-underline inline cursor-pointer align-baseline\"><span class=\"whitespace-normal\">Secretaria da Administra\u00e7\u00e3o do Estado da Bahia<\/span><\/span>.<\/p><div class=\"newsi-conteudo_19\" id=\"newsi-3006889862\"><a href=\"https:\/\/www.instagram.com\/prefeituraalagoinhas?igsh=YzgzdDJ1bWR3aWI4\" aria-label=\"SAVE_20251006_221555\"><img loading=\"lazy\" decoding=\"async\" src=\"https:\/\/newsinfoco.com.br\/inicio\/wp-content\/uploads\/2025\/10\/SAVE_20251006_221555-rotated.jpg\" alt=\"\"  srcset=\"https:\/\/newsinfoco.com.br\/inicio\/wp-content\/uploads\/2025\/10\/SAVE_20251006_221555-rotated.jpg 1140w, https:\/\/newsinfoco.com.br\/inicio\/wp-content\/uploads\/2025\/10\/SAVE_20251006_221555-300x52.jpg 300w, https:\/\/newsinfoco.com.br\/inicio\/wp-content\/uploads\/2025\/10\/SAVE_20251006_221555-1024x177.jpg 1024w, https:\/\/newsinfoco.com.br\/inicio\/wp-content\/uploads\/2025\/10\/SAVE_20251006_221555-768x133.jpg 768w, https:\/\/newsinfoco.com.br\/inicio\/wp-content\/uploads\/2025\/10\/SAVE_20251006_221555-600x104.jpg 600w, https:\/\/newsinfoco.com.br\/inicio\/wp-content\/uploads\/2025\/10\/SAVE_20251006_221555-696x120.jpg 696w, https:\/\/newsinfoco.com.br\/inicio\/wp-content\/uploads\/2025\/10\/SAVE_20251006_221555-1068x185.jpg 1068w\" sizes=\"(max-width: 1140px) 100vw, 1140px\" width=\"1140\" height=\"197\"   \/><\/a><\/div>\n<p data-start=\"683\" data-end=\"846\">As vagas s\u00e3o destinadas a alunos de 146 cursos de gradua\u00e7\u00e3o e contemplam 323 munic\u00edpios baianos, em unidades vinculadas a 50 \u00f3rg\u00e3os p\u00fablicos estaduais.<\/p>\n<p data-start=\"848\" data-end=\"1149\">Do total de oportunidades, 1.549 s\u00e3o para Salvador e 4.325 para cidades do interior e da Regi\u00e3o Metropolitana. Depois da capital, os munic\u00edpios com maior n\u00famero de vagas s\u00e3o\u00a0<span class=\"hover:entity-accent entity-underline inline cursor-pointer align-baseline\"><span class=\"whitespace-normal\">Teixeira de Freitas<\/span><\/span>, com 222 oportunidades, e\u00a0<span class=\"hover:entity-accent entity-underline inline cursor-pointer align-baseline\"><span class=\"whitespace-normal\">Vit\u00f3ria da Conquista<\/span><\/span>, com 193.<\/p>\n<p data-start=\"1151\" data-end=\"1325\">Entre os cursos, as maiores quantidades de vagas est\u00e3o nas \u00e1reas de Administra\u00e7\u00e3o (764), Letras (734), al\u00e9m de Matem\u00e1tica e Pedagogia, com 562 vagas cada.<\/p>\n<p data-start=\"1327\" data-end=\"1531\">Os \u00f3rg\u00e3os que receber\u00e3o mais estagi\u00e1rios s\u00e3o a\u00a0<span class=\"hover:entity-accent entity-underline inline cursor-pointer align-baseline\"><span class=\"whitespace-normal\">Secretaria da Educa\u00e7\u00e3o do Estado da Bahia<\/span><\/span>, com 4.346 vagas, a\u00a0<span class=\"hover:entity-accent entity-underline inline cursor-pointer align-baseline\"><span class=\"whitespace-normal\">Secretaria da Sa\u00fade do Estado da Bahia<\/span><\/span>, com 226, e o\u00a0<span class=\"hover:entity-accent entity-underline inline cursor-pointer align-baseline\"><span class=\"whitespace-normal\">Departamento de Pol\u00edcia T\u00e9cnica<\/span><\/span>, com 138.<\/p>\n<h4 data-section-id=\"1nnaug\" data-start=\"1533\" data-end=\"1551\">Pr\u00e9-requisitos<\/h4>\n<p data-start=\"1553\" data-end=\"1798\">Para participar, o estudante precisa residir na Bahia e estar regularmente matriculado em um curso de gradua\u00e7\u00e3o com sede ou polo no estado. Podem concorrer alunos de cursos presenciais, semipresenciais ou de Ensino a Dist\u00e2ncia (EAD).<\/p>\n<p data-start=\"1800\" data-end=\"1887\">Tamb\u00e9m \u00e9 necess\u00e1rio ter pelo menos 16 anos e j\u00e1 ter conclu\u00eddo 50% da gradua\u00e7\u00e3o.<\/p>\n<p data-start=\"1889\" data-end=\"2035\">De acordo com a legisla\u00e7\u00e3o, 10% das vagas s\u00e3o reservadas para pessoas com defici\u00eancia, conforme prev\u00ea a\u00a0<span class=\"hover:entity-accent entity-underline inline cursor-pointer align-baseline\"><span class=\"whitespace-normal\">Lei n\u00ba 11.788 de 2008<\/span><\/span>.<\/p>\n<p data-start=\"2037\" data-end=\"2287\">O programa ainda d\u00e1 prioridade a estudantes inscritos no Cadastro \u00danico para Programas Sociais do Governo Federal (Cad\u00danico) e a universit\u00e1rios que cursaram todo o ensino m\u00e9dio em escola p\u00fablica ou com bolsa integral em escola particular.<\/p>\n<h4 data-section-id=\"18kk0lk\" data-start=\"2289\" data-end=\"2314\">Bolsa e carga hor\u00e1ria<\/h4>\n<p data-start=\"2316\" data-end=\"2512\">Os estagi\u00e1rios selecionados recebem bolsa de R$ 607, al\u00e9m de aux\u00edlio-transporte. O est\u00e1gio tem dura\u00e7\u00e3o de um ano, sem possibilidade de prorroga\u00e7\u00e3o, exceto para pessoas com defici\u00eancia.<\/p>\n<p data-start=\"2514\" data-end=\"2604\">A carga hor\u00e1ria prevista \u00e9 de quatro horas di\u00e1rias, totalizando 20 horas semanais.<\/p>\n<h4 data-section-id=\"6frd8f\" data-start=\"2606\" data-end=\"2627\">Como se inscrever<\/h4>\n<p data-start=\"2629\" data-end=\"2812\">O passo a passo para participar est\u00e1 detalhado no Edital 01\/2026. Quem ainda n\u00e3o possui cadastro na plataforma BA.GOV.BR precisa criar uma conta antes de realizar a inscri\u00e7\u00e3o.<\/p>\n<p data-start=\"2814\" data-end=\"3030\">Os candidatos selecionados ser\u00e3o avisados por mensagem no WhatsApp, informando a atualiza\u00e7\u00e3o do status no portal BA.GOV.BR, onde dever\u00e3o conferir os procedimentos, prazos e orienta\u00e7\u00f5es para envio da documenta\u00e7\u00e3o.<\/p>\n<p data-start=\"3032\" data-end=\"3114\" data-is-last-node=\"\" data-is-only-node=\"\">A lista final dos estudantes escolhidos tamb\u00e9m ser\u00e1 divulgada no site da Saeb.<\/p>\n<\/div>\n<\/div>\n<\/div>\n<\/div>\n<\/div>\n<\/div>\n<\/article>\n<\/div>\n<div id=\"div-share\">Bahia.Ba<\/div>\n<div class='share-to-whatsapp-wrapper'><div class='share-on-whsp'>Share on: <\/div><a data-text='Partiu Est\u00e1gio abre 5 mil vagas para universit\u00e1rios na Bahia' data-link='https:\/\/newsinfoco.com.br\/inicio\/partiu-estagio-abre-5-mil-vagas-para-universitarios-na-bahia\/' class='whatsapp-button whatsapp-share'>WhatsApp<\/a><div class='clear '><\/div><\/div>","protected":false},"excerpt":{"rendered":"<p>O programa Partiu Est\u00e1gio, do Governo da Bahia, est\u00e1 com 5.874 vagas abertas para estudantes universit\u00e1rios interessados em atuar em \u00f3rg\u00e3os p\u00fablicos estaduais. As inscri\u00e7\u00f5es podem ser feitas at\u00e9 23h59 do dia 10 de abril. O edital da nova edi\u00e7\u00e3o foi publicado no Di\u00e1rio Oficial do Estado (DOE) nesta quarta-feira (11). Os interessados devem se [&hellip;]<\/p>\n","protected":false},"author":1,"featured_media":49719,"comment_status":"closed","ping_status":"closed","sticky":false,"template":"","format":"standard","meta":{"om_disable_all_campaigns":false,"_exactmetrics_skip_tracking":false,"_exactmetrics_sitenote_active":false,"_exactmetrics_sitenote_note":"","_exactmetrics_sitenote_category":0,"footnotes":""},"categories":[19],"tags":[],"class_list":["post-49718","post","type-post","status-publish","format-standard","has-post-thumbnail","hentry","category-bahia"],"aioseo_notices":[],"_links":{"self":[{"href":"https:\/\/newsinfoco.com.br\/inicio\/wp-json\/wp\/v2\/posts\/49718","targetHints":{"allow":["GET"]}}],"collection":[{"href":"https:\/\/newsinfoco.com.br\/inicio\/wp-json\/wp\/v2\/posts"}],"about":[{"href":"https:\/\/newsinfoco.com.br\/inicio\/wp-json\/wp\/v2\/types\/post"}],"author":[{"embeddable":true,"href":"https:\/\/newsinfoco.com.br\/inicio\/wp-json\/wp\/v2\/users\/1"}],"replies":[{"embeddable":true,"href":"https:\/\/newsinfoco.com.br\/inicio\/wp-json\/wp\/v2\/comments?post=49718"}],"version-history":[{"count":1,"href":"https:\/\/newsinfoco.com.br\/inicio\/wp-json\/wp\/v2\/posts\/49718\/revisions"}],"predecessor-version":[{"id":49720,"href":"https:\/\/newsinfoco.com.br\/inicio\/wp-json\/wp\/v2\/posts\/49718\/revisions\/49720"}],"wp:featuredmedia":[{"embeddable":true,"href":"https:\/\/newsinfoco.com.br\/inicio\/wp-json\/wp\/v2\/media\/49719"}],"wp:attachment":[{"href":"https:\/\/newsinfoco.com.br\/inicio\/wp-json\/wp\/v2\/media?parent=49718"}],"wp:term":[{"taxonomy":"category","embeddable":true,"href":"https:\/\/newsinfoco.com.br\/inicio\/wp-json\/wp\/v2\/categories?post=49718"},{"taxonomy":"post_tag","embeddable":true,"href":"https:\/\/newsinfoco.com.br\/inicio\/wp-json\/wp\/v2\/tags?post=49718"}],"curies":[{"name":"wp","href":"https:\/\/api.w.org\/{rel}","templated":true}]}}