{"id":49721,"date":"2026-03-11T21:23:42","date_gmt":"2026-03-12T00:23:42","guid":{"rendered":"https:\/\/newsinfoco.com.br\/inicio\/?p=49721"},"modified":"2026-03-11T21:23:42","modified_gmt":"2026-03-12T00:23:42","slug":"prefeitura-de-alagoinhas-apresenta-proposta-pedagogica-da-nova-escola-do-campo","status":"publish","type":"post","link":"https:\/\/newsinfoco.com.br\/inicio\/prefeitura-de-alagoinhas-apresenta-proposta-pedagogica-da-nova-escola-do-campo\/","title":{"rendered":"Prefeitura de Alagoinhas apresenta proposta pedag\u00f3gica da nova Escola do Campo"},"content":{"rendered":"<p>A Prefeitura de Alagoinhas apresentou nesta quarta-feira, 11, a proposta pedag\u00f3gica da Escola Municipal do Campo para familiares dos estudantes, parlamentares e integrantes de conselhos municipais. O projeto, conduzido pela Secretaria Municipal de Educa\u00e7\u00e3o (Seduc), marca a implanta\u00e7\u00e3o da educa\u00e7\u00e3o em tempo integral para oito unidades escolares que ser\u00e3o nucleadas, beneficiando diretamente crian\u00e7as das comunidades rurais. A nova unidade educacional funcionar\u00e1 no km 101 da BR-101 (antiga sede da Pastoral do Menor).<\/p>\n<p data-start=\"519\" data-end=\"1125\">A apresenta\u00e7\u00e3o da equipe t\u00e9cnica da Seduc contou com a participa\u00e7\u00e3o ativa da comiss\u00e3o de fam\u00edlias das oito comunidades assistidas. A proposta reafirma o compromisso da gest\u00e3o com o di\u00e1logo comunit\u00e1rio e a forma\u00e7\u00e3o multidimensional. \u201cMais do que ampliar o tempo de perman\u00eancia, o objetivo \u00e9 garantir o desenvolvimento intelectual, f\u00edsico, cultural e emocional dos estudantes. O curr\u00edculo inclui oficinas de capoeira, m\u00fasica, teatro, cultivo de horta, artes e letramento digital, integrando a base comum curricular a atividades pr\u00e1ticas e l\u00fadicas\u201d, explica a secret\u00e1ria de Educa\u00e7\u00e3o do munic\u00edpio, Rita Bastos.<\/p><div class=\"newsi-conteudo_19\" id=\"newsi-1123946460\"><a href=\"https:\/\/www.instagram.com\/prefeituraalagoinhas?igsh=YzgzdDJ1bWR3aWI4\" aria-label=\"SAVE_20251006_221555\"><img loading=\"lazy\" decoding=\"async\" src=\"https:\/\/newsinfoco.com.br\/inicio\/wp-content\/uploads\/2025\/10\/SAVE_20251006_221555-rotated.jpg\" alt=\"\"  srcset=\"https:\/\/newsinfoco.com.br\/inicio\/wp-content\/uploads\/2025\/10\/SAVE_20251006_221555-rotated.jpg 1140w, https:\/\/newsinfoco.com.br\/inicio\/wp-content\/uploads\/2025\/10\/SAVE_20251006_221555-300x52.jpg 300w, https:\/\/newsinfoco.com.br\/inicio\/wp-content\/uploads\/2025\/10\/SAVE_20251006_221555-1024x177.jpg 1024w, https:\/\/newsinfoco.com.br\/inicio\/wp-content\/uploads\/2025\/10\/SAVE_20251006_221555-768x133.jpg 768w, https:\/\/newsinfoco.com.br\/inicio\/wp-content\/uploads\/2025\/10\/SAVE_20251006_221555-600x104.jpg 600w, https:\/\/newsinfoco.com.br\/inicio\/wp-content\/uploads\/2025\/10\/SAVE_20251006_221555-696x120.jpg 696w, https:\/\/newsinfoco.com.br\/inicio\/wp-content\/uploads\/2025\/10\/SAVE_20251006_221555-1068x185.jpg 1068w\" sizes=\"(max-width: 1140px) 100vw, 1140px\" width=\"1140\" height=\"197\"   \/><\/a><\/div>\n<p data-start=\"1127\" data-end=\"1478\">Segundo Rita, a escola foi projetada para ser uma refer\u00eancia em educa\u00e7\u00e3o integral. \u201cO espa\u00e7o est\u00e1 sendo preparado com uma estrutura moderna e completa, com salas amplas, quadras poliesportivas, teatro e refeit\u00f3rio. Queremos oferecer aos estudantes da Educa\u00e7\u00e3o Infantil ao 5\u00ba ano do Ensino Fundamental uma experi\u00eancia educativa de excel\u00eancia\u201d, destaca.<\/p>\n<p data-start=\"1480\" data-end=\"1731\">A jornada escolar ser\u00e1 organizada em dez tempos pedag\u00f3gicos, com garantia de refei\u00e7\u00f5es. Os card\u00e1pios seguem rigorosamente as diretrizes do Programa Nacional de Alimenta\u00e7\u00e3o Escolar (PNAE), priorizando alimentos in natura e o fortalecimento nutricional.<\/p>\n<p data-start=\"1733\" data-end=\"2115\">O transporte escolar est\u00e1 sendo planejado com rotas espec\u00edficas, juntamente com o trabalho de monitores dentro de cada ve\u00edculo, para atender \u00e0s comunidades de forma segura. Al\u00e9m disso, pensando no bem-estar das crian\u00e7as, haver\u00e1 um per\u00edodo de adapta\u00e7\u00e3o de 15 dias letivos, com atividades apenas no turno matutino. Ap\u00f3s esse intervalo, a jornada integral ser\u00e1 totalmente implementada.<\/p>\n<p data-start=\"2117\" data-end=\"2439\">A proposta tamb\u00e9m \u00e9 inclusiva. O projeto contempla o Atendimento Educacional Especializado (AEE) para estudantes com defici\u00eancia, Transtorno do Espectro Autista (TEA) ou altas habilidades. O suporte ser\u00e1 realizado por professores especialistas no contraturno, garantindo que o direito \u00e0 aprendizagem seja pleno para todos.<\/p>\n<p data-start=\"2441\" data-end=\"2741\" data-is-last-node=\"\" data-is-only-node=\"\">Rita Bastos refor\u00e7a que a parceria com as fam\u00edlias \u00e9 o pilar do projeto. \u201cO envolvimento das fam\u00edlias \u00e9 essencial. Antes do in\u00edcio das aulas, todos ser\u00e3o convidados a visitar o espa\u00e7o para conhecer de perto o funcionamento da proposta e os novos espa\u00e7os educativos\u201d, conclui a secret\u00e1ria de Educa\u00e7\u00e3o.<\/p>\n<p data-start=\"2441\" data-end=\"2741\" data-is-last-node=\"\" data-is-only-node=\"\">\n<div class='share-to-whatsapp-wrapper'><div class='share-on-whsp'>Share on: <\/div><a data-text='Prefeitura de Alagoinhas apresenta proposta pedag\u00f3gica da nova Escola do Campo' data-link='https:\/\/newsinfoco.com.br\/inicio\/prefeitura-de-alagoinhas-apresenta-proposta-pedagogica-da-nova-escola-do-campo\/' class='whatsapp-button whatsapp-share'>WhatsApp<\/a><div class='clear '><\/div><\/div>","protected":false},"excerpt":{"rendered":"<p>A Prefeitura de Alagoinhas apresentou nesta quarta-feira, 11, a proposta pedag\u00f3gica da Escola Municipal do Campo para familiares dos estudantes, parlamentares e integrantes de conselhos municipais. O projeto, conduzido pela Secretaria Municipal de Educa\u00e7\u00e3o (Seduc), marca a implanta\u00e7\u00e3o da educa\u00e7\u00e3o em tempo integral para oito unidades escolares que ser\u00e3o nucleadas, beneficiando diretamente crian\u00e7as das comunidades [&hellip;]<\/p>\n","protected":false},"author":1,"featured_media":49722,"comment_status":"closed","ping_status":"closed","sticky":false,"template":"","format":"standard","meta":{"om_disable_all_campaigns":false,"_exactmetrics_skip_tracking":false,"_exactmetrics_sitenote_active":false,"_exactmetrics_sitenote_note":"","_exactmetrics_sitenote_category":0,"footnotes":""},"categories":[38,167],"tags":[],"class_list":["post-49721","post","type-post","status-publish","format-standard","has-post-thumbnail","hentry","category-alagoinhas-e-regiao","category-exclusivas"],"aioseo_notices":[],"_links":{"self":[{"href":"https:\/\/newsinfoco.com.br\/inicio\/wp-json\/wp\/v2\/posts\/49721","targetHints":{"allow":["GET"]}}],"collection":[{"href":"https:\/\/newsinfoco.com.br\/inicio\/wp-json\/wp\/v2\/posts"}],"about":[{"href":"https:\/\/newsinfoco.com.br\/inicio\/wp-json\/wp\/v2\/types\/post"}],"author":[{"embeddable":true,"href":"https:\/\/newsinfoco.com.br\/inicio\/wp-json\/wp\/v2\/users\/1"}],"replies":[{"embeddable":true,"href":"https:\/\/newsinfoco.com.br\/inicio\/wp-json\/wp\/v2\/comments?post=49721"}],"version-history":[{"count":1,"href":"https:\/\/newsinfoco.com.br\/inicio\/wp-json\/wp\/v2\/posts\/49721\/revisions"}],"predecessor-version":[{"id":49723,"href":"https:\/\/newsinfoco.com.br\/inicio\/wp-json\/wp\/v2\/posts\/49721\/revisions\/49723"}],"wp:featuredmedia":[{"embeddable":true,"href":"https:\/\/newsinfoco.com.br\/inicio\/wp-json\/wp\/v2\/media\/49722"}],"wp:attachment":[{"href":"https:\/\/newsinfoco.com.br\/inicio\/wp-json\/wp\/v2\/media?parent=49721"}],"wp:term":[{"taxonomy":"category","embeddable":true,"href":"https:\/\/newsinfoco.com.br\/inicio\/wp-json\/wp\/v2\/categories?post=49721"},{"taxonomy":"post_tag","embeddable":true,"href":"https:\/\/newsinfoco.com.br\/inicio\/wp-json\/wp\/v2\/tags?post=49721"}],"curies":[{"name":"wp","href":"https:\/\/api.w.org\/{rel}","templated":true}]}}