{"id":49725,"date":"2026-03-11T21:31:45","date_gmt":"2026-03-12T00:31:45","guid":{"rendered":"https:\/\/newsinfoco.com.br\/inicio\/?p=49725"},"modified":"2026-03-11T21:31:45","modified_gmt":"2026-03-12T00:31:45","slug":"bahia-acelera-expansao-de-infraestrutura-digital-com-foco-em-educacao-e-inovacao","status":"publish","type":"post","link":"https:\/\/newsinfoco.com.br\/inicio\/bahia-acelera-expansao-de-infraestrutura-digital-com-foco-em-educacao-e-inovacao\/","title":{"rendered":"Bahia acelera expans\u00e3o de infraestrutura digital com foco em educa\u00e7\u00e3o e inova\u00e7\u00e3o"},"content":{"rendered":"<div class=\"conteudo_post\">\n<p>A infraestrutura digital da Bahia est\u00e1 passando por um processo estrat\u00e9gico de amplia\u00e7\u00e3o coordenado pela Rede Nacional de Ensino e Pesquisa (RNP). A iniciativa visa garantir condi\u00e7\u00f5es equ\u00e2nimes de acesso \u00e0 internet de alta velocidade para o desenvolvimento cient\u00edfico, educacional e tecnol\u00f3gico do estado.<\/p>\n<p>As a\u00e7\u00f5es incluem a implanta\u00e7\u00e3o de redes de alta capacidade e projetos de conectividade avan\u00e7ada em universidades, escolas e espa\u00e7os p\u00fablicos baianos.<\/p><div class=\"newsi-conteudo_19\" id=\"newsi-797932961\"><a href=\"https:\/\/www.instagram.com\/prefeituraalagoinhas?igsh=YzgzdDJ1bWR3aWI4\" aria-label=\"SAVE_20251006_221555\"><img loading=\"lazy\" decoding=\"async\" src=\"https:\/\/newsinfoco.com.br\/inicio\/wp-content\/uploads\/2025\/10\/SAVE_20251006_221555-rotated.jpg\" alt=\"\"  srcset=\"https:\/\/newsinfoco.com.br\/inicio\/wp-content\/uploads\/2025\/10\/SAVE_20251006_221555-rotated.jpg 1140w, https:\/\/newsinfoco.com.br\/inicio\/wp-content\/uploads\/2025\/10\/SAVE_20251006_221555-300x52.jpg 300w, https:\/\/newsinfoco.com.br\/inicio\/wp-content\/uploads\/2025\/10\/SAVE_20251006_221555-1024x177.jpg 1024w, https:\/\/newsinfoco.com.br\/inicio\/wp-content\/uploads\/2025\/10\/SAVE_20251006_221555-768x133.jpg 768w, https:\/\/newsinfoco.com.br\/inicio\/wp-content\/uploads\/2025\/10\/SAVE_20251006_221555-600x104.jpg 600w, https:\/\/newsinfoco.com.br\/inicio\/wp-content\/uploads\/2025\/10\/SAVE_20251006_221555-696x120.jpg 696w, https:\/\/newsinfoco.com.br\/inicio\/wp-content\/uploads\/2025\/10\/SAVE_20251006_221555-1068x185.jpg 1068w\" sizes=\"(max-width: 1140px) 100vw, 1140px\" width=\"1140\" height=\"197\"   \/><\/a><\/div>\n<p>Nesta quinta-feira (12), \u00e0s 14h, o SENAI CIMATEC Park, em Salvador, sedia uma cerim\u00f4nia para a apresenta\u00e7\u00e3o dos resultados alcan\u00e7ados at\u00e9 o momento.<\/p>\n<p>O evento contar\u00e1 com a presen\u00e7a de autoridades governamentais, representantes de institui\u00e7\u00f5es de ensino e do setor produtivo, al\u00e9m do diretor de Rela\u00e7\u00f5es Institucionais da RNP, Davidson Magalh\u00e3es.<\/p>\n<div>\n<div>\n<div class=\"trv-player-container\">\n<div class=\"trv-wrapper\">\n<div id=\"br_video_player_249abfa4e130f57ddf92ea1f19e1a19dc3c659f9\" class=\"trvd_video_player trvdinstream\">\n<div class=\"media-player\">\n<div class=\"trv-video\">\n<div id=\"truvid_ima_container66769\" class=\"truvid_ima_container\">\n<div>\n<div><\/div>\n<\/div>\n<\/div>\n<\/div>\n<\/div>\n<\/div>\n<\/div>\n<\/div>\n<\/div>\n<\/div>\n<p>Um dos pilares deste avan\u00e7o \u00e9 a Infovia Bahia, que integra o Programa Conecta do Minist\u00e9rio da Ci\u00eancia, Tecnologia e Inova\u00e7\u00e3o (MCTI). O projeto prev\u00ea a instala\u00e7\u00e3o de 3.914 km de fibra \u00f3ptica, interligando 20 cidades e 22 campi de ensino e pesquisa at\u00e9 dezembro de 2028.<\/p>\n<p>De acordo com o balan\u00e7o atual, cerca de 500 km de rede j\u00e1 foram implantados, com destaque para a conclus\u00e3o do trecho entre Ilh\u00e9us e Salvador em dezembro de 2024.<\/p>\n<\/div>\n<div id=\"div-share\">Bahia.Ba<\/div>\n<div class='share-to-whatsapp-wrapper'><div class='share-on-whsp'>Share on: <\/div><a data-text='Bahia acelera expans\u00e3o de infraestrutura digital com foco em educa\u00e7\u00e3o e inova\u00e7\u00e3o' data-link='https:\/\/newsinfoco.com.br\/inicio\/bahia-acelera-expansao-de-infraestrutura-digital-com-foco-em-educacao-e-inovacao\/' class='whatsapp-button whatsapp-share'>WhatsApp<\/a><div class='clear '><\/div><\/div>","protected":false},"excerpt":{"rendered":"<p>A infraestrutura digital da Bahia est\u00e1 passando por um processo estrat\u00e9gico de amplia\u00e7\u00e3o coordenado pela Rede Nacional de Ensino e Pesquisa (RNP). A iniciativa visa garantir condi\u00e7\u00f5es equ\u00e2nimes de acesso \u00e0 internet de alta velocidade para o desenvolvimento cient\u00edfico, educacional e tecnol\u00f3gico do estado. As a\u00e7\u00f5es incluem a implanta\u00e7\u00e3o de redes de alta capacidade e [&hellip;]<\/p>\n","protected":false},"author":1,"featured_media":49726,"comment_status":"closed","ping_status":"closed","sticky":false,"template":"","format":"standard","meta":{"om_disable_all_campaigns":false,"_exactmetrics_skip_tracking":false,"_exactmetrics_sitenote_active":false,"_exactmetrics_sitenote_note":"","_exactmetrics_sitenote_category":0,"footnotes":""},"categories":[19],"tags":[],"class_list":["post-49725","post","type-post","status-publish","format-standard","has-post-thumbnail","hentry","category-bahia"],"aioseo_notices":[],"_links":{"self":[{"href":"https:\/\/newsinfoco.com.br\/inicio\/wp-json\/wp\/v2\/posts\/49725","targetHints":{"allow":["GET"]}}],"collection":[{"href":"https:\/\/newsinfoco.com.br\/inicio\/wp-json\/wp\/v2\/posts"}],"about":[{"href":"https:\/\/newsinfoco.com.br\/inicio\/wp-json\/wp\/v2\/types\/post"}],"author":[{"embeddable":true,"href":"https:\/\/newsinfoco.com.br\/inicio\/wp-json\/wp\/v2\/users\/1"}],"replies":[{"embeddable":true,"href":"https:\/\/newsinfoco.com.br\/inicio\/wp-json\/wp\/v2\/comments?post=49725"}],"version-history":[{"count":1,"href":"https:\/\/newsinfoco.com.br\/inicio\/wp-json\/wp\/v2\/posts\/49725\/revisions"}],"predecessor-version":[{"id":49727,"href":"https:\/\/newsinfoco.com.br\/inicio\/wp-json\/wp\/v2\/posts\/49725\/revisions\/49727"}],"wp:featuredmedia":[{"embeddable":true,"href":"https:\/\/newsinfoco.com.br\/inicio\/wp-json\/wp\/v2\/media\/49726"}],"wp:attachment":[{"href":"https:\/\/newsinfoco.com.br\/inicio\/wp-json\/wp\/v2\/media?parent=49725"}],"wp:term":[{"taxonomy":"category","embeddable":true,"href":"https:\/\/newsinfoco.com.br\/inicio\/wp-json\/wp\/v2\/categories?post=49725"},{"taxonomy":"post_tag","embeddable":true,"href":"https:\/\/newsinfoco.com.br\/inicio\/wp-json\/wp\/v2\/tags?post=49725"}],"curies":[{"name":"wp","href":"https:\/\/api.w.org\/{rel}","templated":true}]}}