{"id":49728,"date":"2026-03-11T21:39:49","date_gmt":"2026-03-12T00:39:49","guid":{"rendered":"https:\/\/newsinfoco.com.br\/inicio\/?p=49728"},"modified":"2026-03-11T21:39:49","modified_gmt":"2026-03-12T00:39:49","slug":"vereador-luciano-almeida-defende-servidores-concursados-aponta-falhas-na-selecao-da-educacao-e-denuncia-contratacoes-pela-janela-na-procuradoria","status":"publish","type":"post","link":"https:\/\/newsinfoco.com.br\/inicio\/vereador-luciano-almeida-defende-servidores-concursados-aponta-falhas-na-selecao-da-educacao-e-denuncia-contratacoes-pela-janela-na-procuradoria\/","title":{"rendered":"Vereador Luciano Almeida defende servidores concursados, aponta falhas na sele\u00e7\u00e3o da Educa\u00e7\u00e3o e denuncia contrata\u00e7\u00f5es \u201cpela janela\u201d na Procuradoria"},"content":{"rendered":"<div class=\"elementor-column elementor-col-50 elementor-top-column elementor-element elementor-element-166fa74c\" data-id=\"166fa74c\" data-element_type=\"column\">\n<div class=\"elementor-widget-wrap elementor-element-populated\">\n<div class=\"elementor-element elementor-element-8956c80 elementor-widget elementor-widget-theme-post-content\" data-id=\"8956c80\" data-element_type=\"widget\" data-widget_type=\"theme-post-content.default\">\n<div class=\"elementor-widget-container\">\n<p>O vereador Luciano Almeida iniciou seu pronunciamento no Pequeno Expediente desta ter\u00e7a-feira (10) saudando os servidores efetivos da C\u00e2mara e de diversas secretarias que acompanhavam a sess\u00e3o. O parlamentar destacou o compromisso e a responsabilidade desses profissionais com o servi\u00e7o p\u00fablico e reafirmou que seu mandato chancela e vota favoravelmente a tudo que \u00e9 referendado por quem possui comprometimento t\u00e9cnico com o munic\u00edpio.<\/p>\n<p>Logo em seguida o vereador manifestou profunda preocupa\u00e7\u00e3o com o processo seletivo simplificado da rede municipal de ensino que foi institu\u00eddo por prova de t\u00edtulos. Ao lado das vereadoras Luma Menezes e Jaldice Nunes, ele identificou a cobran\u00e7a indevida de taxas de at\u00e9 R$ 80,00 para pessoas inscritas no NIS, o que fere leis federal e municipal de isen\u00e7\u00e3o. Al\u00e9m disso, o parlamentar criticou o impedimento de candidatos com outros v\u00ednculos p\u00fablicos e a aus\u00eancia de acesso ao barema de pontua\u00e7\u00e3o, o que resultou em profissionais com doutorado e vasta experi\u00eancia ficando com nota zero sem direito \u00e0 confer\u00eancia detalhada.<\/p><div class=\"newsi-conteudo_19\" id=\"newsi-755642803\"><a href=\"https:\/\/www.instagram.com\/prefeituraalagoinhas?igsh=YzgzdDJ1bWR3aWI4\" aria-label=\"SAVE_20251006_221555\"><img loading=\"lazy\" decoding=\"async\" src=\"https:\/\/newsinfoco.com.br\/inicio\/wp-content\/uploads\/2025\/10\/SAVE_20251006_221555-rotated.jpg\" alt=\"\"  srcset=\"https:\/\/newsinfoco.com.br\/inicio\/wp-content\/uploads\/2025\/10\/SAVE_20251006_221555-rotated.jpg 1140w, https:\/\/newsinfoco.com.br\/inicio\/wp-content\/uploads\/2025\/10\/SAVE_20251006_221555-300x52.jpg 300w, https:\/\/newsinfoco.com.br\/inicio\/wp-content\/uploads\/2025\/10\/SAVE_20251006_221555-1024x177.jpg 1024w, https:\/\/newsinfoco.com.br\/inicio\/wp-content\/uploads\/2025\/10\/SAVE_20251006_221555-768x133.jpg 768w, https:\/\/newsinfoco.com.br\/inicio\/wp-content\/uploads\/2025\/10\/SAVE_20251006_221555-600x104.jpg 600w, https:\/\/newsinfoco.com.br\/inicio\/wp-content\/uploads\/2025\/10\/SAVE_20251006_221555-696x120.jpg 696w, https:\/\/newsinfoco.com.br\/inicio\/wp-content\/uploads\/2025\/10\/SAVE_20251006_221555-1068x185.jpg 1068w\" sizes=\"(max-width: 1140px) 100vw, 1140px\" width=\"1140\" height=\"197\"   \/><\/a><\/div>\n<p>Avan\u00e7ando em seu discurso o parlamentar apresentou uma den\u00fancia grave envolvendo a Procuradoria Jur\u00eddica. Segundo o vereador, foi identificada a contrata\u00e7\u00e3o de nove analistas jur\u00eddicos, todos bachar\u00e9is em Direito, que ingressaram na estrutura administrativa sem passar por concurso p\u00fablico ou sele\u00e7\u00e3o simplificada (REDA). \u201cEsses profissionais entraram pela janela ou pela porta da frente sem nenhum tipo de sele\u00e7\u00e3o e isso \u00e9 algo muito s\u00e9rio que precisa ser esclarecido imediatamente pela gest\u00e3o\u201d, argumentou, acrescentando que alguns\u00a0 contratados estariam inclusive atuando em conv\u00eanios de regulariza\u00e7\u00e3o fundi\u00e1ria.<\/p>\n<p><strong>Minist\u00e9rio P\u00fablico<\/strong><\/p>\n<p>Para finalizar, o vereador garantiu que n\u00e3o aceitar\u00e1 o sil\u00eancio da Secretaria de Administra\u00e7\u00e3o e que j\u00e1 prepara uma representa\u00e7\u00e3o formal junto ao Minist\u00e9rio P\u00fablico. Ele destacou que possui nove anos de Casa e tr\u00eas mandatos pautados pela convic\u00e7\u00e3o e que \u00e9 injusto com quem se dedica aos estudos ver uma s\u00e9rie de apadrinhamentos ocorrerem na prefeitura.<\/p>\n<p><strong>\u00a0C\u00e2mara Municipal de Alagoinhas<\/strong><\/p>\n<p><strong>Fotos \u2013 Jh\u00f4 Paz<\/strong><\/p>\n<\/div>\n<\/div>\n<\/div>\n<\/div>\n<div class=\"elementor-column elementor-col-50 elementor-top-column elementor-element elementor-element-263f143b\" data-id=\"263f143b\" data-element_type=\"column\">\n<div class=\"elementor-widget-wrap elementor-element-populated\">\n<div class=\"elementor-element elementor-element-19118fd7 elementor-widget elementor-widget-heading\" data-id=\"19118fd7\" data-element_type=\"widget\" data-widget_type=\"heading.default\">\n<div class=\"elementor-widget-container\"><\/div>\n<\/div>\n<\/div>\n<\/div>\n<div class='share-to-whatsapp-wrapper'><div class='share-on-whsp'>Share on: <\/div><a data-text='Vereador Luciano Almeida defende servidores concursados, aponta falhas na sele\u00e7\u00e3o da Educa\u00e7\u00e3o e denuncia contrata\u00e7\u00f5es \u201cpela janela\u201d na Procuradoria' data-link='https:\/\/newsinfoco.com.br\/inicio\/vereador-luciano-almeida-defende-servidores-concursados-aponta-falhas-na-selecao-da-educacao-e-denuncia-contratacoes-pela-janela-na-procuradoria\/' class='whatsapp-button whatsapp-share'>WhatsApp<\/a><div class='clear '><\/div><\/div>","protected":false},"excerpt":{"rendered":"<p>O vereador Luciano Almeida iniciou seu pronunciamento no Pequeno Expediente desta ter\u00e7a-feira (10) saudando os servidores efetivos da C\u00e2mara e de diversas secretarias que acompanhavam a sess\u00e3o. O parlamentar destacou o compromisso e a responsabilidade desses profissionais com o servi\u00e7o p\u00fablico e reafirmou que seu mandato chancela e vota favoravelmente a tudo que \u00e9 referendado [&hellip;]<\/p>\n","protected":false},"author":1,"featured_media":49729,"comment_status":"closed","ping_status":"closed","sticky":false,"template":"","format":"standard","meta":{"om_disable_all_campaigns":false,"_exactmetrics_skip_tracking":false,"_exactmetrics_sitenote_active":false,"_exactmetrics_sitenote_note":"","_exactmetrics_sitenote_category":0,"footnotes":""},"categories":[19],"tags":[],"class_list":["post-49728","post","type-post","status-publish","format-standard","has-post-thumbnail","hentry","category-bahia"],"aioseo_notices":[],"_links":{"self":[{"href":"https:\/\/newsinfoco.com.br\/inicio\/wp-json\/wp\/v2\/posts\/49728","targetHints":{"allow":["GET"]}}],"collection":[{"href":"https:\/\/newsinfoco.com.br\/inicio\/wp-json\/wp\/v2\/posts"}],"about":[{"href":"https:\/\/newsinfoco.com.br\/inicio\/wp-json\/wp\/v2\/types\/post"}],"author":[{"embeddable":true,"href":"https:\/\/newsinfoco.com.br\/inicio\/wp-json\/wp\/v2\/users\/1"}],"replies":[{"embeddable":true,"href":"https:\/\/newsinfoco.com.br\/inicio\/wp-json\/wp\/v2\/comments?post=49728"}],"version-history":[{"count":1,"href":"https:\/\/newsinfoco.com.br\/inicio\/wp-json\/wp\/v2\/posts\/49728\/revisions"}],"predecessor-version":[{"id":49730,"href":"https:\/\/newsinfoco.com.br\/inicio\/wp-json\/wp\/v2\/posts\/49728\/revisions\/49730"}],"wp:featuredmedia":[{"embeddable":true,"href":"https:\/\/newsinfoco.com.br\/inicio\/wp-json\/wp\/v2\/media\/49729"}],"wp:attachment":[{"href":"https:\/\/newsinfoco.com.br\/inicio\/wp-json\/wp\/v2\/media?parent=49728"}],"wp:term":[{"taxonomy":"category","embeddable":true,"href":"https:\/\/newsinfoco.com.br\/inicio\/wp-json\/wp\/v2\/categories?post=49728"},{"taxonomy":"post_tag","embeddable":true,"href":"https:\/\/newsinfoco.com.br\/inicio\/wp-json\/wp\/v2\/tags?post=49728"}],"curies":[{"name":"wp","href":"https:\/\/api.w.org\/{rel}","templated":true}]}}