{"id":49734,"date":"2026-03-11T21:53:49","date_gmt":"2026-03-12T00:53:49","guid":{"rendered":"https:\/\/newsinfoco.com.br\/inicio\/?p=49734"},"modified":"2026-03-11T21:53:49","modified_gmt":"2026-03-12T00:53:49","slug":"camara-de-aprova-leis-estruturantes-e-atualiza-legislacao-municipal","status":"publish","type":"post","link":"https:\/\/newsinfoco.com.br\/inicio\/camara-de-aprova-leis-estruturantes-e-atualiza-legislacao-municipal\/","title":{"rendered":"C\u00e2mara de aprova leis estruturantes e atualiza legisla\u00e7\u00e3o municipal"},"content":{"rendered":"<div class=\"elementor-column elementor-col-50 elementor-top-column elementor-element elementor-element-166fa74c\" data-id=\"166fa74c\" data-element_type=\"column\">\n<div class=\"elementor-widget-wrap elementor-element-populated\">\n<div class=\"elementor-element elementor-element-8956c80 elementor-widget elementor-widget-theme-post-content\" data-id=\"8956c80\" data-element_type=\"widget\" data-widget_type=\"theme-post-content.default\">\n<div class=\"elementor-widget-container\">\n<p>Em um movimento voltado para o ordenamento e o desenvolvimento sustent\u00e1vel da cidade, a C\u00e2mara Municipal aprovou, na sess\u00e3o ordin\u00e1ria desta ter\u00e7a-feira (10), um pacote de leis estruturantes fundamentais para o futuro do munic\u00edpio. Foram aprovados os novos c\u00f3digos de Obras e Edifica\u00e7\u00f5es, Vigil\u00e2ncia em Sa\u00fade, Meio Ambiente e o c\u00f3digo Urban\u00edstico.<\/p>\n<p>A atualiza\u00e7\u00e3o era uma demanda represada h\u00e1 duas d\u00e9cadas. O Plano Diretor de Desenvolvimento Municipal (PDDM) anterior datava de 20 anos atr\u00e1s, deixando lacunas que dificultavam o planejamento\u00a0 e o crescimento organizado da cidade.<\/p><div class=\"newsi-conteudo_19\" id=\"newsi-1093653350\"><a href=\"https:\/\/www.instagram.com\/prefeituraalagoinhas?igsh=YzgzdDJ1bWR3aWI4\" aria-label=\"SAVE_20251006_221555\"><img loading=\"lazy\" decoding=\"async\" src=\"https:\/\/newsinfoco.com.br\/inicio\/wp-content\/uploads\/2025\/10\/SAVE_20251006_221555-rotated.jpg\" alt=\"\"  srcset=\"https:\/\/newsinfoco.com.br\/inicio\/wp-content\/uploads\/2025\/10\/SAVE_20251006_221555-rotated.jpg 1140w, https:\/\/newsinfoco.com.br\/inicio\/wp-content\/uploads\/2025\/10\/SAVE_20251006_221555-300x52.jpg 300w, https:\/\/newsinfoco.com.br\/inicio\/wp-content\/uploads\/2025\/10\/SAVE_20251006_221555-1024x177.jpg 1024w, https:\/\/newsinfoco.com.br\/inicio\/wp-content\/uploads\/2025\/10\/SAVE_20251006_221555-768x133.jpg 768w, https:\/\/newsinfoco.com.br\/inicio\/wp-content\/uploads\/2025\/10\/SAVE_20251006_221555-600x104.jpg 600w, https:\/\/newsinfoco.com.br\/inicio\/wp-content\/uploads\/2025\/10\/SAVE_20251006_221555-696x120.jpg 696w, https:\/\/newsinfoco.com.br\/inicio\/wp-content\/uploads\/2025\/10\/SAVE_20251006_221555-1068x185.jpg 1068w\" sizes=\"(max-width: 1140px) 100vw, 1140px\" width=\"1140\" height=\"197\"   \/><\/a><\/div>\n<p>A vota\u00e7\u00e3o foi marcada pelo tom de concilia\u00e7\u00e3o entre as bancadas de situa\u00e7\u00e3o e oposi\u00e7\u00e3o. O l\u00edder do governo, vereadorThor de Ninha, destacou que as novas ferramentas permitir\u00e3o que a sociedade cres\u00e7a com seguran\u00e7a jur\u00eddica. \u201cN\u00e3o s\u00e3o apenas pe\u00e7as legislativas, s\u00e3o instrumentos que colocar\u00e3o nossa cidade na rota do desenvolvimento\u201d, afirmou, agradecendo o di\u00e1logo com a l\u00edder da oposi\u00e7\u00e3o, vereadora Luma Menezes, e o trabalho t\u00e9cnico do ConCidades e do Condema.<\/p>\n<div class=\"wp-block-image\"><\/div>\n<p>O presidente da Casa, vereador Jos\u00e9 Cleto, refor\u00e7ou que a iniciativa partiu de um compromisso da atual gest\u00e3o, sob a lideran\u00e7a do prefeito Gustavo Carmo e do vice-prefeito e secret\u00e1rio de Sa\u00fade, Luciano S\u00e9rgio. \u201cSempre fomos cobrados pela atualiza\u00e7\u00e3o do PDDU em entrevistas e debates. A C\u00e2mara cumpriu seu papel com maturidade, respeitando prazos e dialogando com todos os setores para entregar esse marco \u00e0 popula\u00e7\u00e3o\u201d, pontuou.<\/p>\n<div class=\"wp-block-image\"><\/div>\n<p>Para o vereador Luciano Almeida, a aprova\u00e7\u00e3o encerra um ciclo de frustra\u00e7\u00e3o t\u00e9cnica e pol\u00edtica. \u201cAlagoinhas crescia de forma desordenada porque n\u00e3o havia limites estabelecidos. Validar esse processo \u00e9 n\u00e3o negar a hist\u00f3ria. Quem ganha \u00e9 o profissional que agora tem diretrizes claras e o cidad\u00e3o que ter\u00e1 uma cidade organizada\u201d, declarou, comparando o impacto da medida ao projeto de \u201ccepeamento\u201d que beneficiou bairros perif\u00e9ricos.<\/p>\n<div class=\"wp-block-image\"><\/div>\n<p>A valoriza\u00e7\u00e3o dos servidores t\u00e9cnicos, protagonistas na reda\u00e7\u00e3o dos textos, tamb\u00e9m foi registrada por sua import\u00e2ncia. \u00a0A vereadora Jaldice Nunes e o vereador Caio Ramos enfatizaram que o sucesso da aprova\u00e7\u00e3o se deve \u00e0 qualidade do trabalho dos servidores efetivos e comissionados. \u201c\u00c9 um orgulho aprovar projetos feitos pelas m\u00e3os de voc\u00eas. Que esse reconhecimento se transforme em valoriza\u00e7\u00e3o constante\u201d, destacou Jaldice.<\/p>\n<div class=\"wp-block-image\"><\/div>\n<p><strong>O que mudou?<\/strong><\/p>\n<p>Com a aprova\u00e7\u00e3o dos quatro c\u00f3digos, Alagoinhas passa a contar com regras modernas para:<\/p>\n<ul class=\"wp-block-list\">\n<li><strong>Obras e Edifica\u00e7\u00f5es:<\/strong>\u00a0Agilidade em licenciamentos e novos padr\u00f5es construtivos.<\/li>\n<li><strong>Urbanismo:<\/strong>\u00a0Defini\u00e7\u00e3o clara de per\u00edmetros e uso do solo.<\/li>\n<li><strong>Meio Ambiente:<\/strong>\u00a0Prote\u00e7\u00e3o de recursos naturais alinhada \u00e0 expans\u00e3o urbana.<\/li>\n<li><strong>Vigil\u00e2ncia em Sa\u00fade:<\/strong>\u00a0Atualiza\u00e7\u00e3o de protocolos sanit\u00e1rios e fiscaliza\u00e7\u00e3o.<\/li>\n<\/ul>\n<p>A sess\u00e3o foi encerrada sob clima de celebra\u00e7\u00e3o entre parlamentares e a equipe t\u00e9cnica do governo, consolidando o que os vereadores classificaram como o \u201cin\u00edcio de um novo marco\u201d para a infraestrutura de Alagoinhas.<\/p>\n<p><strong>Ascom \u2013 C\u00e2mara Municipal de Alagoinhas<\/strong><\/p>\n<p><strong>Fotos \u2013 Jh\u00f4 Paz<\/strong><\/p>\n<\/div>\n<\/div>\n<\/div>\n<\/div>\n<div class=\"elementor-column elementor-col-50 elementor-top-column elementor-element elementor-element-263f143b\" data-id=\"263f143b\" data-element_type=\"column\">\n<div class=\"elementor-widget-wrap elementor-element-populated\">\n<div class=\"elementor-element elementor-element-19118fd7 elementor-widget elementor-widget-heading\" data-id=\"19118fd7\" data-element_type=\"widget\" data-widget_type=\"heading.default\">\n<div class=\"elementor-widget-container\"><\/div>\n<\/div>\n<\/div>\n<\/div>\n<div class='share-to-whatsapp-wrapper'><div class='share-on-whsp'>Share on: <\/div><a data-text='C\u00e2mara de aprova leis estruturantes e atualiza legisla\u00e7\u00e3o municipal' data-link='https:\/\/newsinfoco.com.br\/inicio\/camara-de-aprova-leis-estruturantes-e-atualiza-legislacao-municipal\/' class='whatsapp-button whatsapp-share'>WhatsApp<\/a><div class='clear '><\/div><\/div>","protected":false},"excerpt":{"rendered":"<p>Em um movimento voltado para o ordenamento e o desenvolvimento sustent\u00e1vel da cidade, a C\u00e2mara Municipal aprovou, na sess\u00e3o ordin\u00e1ria desta ter\u00e7a-feira (10), um pacote de leis estruturantes fundamentais para o futuro do munic\u00edpio. Foram aprovados os novos c\u00f3digos de Obras e Edifica\u00e7\u00f5es, Vigil\u00e2ncia em Sa\u00fade, Meio Ambiente e o c\u00f3digo Urban\u00edstico. A atualiza\u00e7\u00e3o era [&hellip;]<\/p>\n","protected":false},"author":1,"featured_media":49735,"comment_status":"closed","ping_status":"closed","sticky":false,"template":"","format":"standard","meta":{"om_disable_all_campaigns":false,"_exactmetrics_skip_tracking":false,"_exactmetrics_sitenote_active":false,"_exactmetrics_sitenote_note":"","_exactmetrics_sitenote_category":0,"footnotes":""},"categories":[19],"tags":[],"class_list":["post-49734","post","type-post","status-publish","format-standard","has-post-thumbnail","hentry","category-bahia"],"aioseo_notices":[],"_links":{"self":[{"href":"https:\/\/newsinfoco.com.br\/inicio\/wp-json\/wp\/v2\/posts\/49734","targetHints":{"allow":["GET"]}}],"collection":[{"href":"https:\/\/newsinfoco.com.br\/inicio\/wp-json\/wp\/v2\/posts"}],"about":[{"href":"https:\/\/newsinfoco.com.br\/inicio\/wp-json\/wp\/v2\/types\/post"}],"author":[{"embeddable":true,"href":"https:\/\/newsinfoco.com.br\/inicio\/wp-json\/wp\/v2\/users\/1"}],"replies":[{"embeddable":true,"href":"https:\/\/newsinfoco.com.br\/inicio\/wp-json\/wp\/v2\/comments?post=49734"}],"version-history":[{"count":1,"href":"https:\/\/newsinfoco.com.br\/inicio\/wp-json\/wp\/v2\/posts\/49734\/revisions"}],"predecessor-version":[{"id":49736,"href":"https:\/\/newsinfoco.com.br\/inicio\/wp-json\/wp\/v2\/posts\/49734\/revisions\/49736"}],"wp:featuredmedia":[{"embeddable":true,"href":"https:\/\/newsinfoco.com.br\/inicio\/wp-json\/wp\/v2\/media\/49735"}],"wp:attachment":[{"href":"https:\/\/newsinfoco.com.br\/inicio\/wp-json\/wp\/v2\/media?parent=49734"}],"wp:term":[{"taxonomy":"category","embeddable":true,"href":"https:\/\/newsinfoco.com.br\/inicio\/wp-json\/wp\/v2\/categories?post=49734"},{"taxonomy":"post_tag","embeddable":true,"href":"https:\/\/newsinfoco.com.br\/inicio\/wp-json\/wp\/v2\/tags?post=49734"}],"curies":[{"name":"wp","href":"https:\/\/api.w.org\/{rel}","templated":true}]}}