{"id":50149,"date":"2026-04-07T15:32:06","date_gmt":"2026-04-07T18:32:06","guid":{"rendered":"https:\/\/newsinfoco.com.br\/inicio\/?p=50149"},"modified":"2026-04-07T15:32:06","modified_gmt":"2026-04-07T18:32:06","slug":"fafa-de-belem-apresenta-show-intimista-em-salvador-com-voz-e-piano","status":"publish","type":"post","link":"https:\/\/newsinfoco.com.br\/inicio\/fafa-de-belem-apresenta-show-intimista-em-salvador-com-voz-e-piano\/","title":{"rendered":"Faf\u00e1 de Bel\u00e9m apresenta show intimista em Salvador com voz e piano"},"content":{"rendered":"<div class=\"conteudo_post\">\n<p data-start=\"175\" data-end=\"558\">Nos dias 17 e 18 de abril, sempre \u00e0s 20h, a cantora\u00a0<strong><span class=\"hover:entity-accent entity-underline inline cursor-pointer align-baseline\"><span class=\"whitespace-normal\">Faf\u00e1 de Bel\u00e9m<\/span><\/span><\/strong>\u00a0se apresenta na\u00a0<strong><span class=\"hover:entity-accent entity-underline inline cursor-pointer align-baseline\"><span class=\"whitespace-normal\">Esta\u00e7\u00e3o Rubi<\/span><\/span><\/strong>, localizada no hist\u00f3rico\u00a0<strong><span class=\"hover:entity-accent entity-underline inline cursor-pointer align-baseline\"><span class=\"whitespace-normal\">Palacete Tira-Chap\u00e9u<\/span><\/span><\/strong>, no centro de\u00a0<span class=\"hover:entity-accent entity-underline inline cursor-pointer align-baseline\"><span class=\"whitespace-normal\">Salvador<\/span><\/span>. Considerada uma das grandes vozes da m\u00fasica brasileira, a artista traz \u00e0 capital baiana um espet\u00e1culo em formato intimista.<\/p>\n<p data-start=\"560\" data-end=\"850\">Conhecida por explorar diferentes formatos de apresenta\u00e7\u00e3o ao longo da carreira, Faf\u00e1 aposta desta vez no show \u201c<strong>Voz e Piano<\/strong>\u201d, que dialoga com a atmosfera acolhedora e hist\u00f3rica do espa\u00e7o. A proposta \u00e9 oferecer uma experi\u00eancia mais pr\u00f3xima do p\u00fablico, valorizando a emo\u00e7\u00e3o e a interpreta\u00e7\u00e3o.<\/p>\n<p data-start=\"852\" data-end=\"1103\">O espet\u00e1culo, elegante e ao mesmo tempo popular, re\u00fane um repert\u00f3rio de grandes sucessos e foi pensado para estimular a intera\u00e7\u00e3o com a plateia. No palco, a cantora contar\u00e1 com a participa\u00e7\u00e3o especial do pianista\u00a0<span class=\"hover:entity-accent entity-underline inline cursor-pointer align-baseline\"><span class=\"whitespace-normal\">Jo\u00e3o Rebou\u00e7as<\/span><\/span>.<\/p>\n<p data-start=\"1105\" data-end=\"1361\">\u201cN\u00e3o paro de fazer shows por todo o Brasil, em diversos formatos. Mas as apresenta\u00e7\u00f5es ac\u00fasticas e intimistas s\u00e3o sempre muito especiais porque nos aproximam do p\u00fablico\u201d, afirma a artista. \u201c\u00c9 sempre um grande desafio, e eu gosto de enfrent\u00e1-los\u201d, completa.<\/p>\n<div>\n<div>\n<div class=\"trv-player-container\">\n<div class=\"trv-wrapper\">\n<div id=\"br_video_player_e777a836f5e057901fef137fa4e0cd9dc3c659f9\" class=\"trvd_video_player trvdinstream\">\n<div class=\"media-player\">\n<div class=\"trv-video\">\n<div id=\"truvid_ima_container6134\" class=\"truvid_ima_container\">\n<div>\n<div>\n<div><\/div>\n<\/div>\n<p><iframe loading=\"lazy\" id=\"goog_1661272533\" title=\"Advertisement\" src=\"https:\/\/imasdk.googleapis.com\/js\/core\/bridge3.755.3_en.html#deid=%22%22&amp;eventfe_experiment_ids=%5B%5D&amp;fid=%22goog_1661272533%22&amp;genotype_experiment_data=%7B%22experimentStateProto%22%3A%22%5B%5B%5B45713128%2Cnull%2Cnull%2C%5B%5D%5D%2C%5Bnull%2C745150931%2Cnull%2C%5Bnull%2C1%5D%5D%2C%5Bnull%2C749060184%2Cnull%2C%5Bnull%2C128%5D%5D%2C%5B841585769%2Cnull%2Cnull%2C%5B1%5D%5D%2C%5B45761044%2Cnull%2Cnull%2C%5B%5D%5D%2C%5B45722344%2Cnull%2Cnull%2C%5B%5D%5D%2C%5B45706017%2Cnull%2Cnull%2C%5B1%5D%5D%2C%5B45668885%2Cnull%2Cnull%2C%5B%5D%5D%2C%5B45685340%2Cnull%2Cnull%2C%5B%5D%5D%2C%5B45765927%2Cnull%2Cnull%2C%5B%5D%5D%2C%5B45734716%2Cnull%2Cnull%2C%5B%5D%5D%2C%5B45735891%2Cnull%2Cnull%2C%5B%5D%5D%2C%5B45663239%2Cnull%2Cnull%2C%5B%5D%5D%2C%5B45715032%2Cnull%2Cnull%2C%5B1%5D%5D%2C%5B45661356%2Cnull%2Cnull%2C%5B%5D%5D%2C%5B839547366%2Cnull%2Cnull%2C%5B1%5D%5D%2C%5B45676441%2Cnull%2Cnull%2C%5B%5D%5D%2C%5Bnull%2C45645574%2Cnull%2C%5B%5D%5D%2C%5B45688859%2Cnull%2Cnull%2C%5B%5D%5D%2C%5B45656766%2Cnull%2Cnull%2C%5B%5D%5D%2C%5B45710689%2Cnull%2Cnull%2C%5B%5D%5D%2C%5B45710688%2Cnull%2Cnull%2C%5B1%5D%5D%2C%5B45685601%2Cnull%2Cnull%2C%5B%5D%5D%2C%5Bnull%2C45685602%2Cnull%2C%5Bnull%2C500%5D%5D%2C%5Bnull%2C45767902%2Cnull%2C%5Bnull%2C500%5D%5D%2C%5B45756824%2Cnull%2Cnull%2C%5B%5D%5D%2C%5B45747172%2Cnull%2Cnull%2C%5B%5D%5D%2C%5B775241416%2Cnull%2Cnull%2C%5B%5D%5D%2C%5B781107959%2Cnull%2Cnull%2C%5B%5D%5D%2C%5B781107958%2Cnull%2Cnull%2C%5B%5D%5D%2C%5B792614055%2Cnull%2Cnull%2C%5B%5D%5D%2C%5B781107957%2Cnull%2Cnull%2C%5B%5D%5D%2C%5B45729602%2Cnull%2Cnull%2C%5B%5D%5D%2C%5B45753603%2Cnull%2Cnull%2C%5B%5D%5D%2C%5B45753604%2Cnull%2Cnull%2C%5B%5D%5D%5D%2C%5B%5B16%2C%5B%5B1%2C%5B%5B31089630%5D%2C%5B31089631%2C%5B%5B45668885%2Cnull%2Cnull%2C%5B1%5D%5D%5D%5D%5D%5D%2C%5B10%2C%5B%5B31097690%5D%2C%5B31097691%2C%5B%5B846355750%2Cnull%2Cnull%2C%5B1%5D%5D%5D%5D%5D%5D%2C%5B1000%2C%5B%5B95332046%5D%5D%5D%2C%5Bnull%2C%5B%5B95332047%5D%5D%5D%2C%5B10%2C%5B%5B95338769%2C%5B%5Bnull%2C45645574%2Cnull%2C%5Bnull%2C1%5D%5D%5D%5D%2C%5B95338770%2C%5B%5Bnull%2C45645574%2Cnull%2C%5Bnull%2C2%5D%5D%5D%5D%5D%5D%2C%5B50%2C%5B%5B95345206%5D%2C%5B95345207%2C%5B%5B45661356%2Cnull%2Cnull%2C%5B1%5D%5D%5D%5D%5D%5D%2C%5B1%2C%5B%5B95351425%5D%2C%5B95351426%2C%5B%5B45676441%2Cnull%2Cnull%2C%5B1%5D%5D%5D%5D%5D%5D%2C%5B20%2C%5B%5B95356068%5D%2C%5B95356069%2C%5B%5B45685601%2Cnull%2Cnull%2C%5B%5D%5D%2C%5Bnull%2C45685602%2Cnull%2C%5B%5D%5D%5D%5D%2C%5B95356070%2C%5B%5B45685601%2Cnull%2Cnull%2C%5B1%5D%5D%2C%5Bnull%2C45685602%2Cnull%2C%5B%5D%5D%5D%5D%2C%5B95356071%2C%5B%5B45685601%2Cnull%2Cnull%2C%5B1%5D%5D%2C%5Bnull%2C45685602%2Cnull%2C%5Bnull%2C100%5D%5D%5D%5D%5D%5D%2C%5B1%2C%5B%5B95373378%2C%5B%5B792614055%2Cnull%2Cnull%2C%5B1%5D%5D%5D%5D%2C%5B95373379%2C%5B%5B45747172%2Cnull%2Cnull%2C%5B1%5D%5D%2C%5B781107959%2Cnull%2Cnull%2C%5B1%5D%5D%2C%5B792614055%2Cnull%2Cnull%2C%5B1%5D%5D%2C%5B781107957%2Cnull%2Cnull%2C%5B1%5D%5D%5D%5D%5D%5D%2C%5B10%2C%5B%5B95378629%5D%2C%5B95378630%2C%5B%5B45729602%2Cnull%2Cnull%2C%5B1%5D%5D%5D%5D%2C%5B95381582%2C%5B%5B45729602%2Cnull%2Cnull%2C%5B1%5D%5D%2C%5B45753603%2Cnull%2Cnull%2C%5B1%5D%5D%5D%5D%2C%5B95381583%2C%5B%5B45729602%2Cnull%2Cnull%2C%5B1%5D%5D%2C%5B45753604%2Cnull%2Cnull%2C%5B1%5D%5D%5D%5D%5D%5D%2C%5B10%2C%5B%5B95382403%5D%2C%5B95386528%2C%5B%5Bnull%2C45767902%2Cnull%2C%5B%5D%5D%2C%5B45756824%2Cnull%2Cnull%2C%5B1%5D%5D%5D%5D%2C%5B95386532%2C%5B%5Bnull%2C45767902%2Cnull%2C%5Bnull%2C100%5D%5D%2C%5B45756824%2Cnull%2Cnull%2C%5B1%5D%5D%5D%5D%2C%5B95386533%2C%5B%5Bnull%2C45767902%2Cnull%2C%5Bnull%2C300%5D%5D%2C%5B45756824%2Cnull%2Cnull%2C%5B1%5D%5D%5D%5D%2C%5B95386534%2C%5B%5Bnull%2C45767902%2Cnull%2C%5Bnull%2C500%5D%5D%2C%5B45756824%2Cnull%2Cnull%2C%5B1%5D%5D%5D%5D%5D%5D%2C%5Bnull%2C%5B%5B95385117%5D%2C%5B95385118%2C%5B%5B45761044%2Cnull%2Cnull%2C%5B1%5D%5D%5D%5D%5D%5D%2C%5Bnull%2C%5B%5B95385193%5D%2C%5B95385194%2C%5B%5B45765927%2Cnull%2Cnull%2C%5B1%5D%5D%5D%5D%5D%5D%5D%5D%5D%2Cnull%2Cnull%2C%5Bnull%2C1000%2C1%2C1000%5D%5D%22%7D&amp;imalib_experiments=%5B95322027%2C95331589%2C95332046%2C95379824%5D&amp;is_eap_loader=false&amp;managed_js_experiment_id=0&amp;page_correlator=1489948065007438&amp;pvsid=3045937921767060&amp;top_accessible_page_url=%22https%3A%2F%2Fbahia.ba%2Fentretenimento%2Ffafa-de-belem-apresenta-show-intimista-em-salvador-com-voz-e-piano%2F%22\" width=\"348\" height=\"195\" allowfullscreen=\"allowfullscreen\" data-mce-fragment=\"1\"><\/iframe><iframe title=\"Advertisement\" data-mce-fragment=\"1\"><\/iframe><\/div>\n<\/div>\n<\/div>\n<div class=\"trv-poster\"><img decoding=\"async\" class=\"trv-poster-img\" src=\"https:\/\/src.trvdp.com\/images\/cc51591b149bb94bacaae1c9c4fa83167a830923_2.jpg\" alt=\"bahia-ba\" \/><\/div>\n<div class=\"video-overlay\"><\/div>\n<\/div>\n<div class=\"trv-autoskip-container\">\n<div class=\"trv-autoskip-background\"><img class=\"trv-autoskip-poster\" alt=\"auto skip\" width=\"192\" height=\"108\" \/><\/p>\n<div class=\"trv-autoskip-line-top\">\n<div><\/div>\n<\/div>\n<div class=\"trv-autoskip-line-right\">\n<div><\/div>\n<\/div>\n<div class=\"trv-autoskip-line-bottom\">\n<div><\/div>\n<\/div>\n<div class=\"trv-autoskip-line-left\">\n<div><\/div>\n<\/div>\n<\/div>\n<div class=\"autoskip-btn autoskip-btn-blue\"><\/div>\n<div class=\"autoskip-btn autoskip-btn-gray\"><\/div>\n<\/div>\n<div><\/div>\n<p><img decoding=\"async\" src=\"https:\/\/image8.pubmatic.com\/AdServer\/ImgSync?p=167031&amp;gdpr=0&amp;gdpr_consent=&amp;pu=https%3A%2F%2Fv6.truvidplayer.com%2Flive%2Fusersync.php%3Fprovider_id%3Dpubmatic%26user_id%3D%23PMUID%26agreed%3Dfalse%26gdprApplies%3D0\" \/><img decoding=\"async\" src=\"https:\/\/ad.360yield.com\/server_match?partner_id=N&amp;gdpr=0&amp;gdpr_consent=&amp;us_privacy=1---&amp;r=https%3A%2F%2Fv6.truvidplayer.com%2Flive%2Fusersync.php%3Fprovider_id%3Dazerion%26user_id%3D%7BPUB_USER_ID%7D%26agreed%3Dfalse%26gdprApplies%3D0\" \/><img decoding=\"async\" src=\"https:\/\/sync.smartadserver.com\/getuid?url=https%3A%2F%2Fv6.truvidplayer.com%2Flive%2Fusersync.php%3Fprovider_id%3Dequative%26gdprApplies%3D0%26user_id%3D[sas_uid]%26agreed%3Dfalse&amp;gdpr_consent=&amp;nwid=3356\" \/><img decoding=\"async\" src=\"https:\/\/fast.nexx360.io\/usermatchredir\/redirect?gdpr=0&amp;gdpr_consent=&amp;redir=https%3A%2F%2Fv6.truvidplayer.com%2Flive%2Fusersync.php%3Fprovider_id%3Dunruly%26user_id%3D%24UID%26agreed%3Dfalse%26gdprApplies%3D0\" \/><\/div>\n<\/div>\n<\/div>\n<\/div>\n<\/div>\n<p data-start=\"1363\" data-end=\"1651\">No repert\u00f3rio, o p\u00fablico poder\u00e1 ouvir cl\u00e1ssicos como\u00a0<strong>\u201c<\/strong><em><strong>Mem\u00f3rias\u201d, \u201cCora\u00e7\u00e3o do Agreste\u201d, \u201cAbandonada\u201d, \u201cNuvem de L\u00e1grimas\u201d, \u201cFoi Assim\u201d, \u201cAndan\u00e7a\u201d, \u201cSob Medida\u201d, \u201cMeu Disfarce\u201d, \u201cBilhete\u201d<\/strong><\/em>\u00a0e\u00a0<em><strong>\u201cAve Maria\u201d.<\/strong><\/em>\u00a0A apresenta\u00e7\u00e3o prop\u00f5e uma viagem por d\u00e9cadas de carreira, em clima de sarau e serenata.<\/p>\n<p data-start=\"1653\" data-end=\"1933\" data-is-last-node=\"\" data-is-only-node=\"\">A Esta\u00e7\u00e3o Rubi \u00e9 fruto da parceria entre o N\u00facleo de A\u00e7\u00f5es Culturais Estrat\u00e9gicas (Nace) e o Tira-Chap\u00e9u, com patroc\u00ednio da\u00a0<span class=\"hover:entity-accent entity-underline inline cursor-pointer align-baseline\"><span class=\"whitespace-normal\">Heineken<\/span><\/span>\u00a0e do Governo do Estado da Bahia, por meio do programa Fazcultura, da Secretaria de Cultura e da Secretaria da Fazenda.<\/p>\n<\/div>\n<div id=\"author-info\" class=\"ui items\">\n<div class=\"item\">Bahia.Ba<\/div>\n<\/div>\n<div class='share-to-whatsapp-wrapper'><div class='share-on-whsp'>Share on: <\/div><a data-text='Faf\u00e1 de Bel\u00e9m apresenta show intimista em Salvador com voz e piano' data-link='https:\/\/newsinfoco.com.br\/inicio\/fafa-de-belem-apresenta-show-intimista-em-salvador-com-voz-e-piano\/' class='whatsapp-button whatsapp-share'>WhatsApp<\/a><div class='clear '><\/div><\/div>","protected":false},"excerpt":{"rendered":"<p>Nos dias 17 e 18 de abril, sempre \u00e0s 20h, a cantora\u00a0Faf\u00e1 de Bel\u00e9m\u00a0se apresenta na\u00a0Esta\u00e7\u00e3o Rubi, localizada no hist\u00f3rico\u00a0Palacete Tira-Chap\u00e9u, no centro de\u00a0Salvador. Considerada uma das grandes vozes da m\u00fasica brasileira, a artista traz \u00e0 capital baiana um espet\u00e1culo em formato intimista. Conhecida por explorar diferentes formatos de apresenta\u00e7\u00e3o ao longo da carreira, Faf\u00e1 [&hellip;]<\/p>\n","protected":false},"author":1,"featured_media":50150,"comment_status":"closed","ping_status":"closed","sticky":false,"template":"","format":"standard","meta":{"om_disable_all_campaigns":false,"rop_custom_images_group":[],"rop_custom_messages_group":[],"rop_publish_now":"initial","rop_publish_now_accounts":[],"rop_publish_now_history":[],"rop_publish_now_status":"pending","_exactmetrics_skip_tracking":false,"footnotes":""},"categories":[19],"tags":[],"class_list":["post-50149","post","type-post","status-publish","format-standard","has-post-thumbnail","hentry","category-bahia"],"aioseo_notices":[],"aioseo_head":"\n\t\t<!-- All in One SEO 4.9.10 - aioseo.com -->\n\t<meta name=\"description\" content=\"Nos dias 17 e 18 de abril, sempre \u00e0s 20h, a cantora Faf\u00e1 de Bel\u00e9m se apresenta na Esta\u00e7\u00e3o Rubi, localizada no hist\u00f3rico Palacete Tira-Chap\u00e9u, no centro de Salvador. Considerada uma das grandes vozes da m\u00fasica brasileira, a artista traz \u00e0 capital baiana um espet\u00e1culo em formato intimista. Conhecida por explorar diferentes formatos de apresenta\u00e7\u00e3o ao longo da carreira, Faf\u00e1\" \/>\n\t<meta name=\"robots\" content=\"max-image-preview:large\" \/>\n\t<meta name=\"author\" content=\"administrador\"\/>\n\t<link rel=\"canonical\" href=\"https:\/\/newsinfoco.com.br\/inicio\/fafa-de-belem-apresenta-show-intimista-em-salvador-com-voz-e-piano\/\" \/>\n\t<meta name=\"generator\" content=\"All in One SEO (AIOSEO) 4.9.10\" \/>\n\t\t<meta property=\"og:locale\" content=\"pt_BR\" \/>\n\t\t<meta property=\"og:site_name\" content=\"News In Foco - Editado por Caio Pimenta - O principal site de noticias de Alagoinhas e regi\u00e3o\" \/>\n\t\t<meta property=\"og:type\" content=\"article\" \/>\n\t\t<meta property=\"og:title\" content=\"Faf\u00e1 de Bel\u00e9m apresenta show intimista em Salvador com voz e piano - News In Foco - Editado por Caio Pimenta\" \/>\n\t\t<meta property=\"og:description\" content=\"Nos dias 17 e 18 de abril, sempre \u00e0s 20h, a cantora Faf\u00e1 de Bel\u00e9m se apresenta na Esta\u00e7\u00e3o Rubi, localizada no hist\u00f3rico Palacete Tira-Chap\u00e9u, no centro de Salvador. Considerada uma das grandes vozes da m\u00fasica brasileira, a artista traz \u00e0 capital baiana um espet\u00e1culo em formato intimista. Conhecida por explorar diferentes formatos de apresenta\u00e7\u00e3o ao longo da carreira, Faf\u00e1\" \/>\n\t\t<meta property=\"og:url\" content=\"https:\/\/newsinfoco.com.br\/inicio\/fafa-de-belem-apresenta-show-intimista-em-salvador-com-voz-e-piano\/\" \/>\n\t\t<meta property=\"article:published_time\" content=\"2026-04-07T18:32:06+00:00\" \/>\n\t\t<meta property=\"article:modified_time\" content=\"2026-04-07T18:32:06+00:00\" \/>\n\t\t<meta name=\"twitter:card\" content=\"summary_large_image\" \/>\n\t\t<meta name=\"twitter:title\" content=\"Faf\u00e1 de Bel\u00e9m apresenta show intimista em Salvador com voz e piano - News In Foco - Editado por Caio Pimenta\" \/>\n\t\t<meta name=\"twitter:description\" content=\"Nos dias 17 e 18 de abril, sempre \u00e0s 20h, a cantora Faf\u00e1 de Bel\u00e9m se apresenta na Esta\u00e7\u00e3o Rubi, localizada no hist\u00f3rico Palacete Tira-Chap\u00e9u, no centro de Salvador. Considerada uma das grandes vozes da m\u00fasica brasileira, a artista traz \u00e0 capital baiana um espet\u00e1culo em formato intimista. Conhecida por explorar diferentes formatos de apresenta\u00e7\u00e3o ao longo da carreira, Faf\u00e1\" \/>\n\t\t<script type=\"application\/ld+json\" class=\"aioseo-schema\">\n\t\t\t{\"@context\":\"https:\\\/\\\/schema.org\",\"@graph\":[{\"@type\":\"BlogPosting\",\"@id\":\"https:\\\/\\\/newsinfoco.com.br\\\/inicio\\\/fafa-de-belem-apresenta-show-intimista-em-salvador-com-voz-e-piano\\\/#blogposting\",\"name\":\"Faf\\u00e1 de Bel\\u00e9m apresenta show intimista em Salvador com voz e piano - News In Foco - Editado por Caio Pimenta\",\"headline\":\"Faf\\u00e1 de Bel\\u00e9m apresenta show intimista em Salvador com voz e piano\",\"author\":{\"@id\":\"https:\\\/\\\/newsinfoco.com.br\\\/inicio\\\/author\\\/administrador\\\/#author\"},\"publisher\":{\"@id\":\"https:\\\/\\\/newsinfoco.com.br\\\/inicio\\\/#organization\"},\"image\":{\"@type\":\"ImageObject\",\"url\":\"https:\\\/\\\/newsinfoco.com.br\\\/inicio\\\/wp-content\\\/uploads\\\/2026\\\/04\\\/Fafa-scaled-1.jpg\",\"width\":1708,\"height\":2560},\"datePublished\":\"2026-04-07T15:32:06-03:00\",\"dateModified\":\"2026-04-07T15:32:06-03:00\",\"inLanguage\":\"pt-BR\",\"mainEntityOfPage\":{\"@id\":\"https:\\\/\\\/newsinfoco.com.br\\\/inicio\\\/fafa-de-belem-apresenta-show-intimista-em-salvador-com-voz-e-piano\\\/#webpage\"},\"isPartOf\":{\"@id\":\"https:\\\/\\\/newsinfoco.com.br\\\/inicio\\\/fafa-de-belem-apresenta-show-intimista-em-salvador-com-voz-e-piano\\\/#webpage\"},\"articleSection\":\"Bahia\"},{\"@type\":\"BreadcrumbList\",\"@id\":\"https:\\\/\\\/newsinfoco.com.br\\\/inicio\\\/fafa-de-belem-apresenta-show-intimista-em-salvador-com-voz-e-piano\\\/#breadcrumblist\",\"itemListElement\":[{\"@type\":\"ListItem\",\"@id\":\"https:\\\/\\\/newsinfoco.com.br\\\/inicio#listItem\",\"position\":1,\"name\":\"In\\u00edcio\",\"item\":\"https:\\\/\\\/newsinfoco.com.br\\\/inicio\",\"nextItem\":{\"@type\":\"ListItem\",\"@id\":\"https:\\\/\\\/newsinfoco.com.br\\\/inicio\\\/category\\\/bahia\\\/#listItem\",\"name\":\"Bahia\"}},{\"@type\":\"ListItem\",\"@id\":\"https:\\\/\\\/newsinfoco.com.br\\\/inicio\\\/category\\\/bahia\\\/#listItem\",\"position\":2,\"name\":\"Bahia\",\"item\":\"https:\\\/\\\/newsinfoco.com.br\\\/inicio\\\/category\\\/bahia\\\/\",\"nextItem\":{\"@type\":\"ListItem\",\"@id\":\"https:\\\/\\\/newsinfoco.com.br\\\/inicio\\\/fafa-de-belem-apresenta-show-intimista-em-salvador-com-voz-e-piano\\\/#listItem\",\"name\":\"Faf\\u00e1 de Bel\\u00e9m apresenta show intimista em Salvador com voz e piano\"},\"previousItem\":{\"@type\":\"ListItem\",\"@id\":\"https:\\\/\\\/newsinfoco.com.br\\\/inicio#listItem\",\"name\":\"In\\u00edcio\"}},{\"@type\":\"ListItem\",\"@id\":\"https:\\\/\\\/newsinfoco.com.br\\\/inicio\\\/fafa-de-belem-apresenta-show-intimista-em-salvador-com-voz-e-piano\\\/#listItem\",\"position\":3,\"name\":\"Faf\\u00e1 de Bel\\u00e9m apresenta show intimista em Salvador com voz e piano\",\"previousItem\":{\"@type\":\"ListItem\",\"@id\":\"https:\\\/\\\/newsinfoco.com.br\\\/inicio\\\/category\\\/bahia\\\/#listItem\",\"name\":\"Bahia\"}}]},{\"@type\":\"Organization\",\"@id\":\"https:\\\/\\\/newsinfoco.com.br\\\/inicio\\\/#organization\",\"name\":\"News In Foco - Editado por Caio Pimenta\",\"description\":\"O principal site de noticias de Alagoinhas e regi\\u00e3o\",\"url\":\"https:\\\/\\\/newsinfoco.com.br\\\/inicio\\\/\"},{\"@type\":\"Person\",\"@id\":\"https:\\\/\\\/newsinfoco.com.br\\\/inicio\\\/author\\\/administrador\\\/#author\",\"url\":\"https:\\\/\\\/newsinfoco.com.br\\\/inicio\\\/author\\\/administrador\\\/\",\"name\":\"administrador\",\"image\":{\"@type\":\"ImageObject\",\"@id\":\"https:\\\/\\\/newsinfoco.com.br\\\/inicio\\\/fafa-de-belem-apresenta-show-intimista-em-salvador-com-voz-e-piano\\\/#authorImage\",\"url\":\"https:\\\/\\\/secure.gravatar.com\\\/avatar\\\/c17a617433de8c1dc9584bb79aab7563b46f5bb7e1728c9b17d9cc3ce6a08e49?s=96&d=mm&r=g\",\"width\":96,\"height\":96,\"caption\":\"administrador\"}},{\"@type\":\"WebPage\",\"@id\":\"https:\\\/\\\/newsinfoco.com.br\\\/inicio\\\/fafa-de-belem-apresenta-show-intimista-em-salvador-com-voz-e-piano\\\/#webpage\",\"url\":\"https:\\\/\\\/newsinfoco.com.br\\\/inicio\\\/fafa-de-belem-apresenta-show-intimista-em-salvador-com-voz-e-piano\\\/\",\"name\":\"Faf\\u00e1 de Bel\\u00e9m apresenta show intimista em Salvador com voz e piano - News In Foco - Editado por Caio Pimenta\",\"description\":\"Nos dias 17 e 18 de abril, sempre \\u00e0s 20h, a cantora Faf\\u00e1 de Bel\\u00e9m se apresenta na Esta\\u00e7\\u00e3o Rubi, localizada no hist\\u00f3rico Palacete Tira-Chap\\u00e9u, no centro de Salvador. Considerada uma das grandes vozes da m\\u00fasica brasileira, a artista traz \\u00e0 capital baiana um espet\\u00e1culo em formato intimista. Conhecida por explorar diferentes formatos de apresenta\\u00e7\\u00e3o ao longo da carreira, Faf\\u00e1\",\"inLanguage\":\"pt-BR\",\"isPartOf\":{\"@id\":\"https:\\\/\\\/newsinfoco.com.br\\\/inicio\\\/#website\"},\"breadcrumb\":{\"@id\":\"https:\\\/\\\/newsinfoco.com.br\\\/inicio\\\/fafa-de-belem-apresenta-show-intimista-em-salvador-com-voz-e-piano\\\/#breadcrumblist\"},\"author\":{\"@id\":\"https:\\\/\\\/newsinfoco.com.br\\\/inicio\\\/author\\\/administrador\\\/#author\"},\"creator\":{\"@id\":\"https:\\\/\\\/newsinfoco.com.br\\\/inicio\\\/author\\\/administrador\\\/#author\"},\"image\":{\"@type\":\"ImageObject\",\"url\":\"https:\\\/\\\/newsinfoco.com.br\\\/inicio\\\/wp-content\\\/uploads\\\/2026\\\/04\\\/Fafa-scaled-1.jpg\",\"@id\":\"https:\\\/\\\/newsinfoco.com.br\\\/inicio\\\/fafa-de-belem-apresenta-show-intimista-em-salvador-com-voz-e-piano\\\/#mainImage\",\"width\":1708,\"height\":2560},\"primaryImageOfPage\":{\"@id\":\"https:\\\/\\\/newsinfoco.com.br\\\/inicio\\\/fafa-de-belem-apresenta-show-intimista-em-salvador-com-voz-e-piano\\\/#mainImage\"},\"datePublished\":\"2026-04-07T15:32:06-03:00\",\"dateModified\":\"2026-04-07T15:32:06-03:00\"},{\"@type\":\"WebSite\",\"@id\":\"https:\\\/\\\/newsinfoco.com.br\\\/inicio\\\/#website\",\"url\":\"https:\\\/\\\/newsinfoco.com.br\\\/inicio\\\/\",\"name\":\"News In Foco - Editado por Caio Pimenta\",\"description\":\"O principal site de noticias de Alagoinhas e regi\\u00e3o\",\"inLanguage\":\"pt-BR\",\"publisher\":{\"@id\":\"https:\\\/\\\/newsinfoco.com.br\\\/inicio\\\/#organization\"}}]}\n\t\t<\/script>\n\t\t<!-- All in One SEO -->\n\n","aioseo_head_json":{"title":"Faf\u00e1 de Bel\u00e9m apresenta show intimista em Salvador com voz e piano - News In Foco - Editado por Caio Pimenta","description":"Nos dias 17 e 18 de abril, sempre \u00e0s 20h, a cantora Faf\u00e1 de Bel\u00e9m se apresenta na Esta\u00e7\u00e3o Rubi, localizada no hist\u00f3rico Palacete Tira-Chap\u00e9u, no centro de Salvador. Considerada uma das grandes vozes da m\u00fasica brasileira, a artista traz \u00e0 capital baiana um espet\u00e1culo em formato intimista. Conhecida por explorar diferentes formatos de apresenta\u00e7\u00e3o ao longo da carreira, Faf\u00e1","canonical_url":"https:\/\/newsinfoco.com.br\/inicio\/fafa-de-belem-apresenta-show-intimista-em-salvador-com-voz-e-piano\/","robots":"max-image-preview:large","keywords":"","webmasterTools":{"miscellaneous":""},"schema":{"@context":"https:\/\/schema.org","@graph":[{"@type":"BlogPosting","@id":"https:\/\/newsinfoco.com.br\/inicio\/fafa-de-belem-apresenta-show-intimista-em-salvador-com-voz-e-piano\/#blogposting","name":"Faf\u00e1 de Bel\u00e9m apresenta show intimista em Salvador com voz e piano - News In Foco - Editado por Caio Pimenta","headline":"Faf\u00e1 de Bel\u00e9m apresenta show intimista em Salvador com voz e piano","author":{"@id":"https:\/\/newsinfoco.com.br\/inicio\/author\/administrador\/#author"},"publisher":{"@id":"https:\/\/newsinfoco.com.br\/inicio\/#organization"},"image":{"@type":"ImageObject","url":"https:\/\/newsinfoco.com.br\/inicio\/wp-content\/uploads\/2026\/04\/Fafa-scaled-1.jpg","width":1708,"height":2560},"datePublished":"2026-04-07T15:32:06-03:00","dateModified":"2026-04-07T15:32:06-03:00","inLanguage":"pt-BR","mainEntityOfPage":{"@id":"https:\/\/newsinfoco.com.br\/inicio\/fafa-de-belem-apresenta-show-intimista-em-salvador-com-voz-e-piano\/#webpage"},"isPartOf":{"@id":"https:\/\/newsinfoco.com.br\/inicio\/fafa-de-belem-apresenta-show-intimista-em-salvador-com-voz-e-piano\/#webpage"},"articleSection":"Bahia"},{"@type":"BreadcrumbList","@id":"https:\/\/newsinfoco.com.br\/inicio\/fafa-de-belem-apresenta-show-intimista-em-salvador-com-voz-e-piano\/#breadcrumblist","itemListElement":[{"@type":"ListItem","@id":"https:\/\/newsinfoco.com.br\/inicio#listItem","position":1,"name":"In\u00edcio","item":"https:\/\/newsinfoco.com.br\/inicio","nextItem":{"@type":"ListItem","@id":"https:\/\/newsinfoco.com.br\/inicio\/category\/bahia\/#listItem","name":"Bahia"}},{"@type":"ListItem","@id":"https:\/\/newsinfoco.com.br\/inicio\/category\/bahia\/#listItem","position":2,"name":"Bahia","item":"https:\/\/newsinfoco.com.br\/inicio\/category\/bahia\/","nextItem":{"@type":"ListItem","@id":"https:\/\/newsinfoco.com.br\/inicio\/fafa-de-belem-apresenta-show-intimista-em-salvador-com-voz-e-piano\/#listItem","name":"Faf\u00e1 de Bel\u00e9m apresenta show intimista em Salvador com voz e piano"},"previousItem":{"@type":"ListItem","@id":"https:\/\/newsinfoco.com.br\/inicio#listItem","name":"In\u00edcio"}},{"@type":"ListItem","@id":"https:\/\/newsinfoco.com.br\/inicio\/fafa-de-belem-apresenta-show-intimista-em-salvador-com-voz-e-piano\/#listItem","position":3,"name":"Faf\u00e1 de Bel\u00e9m apresenta show intimista em Salvador com voz e piano","previousItem":{"@type":"ListItem","@id":"https:\/\/newsinfoco.com.br\/inicio\/category\/bahia\/#listItem","name":"Bahia"}}]},{"@type":"Organization","@id":"https:\/\/newsinfoco.com.br\/inicio\/#organization","name":"News In Foco - Editado por Caio Pimenta","description":"O principal site de noticias de Alagoinhas e regi\u00e3o","url":"https:\/\/newsinfoco.com.br\/inicio\/"},{"@type":"Person","@id":"https:\/\/newsinfoco.com.br\/inicio\/author\/administrador\/#author","url":"https:\/\/newsinfoco.com.br\/inicio\/author\/administrador\/","name":"administrador","image":{"@type":"ImageObject","@id":"https:\/\/newsinfoco.com.br\/inicio\/fafa-de-belem-apresenta-show-intimista-em-salvador-com-voz-e-piano\/#authorImage","url":"https:\/\/secure.gravatar.com\/avatar\/c17a617433de8c1dc9584bb79aab7563b46f5bb7e1728c9b17d9cc3ce6a08e49?s=96&d=mm&r=g","width":96,"height":96,"caption":"administrador"}},{"@type":"WebPage","@id":"https:\/\/newsinfoco.com.br\/inicio\/fafa-de-belem-apresenta-show-intimista-em-salvador-com-voz-e-piano\/#webpage","url":"https:\/\/newsinfoco.com.br\/inicio\/fafa-de-belem-apresenta-show-intimista-em-salvador-com-voz-e-piano\/","name":"Faf\u00e1 de Bel\u00e9m apresenta show intimista em Salvador com voz e piano - News In Foco - Editado por Caio Pimenta","description":"Nos dias 17 e 18 de abril, sempre \u00e0s 20h, a cantora Faf\u00e1 de Bel\u00e9m se apresenta na Esta\u00e7\u00e3o Rubi, localizada no hist\u00f3rico Palacete Tira-Chap\u00e9u, no centro de Salvador. Considerada uma das grandes vozes da m\u00fasica brasileira, a artista traz \u00e0 capital baiana um espet\u00e1culo em formato intimista. Conhecida por explorar diferentes formatos de apresenta\u00e7\u00e3o ao longo da carreira, Faf\u00e1","inLanguage":"pt-BR","isPartOf":{"@id":"https:\/\/newsinfoco.com.br\/inicio\/#website"},"breadcrumb":{"@id":"https:\/\/newsinfoco.com.br\/inicio\/fafa-de-belem-apresenta-show-intimista-em-salvador-com-voz-e-piano\/#breadcrumblist"},"author":{"@id":"https:\/\/newsinfoco.com.br\/inicio\/author\/administrador\/#author"},"creator":{"@id":"https:\/\/newsinfoco.com.br\/inicio\/author\/administrador\/#author"},"image":{"@type":"ImageObject","url":"https:\/\/newsinfoco.com.br\/inicio\/wp-content\/uploads\/2026\/04\/Fafa-scaled-1.jpg","@id":"https:\/\/newsinfoco.com.br\/inicio\/fafa-de-belem-apresenta-show-intimista-em-salvador-com-voz-e-piano\/#mainImage","width":1708,"height":2560},"primaryImageOfPage":{"@id":"https:\/\/newsinfoco.com.br\/inicio\/fafa-de-belem-apresenta-show-intimista-em-salvador-com-voz-e-piano\/#mainImage"},"datePublished":"2026-04-07T15:32:06-03:00","dateModified":"2026-04-07T15:32:06-03:00"},{"@type":"WebSite","@id":"https:\/\/newsinfoco.com.br\/inicio\/#website","url":"https:\/\/newsinfoco.com.br\/inicio\/","name":"News In Foco - Editado por Caio Pimenta","description":"O principal site de noticias de Alagoinhas e regi\u00e3o","inLanguage":"pt-BR","publisher":{"@id":"https:\/\/newsinfoco.com.br\/inicio\/#organization"}}]},"og:locale":"pt_BR","og:site_name":"News In Foco - Editado por Caio Pimenta - O principal site de noticias de Alagoinhas e regi\u00e3o","og:type":"article","og:title":"Faf\u00e1 de Bel\u00e9m apresenta show intimista em Salvador com voz e piano - News In Foco - Editado por Caio Pimenta","og:description":"Nos dias 17 e 18 de abril, sempre \u00e0s 20h, a cantora Faf\u00e1 de Bel\u00e9m se apresenta na Esta\u00e7\u00e3o Rubi, localizada no hist\u00f3rico Palacete Tira-Chap\u00e9u, no centro de Salvador. Considerada uma das grandes vozes da m\u00fasica brasileira, a artista traz \u00e0 capital baiana um espet\u00e1culo em formato intimista. Conhecida por explorar diferentes formatos de apresenta\u00e7\u00e3o ao longo da carreira, Faf\u00e1","og:url":"https:\/\/newsinfoco.com.br\/inicio\/fafa-de-belem-apresenta-show-intimista-em-salvador-com-voz-e-piano\/","article:published_time":"2026-04-07T18:32:06+00:00","article:modified_time":"2026-04-07T18:32:06+00:00","twitter:card":"summary_large_image","twitter:title":"Faf\u00e1 de Bel\u00e9m apresenta show intimista em Salvador com voz e piano - News In Foco - Editado por Caio Pimenta","twitter:description":"Nos dias 17 e 18 de abril, sempre \u00e0s 20h, a cantora Faf\u00e1 de Bel\u00e9m se apresenta na Esta\u00e7\u00e3o Rubi, localizada no hist\u00f3rico Palacete Tira-Chap\u00e9u, no centro de Salvador. Considerada uma das grandes vozes da m\u00fasica brasileira, a artista traz \u00e0 capital baiana um espet\u00e1culo em formato intimista. Conhecida por explorar diferentes formatos de apresenta\u00e7\u00e3o ao longo da carreira, Faf\u00e1"},"aioseo_meta_data":{"post_id":"50149","title":null,"description":null,"keywords":null,"keyphrases":{"focus":{"keyphrase":"","score":0,"analysis":{"keyphraseInTitle":{"score":0,"maxScore":9,"error":1}}},"additional":[]},"primary_term":null,"canonical_url":null,"og_title":null,"og_description":null,"og_object_type":"default","og_image_type":"default","og_image_url":null,"og_image_width":null,"og_image_height":null,"og_image_custom_url":null,"og_image_custom_fields":null,"og_video":"","og_custom_url":null,"og_article_section":null,"og_article_tags":null,"twitter_use_og":false,"twitter_card":"default","twitter_image_type":"default","twitter_image_url":null,"twitter_image_custom_url":null,"twitter_image_custom_fields":null,"twitter_title":null,"twitter_description":null,"schema":{"blockGraphs":[],"customGraphs":[],"default":{"data":{"Article":[],"Course":[],"Dataset":[],"FAQPage":[],"Movie":[],"Person":[],"Product":[],"ProductReview":[],"Car":[],"Recipe":[],"Service":[],"SoftwareApplication":[],"WebPage":[]},"graphName":"BlogPosting","isEnabled":true},"graphs":[]},"schema_type":"default","schema_type_options":null,"pillar_content":false,"robots_default":true,"robots_noindex":false,"robots_noarchive":false,"robots_nosnippet":false,"robots_nofollow":false,"robots_noimageindex":false,"robots_noodp":false,"robots_notranslate":false,"robots_max_snippet":"-1","robots_max_videopreview":"-1","robots_max_imagepreview":"large","priority":null,"frequency":"default","local_seo":null,"breadcrumb_settings":null,"limit_modified_date":false,"ai":{"faqs":[],"keyPoints":[],"titles":[],"descriptions":[],"socialPosts":{"email":[],"linkedin":[],"twitter":[],"facebook":[],"instagram":[]}},"created":"2026-04-07 18:32:06","updated":"2026-04-07 18:33:41","seo_analyzer_scan_date":null},"aioseo_breadcrumb":"<div class=\"aioseo-breadcrumbs\"><span class=\"aioseo-breadcrumb\">\n\t\t\t<a href=\"https:\/\/newsinfoco.com.br\/inicio\" title=\"In\u00edcio\">In\u00edcio<\/a>\n\t\t<\/span><span class=\"aioseo-breadcrumb-separator\">&raquo;<\/span><span class=\"aioseo-breadcrumb\">\n\t\t\t<a href=\"https:\/\/newsinfoco.com.br\/inicio\/category\/bahia\/\" title=\"Bahia\">Bahia<\/a>\n\t\t<\/span><span class=\"aioseo-breadcrumb-separator\">&raquo;<\/span><span class=\"aioseo-breadcrumb\">\n\t\t\tFaf\u00e1 de Bel\u00e9m apresenta show intimista em Salvador com voz e piano\n\t\t<\/span><\/div>","aioseo_breadcrumb_json":[{"label":"In\u00edcio","link":"https:\/\/newsinfoco.com.br\/inicio"},{"label":"Bahia","link":"https:\/\/newsinfoco.com.br\/inicio\/category\/bahia\/"},{"label":"Faf\u00e1 de Bel\u00e9m apresenta show intimista em Salvador com voz e piano","link":"https:\/\/newsinfoco.com.br\/inicio\/fafa-de-belem-apresenta-show-intimista-em-salvador-com-voz-e-piano\/"}],"_links":{"self":[{"href":"https:\/\/newsinfoco.com.br\/inicio\/wp-json\/wp\/v2\/posts\/50149","targetHints":{"allow":["GET"]}}],"collection":[{"href":"https:\/\/newsinfoco.com.br\/inicio\/wp-json\/wp\/v2\/posts"}],"about":[{"href":"https:\/\/newsinfoco.com.br\/inicio\/wp-json\/wp\/v2\/types\/post"}],"author":[{"embeddable":true,"href":"https:\/\/newsinfoco.com.br\/inicio\/wp-json\/wp\/v2\/users\/1"}],"replies":[{"embeddable":true,"href":"https:\/\/newsinfoco.com.br\/inicio\/wp-json\/wp\/v2\/comments?post=50149"}],"version-history":[{"count":1,"href":"https:\/\/newsinfoco.com.br\/inicio\/wp-json\/wp\/v2\/posts\/50149\/revisions"}],"predecessor-version":[{"id":50151,"href":"https:\/\/newsinfoco.com.br\/inicio\/wp-json\/wp\/v2\/posts\/50149\/revisions\/50151"}],"wp:featuredmedia":[{"embeddable":true,"href":"https:\/\/newsinfoco.com.br\/inicio\/wp-json\/wp\/v2\/media\/50150"}],"wp:attachment":[{"href":"https:\/\/newsinfoco.com.br\/inicio\/wp-json\/wp\/v2\/media?parent=50149"}],"wp:term":[{"taxonomy":"category","embeddable":true,"href":"https:\/\/newsinfoco.com.br\/inicio\/wp-json\/wp\/v2\/categories?post=50149"},{"taxonomy":"post_tag","embeddable":true,"href":"https:\/\/newsinfoco.com.br\/inicio\/wp-json\/wp\/v2\/tags?post=50149"}],"curies":[{"name":"wp","href":"https:\/\/api.w.org\/{rel}","templated":true}]}}