{"id":5015,"date":"2018-06-08T18:57:43","date_gmt":"2018-06-08T21:57:43","guid":{"rendered":"http:\/\/newsinfoco.com.br\/?p=5015"},"modified":"2018-06-08T18:57:43","modified_gmt":"2018-06-08T21:57:43","slug":"prefeitura-discute-atuacao-da-rede-de-protecao-as-criancas-e-adolescentes-no-municipio","status":"publish","type":"post","link":"https:\/\/newsinfoco.com.br\/inicio\/prefeitura-discute-atuacao-da-rede-de-protecao-as-criancas-e-adolescentes-no-municipio\/","title":{"rendered":"Prefeitura discute atua\u00e7\u00e3o da rede de prote\u00e7\u00e3o \u00e0s crian\u00e7as e adolescentes no munic\u00edpio"},"content":{"rendered":"<p style=\"text-align: justify;\"><span style=\"color: #000000;\">Em refer\u00eancia ao Dia Mundial de Combate ao Trabalho Infantil \u2013 12 de junho, a Prefeitura de Alagoinhas, por meio da Secretaria Municipal de Assist\u00eancia Social (SEMAS) promove um encontro da rede de prote\u00e7\u00e3o \u00e0s crian\u00e7as e adolescentes no munic\u00edpio. O evento ser\u00e1 realizado na pr\u00f3xima segunda-feira (11), na C\u00e2mara de Vereadores, \u00e0s 14h. Para discutir a import\u00e2ncia do trabalho intersetorial no enfrentamento a explora\u00e7\u00e3o do trabalho infantil, o assistente social, Ant\u00f4nio de Ara\u00fajo Dantas foi convidado para palestrar sobre o tema.<\/span><\/p>\n<p style=\"text-align: justify;\"><span style=\"color: #000000;\">Enriquecendo a discuss\u00e3o e trazendo informa\u00e7\u00f5es a atua\u00e7\u00e3o de cada \u00f3rg\u00e3o na rede, foram convidados representantes\u00a0 do Conselho Municipal da Crian\u00e7a e do Adolescente, o ju\u00edz da vara da inf\u00e2ncia e da juventude, al\u00e9m de um assistente social da SEMAS e entidades que trabalham com crian\u00e7as e adolescentes do munic\u00edpio. O evento ser\u00e1 aberto ao p\u00fablico e contar\u00e1 com a presen\u00e7a de autoridades municipais.<\/span><\/p><div class=\"newsi-conteudo_19\" id=\"newsi-3056764852\"><a href=\"https:\/\/www.instagram.com\/prefeituraalagoinhas?igsh=YzgzdDJ1bWR3aWI4\" aria-label=\"SAVE_20251006_221555\"><img loading=\"lazy\" decoding=\"async\" src=\"https:\/\/newsinfoco.com.br\/inicio\/wp-content\/uploads\/2025\/10\/SAVE_20251006_221555-rotated.jpg\" alt=\"\"  srcset=\"https:\/\/newsinfoco.com.br\/inicio\/wp-content\/uploads\/2025\/10\/SAVE_20251006_221555-rotated.jpg 1140w, https:\/\/newsinfoco.com.br\/inicio\/wp-content\/uploads\/2025\/10\/SAVE_20251006_221555-300x52.jpg 300w, https:\/\/newsinfoco.com.br\/inicio\/wp-content\/uploads\/2025\/10\/SAVE_20251006_221555-1024x177.jpg 1024w, https:\/\/newsinfoco.com.br\/inicio\/wp-content\/uploads\/2025\/10\/SAVE_20251006_221555-768x133.jpg 768w, https:\/\/newsinfoco.com.br\/inicio\/wp-content\/uploads\/2025\/10\/SAVE_20251006_221555-600x104.jpg 600w, https:\/\/newsinfoco.com.br\/inicio\/wp-content\/uploads\/2025\/10\/SAVE_20251006_221555-696x120.jpg 696w, https:\/\/newsinfoco.com.br\/inicio\/wp-content\/uploads\/2025\/10\/SAVE_20251006_221555-1068x185.jpg 1068w\" sizes=\"(max-width: 1140px) 100vw, 1140px\" width=\"1140\" height=\"197\"   \/><\/a><\/div>\n<h6 style=\"text-align: right;\"><span style=\"color: #999999;\">Fonte: SECOM SEMAS prefeitura<\/span><\/h6>\n<p style=\"text-align: justify;\">\n<div style=\"text-align: justify;\" align=\"right\"><\/div>\n<div class='share-to-whatsapp-wrapper'><div class='share-on-whsp'>Share on: <\/div><a data-text='Prefeitura discute atua\u00e7\u00e3o da rede de prote\u00e7\u00e3o \u00e0s crian\u00e7as e adolescentes no munic\u00edpio' data-link='https:\/\/newsinfoco.com.br\/inicio\/prefeitura-discute-atuacao-da-rede-de-protecao-as-criancas-e-adolescentes-no-municipio\/' class='whatsapp-button whatsapp-share'>WhatsApp<\/a><div class='clear '><\/div><\/div>","protected":false},"excerpt":{"rendered":"<p>Em refer\u00eancia ao Dia Mundial de Combate ao Trabalho Infantil \u2013 12 de junho, a Prefeitura de Alagoinhas, por meio da Secretaria Municipal de Assist\u00eancia Social (SEMAS) promove um encontro da rede de prote\u00e7\u00e3o \u00e0s crian\u00e7as e adolescentes no munic\u00edpio. O evento ser\u00e1 realizado na pr\u00f3xima segunda-feira (11), na C\u00e2mara de Vereadores, \u00e0s 14h. Para [&hellip;]<\/p>\n","protected":false},"author":1,"featured_media":301,"comment_status":"open","ping_status":"open","sticky":false,"template":"","format":"standard","meta":{"om_disable_all_campaigns":false,"_exactmetrics_skip_tracking":false,"_exactmetrics_sitenote_active":false,"_exactmetrics_sitenote_note":"","_exactmetrics_sitenote_category":0,"footnotes":""},"categories":[38,30],"tags":[53,54,56,59],"class_list":["post-5015","post","type-post","status-publish","format-standard","has-post-thumbnail","hentry","category-alagoinhas-e-regiao","category-destaque","tag-alagoinhas","tag-prefeitura","tag-secom","tag-semas"],"aioseo_notices":[],"_links":{"self":[{"href":"https:\/\/newsinfoco.com.br\/inicio\/wp-json\/wp\/v2\/posts\/5015","targetHints":{"allow":["GET"]}}],"collection":[{"href":"https:\/\/newsinfoco.com.br\/inicio\/wp-json\/wp\/v2\/posts"}],"about":[{"href":"https:\/\/newsinfoco.com.br\/inicio\/wp-json\/wp\/v2\/types\/post"}],"author":[{"embeddable":true,"href":"https:\/\/newsinfoco.com.br\/inicio\/wp-json\/wp\/v2\/users\/1"}],"replies":[{"embeddable":true,"href":"https:\/\/newsinfoco.com.br\/inicio\/wp-json\/wp\/v2\/comments?post=5015"}],"version-history":[{"count":0,"href":"https:\/\/newsinfoco.com.br\/inicio\/wp-json\/wp\/v2\/posts\/5015\/revisions"}],"wp:featuredmedia":[{"embeddable":true,"href":"https:\/\/newsinfoco.com.br\/inicio\/wp-json\/wp\/v2\/media\/301"}],"wp:attachment":[{"href":"https:\/\/newsinfoco.com.br\/inicio\/wp-json\/wp\/v2\/media?parent=5015"}],"wp:term":[{"taxonomy":"category","embeddable":true,"href":"https:\/\/newsinfoco.com.br\/inicio\/wp-json\/wp\/v2\/categories?post=5015"},{"taxonomy":"post_tag","embeddable":true,"href":"https:\/\/newsinfoco.com.br\/inicio\/wp-json\/wp\/v2\/tags?post=5015"}],"curies":[{"name":"wp","href":"https:\/\/api.w.org\/{rel}","templated":true}]}}