{"id":50161,"date":"2026-04-08T12:36:11","date_gmt":"2026-04-08T15:36:11","guid":{"rendered":"https:\/\/newsinfoco.com.br\/inicio\/?p=50161"},"modified":"2026-04-08T12:36:11","modified_gmt":"2026-04-08T15:36:11","slug":"sedes-leva-tradicao-dos-ovos-de-pascoa-para-centenas-de-criancas","status":"publish","type":"post","link":"https:\/\/newsinfoco.com.br\/inicio\/sedes-leva-tradicao-dos-ovos-de-pascoa-para-centenas-de-criancas\/","title":{"rendered":"Sedes leva tradi\u00e7\u00e3o dos ovos de P\u00e1scoa para centenas de crian\u00e7as"},"content":{"rendered":"<p>O brilho nos olhos marcou as celebra\u00e7\u00f5es de P\u00e1scoa organizadas pela Prefeitura de Alagoinhas. Atrav\u00e9s da Secretaria de Desenvolvimento Social (Sedes), cerca de 200 ovos de chocolate foram entregues a crian\u00e7as atendidas pelo Sistema \u00danico de Assist\u00eancia Social (SUAS). A iniciativa, que teve in\u00edcio em Nova Bras\u00edlia, e se estendeu pelos Centros de Refer\u00eancia de Assist\u00eancia Social (CRAS) da sede e dos distritos.<\/p>\n<p>Para muitas das crian\u00e7as beneficiadas, o gesto da prefeitura representou a \u00fanica oportunidade de receber o tradicional s\u00edmbolo da data. \u00c9 o caso de Jo\u00e3o Vitor Jesus Santos, que n\u00e3o havia ganhado ovos durante o domingo de P\u00e1scoa.\u201dEstou muito feliz e achei a a\u00e7\u00e3o boa. J\u00e1 recebi o meu e estou gostando muito\u201d, relatou.<\/p>\n<p>J\u00e1 \u00c1gatha Pereira, tamb\u00e9m usu\u00e1ria do servi\u00e7o, confessou que o sono fugiu diante da ansiedade. \u201cAcordei desesperada achando que estava tarde. Corri para a sala para ver a hora na televis\u00e3o e ainda era cedo. Fiquei deitada no sof\u00e1 esperando dar o hor\u00e1rio de tomar banho e vir para c\u00e1\u201d, contou \u00c1gatha, que celebrou a conquista ao lado da amiga Maria Clara.<\/p>\n<p>A a\u00e7\u00e3o foi planejada de forma estrat\u00e9gica para n\u00e3o chocar com o programa Peixe no Prato, permitindo que cada unidade organizasse seu cronograma de celebra\u00e7\u00e3o. Segundo a coordenadora do SUAS, Munizzi Campos, o objetivo central vai muito al\u00e9m da entrega do doce.<\/p>\n<p>\u201cO foco \u00e9 fortalecer o sentido da vida, o amor ao pr\u00f3ximo e a reflex\u00e3o sobre a paix\u00e3o de Cristo. Realizamos din\u00e2micas para que eles entendam como tratar o pr\u00f3ximo e como conduzir a vida com valores positivos\u201d, explicou Munizzi. Al\u00e9m dos ovos de P\u00e1scoa, a programa\u00e7\u00e3o festiva incluiu momentos de lazer com din\u00e2mica de doces, bolo e refrigerante.<\/p>\n<div class='share-to-whatsapp-wrapper'><div class='share-on-whsp'>Share on: <\/div><a data-text='Sedes leva tradi\u00e7\u00e3o dos ovos de P\u00e1scoa para centenas de crian\u00e7as' data-link='https:\/\/newsinfoco.com.br\/inicio\/sedes-leva-tradicao-dos-ovos-de-pascoa-para-centenas-de-criancas\/' class='whatsapp-button whatsapp-share'>WhatsApp<\/a><div class='clear '><\/div><\/div>","protected":false},"excerpt":{"rendered":"<p>O brilho nos olhos marcou as celebra\u00e7\u00f5es de P\u00e1scoa organizadas pela Prefeitura de Alagoinhas. Atrav\u00e9s da Secretaria de Desenvolvimento Social (Sedes), cerca de 200 ovos de chocolate foram entregues a crian\u00e7as atendidas pelo Sistema \u00danico de Assist\u00eancia Social (SUAS). A iniciativa, que teve in\u00edcio em Nova Bras\u00edlia, e se estendeu pelos Centros de Refer\u00eancia de [&hellip;]<\/p>\n","protected":false},"author":1,"featured_media":50162,"comment_status":"closed","ping_status":"closed","sticky":false,"template":"","format":"standard","meta":{"om_disable_all_campaigns":false,"rop_custom_images_group":[],"rop_custom_messages_group":[],"rop_publish_now":"initial","rop_publish_now_accounts":[],"rop_publish_now_history":[],"rop_publish_now_status":"pending","_exactmetrics_skip_tracking":false,"footnotes":""},"categories":[38,167],"tags":[],"class_list":["post-50161","post","type-post","status-publish","format-standard","has-post-thumbnail","hentry","category-alagoinhas-e-regiao","category-exclusivas"],"aioseo_notices":[],"aioseo_head":"\n\t\t<!-- All in One SEO 4.9.10 - aioseo.com -->\n\t<meta name=\"description\" content=\"O brilho nos olhos marcou as celebra\u00e7\u00f5es de P\u00e1scoa organizadas pela Prefeitura de Alagoinhas. Atrav\u00e9s da Secretaria de Desenvolvimento Social (Sedes), cerca de 200 ovos de chocolate foram entregues a crian\u00e7as atendidas pelo Sistema \u00danico de Assist\u00eancia Social (SUAS). A iniciativa, que teve in\u00edcio em Nova Bras\u00edlia, e se estendeu pelos Centros de Refer\u00eancia de\" \/>\n\t<meta name=\"robots\" content=\"max-image-preview:large\" \/>\n\t<meta name=\"author\" content=\"administrador\"\/>\n\t<link rel=\"canonical\" href=\"https:\/\/newsinfoco.com.br\/inicio\/sedes-leva-tradicao-dos-ovos-de-pascoa-para-centenas-de-criancas\/\" \/>\n\t<meta name=\"generator\" content=\"All in One SEO (AIOSEO) 4.9.10\" \/>\n\t\t<meta property=\"og:locale\" content=\"pt_BR\" \/>\n\t\t<meta property=\"og:site_name\" content=\"News In Foco - Editado por Caio Pimenta - O principal site de noticias de Alagoinhas e regi\u00e3o\" \/>\n\t\t<meta property=\"og:type\" content=\"article\" \/>\n\t\t<meta property=\"og:title\" content=\"Sedes leva tradi\u00e7\u00e3o dos ovos de P\u00e1scoa para centenas de crian\u00e7as - News In Foco - Editado por Caio Pimenta\" \/>\n\t\t<meta property=\"og:description\" content=\"O brilho nos olhos marcou as celebra\u00e7\u00f5es de P\u00e1scoa organizadas pela Prefeitura de Alagoinhas. Atrav\u00e9s da Secretaria de Desenvolvimento Social (Sedes), cerca de 200 ovos de chocolate foram entregues a crian\u00e7as atendidas pelo Sistema \u00danico de Assist\u00eancia Social (SUAS). A iniciativa, que teve in\u00edcio em Nova Bras\u00edlia, e se estendeu pelos Centros de Refer\u00eancia de\" \/>\n\t\t<meta property=\"og:url\" content=\"https:\/\/newsinfoco.com.br\/inicio\/sedes-leva-tradicao-dos-ovos-de-pascoa-para-centenas-de-criancas\/\" \/>\n\t\t<meta property=\"article:published_time\" content=\"2026-04-08T15:36:11+00:00\" \/>\n\t\t<meta property=\"article:modified_time\" content=\"2026-04-08T15:36:11+00:00\" \/>\n\t\t<meta name=\"twitter:card\" content=\"summary_large_image\" \/>\n\t\t<meta name=\"twitter:title\" content=\"Sedes leva tradi\u00e7\u00e3o dos ovos de P\u00e1scoa para centenas de crian\u00e7as - News In Foco - Editado por Caio Pimenta\" \/>\n\t\t<meta name=\"twitter:description\" content=\"O brilho nos olhos marcou as celebra\u00e7\u00f5es de P\u00e1scoa organizadas pela Prefeitura de Alagoinhas. Atrav\u00e9s da Secretaria de Desenvolvimento Social (Sedes), cerca de 200 ovos de chocolate foram entregues a crian\u00e7as atendidas pelo Sistema \u00danico de Assist\u00eancia Social (SUAS). A iniciativa, que teve in\u00edcio em Nova Bras\u00edlia, e se estendeu pelos Centros de Refer\u00eancia de\" \/>\n\t\t<script type=\"application\/ld+json\" class=\"aioseo-schema\">\n\t\t\t{\"@context\":\"https:\\\/\\\/schema.org\",\"@graph\":[{\"@type\":\"BlogPosting\",\"@id\":\"https:\\\/\\\/newsinfoco.com.br\\\/inicio\\\/sedes-leva-tradicao-dos-ovos-de-pascoa-para-centenas-de-criancas\\\/#blogposting\",\"name\":\"Sedes leva tradi\\u00e7\\u00e3o dos ovos de P\\u00e1scoa para centenas de crian\\u00e7as - News In Foco - Editado por Caio Pimenta\",\"headline\":\"Sedes leva tradi\\u00e7\\u00e3o dos ovos de P\\u00e1scoa para centenas de crian\\u00e7as\",\"author\":{\"@id\":\"https:\\\/\\\/newsinfoco.com.br\\\/inicio\\\/author\\\/administrador\\\/#author\"},\"publisher\":{\"@id\":\"https:\\\/\\\/newsinfoco.com.br\\\/inicio\\\/#organization\"},\"image\":{\"@type\":\"ImageObject\",\"url\":\"https:\\\/\\\/newsinfoco.com.br\\\/inicio\\\/wp-content\\\/uploads\\\/2026\\\/04\\\/fed92a40-ca6c-4beb-8b1e-621ddf3839ac.jpg\",\"width\":1600,\"height\":1066},\"datePublished\":\"2026-04-08T12:36:11-03:00\",\"dateModified\":\"2026-04-08T12:36:11-03:00\",\"inLanguage\":\"pt-BR\",\"mainEntityOfPage\":{\"@id\":\"https:\\\/\\\/newsinfoco.com.br\\\/inicio\\\/sedes-leva-tradicao-dos-ovos-de-pascoa-para-centenas-de-criancas\\\/#webpage\"},\"isPartOf\":{\"@id\":\"https:\\\/\\\/newsinfoco.com.br\\\/inicio\\\/sedes-leva-tradicao-dos-ovos-de-pascoa-para-centenas-de-criancas\\\/#webpage\"},\"articleSection\":\"Alagoinhas e Regi\\u00e3o, Manchete\"},{\"@type\":\"BreadcrumbList\",\"@id\":\"https:\\\/\\\/newsinfoco.com.br\\\/inicio\\\/sedes-leva-tradicao-dos-ovos-de-pascoa-para-centenas-de-criancas\\\/#breadcrumblist\",\"itemListElement\":[{\"@type\":\"ListItem\",\"@id\":\"https:\\\/\\\/newsinfoco.com.br\\\/inicio#listItem\",\"position\":1,\"name\":\"In\\u00edcio\",\"item\":\"https:\\\/\\\/newsinfoco.com.br\\\/inicio\",\"nextItem\":{\"@type\":\"ListItem\",\"@id\":\"https:\\\/\\\/newsinfoco.com.br\\\/inicio\\\/category\\\/alagoinhas-e-regiao\\\/#listItem\",\"name\":\"Alagoinhas e Regi\\u00e3o\"}},{\"@type\":\"ListItem\",\"@id\":\"https:\\\/\\\/newsinfoco.com.br\\\/inicio\\\/category\\\/alagoinhas-e-regiao\\\/#listItem\",\"position\":2,\"name\":\"Alagoinhas e Regi\\u00e3o\",\"item\":\"https:\\\/\\\/newsinfoco.com.br\\\/inicio\\\/category\\\/alagoinhas-e-regiao\\\/\",\"nextItem\":{\"@type\":\"ListItem\",\"@id\":\"https:\\\/\\\/newsinfoco.com.br\\\/inicio\\\/sedes-leva-tradicao-dos-ovos-de-pascoa-para-centenas-de-criancas\\\/#listItem\",\"name\":\"Sedes leva tradi\\u00e7\\u00e3o dos ovos de P\\u00e1scoa para centenas de crian\\u00e7as\"},\"previousItem\":{\"@type\":\"ListItem\",\"@id\":\"https:\\\/\\\/newsinfoco.com.br\\\/inicio#listItem\",\"name\":\"In\\u00edcio\"}},{\"@type\":\"ListItem\",\"@id\":\"https:\\\/\\\/newsinfoco.com.br\\\/inicio\\\/sedes-leva-tradicao-dos-ovos-de-pascoa-para-centenas-de-criancas\\\/#listItem\",\"position\":3,\"name\":\"Sedes leva tradi\\u00e7\\u00e3o dos ovos de P\\u00e1scoa para centenas de crian\\u00e7as\",\"previousItem\":{\"@type\":\"ListItem\",\"@id\":\"https:\\\/\\\/newsinfoco.com.br\\\/inicio\\\/category\\\/alagoinhas-e-regiao\\\/#listItem\",\"name\":\"Alagoinhas e Regi\\u00e3o\"}}]},{\"@type\":\"Organization\",\"@id\":\"https:\\\/\\\/newsinfoco.com.br\\\/inicio\\\/#organization\",\"name\":\"News In Foco - Editado por Caio Pimenta\",\"description\":\"O principal site de noticias de Alagoinhas e regi\\u00e3o\",\"url\":\"https:\\\/\\\/newsinfoco.com.br\\\/inicio\\\/\"},{\"@type\":\"Person\",\"@id\":\"https:\\\/\\\/newsinfoco.com.br\\\/inicio\\\/author\\\/administrador\\\/#author\",\"url\":\"https:\\\/\\\/newsinfoco.com.br\\\/inicio\\\/author\\\/administrador\\\/\",\"name\":\"administrador\",\"image\":{\"@type\":\"ImageObject\",\"@id\":\"https:\\\/\\\/newsinfoco.com.br\\\/inicio\\\/sedes-leva-tradicao-dos-ovos-de-pascoa-para-centenas-de-criancas\\\/#authorImage\",\"url\":\"https:\\\/\\\/secure.gravatar.com\\\/avatar\\\/c17a617433de8c1dc9584bb79aab7563b46f5bb7e1728c9b17d9cc3ce6a08e49?s=96&d=mm&r=g\",\"width\":96,\"height\":96,\"caption\":\"administrador\"}},{\"@type\":\"WebPage\",\"@id\":\"https:\\\/\\\/newsinfoco.com.br\\\/inicio\\\/sedes-leva-tradicao-dos-ovos-de-pascoa-para-centenas-de-criancas\\\/#webpage\",\"url\":\"https:\\\/\\\/newsinfoco.com.br\\\/inicio\\\/sedes-leva-tradicao-dos-ovos-de-pascoa-para-centenas-de-criancas\\\/\",\"name\":\"Sedes leva tradi\\u00e7\\u00e3o dos ovos de P\\u00e1scoa para centenas de crian\\u00e7as - News In Foco - Editado por Caio Pimenta\",\"description\":\"O brilho nos olhos marcou as celebra\\u00e7\\u00f5es de P\\u00e1scoa organizadas pela Prefeitura de Alagoinhas. Atrav\\u00e9s da Secretaria de Desenvolvimento Social (Sedes), cerca de 200 ovos de chocolate foram entregues a crian\\u00e7as atendidas pelo Sistema \\u00danico de Assist\\u00eancia Social (SUAS). A iniciativa, que teve in\\u00edcio em Nova Bras\\u00edlia, e se estendeu pelos Centros de Refer\\u00eancia de\",\"inLanguage\":\"pt-BR\",\"isPartOf\":{\"@id\":\"https:\\\/\\\/newsinfoco.com.br\\\/inicio\\\/#website\"},\"breadcrumb\":{\"@id\":\"https:\\\/\\\/newsinfoco.com.br\\\/inicio\\\/sedes-leva-tradicao-dos-ovos-de-pascoa-para-centenas-de-criancas\\\/#breadcrumblist\"},\"author\":{\"@id\":\"https:\\\/\\\/newsinfoco.com.br\\\/inicio\\\/author\\\/administrador\\\/#author\"},\"creator\":{\"@id\":\"https:\\\/\\\/newsinfoco.com.br\\\/inicio\\\/author\\\/administrador\\\/#author\"},\"image\":{\"@type\":\"ImageObject\",\"url\":\"https:\\\/\\\/newsinfoco.com.br\\\/inicio\\\/wp-content\\\/uploads\\\/2026\\\/04\\\/fed92a40-ca6c-4beb-8b1e-621ddf3839ac.jpg\",\"@id\":\"https:\\\/\\\/newsinfoco.com.br\\\/inicio\\\/sedes-leva-tradicao-dos-ovos-de-pascoa-para-centenas-de-criancas\\\/#mainImage\",\"width\":1600,\"height\":1066},\"primaryImageOfPage\":{\"@id\":\"https:\\\/\\\/newsinfoco.com.br\\\/inicio\\\/sedes-leva-tradicao-dos-ovos-de-pascoa-para-centenas-de-criancas\\\/#mainImage\"},\"datePublished\":\"2026-04-08T12:36:11-03:00\",\"dateModified\":\"2026-04-08T12:36:11-03:00\"},{\"@type\":\"WebSite\",\"@id\":\"https:\\\/\\\/newsinfoco.com.br\\\/inicio\\\/#website\",\"url\":\"https:\\\/\\\/newsinfoco.com.br\\\/inicio\\\/\",\"name\":\"News In Foco - Editado por Caio Pimenta\",\"description\":\"O principal site de noticias de Alagoinhas e regi\\u00e3o\",\"inLanguage\":\"pt-BR\",\"publisher\":{\"@id\":\"https:\\\/\\\/newsinfoco.com.br\\\/inicio\\\/#organization\"}}]}\n\t\t<\/script>\n\t\t<!-- All in One SEO -->\n\n","aioseo_head_json":{"title":"Sedes leva tradi\u00e7\u00e3o dos ovos de P\u00e1scoa para centenas de crian\u00e7as - News In Foco - Editado por Caio Pimenta","description":"O brilho nos olhos marcou as celebra\u00e7\u00f5es de P\u00e1scoa organizadas pela Prefeitura de Alagoinhas. Atrav\u00e9s da Secretaria de Desenvolvimento Social (Sedes), cerca de 200 ovos de chocolate foram entregues a crian\u00e7as atendidas pelo Sistema \u00danico de Assist\u00eancia Social (SUAS). A iniciativa, que teve in\u00edcio em Nova Bras\u00edlia, e se estendeu pelos Centros de Refer\u00eancia de","canonical_url":"https:\/\/newsinfoco.com.br\/inicio\/sedes-leva-tradicao-dos-ovos-de-pascoa-para-centenas-de-criancas\/","robots":"max-image-preview:large","keywords":"","webmasterTools":{"miscellaneous":""},"schema":{"@context":"https:\/\/schema.org","@graph":[{"@type":"BlogPosting","@id":"https:\/\/newsinfoco.com.br\/inicio\/sedes-leva-tradicao-dos-ovos-de-pascoa-para-centenas-de-criancas\/#blogposting","name":"Sedes leva tradi\u00e7\u00e3o dos ovos de P\u00e1scoa para centenas de crian\u00e7as - News In Foco - Editado por Caio Pimenta","headline":"Sedes leva tradi\u00e7\u00e3o dos ovos de P\u00e1scoa para centenas de crian\u00e7as","author":{"@id":"https:\/\/newsinfoco.com.br\/inicio\/author\/administrador\/#author"},"publisher":{"@id":"https:\/\/newsinfoco.com.br\/inicio\/#organization"},"image":{"@type":"ImageObject","url":"https:\/\/newsinfoco.com.br\/inicio\/wp-content\/uploads\/2026\/04\/fed92a40-ca6c-4beb-8b1e-621ddf3839ac.jpg","width":1600,"height":1066},"datePublished":"2026-04-08T12:36:11-03:00","dateModified":"2026-04-08T12:36:11-03:00","inLanguage":"pt-BR","mainEntityOfPage":{"@id":"https:\/\/newsinfoco.com.br\/inicio\/sedes-leva-tradicao-dos-ovos-de-pascoa-para-centenas-de-criancas\/#webpage"},"isPartOf":{"@id":"https:\/\/newsinfoco.com.br\/inicio\/sedes-leva-tradicao-dos-ovos-de-pascoa-para-centenas-de-criancas\/#webpage"},"articleSection":"Alagoinhas e Regi\u00e3o, Manchete"},{"@type":"BreadcrumbList","@id":"https:\/\/newsinfoco.com.br\/inicio\/sedes-leva-tradicao-dos-ovos-de-pascoa-para-centenas-de-criancas\/#breadcrumblist","itemListElement":[{"@type":"ListItem","@id":"https:\/\/newsinfoco.com.br\/inicio#listItem","position":1,"name":"In\u00edcio","item":"https:\/\/newsinfoco.com.br\/inicio","nextItem":{"@type":"ListItem","@id":"https:\/\/newsinfoco.com.br\/inicio\/category\/alagoinhas-e-regiao\/#listItem","name":"Alagoinhas e Regi\u00e3o"}},{"@type":"ListItem","@id":"https:\/\/newsinfoco.com.br\/inicio\/category\/alagoinhas-e-regiao\/#listItem","position":2,"name":"Alagoinhas e Regi\u00e3o","item":"https:\/\/newsinfoco.com.br\/inicio\/category\/alagoinhas-e-regiao\/","nextItem":{"@type":"ListItem","@id":"https:\/\/newsinfoco.com.br\/inicio\/sedes-leva-tradicao-dos-ovos-de-pascoa-para-centenas-de-criancas\/#listItem","name":"Sedes leva tradi\u00e7\u00e3o dos ovos de P\u00e1scoa para centenas de crian\u00e7as"},"previousItem":{"@type":"ListItem","@id":"https:\/\/newsinfoco.com.br\/inicio#listItem","name":"In\u00edcio"}},{"@type":"ListItem","@id":"https:\/\/newsinfoco.com.br\/inicio\/sedes-leva-tradicao-dos-ovos-de-pascoa-para-centenas-de-criancas\/#listItem","position":3,"name":"Sedes leva tradi\u00e7\u00e3o dos ovos de P\u00e1scoa para centenas de crian\u00e7as","previousItem":{"@type":"ListItem","@id":"https:\/\/newsinfoco.com.br\/inicio\/category\/alagoinhas-e-regiao\/#listItem","name":"Alagoinhas e Regi\u00e3o"}}]},{"@type":"Organization","@id":"https:\/\/newsinfoco.com.br\/inicio\/#organization","name":"News In Foco - Editado por Caio Pimenta","description":"O principal site de noticias de Alagoinhas e regi\u00e3o","url":"https:\/\/newsinfoco.com.br\/inicio\/"},{"@type":"Person","@id":"https:\/\/newsinfoco.com.br\/inicio\/author\/administrador\/#author","url":"https:\/\/newsinfoco.com.br\/inicio\/author\/administrador\/","name":"administrador","image":{"@type":"ImageObject","@id":"https:\/\/newsinfoco.com.br\/inicio\/sedes-leva-tradicao-dos-ovos-de-pascoa-para-centenas-de-criancas\/#authorImage","url":"https:\/\/secure.gravatar.com\/avatar\/c17a617433de8c1dc9584bb79aab7563b46f5bb7e1728c9b17d9cc3ce6a08e49?s=96&d=mm&r=g","width":96,"height":96,"caption":"administrador"}},{"@type":"WebPage","@id":"https:\/\/newsinfoco.com.br\/inicio\/sedes-leva-tradicao-dos-ovos-de-pascoa-para-centenas-de-criancas\/#webpage","url":"https:\/\/newsinfoco.com.br\/inicio\/sedes-leva-tradicao-dos-ovos-de-pascoa-para-centenas-de-criancas\/","name":"Sedes leva tradi\u00e7\u00e3o dos ovos de P\u00e1scoa para centenas de crian\u00e7as - News In Foco - Editado por Caio Pimenta","description":"O brilho nos olhos marcou as celebra\u00e7\u00f5es de P\u00e1scoa organizadas pela Prefeitura de Alagoinhas. Atrav\u00e9s da Secretaria de Desenvolvimento Social (Sedes), cerca de 200 ovos de chocolate foram entregues a crian\u00e7as atendidas pelo Sistema \u00danico de Assist\u00eancia Social (SUAS). A iniciativa, que teve in\u00edcio em Nova Bras\u00edlia, e se estendeu pelos Centros de Refer\u00eancia de","inLanguage":"pt-BR","isPartOf":{"@id":"https:\/\/newsinfoco.com.br\/inicio\/#website"},"breadcrumb":{"@id":"https:\/\/newsinfoco.com.br\/inicio\/sedes-leva-tradicao-dos-ovos-de-pascoa-para-centenas-de-criancas\/#breadcrumblist"},"author":{"@id":"https:\/\/newsinfoco.com.br\/inicio\/author\/administrador\/#author"},"creator":{"@id":"https:\/\/newsinfoco.com.br\/inicio\/author\/administrador\/#author"},"image":{"@type":"ImageObject","url":"https:\/\/newsinfoco.com.br\/inicio\/wp-content\/uploads\/2026\/04\/fed92a40-ca6c-4beb-8b1e-621ddf3839ac.jpg","@id":"https:\/\/newsinfoco.com.br\/inicio\/sedes-leva-tradicao-dos-ovos-de-pascoa-para-centenas-de-criancas\/#mainImage","width":1600,"height":1066},"primaryImageOfPage":{"@id":"https:\/\/newsinfoco.com.br\/inicio\/sedes-leva-tradicao-dos-ovos-de-pascoa-para-centenas-de-criancas\/#mainImage"},"datePublished":"2026-04-08T12:36:11-03:00","dateModified":"2026-04-08T12:36:11-03:00"},{"@type":"WebSite","@id":"https:\/\/newsinfoco.com.br\/inicio\/#website","url":"https:\/\/newsinfoco.com.br\/inicio\/","name":"News In Foco - Editado por Caio Pimenta","description":"O principal site de noticias de Alagoinhas e regi\u00e3o","inLanguage":"pt-BR","publisher":{"@id":"https:\/\/newsinfoco.com.br\/inicio\/#organization"}}]},"og:locale":"pt_BR","og:site_name":"News In Foco - Editado por Caio Pimenta - O principal site de noticias de Alagoinhas e regi\u00e3o","og:type":"article","og:title":"Sedes leva tradi\u00e7\u00e3o dos ovos de P\u00e1scoa para centenas de crian\u00e7as - News In Foco - Editado por Caio Pimenta","og:description":"O brilho nos olhos marcou as celebra\u00e7\u00f5es de P\u00e1scoa organizadas pela Prefeitura de Alagoinhas. Atrav\u00e9s da Secretaria de Desenvolvimento Social (Sedes), cerca de 200 ovos de chocolate foram entregues a crian\u00e7as atendidas pelo Sistema \u00danico de Assist\u00eancia Social (SUAS). A iniciativa, que teve in\u00edcio em Nova Bras\u00edlia, e se estendeu pelos Centros de Refer\u00eancia de","og:url":"https:\/\/newsinfoco.com.br\/inicio\/sedes-leva-tradicao-dos-ovos-de-pascoa-para-centenas-de-criancas\/","article:published_time":"2026-04-08T15:36:11+00:00","article:modified_time":"2026-04-08T15:36:11+00:00","twitter:card":"summary_large_image","twitter:title":"Sedes leva tradi\u00e7\u00e3o dos ovos de P\u00e1scoa para centenas de crian\u00e7as - News In Foco - Editado por Caio Pimenta","twitter:description":"O brilho nos olhos marcou as celebra\u00e7\u00f5es de P\u00e1scoa organizadas pela Prefeitura de Alagoinhas. Atrav\u00e9s da Secretaria de Desenvolvimento Social (Sedes), cerca de 200 ovos de chocolate foram entregues a crian\u00e7as atendidas pelo Sistema \u00danico de Assist\u00eancia Social (SUAS). A iniciativa, que teve in\u00edcio em Nova Bras\u00edlia, e se estendeu pelos Centros de Refer\u00eancia de"},"aioseo_meta_data":{"post_id":"50161","title":null,"description":null,"keywords":null,"keyphrases":{"focus":{"keyphrase":"","score":0,"analysis":{"keyphraseInTitle":{"score":0,"maxScore":9,"error":1}}},"additional":[]},"primary_term":null,"canonical_url":null,"og_title":null,"og_description":null,"og_object_type":"default","og_image_type":"default","og_image_url":null,"og_image_width":null,"og_image_height":null,"og_image_custom_url":null,"og_image_custom_fields":null,"og_video":"","og_custom_url":null,"og_article_section":null,"og_article_tags":null,"twitter_use_og":false,"twitter_card":"default","twitter_image_type":"default","twitter_image_url":null,"twitter_image_custom_url":null,"twitter_image_custom_fields":null,"twitter_title":null,"twitter_description":null,"schema":{"blockGraphs":[],"customGraphs":[],"default":{"data":{"Article":[],"Course":[],"Dataset":[],"FAQPage":[],"Movie":[],"Person":[],"Product":[],"ProductReview":[],"Car":[],"Recipe":[],"Service":[],"SoftwareApplication":[],"WebPage":[]},"graphName":"BlogPosting","isEnabled":true},"graphs":[]},"schema_type":"default","schema_type_options":null,"pillar_content":false,"robots_default":true,"robots_noindex":false,"robots_noarchive":false,"robots_nosnippet":false,"robots_nofollow":false,"robots_noimageindex":false,"robots_noodp":false,"robots_notranslate":false,"robots_max_snippet":"-1","robots_max_videopreview":"-1","robots_max_imagepreview":"large","priority":null,"frequency":"default","local_seo":null,"breadcrumb_settings":null,"limit_modified_date":false,"ai":{"faqs":[],"keyPoints":[],"titles":[],"descriptions":[],"socialPosts":{"email":[],"linkedin":[],"twitter":[],"facebook":[],"instagram":[]}},"created":"2026-04-08 15:36:11","updated":"2026-04-08 15:37:33","seo_analyzer_scan_date":null},"aioseo_breadcrumb":"<div class=\"aioseo-breadcrumbs\"><span class=\"aioseo-breadcrumb\">\n\t\t\t<a href=\"https:\/\/newsinfoco.com.br\/inicio\" title=\"In\u00edcio\">In\u00edcio<\/a>\n\t\t<\/span><span class=\"aioseo-breadcrumb-separator\">&raquo;<\/span><span class=\"aioseo-breadcrumb\">\n\t\t\t<a href=\"https:\/\/newsinfoco.com.br\/inicio\/category\/alagoinhas-e-regiao\/\" title=\"Alagoinhas e Regi\u00e3o\">Alagoinhas e Regi\u00e3o<\/a>\n\t\t<\/span><span class=\"aioseo-breadcrumb-separator\">&raquo;<\/span><span class=\"aioseo-breadcrumb\">\n\t\t\tSedes leva tradi\u00e7\u00e3o dos ovos de P\u00e1scoa para centenas de crian\u00e7as\n\t\t<\/span><\/div>","aioseo_breadcrumb_json":[{"label":"In\u00edcio","link":"https:\/\/newsinfoco.com.br\/inicio"},{"label":"Alagoinhas e Regi\u00e3o","link":"https:\/\/newsinfoco.com.br\/inicio\/category\/alagoinhas-e-regiao\/"},{"label":"Sedes leva tradi\u00e7\u00e3o dos ovos de P\u00e1scoa para centenas de crian\u00e7as","link":"https:\/\/newsinfoco.com.br\/inicio\/sedes-leva-tradicao-dos-ovos-de-pascoa-para-centenas-de-criancas\/"}],"_links":{"self":[{"href":"https:\/\/newsinfoco.com.br\/inicio\/wp-json\/wp\/v2\/posts\/50161","targetHints":{"allow":["GET"]}}],"collection":[{"href":"https:\/\/newsinfoco.com.br\/inicio\/wp-json\/wp\/v2\/posts"}],"about":[{"href":"https:\/\/newsinfoco.com.br\/inicio\/wp-json\/wp\/v2\/types\/post"}],"author":[{"embeddable":true,"href":"https:\/\/newsinfoco.com.br\/inicio\/wp-json\/wp\/v2\/users\/1"}],"replies":[{"embeddable":true,"href":"https:\/\/newsinfoco.com.br\/inicio\/wp-json\/wp\/v2\/comments?post=50161"}],"version-history":[{"count":1,"href":"https:\/\/newsinfoco.com.br\/inicio\/wp-json\/wp\/v2\/posts\/50161\/revisions"}],"predecessor-version":[{"id":50163,"href":"https:\/\/newsinfoco.com.br\/inicio\/wp-json\/wp\/v2\/posts\/50161\/revisions\/50163"}],"wp:featuredmedia":[{"embeddable":true,"href":"https:\/\/newsinfoco.com.br\/inicio\/wp-json\/wp\/v2\/media\/50162"}],"wp:attachment":[{"href":"https:\/\/newsinfoco.com.br\/inicio\/wp-json\/wp\/v2\/media?parent=50161"}],"wp:term":[{"taxonomy":"category","embeddable":true,"href":"https:\/\/newsinfoco.com.br\/inicio\/wp-json\/wp\/v2\/categories?post=50161"},{"taxonomy":"post_tag","embeddable":true,"href":"https:\/\/newsinfoco.com.br\/inicio\/wp-json\/wp\/v2\/tags?post=50161"}],"curies":[{"name":"wp","href":"https:\/\/api.w.org\/{rel}","templated":true}]}}