{"id":50184,"date":"2026-04-08T15:41:19","date_gmt":"2026-04-08T18:41:19","guid":{"rendered":"https:\/\/newsinfoco.com.br\/inicio\/?p=50184"},"modified":"2026-04-08T15:41:19","modified_gmt":"2026-04-08T18:41:19","slug":"vereadora-juci-cardoso-repudia-fake-news-contra-colegas-e-convoca-camara-a-elevar-o-debate-politico","status":"publish","type":"post","link":"https:\/\/newsinfoco.com.br\/inicio\/vereadora-juci-cardoso-repudia-fake-news-contra-colegas-e-convoca-camara-a-elevar-o-debate-politico\/","title":{"rendered":"Vereadora Juci Cardoso repudia fake news contra colegas e convoca C\u00e2mara a elevar o debate pol\u00edtico"},"content":{"rendered":"<div class=\"elementor-column elementor-col-50 elementor-top-column elementor-element elementor-element-166fa74c\" data-id=\"166fa74c\" data-element_type=\"column\">\n<div class=\"elementor-widget-wrap elementor-element-populated\">\n<div class=\"elementor-element elementor-element-8956c80 elementor-widget elementor-widget-theme-post-content\" data-id=\"8956c80\" data-element_type=\"widget\" data-widget_type=\"theme-post-content.default\">\n<div class=\"elementor-widget-container\">\n<p>Em discurso na sess\u00e3o desta ter\u00e7a-feira (7), a vereadora Juci Cardoso denunciou as \u201cnarrativas falaciosas\u201d e \u201cpol\u00edtica rasa\u201d que v\u00eam ganhando espa\u00e7o na cidade. A parlamentar saiu em defesa da verdade dos fatos, repudiando formalmente uma not\u00edcia falsa que acusa os vereadores Luma Menezes e Luciano Almeida de articularem a privatiza\u00e7\u00e3o do Servi\u00e7o Aut\u00f4nomo de \u00c1gua e Esgoto (SAAE).<\/p>\n<p>Mesmo pertencendo a espectros pol\u00edticos que muitas vezes divergem, Juci Cardoso enfatizou que a \u00e9tica deve prevalecer sobre as disputas eleitorais. A vereadora criticou duramente uma mat\u00e9ria de um sindicato estadual que atribui aos seus pares uma pauta privatista inexistente.<\/p>\n<p>\u201cN\u00e3o sou advogada de Luma ou Luciano, mas sou defensora de uma pol\u00edtica baseada em dados e seriedade. \u00c9 mentira que vereadores defendam a privatiza\u00e7\u00e3o do SAAE. Esse Parlamento sequer tem poder para isso; a lei \u00e9 clara e exigiria iniciativa do Executivo com escuta popular. Usar factoides para jogar a popula\u00e7\u00e3o contra parlamentares \u00e9 plantar o caos\u201d, afirmou.<\/p>\n<p>A vereadora tamb\u00e9m rebateu a narrativa de que parlamentares da base governista n\u00e3o exercem o papel de fiscalizadores. Citando sua pr\u00f3pria postura cr\u00edtica, Juci relatou que n\u00e3o se omite diante de falhas da gest\u00e3o, como a falta de manuten\u00e7\u00e3o asf\u00e1ltica em vias onde funcionam as pr\u00f3prias secretarias municipais.<\/p>\n<p>\u201cDizer que a base n\u00e3o fiscaliza \u00e9 mentira. Eu questiono e cobro. N\u00e3o vou achar correto um buraco com mato de 50 cent\u00edmetros na porta de uma secretaria respons\u00e1vel por vias p\u00fablicas. Ser eleita para defender o povo exige que as demandas da popula\u00e7\u00e3o reverberem aqui, independente de lado pol\u00edtico\u201d, pontuou.<\/p>\n<p>Para Juci Cardoso, o debate pol\u00edtico em Alagoinhas corre o risco de retroceder ao \u201cper\u00edodo medieval\u201d se continuar focado em ataques pessoais e f\u00f3rmulas prontas em busca de engajamento digital. Ela alertou para o perigo da \u201cpol\u00edtica do like\u201d, que prioriza o palco eleitoral em detrimento de solu\u00e7\u00f5es reais para a cidade.<\/p>\n<p>\u201cA pol\u00edtica n\u00e3o \u00e9 sobre ter f\u00f3rmulas m\u00e1gicas ou buscar curtidas. \u00c9 sobre garantir direitos atrav\u00e9s de pol\u00edticas p\u00fablicas s\u00e9rias. Precisamos parar de agir como em um cl\u00e1ssico \u2018Ba-Vi\u2019, onde um torce contra o outro. Temos que torcer por uma cidade melhor, discutindo problemas e n\u00e3o pessoas\u201d, defendeu a parlamentar.<\/p>\n<p>Ao encerrar sua fala, a vereadora fez um chamamento para que a C\u00e2mara Municipal se porte de acordo com a relev\u00e2ncia de Alagoinhas, que \u00e9 a capital do Litoral Norte e Agreste Baiano. Juci defendeu que o empoderamento do cidad\u00e3o passa pela compreens\u00e3o de que o debate qualificado \u00e9 a \u00fanica via para o desenvolvimento.<\/p>\n<p>\u201cEsta C\u00e2mara precisa ser do tamanho da nossa cidade. Espero que Alagoinhas seja governada por quem trate a pol\u00edtica com a dignidade que ela merece\u201d, concluiu, refor\u00e7ando seu compromisso com o Estado Democr\u00e1tico de Direito e com a sa\u00fade mental e integridade dos agentes p\u00fablicos e suas fam\u00edlias.<\/p>\n<p><strong>Ascom \u2013 C\u00e2mara Municipal de Alagoinhas<\/strong><\/p>\n<p><strong>Fotos \u2013 Jh\u00f4 Paz<\/strong><\/p>\n<\/div>\n<\/div>\n<\/div>\n<\/div>\n<div class=\"elementor-column elementor-col-50 elementor-top-column elementor-element elementor-element-263f143b\" data-id=\"263f143b\" data-element_type=\"column\">\n<div class=\"elementor-widget-wrap elementor-element-populated\">\n<div class=\"elementor-element elementor-element-19118fd7 elementor-widget elementor-widget-heading\" data-id=\"19118fd7\" data-element_type=\"widget\" data-widget_type=\"heading.default\">\n<div class=\"elementor-widget-container\"><\/div>\n<\/div>\n<\/div>\n<\/div>\n<div class='share-to-whatsapp-wrapper'><div class='share-on-whsp'>Share on: <\/div><a data-text='Vereadora Juci Cardoso repudia fake news contra colegas e convoca C\u00e2mara a elevar o debate pol\u00edtico' data-link='https:\/\/newsinfoco.com.br\/inicio\/vereadora-juci-cardoso-repudia-fake-news-contra-colegas-e-convoca-camara-a-elevar-o-debate-politico\/' class='whatsapp-button whatsapp-share'>WhatsApp<\/a><div class='clear '><\/div><\/div>","protected":false},"excerpt":{"rendered":"<p>Em discurso na sess\u00e3o desta ter\u00e7a-feira (7), a vereadora Juci Cardoso denunciou as \u201cnarrativas falaciosas\u201d e \u201cpol\u00edtica rasa\u201d que v\u00eam ganhando espa\u00e7o na cidade. A parlamentar saiu em defesa da verdade dos fatos, repudiando formalmente uma not\u00edcia falsa que acusa os vereadores Luma Menezes e Luciano Almeida de articularem a privatiza\u00e7\u00e3o do Servi\u00e7o Aut\u00f4nomo de [&hellip;]<\/p>\n","protected":false},"author":1,"featured_media":50187,"comment_status":"closed","ping_status":"closed","sticky":false,"template":"","format":"standard","meta":{"om_disable_all_campaigns":false,"rop_custom_images_group":[],"rop_custom_messages_group":[],"rop_publish_now":"initial","rop_publish_now_accounts":[],"rop_publish_now_history":[],"rop_publish_now_status":"pending","_exactmetrics_skip_tracking":false,"footnotes":""},"categories":[19],"tags":[],"class_list":["post-50184","post","type-post","status-publish","format-standard","has-post-thumbnail","hentry","category-bahia"],"aioseo_notices":[],"aioseo_head":"\n\t\t<!-- All in One SEO 4.9.10 - aioseo.com -->\n\t<meta name=\"description\" content=\"Em discurso na sess\u00e3o desta ter\u00e7a-feira (7), a vereadora Juci Cardoso denunciou as \u201cnarrativas falaciosas\u201d e \u201cpol\u00edtica rasa\u201d que v\u00eam ganhando espa\u00e7o na cidade. A parlamentar saiu em defesa da verdade dos fatos, repudiando formalmente uma not\u00edcia falsa que acusa os vereadores Luma Menezes e Luciano Almeida de articularem a privatiza\u00e7\u00e3o do Servi\u00e7o Aut\u00f4nomo de\" \/>\n\t<meta name=\"robots\" content=\"max-image-preview:large\" \/>\n\t<meta name=\"author\" content=\"administrador\"\/>\n\t<link rel=\"canonical\" href=\"https:\/\/newsinfoco.com.br\/inicio\/vereadora-juci-cardoso-repudia-fake-news-contra-colegas-e-convoca-camara-a-elevar-o-debate-politico\/\" \/>\n\t<meta name=\"generator\" content=\"All in One SEO (AIOSEO) 4.9.10\" \/>\n\t\t<meta property=\"og:locale\" content=\"pt_BR\" \/>\n\t\t<meta property=\"og:site_name\" content=\"News In Foco - Editado por Caio Pimenta - O principal site de noticias de Alagoinhas e regi\u00e3o\" \/>\n\t\t<meta property=\"og:type\" content=\"article\" \/>\n\t\t<meta property=\"og:title\" content=\"Vereadora Juci Cardoso repudia fake news contra colegas e convoca C\u00e2mara a elevar o debate pol\u00edtico - News In Foco - Editado por Caio Pimenta\" \/>\n\t\t<meta property=\"og:description\" content=\"Em discurso na sess\u00e3o desta ter\u00e7a-feira (7), a vereadora Juci Cardoso denunciou as \u201cnarrativas falaciosas\u201d e \u201cpol\u00edtica rasa\u201d que v\u00eam ganhando espa\u00e7o na cidade. A parlamentar saiu em defesa da verdade dos fatos, repudiando formalmente uma not\u00edcia falsa que acusa os vereadores Luma Menezes e Luciano Almeida de articularem a privatiza\u00e7\u00e3o do Servi\u00e7o Aut\u00f4nomo de\" \/>\n\t\t<meta property=\"og:url\" content=\"https:\/\/newsinfoco.com.br\/inicio\/vereadora-juci-cardoso-repudia-fake-news-contra-colegas-e-convoca-camara-a-elevar-o-debate-politico\/\" \/>\n\t\t<meta property=\"article:published_time\" content=\"2026-04-08T18:41:19+00:00\" \/>\n\t\t<meta property=\"article:modified_time\" content=\"2026-04-08T18:41:19+00:00\" \/>\n\t\t<meta name=\"twitter:card\" content=\"summary_large_image\" \/>\n\t\t<meta name=\"twitter:title\" content=\"Vereadora Juci Cardoso repudia fake news contra colegas e convoca C\u00e2mara a elevar o debate pol\u00edtico - News In Foco - Editado por Caio Pimenta\" \/>\n\t\t<meta name=\"twitter:description\" content=\"Em discurso na sess\u00e3o desta ter\u00e7a-feira (7), a vereadora Juci Cardoso denunciou as \u201cnarrativas falaciosas\u201d e \u201cpol\u00edtica rasa\u201d que v\u00eam ganhando espa\u00e7o na cidade. A parlamentar saiu em defesa da verdade dos fatos, repudiando formalmente uma not\u00edcia falsa que acusa os vereadores Luma Menezes e Luciano Almeida de articularem a privatiza\u00e7\u00e3o do Servi\u00e7o Aut\u00f4nomo de\" \/>\n\t\t<script type=\"application\/ld+json\" class=\"aioseo-schema\">\n\t\t\t{\"@context\":\"https:\\\/\\\/schema.org\",\"@graph\":[{\"@type\":\"BlogPosting\",\"@id\":\"https:\\\/\\\/newsinfoco.com.br\\\/inicio\\\/vereadora-juci-cardoso-repudia-fake-news-contra-colegas-e-convoca-camara-a-elevar-o-debate-politico\\\/#blogposting\",\"name\":\"Vereadora Juci Cardoso repudia fake news contra colegas e convoca C\\u00e2mara a elevar o debate pol\\u00edtico - News In Foco - Editado por Caio Pimenta\",\"headline\":\"Vereadora Juci Cardoso repudia fake news contra colegas e convoca C\\u00e2mara a elevar o debate pol\\u00edtico\",\"author\":{\"@id\":\"https:\\\/\\\/newsinfoco.com.br\\\/inicio\\\/author\\\/administrador\\\/#author\"},\"publisher\":{\"@id\":\"https:\\\/\\\/newsinfoco.com.br\\\/inicio\\\/#organization\"},\"image\":{\"@type\":\"ImageObject\",\"url\":\"https:\\\/\\\/newsinfoco.com.br\\\/inicio\\\/wp-content\\\/uploads\\\/2026\\\/04\\\/ad0f6ee3-4502-4d4f-a8e7-4ee72d9b720a-2048x1152-1.jpg\",\"width\":2048,\"height\":1152},\"datePublished\":\"2026-04-08T15:41:19-03:00\",\"dateModified\":\"2026-04-08T15:41:19-03:00\",\"inLanguage\":\"pt-BR\",\"mainEntityOfPage\":{\"@id\":\"https:\\\/\\\/newsinfoco.com.br\\\/inicio\\\/vereadora-juci-cardoso-repudia-fake-news-contra-colegas-e-convoca-camara-a-elevar-o-debate-politico\\\/#webpage\"},\"isPartOf\":{\"@id\":\"https:\\\/\\\/newsinfoco.com.br\\\/inicio\\\/vereadora-juci-cardoso-repudia-fake-news-contra-colegas-e-convoca-camara-a-elevar-o-debate-politico\\\/#webpage\"},\"articleSection\":\"Bahia\"},{\"@type\":\"BreadcrumbList\",\"@id\":\"https:\\\/\\\/newsinfoco.com.br\\\/inicio\\\/vereadora-juci-cardoso-repudia-fake-news-contra-colegas-e-convoca-camara-a-elevar-o-debate-politico\\\/#breadcrumblist\",\"itemListElement\":[{\"@type\":\"ListItem\",\"@id\":\"https:\\\/\\\/newsinfoco.com.br\\\/inicio#listItem\",\"position\":1,\"name\":\"In\\u00edcio\",\"item\":\"https:\\\/\\\/newsinfoco.com.br\\\/inicio\",\"nextItem\":{\"@type\":\"ListItem\",\"@id\":\"https:\\\/\\\/newsinfoco.com.br\\\/inicio\\\/category\\\/bahia\\\/#listItem\",\"name\":\"Bahia\"}},{\"@type\":\"ListItem\",\"@id\":\"https:\\\/\\\/newsinfoco.com.br\\\/inicio\\\/category\\\/bahia\\\/#listItem\",\"position\":2,\"name\":\"Bahia\",\"item\":\"https:\\\/\\\/newsinfoco.com.br\\\/inicio\\\/category\\\/bahia\\\/\",\"nextItem\":{\"@type\":\"ListItem\",\"@id\":\"https:\\\/\\\/newsinfoco.com.br\\\/inicio\\\/vereadora-juci-cardoso-repudia-fake-news-contra-colegas-e-convoca-camara-a-elevar-o-debate-politico\\\/#listItem\",\"name\":\"Vereadora Juci Cardoso repudia fake news contra colegas e convoca C\\u00e2mara a elevar o debate pol\\u00edtico\"},\"previousItem\":{\"@type\":\"ListItem\",\"@id\":\"https:\\\/\\\/newsinfoco.com.br\\\/inicio#listItem\",\"name\":\"In\\u00edcio\"}},{\"@type\":\"ListItem\",\"@id\":\"https:\\\/\\\/newsinfoco.com.br\\\/inicio\\\/vereadora-juci-cardoso-repudia-fake-news-contra-colegas-e-convoca-camara-a-elevar-o-debate-politico\\\/#listItem\",\"position\":3,\"name\":\"Vereadora Juci Cardoso repudia fake news contra colegas e convoca C\\u00e2mara a elevar o debate pol\\u00edtico\",\"previousItem\":{\"@type\":\"ListItem\",\"@id\":\"https:\\\/\\\/newsinfoco.com.br\\\/inicio\\\/category\\\/bahia\\\/#listItem\",\"name\":\"Bahia\"}}]},{\"@type\":\"Organization\",\"@id\":\"https:\\\/\\\/newsinfoco.com.br\\\/inicio\\\/#organization\",\"name\":\"News In Foco - Editado por Caio Pimenta\",\"description\":\"O principal site de noticias de Alagoinhas e regi\\u00e3o\",\"url\":\"https:\\\/\\\/newsinfoco.com.br\\\/inicio\\\/\"},{\"@type\":\"Person\",\"@id\":\"https:\\\/\\\/newsinfoco.com.br\\\/inicio\\\/author\\\/administrador\\\/#author\",\"url\":\"https:\\\/\\\/newsinfoco.com.br\\\/inicio\\\/author\\\/administrador\\\/\",\"name\":\"administrador\",\"image\":{\"@type\":\"ImageObject\",\"@id\":\"https:\\\/\\\/newsinfoco.com.br\\\/inicio\\\/vereadora-juci-cardoso-repudia-fake-news-contra-colegas-e-convoca-camara-a-elevar-o-debate-politico\\\/#authorImage\",\"url\":\"https:\\\/\\\/secure.gravatar.com\\\/avatar\\\/c17a617433de8c1dc9584bb79aab7563b46f5bb7e1728c9b17d9cc3ce6a08e49?s=96&d=mm&r=g\",\"width\":96,\"height\":96,\"caption\":\"administrador\"}},{\"@type\":\"WebPage\",\"@id\":\"https:\\\/\\\/newsinfoco.com.br\\\/inicio\\\/vereadora-juci-cardoso-repudia-fake-news-contra-colegas-e-convoca-camara-a-elevar-o-debate-politico\\\/#webpage\",\"url\":\"https:\\\/\\\/newsinfoco.com.br\\\/inicio\\\/vereadora-juci-cardoso-repudia-fake-news-contra-colegas-e-convoca-camara-a-elevar-o-debate-politico\\\/\",\"name\":\"Vereadora Juci Cardoso repudia fake news contra colegas e convoca C\\u00e2mara a elevar o debate pol\\u00edtico - News In Foco - Editado por Caio Pimenta\",\"description\":\"Em discurso na sess\\u00e3o desta ter\\u00e7a-feira (7), a vereadora Juci Cardoso denunciou as \\u201cnarrativas falaciosas\\u201d e \\u201cpol\\u00edtica rasa\\u201d que v\\u00eam ganhando espa\\u00e7o na cidade. A parlamentar saiu em defesa da verdade dos fatos, repudiando formalmente uma not\\u00edcia falsa que acusa os vereadores Luma Menezes e Luciano Almeida de articularem a privatiza\\u00e7\\u00e3o do Servi\\u00e7o Aut\\u00f4nomo de\",\"inLanguage\":\"pt-BR\",\"isPartOf\":{\"@id\":\"https:\\\/\\\/newsinfoco.com.br\\\/inicio\\\/#website\"},\"breadcrumb\":{\"@id\":\"https:\\\/\\\/newsinfoco.com.br\\\/inicio\\\/vereadora-juci-cardoso-repudia-fake-news-contra-colegas-e-convoca-camara-a-elevar-o-debate-politico\\\/#breadcrumblist\"},\"author\":{\"@id\":\"https:\\\/\\\/newsinfoco.com.br\\\/inicio\\\/author\\\/administrador\\\/#author\"},\"creator\":{\"@id\":\"https:\\\/\\\/newsinfoco.com.br\\\/inicio\\\/author\\\/administrador\\\/#author\"},\"image\":{\"@type\":\"ImageObject\",\"url\":\"https:\\\/\\\/newsinfoco.com.br\\\/inicio\\\/wp-content\\\/uploads\\\/2026\\\/04\\\/ad0f6ee3-4502-4d4f-a8e7-4ee72d9b720a-2048x1152-1.jpg\",\"@id\":\"https:\\\/\\\/newsinfoco.com.br\\\/inicio\\\/vereadora-juci-cardoso-repudia-fake-news-contra-colegas-e-convoca-camara-a-elevar-o-debate-politico\\\/#mainImage\",\"width\":2048,\"height\":1152},\"primaryImageOfPage\":{\"@id\":\"https:\\\/\\\/newsinfoco.com.br\\\/inicio\\\/vereadora-juci-cardoso-repudia-fake-news-contra-colegas-e-convoca-camara-a-elevar-o-debate-politico\\\/#mainImage\"},\"datePublished\":\"2026-04-08T15:41:19-03:00\",\"dateModified\":\"2026-04-08T15:41:19-03:00\"},{\"@type\":\"WebSite\",\"@id\":\"https:\\\/\\\/newsinfoco.com.br\\\/inicio\\\/#website\",\"url\":\"https:\\\/\\\/newsinfoco.com.br\\\/inicio\\\/\",\"name\":\"News In Foco - Editado por Caio Pimenta\",\"description\":\"O principal site de noticias de Alagoinhas e regi\\u00e3o\",\"inLanguage\":\"pt-BR\",\"publisher\":{\"@id\":\"https:\\\/\\\/newsinfoco.com.br\\\/inicio\\\/#organization\"}}]}\n\t\t<\/script>\n\t\t<!-- All in One SEO -->\n\n","aioseo_head_json":{"title":"Vereadora Juci Cardoso repudia fake news contra colegas e convoca C\u00e2mara a elevar o debate pol\u00edtico - News In Foco - Editado por Caio Pimenta","description":"Em discurso na sess\u00e3o desta ter\u00e7a-feira (7), a vereadora Juci Cardoso denunciou as \u201cnarrativas falaciosas\u201d e \u201cpol\u00edtica rasa\u201d que v\u00eam ganhando espa\u00e7o na cidade. A parlamentar saiu em defesa da verdade dos fatos, repudiando formalmente uma not\u00edcia falsa que acusa os vereadores Luma Menezes e Luciano Almeida de articularem a privatiza\u00e7\u00e3o do Servi\u00e7o Aut\u00f4nomo de","canonical_url":"https:\/\/newsinfoco.com.br\/inicio\/vereadora-juci-cardoso-repudia-fake-news-contra-colegas-e-convoca-camara-a-elevar-o-debate-politico\/","robots":"max-image-preview:large","keywords":"","webmasterTools":{"miscellaneous":""},"schema":{"@context":"https:\/\/schema.org","@graph":[{"@type":"BlogPosting","@id":"https:\/\/newsinfoco.com.br\/inicio\/vereadora-juci-cardoso-repudia-fake-news-contra-colegas-e-convoca-camara-a-elevar-o-debate-politico\/#blogposting","name":"Vereadora Juci Cardoso repudia fake news contra colegas e convoca C\u00e2mara a elevar o debate pol\u00edtico - News In Foco - Editado por Caio Pimenta","headline":"Vereadora Juci Cardoso repudia fake news contra colegas e convoca C\u00e2mara a elevar o debate pol\u00edtico","author":{"@id":"https:\/\/newsinfoco.com.br\/inicio\/author\/administrador\/#author"},"publisher":{"@id":"https:\/\/newsinfoco.com.br\/inicio\/#organization"},"image":{"@type":"ImageObject","url":"https:\/\/newsinfoco.com.br\/inicio\/wp-content\/uploads\/2026\/04\/ad0f6ee3-4502-4d4f-a8e7-4ee72d9b720a-2048x1152-1.jpg","width":2048,"height":1152},"datePublished":"2026-04-08T15:41:19-03:00","dateModified":"2026-04-08T15:41:19-03:00","inLanguage":"pt-BR","mainEntityOfPage":{"@id":"https:\/\/newsinfoco.com.br\/inicio\/vereadora-juci-cardoso-repudia-fake-news-contra-colegas-e-convoca-camara-a-elevar-o-debate-politico\/#webpage"},"isPartOf":{"@id":"https:\/\/newsinfoco.com.br\/inicio\/vereadora-juci-cardoso-repudia-fake-news-contra-colegas-e-convoca-camara-a-elevar-o-debate-politico\/#webpage"},"articleSection":"Bahia"},{"@type":"BreadcrumbList","@id":"https:\/\/newsinfoco.com.br\/inicio\/vereadora-juci-cardoso-repudia-fake-news-contra-colegas-e-convoca-camara-a-elevar-o-debate-politico\/#breadcrumblist","itemListElement":[{"@type":"ListItem","@id":"https:\/\/newsinfoco.com.br\/inicio#listItem","position":1,"name":"In\u00edcio","item":"https:\/\/newsinfoco.com.br\/inicio","nextItem":{"@type":"ListItem","@id":"https:\/\/newsinfoco.com.br\/inicio\/category\/bahia\/#listItem","name":"Bahia"}},{"@type":"ListItem","@id":"https:\/\/newsinfoco.com.br\/inicio\/category\/bahia\/#listItem","position":2,"name":"Bahia","item":"https:\/\/newsinfoco.com.br\/inicio\/category\/bahia\/","nextItem":{"@type":"ListItem","@id":"https:\/\/newsinfoco.com.br\/inicio\/vereadora-juci-cardoso-repudia-fake-news-contra-colegas-e-convoca-camara-a-elevar-o-debate-politico\/#listItem","name":"Vereadora Juci Cardoso repudia fake news contra colegas e convoca C\u00e2mara a elevar o debate pol\u00edtico"},"previousItem":{"@type":"ListItem","@id":"https:\/\/newsinfoco.com.br\/inicio#listItem","name":"In\u00edcio"}},{"@type":"ListItem","@id":"https:\/\/newsinfoco.com.br\/inicio\/vereadora-juci-cardoso-repudia-fake-news-contra-colegas-e-convoca-camara-a-elevar-o-debate-politico\/#listItem","position":3,"name":"Vereadora Juci Cardoso repudia fake news contra colegas e convoca C\u00e2mara a elevar o debate pol\u00edtico","previousItem":{"@type":"ListItem","@id":"https:\/\/newsinfoco.com.br\/inicio\/category\/bahia\/#listItem","name":"Bahia"}}]},{"@type":"Organization","@id":"https:\/\/newsinfoco.com.br\/inicio\/#organization","name":"News In Foco - Editado por Caio Pimenta","description":"O principal site de noticias de Alagoinhas e regi\u00e3o","url":"https:\/\/newsinfoco.com.br\/inicio\/"},{"@type":"Person","@id":"https:\/\/newsinfoco.com.br\/inicio\/author\/administrador\/#author","url":"https:\/\/newsinfoco.com.br\/inicio\/author\/administrador\/","name":"administrador","image":{"@type":"ImageObject","@id":"https:\/\/newsinfoco.com.br\/inicio\/vereadora-juci-cardoso-repudia-fake-news-contra-colegas-e-convoca-camara-a-elevar-o-debate-politico\/#authorImage","url":"https:\/\/secure.gravatar.com\/avatar\/c17a617433de8c1dc9584bb79aab7563b46f5bb7e1728c9b17d9cc3ce6a08e49?s=96&d=mm&r=g","width":96,"height":96,"caption":"administrador"}},{"@type":"WebPage","@id":"https:\/\/newsinfoco.com.br\/inicio\/vereadora-juci-cardoso-repudia-fake-news-contra-colegas-e-convoca-camara-a-elevar-o-debate-politico\/#webpage","url":"https:\/\/newsinfoco.com.br\/inicio\/vereadora-juci-cardoso-repudia-fake-news-contra-colegas-e-convoca-camara-a-elevar-o-debate-politico\/","name":"Vereadora Juci Cardoso repudia fake news contra colegas e convoca C\u00e2mara a elevar o debate pol\u00edtico - News In Foco - Editado por Caio Pimenta","description":"Em discurso na sess\u00e3o desta ter\u00e7a-feira (7), a vereadora Juci Cardoso denunciou as \u201cnarrativas falaciosas\u201d e \u201cpol\u00edtica rasa\u201d que v\u00eam ganhando espa\u00e7o na cidade. A parlamentar saiu em defesa da verdade dos fatos, repudiando formalmente uma not\u00edcia falsa que acusa os vereadores Luma Menezes e Luciano Almeida de articularem a privatiza\u00e7\u00e3o do Servi\u00e7o Aut\u00f4nomo de","inLanguage":"pt-BR","isPartOf":{"@id":"https:\/\/newsinfoco.com.br\/inicio\/#website"},"breadcrumb":{"@id":"https:\/\/newsinfoco.com.br\/inicio\/vereadora-juci-cardoso-repudia-fake-news-contra-colegas-e-convoca-camara-a-elevar-o-debate-politico\/#breadcrumblist"},"author":{"@id":"https:\/\/newsinfoco.com.br\/inicio\/author\/administrador\/#author"},"creator":{"@id":"https:\/\/newsinfoco.com.br\/inicio\/author\/administrador\/#author"},"image":{"@type":"ImageObject","url":"https:\/\/newsinfoco.com.br\/inicio\/wp-content\/uploads\/2026\/04\/ad0f6ee3-4502-4d4f-a8e7-4ee72d9b720a-2048x1152-1.jpg","@id":"https:\/\/newsinfoco.com.br\/inicio\/vereadora-juci-cardoso-repudia-fake-news-contra-colegas-e-convoca-camara-a-elevar-o-debate-politico\/#mainImage","width":2048,"height":1152},"primaryImageOfPage":{"@id":"https:\/\/newsinfoco.com.br\/inicio\/vereadora-juci-cardoso-repudia-fake-news-contra-colegas-e-convoca-camara-a-elevar-o-debate-politico\/#mainImage"},"datePublished":"2026-04-08T15:41:19-03:00","dateModified":"2026-04-08T15:41:19-03:00"},{"@type":"WebSite","@id":"https:\/\/newsinfoco.com.br\/inicio\/#website","url":"https:\/\/newsinfoco.com.br\/inicio\/","name":"News In Foco - Editado por Caio Pimenta","description":"O principal site de noticias de Alagoinhas e regi\u00e3o","inLanguage":"pt-BR","publisher":{"@id":"https:\/\/newsinfoco.com.br\/inicio\/#organization"}}]},"og:locale":"pt_BR","og:site_name":"News In Foco - Editado por Caio Pimenta - O principal site de noticias de Alagoinhas e regi\u00e3o","og:type":"article","og:title":"Vereadora Juci Cardoso repudia fake news contra colegas e convoca C\u00e2mara a elevar o debate pol\u00edtico - News In Foco - Editado por Caio Pimenta","og:description":"Em discurso na sess\u00e3o desta ter\u00e7a-feira (7), a vereadora Juci Cardoso denunciou as \u201cnarrativas falaciosas\u201d e \u201cpol\u00edtica rasa\u201d que v\u00eam ganhando espa\u00e7o na cidade. A parlamentar saiu em defesa da verdade dos fatos, repudiando formalmente uma not\u00edcia falsa que acusa os vereadores Luma Menezes e Luciano Almeida de articularem a privatiza\u00e7\u00e3o do Servi\u00e7o Aut\u00f4nomo de","og:url":"https:\/\/newsinfoco.com.br\/inicio\/vereadora-juci-cardoso-repudia-fake-news-contra-colegas-e-convoca-camara-a-elevar-o-debate-politico\/","article:published_time":"2026-04-08T18:41:19+00:00","article:modified_time":"2026-04-08T18:41:19+00:00","twitter:card":"summary_large_image","twitter:title":"Vereadora Juci Cardoso repudia fake news contra colegas e convoca C\u00e2mara a elevar o debate pol\u00edtico - News In Foco - Editado por Caio Pimenta","twitter:description":"Em discurso na sess\u00e3o desta ter\u00e7a-feira (7), a vereadora Juci Cardoso denunciou as \u201cnarrativas falaciosas\u201d e \u201cpol\u00edtica rasa\u201d que v\u00eam ganhando espa\u00e7o na cidade. A parlamentar saiu em defesa da verdade dos fatos, repudiando formalmente uma not\u00edcia falsa que acusa os vereadores Luma Menezes e Luciano Almeida de articularem a privatiza\u00e7\u00e3o do Servi\u00e7o Aut\u00f4nomo de"},"aioseo_meta_data":{"post_id":"50184","title":null,"description":null,"keywords":null,"keyphrases":{"focus":{"keyphrase":"","score":0,"analysis":{"keyphraseInTitle":{"score":0,"maxScore":9,"error":1}}},"additional":[]},"primary_term":null,"canonical_url":null,"og_title":null,"og_description":null,"og_object_type":"default","og_image_type":"default","og_image_url":null,"og_image_width":null,"og_image_height":null,"og_image_custom_url":null,"og_image_custom_fields":null,"og_video":"","og_custom_url":null,"og_article_section":null,"og_article_tags":null,"twitter_use_og":false,"twitter_card":"default","twitter_image_type":"default","twitter_image_url":null,"twitter_image_custom_url":null,"twitter_image_custom_fields":null,"twitter_title":null,"twitter_description":null,"schema":{"blockGraphs":[],"customGraphs":[],"default":{"data":{"Article":[],"Course":[],"Dataset":[],"FAQPage":[],"Movie":[],"Person":[],"Product":[],"ProductReview":[],"Car":[],"Recipe":[],"Service":[],"SoftwareApplication":[],"WebPage":[]},"graphName":"BlogPosting","isEnabled":true},"graphs":[]},"schema_type":"default","schema_type_options":null,"pillar_content":false,"robots_default":true,"robots_noindex":false,"robots_noarchive":false,"robots_nosnippet":false,"robots_nofollow":false,"robots_noimageindex":false,"robots_noodp":false,"robots_notranslate":false,"robots_max_snippet":"-1","robots_max_videopreview":"-1","robots_max_imagepreview":"large","priority":null,"frequency":"default","local_seo":null,"breadcrumb_settings":null,"limit_modified_date":false,"ai":{"faqs":[],"keyPoints":[],"titles":[],"descriptions":[],"socialPosts":{"email":[],"linkedin":[],"twitter":[],"facebook":[],"instagram":[]}},"created":"2026-04-08 18:41:19","updated":"2026-04-08 18:51:32","seo_analyzer_scan_date":null},"aioseo_breadcrumb":"<div class=\"aioseo-breadcrumbs\"><span class=\"aioseo-breadcrumb\">\n\t\t\t<a href=\"https:\/\/newsinfoco.com.br\/inicio\" title=\"In\u00edcio\">In\u00edcio<\/a>\n\t\t<\/span><span class=\"aioseo-breadcrumb-separator\">&raquo;<\/span><span class=\"aioseo-breadcrumb\">\n\t\t\t<a href=\"https:\/\/newsinfoco.com.br\/inicio\/category\/bahia\/\" title=\"Bahia\">Bahia<\/a>\n\t\t<\/span><span class=\"aioseo-breadcrumb-separator\">&raquo;<\/span><span class=\"aioseo-breadcrumb\">\n\t\t\tVereadora Juci Cardoso repudia fake news contra colegas e convoca C\u00e2mara a elevar o debate pol\u00edtico\n\t\t<\/span><\/div>","aioseo_breadcrumb_json":[{"label":"In\u00edcio","link":"https:\/\/newsinfoco.com.br\/inicio"},{"label":"Bahia","link":"https:\/\/newsinfoco.com.br\/inicio\/category\/bahia\/"},{"label":"Vereadora Juci Cardoso repudia fake news contra colegas e convoca C\u00e2mara a elevar o debate pol\u00edtico","link":"https:\/\/newsinfoco.com.br\/inicio\/vereadora-juci-cardoso-repudia-fake-news-contra-colegas-e-convoca-camara-a-elevar-o-debate-politico\/"}],"_links":{"self":[{"href":"https:\/\/newsinfoco.com.br\/inicio\/wp-json\/wp\/v2\/posts\/50184","targetHints":{"allow":["GET"]}}],"collection":[{"href":"https:\/\/newsinfoco.com.br\/inicio\/wp-json\/wp\/v2\/posts"}],"about":[{"href":"https:\/\/newsinfoco.com.br\/inicio\/wp-json\/wp\/v2\/types\/post"}],"author":[{"embeddable":true,"href":"https:\/\/newsinfoco.com.br\/inicio\/wp-json\/wp\/v2\/users\/1"}],"replies":[{"embeddable":true,"href":"https:\/\/newsinfoco.com.br\/inicio\/wp-json\/wp\/v2\/comments?post=50184"}],"version-history":[{"count":1,"href":"https:\/\/newsinfoco.com.br\/inicio\/wp-json\/wp\/v2\/posts\/50184\/revisions"}],"predecessor-version":[{"id":50188,"href":"https:\/\/newsinfoco.com.br\/inicio\/wp-json\/wp\/v2\/posts\/50184\/revisions\/50188"}],"wp:featuredmedia":[{"embeddable":true,"href":"https:\/\/newsinfoco.com.br\/inicio\/wp-json\/wp\/v2\/media\/50187"}],"wp:attachment":[{"href":"https:\/\/newsinfoco.com.br\/inicio\/wp-json\/wp\/v2\/media?parent=50184"}],"wp:term":[{"taxonomy":"category","embeddable":true,"href":"https:\/\/newsinfoco.com.br\/inicio\/wp-json\/wp\/v2\/categories?post=50184"},{"taxonomy":"post_tag","embeddable":true,"href":"https:\/\/newsinfoco.com.br\/inicio\/wp-json\/wp\/v2\/tags?post=50184"}],"curies":[{"name":"wp","href":"https:\/\/api.w.org\/{rel}","templated":true}]}}