{"id":50192,"date":"2026-04-08T15:54:26","date_gmt":"2026-04-08T18:54:26","guid":{"rendered":"https:\/\/newsinfoco.com.br\/inicio\/?p=50192"},"modified":"2026-04-08T15:54:26","modified_gmt":"2026-04-08T18:54:26","slug":"vereador-claudio-abiude-alerta-para-riscos-de-arboviroses-e-cobra-fiscalizacao-em-alagoinhas","status":"publish","type":"post","link":"https:\/\/newsinfoco.com.br\/inicio\/vereador-claudio-abiude-alerta-para-riscos-de-arboviroses-e-cobra-fiscalizacao-em-alagoinhas\/","title":{"rendered":"Vereador Cl\u00e1udio Abi\u00fade alerta para riscos de arboviroses e cobra fiscaliza\u00e7\u00e3o em Alagoinhas"},"content":{"rendered":"<div class=\"elementor-column elementor-col-50 elementor-top-column elementor-element elementor-element-166fa74c\" data-id=\"166fa74c\" data-element_type=\"column\">\n<div class=\"elementor-widget-wrap elementor-element-populated\">\n<div class=\"elementor-element elementor-element-8956c80 elementor-widget elementor-widget-theme-post-content\" data-id=\"8956c80\" data-element_type=\"widget\" data-widget_type=\"theme-post-content.default\">\n<div class=\"elementor-widget-container\">\n<p>Na sess\u00e3o realizada na ter\u00e7a-feira (7), o vereador Cl\u00e1udio Abi\u00fade chamou a aten\u00e7\u00e3o para o aumento dos casos de arboviroses no munic\u00edpio e destacou a necessidade de intensificar a\u00e7\u00f5es de preven\u00e7\u00e3o e fiscaliza\u00e7\u00e3o, especialmente no combate ao mosquito\u00a0<em>Aedes aegypti<\/em>.<\/p>\n<p>Durante a fala, o parlamentar ressaltou o cen\u00e1rio preocupante no pa\u00eds, com registros de mortes causadas por doen\u00e7as como dengue, chikungunya e zika, todas transmitidas pelo mesmo vetor. Ele enfatizou que o principal desafio continua sendo o ac\u00famulo de \u00e1gua parada em resid\u00eancias e espa\u00e7os urbanos.<\/p>\n<p>Abi\u00fade tamb\u00e9m apresentou uma den\u00fancia envolvendo a estrutura do antigo clube Associa\u00e7\u00e3o Cultural e Recreativa de Alagoinhas (ACRA) \u2013 localizado na Rua Marechal Deodoro (Centro) -, que estaria oferecendo risco \u00e0 sa\u00fade p\u00fablica. \u201cA piscina da ACRA est\u00e1 cheia, com \u00e1gua esverdeada e, certamente, com presen\u00e7a de larvas. \u00c9 necess\u00e1ria uma interven\u00e7\u00e3o\u201d, afirmou.<\/p>\n<p>O vereador refor\u00e7ou a import\u00e2ncia da participa\u00e7\u00e3o da popula\u00e7\u00e3o no combate \u00e0s arboviroses, incentivando den\u00fancias e a vigil\u00e2ncia constante sobre poss\u00edveis focos do mosquito. \u201c\u00c9 fundamental denunciar, para que possamos reduzir esses n\u00fameros e evitar que o munic\u00edpio avance nessas estat\u00edsticas\u201d, destacou.<\/p>\n<p>Na mesma sess\u00e3o, o vereador Luciano Almeida relatou o aumento de casos graves da doen\u00e7a no munic\u00edpio, incluindo interna\u00e7\u00f5es em unidades de terapia intensiva. Segundo ele, a Secretaria Municipal de Sa\u00fade tem atuado no enfrentamento, mas depende da colabora\u00e7\u00e3o dos moradores. \u201cA secretaria est\u00e1 adotando as medidas necess\u00e1rias, mas \u00e9 essencial a colabora\u00e7\u00e3o da popula\u00e7\u00e3o\u201d, pontuou.<\/p>\n<div class=\"wp-block-image\"><\/div>\n<p>O vereador Thor de Ninha destacou a celebra\u00e7\u00e3o do Dia Mundial da Sa\u00fade e parabenizou os profissionais da \u00e1rea, al\u00e9m de ressaltar o trabalho dos agentes de endemias diante do aumento de focos do mosquito. \u201cO n\u00famero de agentes ainda \u00e9 insuficiente. H\u00e1 necessidade urgente de amplia\u00e7\u00e3o desse efetivo\u201d, afirmou.<\/p>\n<div class=\"wp-block-image\"><\/div>\n<p>Por fim, o vereador Jos\u00e9 Ed\u00e9sio alertou para a necessidade de interven\u00e7\u00e3o do poder p\u00fablico em \u00e1reas cr\u00edticas, como o espa\u00e7o do antigo clube ACRA, e defendeu a atua\u00e7\u00e3o de \u00f3rg\u00e3os competentes para conter riscos \u00e0 popula\u00e7\u00e3o. \u201cTrata-se de uma quest\u00e3o de sa\u00fade p\u00fablica e precisa ser solucionada com a maior brevidade poss\u00edvel\u201d, concluiu.<\/p>\n<p><strong>Ascom \u2013 C\u00e2mara Municipal de Alagoinhas<\/strong><\/p>\n<p><strong>Fotos \u2013 Jh\u00f4 Paz<\/strong><\/p>\n<\/div>\n<\/div>\n<\/div>\n<\/div>\n<div class=\"elementor-column elementor-col-50 elementor-top-column elementor-element elementor-element-263f143b\" data-id=\"263f143b\" data-element_type=\"column\">\n<div class=\"elementor-widget-wrap elementor-element-populated\">\n<div class=\"elementor-element elementor-element-19118fd7 elementor-widget elementor-widget-heading\" data-id=\"19118fd7\" data-element_type=\"widget\" data-widget_type=\"heading.default\">\n<div class=\"elementor-widget-container\"><\/div>\n<\/div>\n<\/div>\n<\/div>\n<div class='share-to-whatsapp-wrapper'><div class='share-on-whsp'>Share on: <\/div><a data-text='Vereador Cl\u00e1udio Abi\u00fade alerta para riscos de arboviroses e cobra fiscaliza\u00e7\u00e3o em Alagoinhas' data-link='https:\/\/newsinfoco.com.br\/inicio\/vereador-claudio-abiude-alerta-para-riscos-de-arboviroses-e-cobra-fiscalizacao-em-alagoinhas\/' class='whatsapp-button whatsapp-share'>WhatsApp<\/a><div class='clear '><\/div><\/div>","protected":false},"excerpt":{"rendered":"<p>Na sess\u00e3o realizada na ter\u00e7a-feira (7), o vereador Cl\u00e1udio Abi\u00fade chamou a aten\u00e7\u00e3o para o aumento dos casos de arboviroses no munic\u00edpio e destacou a necessidade de intensificar a\u00e7\u00f5es de preven\u00e7\u00e3o e fiscaliza\u00e7\u00e3o, especialmente no combate ao mosquito\u00a0Aedes aegypti. Durante a fala, o parlamentar ressaltou o cen\u00e1rio preocupante no pa\u00eds, com registros de mortes causadas [&hellip;]<\/p>\n","protected":false},"author":1,"featured_media":50193,"comment_status":"closed","ping_status":"closed","sticky":false,"template":"","format":"standard","meta":{"om_disable_all_campaigns":false,"rop_custom_images_group":[],"rop_custom_messages_group":[],"rop_publish_now":"initial","rop_publish_now_accounts":[],"rop_publish_now_history":[],"rop_publish_now_status":"pending","_exactmetrics_skip_tracking":false,"footnotes":""},"categories":[19],"tags":[],"class_list":["post-50192","post","type-post","status-publish","format-standard","has-post-thumbnail","hentry","category-bahia"],"aioseo_notices":[],"aioseo_head":"\n\t\t<!-- All in One SEO 4.9.10 - aioseo.com -->\n\t<meta name=\"description\" content=\"Na sess\u00e3o realizada na ter\u00e7a-feira (7), o vereador Cl\u00e1udio Abi\u00fade chamou a aten\u00e7\u00e3o para o aumento dos casos de arboviroses no munic\u00edpio e destacou a necessidade de intensificar a\u00e7\u00f5es de preven\u00e7\u00e3o e fiscaliza\u00e7\u00e3o, especialmente no combate ao mosquito Aedes aegypti. Durante a fala, o parlamentar ressaltou o cen\u00e1rio preocupante no pa\u00eds, com registros de mortes causadas\" \/>\n\t<meta name=\"robots\" content=\"max-image-preview:large\" \/>\n\t<meta name=\"author\" content=\"administrador\"\/>\n\t<link rel=\"canonical\" href=\"https:\/\/newsinfoco.com.br\/inicio\/vereador-claudio-abiude-alerta-para-riscos-de-arboviroses-e-cobra-fiscalizacao-em-alagoinhas\/\" \/>\n\t<meta name=\"generator\" content=\"All in One SEO (AIOSEO) 4.9.10\" \/>\n\t\t<meta property=\"og:locale\" content=\"pt_BR\" \/>\n\t\t<meta property=\"og:site_name\" content=\"News In Foco - Editado por Caio Pimenta - O principal site de noticias de Alagoinhas e regi\u00e3o\" \/>\n\t\t<meta property=\"og:type\" content=\"article\" \/>\n\t\t<meta property=\"og:title\" content=\"Vereador Cl\u00e1udio Abi\u00fade alerta para riscos de arboviroses e cobra fiscaliza\u00e7\u00e3o em Alagoinhas - News In Foco - Editado por Caio Pimenta\" \/>\n\t\t<meta property=\"og:description\" content=\"Na sess\u00e3o realizada na ter\u00e7a-feira (7), o vereador Cl\u00e1udio Abi\u00fade chamou a aten\u00e7\u00e3o para o aumento dos casos de arboviroses no munic\u00edpio e destacou a necessidade de intensificar a\u00e7\u00f5es de preven\u00e7\u00e3o e fiscaliza\u00e7\u00e3o, especialmente no combate ao mosquito Aedes aegypti. Durante a fala, o parlamentar ressaltou o cen\u00e1rio preocupante no pa\u00eds, com registros de mortes causadas\" \/>\n\t\t<meta property=\"og:url\" content=\"https:\/\/newsinfoco.com.br\/inicio\/vereador-claudio-abiude-alerta-para-riscos-de-arboviroses-e-cobra-fiscalizacao-em-alagoinhas\/\" \/>\n\t\t<meta property=\"article:published_time\" content=\"2026-04-08T18:54:26+00:00\" \/>\n\t\t<meta property=\"article:modified_time\" content=\"2026-04-08T18:54:26+00:00\" \/>\n\t\t<meta name=\"twitter:card\" content=\"summary_large_image\" \/>\n\t\t<meta name=\"twitter:title\" content=\"Vereador Cl\u00e1udio Abi\u00fade alerta para riscos de arboviroses e cobra fiscaliza\u00e7\u00e3o em Alagoinhas - News In Foco - Editado por Caio Pimenta\" \/>\n\t\t<meta name=\"twitter:description\" content=\"Na sess\u00e3o realizada na ter\u00e7a-feira (7), o vereador Cl\u00e1udio Abi\u00fade chamou a aten\u00e7\u00e3o para o aumento dos casos de arboviroses no munic\u00edpio e destacou a necessidade de intensificar a\u00e7\u00f5es de preven\u00e7\u00e3o e fiscaliza\u00e7\u00e3o, especialmente no combate ao mosquito Aedes aegypti. Durante a fala, o parlamentar ressaltou o cen\u00e1rio preocupante no pa\u00eds, com registros de mortes causadas\" \/>\n\t\t<script type=\"application\/ld+json\" class=\"aioseo-schema\">\n\t\t\t{\"@context\":\"https:\\\/\\\/schema.org\",\"@graph\":[{\"@type\":\"BlogPosting\",\"@id\":\"https:\\\/\\\/newsinfoco.com.br\\\/inicio\\\/vereador-claudio-abiude-alerta-para-riscos-de-arboviroses-e-cobra-fiscalizacao-em-alagoinhas\\\/#blogposting\",\"name\":\"Vereador Cl\\u00e1udio Abi\\u00fade alerta para riscos de arboviroses e cobra fiscaliza\\u00e7\\u00e3o em Alagoinhas - News In Foco - Editado por Caio Pimenta\",\"headline\":\"Vereador Cl\\u00e1udio Abi\\u00fade alerta para riscos de arboviroses e cobra fiscaliza\\u00e7\\u00e3o em Alagoinhas\",\"author\":{\"@id\":\"https:\\\/\\\/newsinfoco.com.br\\\/inicio\\\/author\\\/administrador\\\/#author\"},\"publisher\":{\"@id\":\"https:\\\/\\\/newsinfoco.com.br\\\/inicio\\\/#organization\"},\"image\":{\"@type\":\"ImageObject\",\"url\":\"https:\\\/\\\/newsinfoco.com.br\\\/inicio\\\/wp-content\\\/uploads\\\/2026\\\/04\\\/0a4a18e2-a4c1-4a7b-ba5c-730d76a0e463-2048x1151-1.jpg\",\"width\":2048,\"height\":1151},\"datePublished\":\"2026-04-08T15:54:26-03:00\",\"dateModified\":\"2026-04-08T15:54:26-03:00\",\"inLanguage\":\"pt-BR\",\"mainEntityOfPage\":{\"@id\":\"https:\\\/\\\/newsinfoco.com.br\\\/inicio\\\/vereador-claudio-abiude-alerta-para-riscos-de-arboviroses-e-cobra-fiscalizacao-em-alagoinhas\\\/#webpage\"},\"isPartOf\":{\"@id\":\"https:\\\/\\\/newsinfoco.com.br\\\/inicio\\\/vereador-claudio-abiude-alerta-para-riscos-de-arboviroses-e-cobra-fiscalizacao-em-alagoinhas\\\/#webpage\"},\"articleSection\":\"Bahia\"},{\"@type\":\"BreadcrumbList\",\"@id\":\"https:\\\/\\\/newsinfoco.com.br\\\/inicio\\\/vereador-claudio-abiude-alerta-para-riscos-de-arboviroses-e-cobra-fiscalizacao-em-alagoinhas\\\/#breadcrumblist\",\"itemListElement\":[{\"@type\":\"ListItem\",\"@id\":\"https:\\\/\\\/newsinfoco.com.br\\\/inicio#listItem\",\"position\":1,\"name\":\"In\\u00edcio\",\"item\":\"https:\\\/\\\/newsinfoco.com.br\\\/inicio\",\"nextItem\":{\"@type\":\"ListItem\",\"@id\":\"https:\\\/\\\/newsinfoco.com.br\\\/inicio\\\/category\\\/bahia\\\/#listItem\",\"name\":\"Bahia\"}},{\"@type\":\"ListItem\",\"@id\":\"https:\\\/\\\/newsinfoco.com.br\\\/inicio\\\/category\\\/bahia\\\/#listItem\",\"position\":2,\"name\":\"Bahia\",\"item\":\"https:\\\/\\\/newsinfoco.com.br\\\/inicio\\\/category\\\/bahia\\\/\",\"nextItem\":{\"@type\":\"ListItem\",\"@id\":\"https:\\\/\\\/newsinfoco.com.br\\\/inicio\\\/vereador-claudio-abiude-alerta-para-riscos-de-arboviroses-e-cobra-fiscalizacao-em-alagoinhas\\\/#listItem\",\"name\":\"Vereador Cl\\u00e1udio Abi\\u00fade alerta para riscos de arboviroses e cobra fiscaliza\\u00e7\\u00e3o em Alagoinhas\"},\"previousItem\":{\"@type\":\"ListItem\",\"@id\":\"https:\\\/\\\/newsinfoco.com.br\\\/inicio#listItem\",\"name\":\"In\\u00edcio\"}},{\"@type\":\"ListItem\",\"@id\":\"https:\\\/\\\/newsinfoco.com.br\\\/inicio\\\/vereador-claudio-abiude-alerta-para-riscos-de-arboviroses-e-cobra-fiscalizacao-em-alagoinhas\\\/#listItem\",\"position\":3,\"name\":\"Vereador Cl\\u00e1udio Abi\\u00fade alerta para riscos de arboviroses e cobra fiscaliza\\u00e7\\u00e3o em Alagoinhas\",\"previousItem\":{\"@type\":\"ListItem\",\"@id\":\"https:\\\/\\\/newsinfoco.com.br\\\/inicio\\\/category\\\/bahia\\\/#listItem\",\"name\":\"Bahia\"}}]},{\"@type\":\"Organization\",\"@id\":\"https:\\\/\\\/newsinfoco.com.br\\\/inicio\\\/#organization\",\"name\":\"News In Foco - Editado por Caio Pimenta\",\"description\":\"O principal site de noticias de Alagoinhas e regi\\u00e3o\",\"url\":\"https:\\\/\\\/newsinfoco.com.br\\\/inicio\\\/\"},{\"@type\":\"Person\",\"@id\":\"https:\\\/\\\/newsinfoco.com.br\\\/inicio\\\/author\\\/administrador\\\/#author\",\"url\":\"https:\\\/\\\/newsinfoco.com.br\\\/inicio\\\/author\\\/administrador\\\/\",\"name\":\"administrador\",\"image\":{\"@type\":\"ImageObject\",\"@id\":\"https:\\\/\\\/newsinfoco.com.br\\\/inicio\\\/vereador-claudio-abiude-alerta-para-riscos-de-arboviroses-e-cobra-fiscalizacao-em-alagoinhas\\\/#authorImage\",\"url\":\"https:\\\/\\\/secure.gravatar.com\\\/avatar\\\/c17a617433de8c1dc9584bb79aab7563b46f5bb7e1728c9b17d9cc3ce6a08e49?s=96&d=mm&r=g\",\"width\":96,\"height\":96,\"caption\":\"administrador\"}},{\"@type\":\"WebPage\",\"@id\":\"https:\\\/\\\/newsinfoco.com.br\\\/inicio\\\/vereador-claudio-abiude-alerta-para-riscos-de-arboviroses-e-cobra-fiscalizacao-em-alagoinhas\\\/#webpage\",\"url\":\"https:\\\/\\\/newsinfoco.com.br\\\/inicio\\\/vereador-claudio-abiude-alerta-para-riscos-de-arboviroses-e-cobra-fiscalizacao-em-alagoinhas\\\/\",\"name\":\"Vereador Cl\\u00e1udio Abi\\u00fade alerta para riscos de arboviroses e cobra fiscaliza\\u00e7\\u00e3o em Alagoinhas - News In Foco - Editado por Caio Pimenta\",\"description\":\"Na sess\\u00e3o realizada na ter\\u00e7a-feira (7), o vereador Cl\\u00e1udio Abi\\u00fade chamou a aten\\u00e7\\u00e3o para o aumento dos casos de arboviroses no munic\\u00edpio e destacou a necessidade de intensificar a\\u00e7\\u00f5es de preven\\u00e7\\u00e3o e fiscaliza\\u00e7\\u00e3o, especialmente no combate ao mosquito Aedes aegypti. Durante a fala, o parlamentar ressaltou o cen\\u00e1rio preocupante no pa\\u00eds, com registros de mortes causadas\",\"inLanguage\":\"pt-BR\",\"isPartOf\":{\"@id\":\"https:\\\/\\\/newsinfoco.com.br\\\/inicio\\\/#website\"},\"breadcrumb\":{\"@id\":\"https:\\\/\\\/newsinfoco.com.br\\\/inicio\\\/vereador-claudio-abiude-alerta-para-riscos-de-arboviroses-e-cobra-fiscalizacao-em-alagoinhas\\\/#breadcrumblist\"},\"author\":{\"@id\":\"https:\\\/\\\/newsinfoco.com.br\\\/inicio\\\/author\\\/administrador\\\/#author\"},\"creator\":{\"@id\":\"https:\\\/\\\/newsinfoco.com.br\\\/inicio\\\/author\\\/administrador\\\/#author\"},\"image\":{\"@type\":\"ImageObject\",\"url\":\"https:\\\/\\\/newsinfoco.com.br\\\/inicio\\\/wp-content\\\/uploads\\\/2026\\\/04\\\/0a4a18e2-a4c1-4a7b-ba5c-730d76a0e463-2048x1151-1.jpg\",\"@id\":\"https:\\\/\\\/newsinfoco.com.br\\\/inicio\\\/vereador-claudio-abiude-alerta-para-riscos-de-arboviroses-e-cobra-fiscalizacao-em-alagoinhas\\\/#mainImage\",\"width\":2048,\"height\":1151},\"primaryImageOfPage\":{\"@id\":\"https:\\\/\\\/newsinfoco.com.br\\\/inicio\\\/vereador-claudio-abiude-alerta-para-riscos-de-arboviroses-e-cobra-fiscalizacao-em-alagoinhas\\\/#mainImage\"},\"datePublished\":\"2026-04-08T15:54:26-03:00\",\"dateModified\":\"2026-04-08T15:54:26-03:00\"},{\"@type\":\"WebSite\",\"@id\":\"https:\\\/\\\/newsinfoco.com.br\\\/inicio\\\/#website\",\"url\":\"https:\\\/\\\/newsinfoco.com.br\\\/inicio\\\/\",\"name\":\"News In Foco - Editado por Caio Pimenta\",\"description\":\"O principal site de noticias de Alagoinhas e regi\\u00e3o\",\"inLanguage\":\"pt-BR\",\"publisher\":{\"@id\":\"https:\\\/\\\/newsinfoco.com.br\\\/inicio\\\/#organization\"}}]}\n\t\t<\/script>\n\t\t<!-- All in One SEO -->\n\n","aioseo_head_json":{"title":"Vereador Cl\u00e1udio Abi\u00fade alerta para riscos de arboviroses e cobra fiscaliza\u00e7\u00e3o em Alagoinhas - News In Foco - Editado por Caio Pimenta","description":"Na sess\u00e3o realizada na ter\u00e7a-feira (7), o vereador Cl\u00e1udio Abi\u00fade chamou a aten\u00e7\u00e3o para o aumento dos casos de arboviroses no munic\u00edpio e destacou a necessidade de intensificar a\u00e7\u00f5es de preven\u00e7\u00e3o e fiscaliza\u00e7\u00e3o, especialmente no combate ao mosquito Aedes aegypti. Durante a fala, o parlamentar ressaltou o cen\u00e1rio preocupante no pa\u00eds, com registros de mortes causadas","canonical_url":"https:\/\/newsinfoco.com.br\/inicio\/vereador-claudio-abiude-alerta-para-riscos-de-arboviroses-e-cobra-fiscalizacao-em-alagoinhas\/","robots":"max-image-preview:large","keywords":"","webmasterTools":{"miscellaneous":""},"schema":{"@context":"https:\/\/schema.org","@graph":[{"@type":"BlogPosting","@id":"https:\/\/newsinfoco.com.br\/inicio\/vereador-claudio-abiude-alerta-para-riscos-de-arboviroses-e-cobra-fiscalizacao-em-alagoinhas\/#blogposting","name":"Vereador Cl\u00e1udio Abi\u00fade alerta para riscos de arboviroses e cobra fiscaliza\u00e7\u00e3o em Alagoinhas - News In Foco - Editado por Caio Pimenta","headline":"Vereador Cl\u00e1udio Abi\u00fade alerta para riscos de arboviroses e cobra fiscaliza\u00e7\u00e3o em Alagoinhas","author":{"@id":"https:\/\/newsinfoco.com.br\/inicio\/author\/administrador\/#author"},"publisher":{"@id":"https:\/\/newsinfoco.com.br\/inicio\/#organization"},"image":{"@type":"ImageObject","url":"https:\/\/newsinfoco.com.br\/inicio\/wp-content\/uploads\/2026\/04\/0a4a18e2-a4c1-4a7b-ba5c-730d76a0e463-2048x1151-1.jpg","width":2048,"height":1151},"datePublished":"2026-04-08T15:54:26-03:00","dateModified":"2026-04-08T15:54:26-03:00","inLanguage":"pt-BR","mainEntityOfPage":{"@id":"https:\/\/newsinfoco.com.br\/inicio\/vereador-claudio-abiude-alerta-para-riscos-de-arboviroses-e-cobra-fiscalizacao-em-alagoinhas\/#webpage"},"isPartOf":{"@id":"https:\/\/newsinfoco.com.br\/inicio\/vereador-claudio-abiude-alerta-para-riscos-de-arboviroses-e-cobra-fiscalizacao-em-alagoinhas\/#webpage"},"articleSection":"Bahia"},{"@type":"BreadcrumbList","@id":"https:\/\/newsinfoco.com.br\/inicio\/vereador-claudio-abiude-alerta-para-riscos-de-arboviroses-e-cobra-fiscalizacao-em-alagoinhas\/#breadcrumblist","itemListElement":[{"@type":"ListItem","@id":"https:\/\/newsinfoco.com.br\/inicio#listItem","position":1,"name":"In\u00edcio","item":"https:\/\/newsinfoco.com.br\/inicio","nextItem":{"@type":"ListItem","@id":"https:\/\/newsinfoco.com.br\/inicio\/category\/bahia\/#listItem","name":"Bahia"}},{"@type":"ListItem","@id":"https:\/\/newsinfoco.com.br\/inicio\/category\/bahia\/#listItem","position":2,"name":"Bahia","item":"https:\/\/newsinfoco.com.br\/inicio\/category\/bahia\/","nextItem":{"@type":"ListItem","@id":"https:\/\/newsinfoco.com.br\/inicio\/vereador-claudio-abiude-alerta-para-riscos-de-arboviroses-e-cobra-fiscalizacao-em-alagoinhas\/#listItem","name":"Vereador Cl\u00e1udio Abi\u00fade alerta para riscos de arboviroses e cobra fiscaliza\u00e7\u00e3o em Alagoinhas"},"previousItem":{"@type":"ListItem","@id":"https:\/\/newsinfoco.com.br\/inicio#listItem","name":"In\u00edcio"}},{"@type":"ListItem","@id":"https:\/\/newsinfoco.com.br\/inicio\/vereador-claudio-abiude-alerta-para-riscos-de-arboviroses-e-cobra-fiscalizacao-em-alagoinhas\/#listItem","position":3,"name":"Vereador Cl\u00e1udio Abi\u00fade alerta para riscos de arboviroses e cobra fiscaliza\u00e7\u00e3o em Alagoinhas","previousItem":{"@type":"ListItem","@id":"https:\/\/newsinfoco.com.br\/inicio\/category\/bahia\/#listItem","name":"Bahia"}}]},{"@type":"Organization","@id":"https:\/\/newsinfoco.com.br\/inicio\/#organization","name":"News In Foco - Editado por Caio Pimenta","description":"O principal site de noticias de Alagoinhas e regi\u00e3o","url":"https:\/\/newsinfoco.com.br\/inicio\/"},{"@type":"Person","@id":"https:\/\/newsinfoco.com.br\/inicio\/author\/administrador\/#author","url":"https:\/\/newsinfoco.com.br\/inicio\/author\/administrador\/","name":"administrador","image":{"@type":"ImageObject","@id":"https:\/\/newsinfoco.com.br\/inicio\/vereador-claudio-abiude-alerta-para-riscos-de-arboviroses-e-cobra-fiscalizacao-em-alagoinhas\/#authorImage","url":"https:\/\/secure.gravatar.com\/avatar\/c17a617433de8c1dc9584bb79aab7563b46f5bb7e1728c9b17d9cc3ce6a08e49?s=96&d=mm&r=g","width":96,"height":96,"caption":"administrador"}},{"@type":"WebPage","@id":"https:\/\/newsinfoco.com.br\/inicio\/vereador-claudio-abiude-alerta-para-riscos-de-arboviroses-e-cobra-fiscalizacao-em-alagoinhas\/#webpage","url":"https:\/\/newsinfoco.com.br\/inicio\/vereador-claudio-abiude-alerta-para-riscos-de-arboviroses-e-cobra-fiscalizacao-em-alagoinhas\/","name":"Vereador Cl\u00e1udio Abi\u00fade alerta para riscos de arboviroses e cobra fiscaliza\u00e7\u00e3o em Alagoinhas - News In Foco - Editado por Caio Pimenta","description":"Na sess\u00e3o realizada na ter\u00e7a-feira (7), o vereador Cl\u00e1udio Abi\u00fade chamou a aten\u00e7\u00e3o para o aumento dos casos de arboviroses no munic\u00edpio e destacou a necessidade de intensificar a\u00e7\u00f5es de preven\u00e7\u00e3o e fiscaliza\u00e7\u00e3o, especialmente no combate ao mosquito Aedes aegypti. Durante a fala, o parlamentar ressaltou o cen\u00e1rio preocupante no pa\u00eds, com registros de mortes causadas","inLanguage":"pt-BR","isPartOf":{"@id":"https:\/\/newsinfoco.com.br\/inicio\/#website"},"breadcrumb":{"@id":"https:\/\/newsinfoco.com.br\/inicio\/vereador-claudio-abiude-alerta-para-riscos-de-arboviroses-e-cobra-fiscalizacao-em-alagoinhas\/#breadcrumblist"},"author":{"@id":"https:\/\/newsinfoco.com.br\/inicio\/author\/administrador\/#author"},"creator":{"@id":"https:\/\/newsinfoco.com.br\/inicio\/author\/administrador\/#author"},"image":{"@type":"ImageObject","url":"https:\/\/newsinfoco.com.br\/inicio\/wp-content\/uploads\/2026\/04\/0a4a18e2-a4c1-4a7b-ba5c-730d76a0e463-2048x1151-1.jpg","@id":"https:\/\/newsinfoco.com.br\/inicio\/vereador-claudio-abiude-alerta-para-riscos-de-arboviroses-e-cobra-fiscalizacao-em-alagoinhas\/#mainImage","width":2048,"height":1151},"primaryImageOfPage":{"@id":"https:\/\/newsinfoco.com.br\/inicio\/vereador-claudio-abiude-alerta-para-riscos-de-arboviroses-e-cobra-fiscalizacao-em-alagoinhas\/#mainImage"},"datePublished":"2026-04-08T15:54:26-03:00","dateModified":"2026-04-08T15:54:26-03:00"},{"@type":"WebSite","@id":"https:\/\/newsinfoco.com.br\/inicio\/#website","url":"https:\/\/newsinfoco.com.br\/inicio\/","name":"News In Foco - Editado por Caio Pimenta","description":"O principal site de noticias de Alagoinhas e regi\u00e3o","inLanguage":"pt-BR","publisher":{"@id":"https:\/\/newsinfoco.com.br\/inicio\/#organization"}}]},"og:locale":"pt_BR","og:site_name":"News In Foco - Editado por Caio Pimenta - O principal site de noticias de Alagoinhas e regi\u00e3o","og:type":"article","og:title":"Vereador Cl\u00e1udio Abi\u00fade alerta para riscos de arboviroses e cobra fiscaliza\u00e7\u00e3o em Alagoinhas - News In Foco - Editado por Caio Pimenta","og:description":"Na sess\u00e3o realizada na ter\u00e7a-feira (7), o vereador Cl\u00e1udio Abi\u00fade chamou a aten\u00e7\u00e3o para o aumento dos casos de arboviroses no munic\u00edpio e destacou a necessidade de intensificar a\u00e7\u00f5es de preven\u00e7\u00e3o e fiscaliza\u00e7\u00e3o, especialmente no combate ao mosquito Aedes aegypti. Durante a fala, o parlamentar ressaltou o cen\u00e1rio preocupante no pa\u00eds, com registros de mortes causadas","og:url":"https:\/\/newsinfoco.com.br\/inicio\/vereador-claudio-abiude-alerta-para-riscos-de-arboviroses-e-cobra-fiscalizacao-em-alagoinhas\/","article:published_time":"2026-04-08T18:54:26+00:00","article:modified_time":"2026-04-08T18:54:26+00:00","twitter:card":"summary_large_image","twitter:title":"Vereador Cl\u00e1udio Abi\u00fade alerta para riscos de arboviroses e cobra fiscaliza\u00e7\u00e3o em Alagoinhas - News In Foco - Editado por Caio Pimenta","twitter:description":"Na sess\u00e3o realizada na ter\u00e7a-feira (7), o vereador Cl\u00e1udio Abi\u00fade chamou a aten\u00e7\u00e3o para o aumento dos casos de arboviroses no munic\u00edpio e destacou a necessidade de intensificar a\u00e7\u00f5es de preven\u00e7\u00e3o e fiscaliza\u00e7\u00e3o, especialmente no combate ao mosquito Aedes aegypti. Durante a fala, o parlamentar ressaltou o cen\u00e1rio preocupante no pa\u00eds, com registros de mortes causadas"},"aioseo_meta_data":{"post_id":"50192","title":null,"description":null,"keywords":null,"keyphrases":{"focus":{"keyphrase":"","score":0,"analysis":{"keyphraseInTitle":{"score":0,"maxScore":9,"error":1}}},"additional":[]},"primary_term":null,"canonical_url":null,"og_title":null,"og_description":null,"og_object_type":"default","og_image_type":"default","og_image_url":null,"og_image_width":null,"og_image_height":null,"og_image_custom_url":null,"og_image_custom_fields":null,"og_video":"","og_custom_url":null,"og_article_section":null,"og_article_tags":null,"twitter_use_og":false,"twitter_card":"default","twitter_image_type":"default","twitter_image_url":null,"twitter_image_custom_url":null,"twitter_image_custom_fields":null,"twitter_title":null,"twitter_description":null,"schema":{"blockGraphs":[],"customGraphs":[],"default":{"data":{"Article":[],"Course":[],"Dataset":[],"FAQPage":[],"Movie":[],"Person":[],"Product":[],"ProductReview":[],"Car":[],"Recipe":[],"Service":[],"SoftwareApplication":[],"WebPage":[]},"graphName":"BlogPosting","isEnabled":true},"graphs":[]},"schema_type":"default","schema_type_options":null,"pillar_content":false,"robots_default":true,"robots_noindex":false,"robots_noarchive":false,"robots_nosnippet":false,"robots_nofollow":false,"robots_noimageindex":false,"robots_noodp":false,"robots_notranslate":false,"robots_max_snippet":"-1","robots_max_videopreview":"-1","robots_max_imagepreview":"large","priority":null,"frequency":"default","local_seo":null,"breadcrumb_settings":null,"limit_modified_date":false,"ai":{"faqs":[],"keyPoints":[],"titles":[],"descriptions":[],"socialPosts":{"email":[],"linkedin":[],"twitter":[],"facebook":[],"instagram":[]}},"created":"2026-04-08 18:54:26","updated":"2026-04-08 19:07:36","seo_analyzer_scan_date":null},"aioseo_breadcrumb":"<div class=\"aioseo-breadcrumbs\"><span class=\"aioseo-breadcrumb\">\n\t\t\t<a href=\"https:\/\/newsinfoco.com.br\/inicio\" title=\"In\u00edcio\">In\u00edcio<\/a>\n\t\t<\/span><span class=\"aioseo-breadcrumb-separator\">&raquo;<\/span><span class=\"aioseo-breadcrumb\">\n\t\t\t<a href=\"https:\/\/newsinfoco.com.br\/inicio\/category\/bahia\/\" title=\"Bahia\">Bahia<\/a>\n\t\t<\/span><span class=\"aioseo-breadcrumb-separator\">&raquo;<\/span><span class=\"aioseo-breadcrumb\">\n\t\t\tVereador Cl\u00e1udio Abi\u00fade alerta para riscos de arboviroses e cobra fiscaliza\u00e7\u00e3o em Alagoinhas\n\t\t<\/span><\/div>","aioseo_breadcrumb_json":[{"label":"In\u00edcio","link":"https:\/\/newsinfoco.com.br\/inicio"},{"label":"Bahia","link":"https:\/\/newsinfoco.com.br\/inicio\/category\/bahia\/"},{"label":"Vereador Cl\u00e1udio Abi\u00fade alerta para riscos de arboviroses e cobra fiscaliza\u00e7\u00e3o em Alagoinhas","link":"https:\/\/newsinfoco.com.br\/inicio\/vereador-claudio-abiude-alerta-para-riscos-de-arboviroses-e-cobra-fiscalizacao-em-alagoinhas\/"}],"_links":{"self":[{"href":"https:\/\/newsinfoco.com.br\/inicio\/wp-json\/wp\/v2\/posts\/50192","targetHints":{"allow":["GET"]}}],"collection":[{"href":"https:\/\/newsinfoco.com.br\/inicio\/wp-json\/wp\/v2\/posts"}],"about":[{"href":"https:\/\/newsinfoco.com.br\/inicio\/wp-json\/wp\/v2\/types\/post"}],"author":[{"embeddable":true,"href":"https:\/\/newsinfoco.com.br\/inicio\/wp-json\/wp\/v2\/users\/1"}],"replies":[{"embeddable":true,"href":"https:\/\/newsinfoco.com.br\/inicio\/wp-json\/wp\/v2\/comments?post=50192"}],"version-history":[{"count":1,"href":"https:\/\/newsinfoco.com.br\/inicio\/wp-json\/wp\/v2\/posts\/50192\/revisions"}],"predecessor-version":[{"id":50194,"href":"https:\/\/newsinfoco.com.br\/inicio\/wp-json\/wp\/v2\/posts\/50192\/revisions\/50194"}],"wp:featuredmedia":[{"embeddable":true,"href":"https:\/\/newsinfoco.com.br\/inicio\/wp-json\/wp\/v2\/media\/50193"}],"wp:attachment":[{"href":"https:\/\/newsinfoco.com.br\/inicio\/wp-json\/wp\/v2\/media?parent=50192"}],"wp:term":[{"taxonomy":"category","embeddable":true,"href":"https:\/\/newsinfoco.com.br\/inicio\/wp-json\/wp\/v2\/categories?post=50192"},{"taxonomy":"post_tag","embeddable":true,"href":"https:\/\/newsinfoco.com.br\/inicio\/wp-json\/wp\/v2\/tags?post=50192"}],"curies":[{"name":"wp","href":"https:\/\/api.w.org\/{rel}","templated":true}]}}