{"id":50202,"date":"2026-04-08T16:17:28","date_gmt":"2026-04-08T19:17:28","guid":{"rendered":"https:\/\/newsinfoco.com.br\/inicio\/?p=50202"},"modified":"2026-04-08T16:17:28","modified_gmt":"2026-04-08T19:17:28","slug":"minha-casa-minha-vida-pre-selecionados-em-alagoinhas-devem-entregar-documentos-ate-8-de-maio","status":"publish","type":"post","link":"https:\/\/newsinfoco.com.br\/inicio\/minha-casa-minha-vida-pre-selecionados-em-alagoinhas-devem-entregar-documentos-ate-8-de-maio\/","title":{"rendered":"Minha Casa Minha Vida: pr\u00e9-selecionados em Alagoinhas devem entregar documentos at\u00e9 8 de maio"},"content":{"rendered":"<p>A Secretaria Municipal de Assist\u00eancia Social (Sedes) refor\u00e7a o chamado aos benefici\u00e1rios da segunda lista de pr\u00e9-selecionados para o programa Minha Casa Minha Vida (MCMV). \u00c9 fundamental que os convocados compare\u00e7am ao Centro Integrado de Assist\u00eancia Social (CIAS) para a entrega da documenta\u00e7\u00e3o necess\u00e1ria e a atualiza\u00e7\u00e3o de seus cadastros. O prazo final para esta etapa crucial \u00e9 at\u00e9 o dia 8 de maio.<\/p>\n<p>A gerente de Habita\u00e7\u00e3o da Sedes, Lorena Rocha, reitera a import\u00e2ncia de os cidad\u00e3os pr\u00e9-selecionados n\u00e3o perderem o prazo. \u201c\u00c9 imprescind\u00edvel apresentar toda a documenta\u00e7\u00e3o listada no site oficial da Prefeitura de Alagoinhas (<a href=\"https:\/\/www.alagoinhas.ba.gov.br\/\">www.alagoinhas.ba.gov.br<\/a>), para a efetiva\u00e7\u00e3o do processo. A falta de qualquer documento pode atrasar ou inviabilizar a qualifica\u00e7\u00e3o\u201d, explicou.<\/p>\n<p>Os atendimentos no CIAS acontecem de segunda a sexta-feira, das 8h \u00e0s 15h30. \u201cAp\u00f3s a entrega e confer\u00eancia dos documentos no CIAS, a equipe da Sedes dar\u00e1 prosseguimento \u00e0 fase de visitas domiciliares. Esta etapa consiste na verifica\u00e7\u00e3o das informa\u00e7\u00f5es fornecidas e na avalia\u00e7\u00e3o das condi\u00e7\u00f5es socioecon\u00f4micas dos pr\u00e9-selecionados\u201d, pontuou Lorena.<\/p>\n<p>A lista completa dos pr\u00e9-selecionados pode ser encontrada no site:\u00a0<a href=\"https:\/\/doem.org.br\/ba\/alagoinhas\/diarios\/previsualizar\/OjbDlRNg\">https:\/\/doem.org.br\/ba\/alagoinhas\/diarios\/previsualizar\/OjbDlRNg<\/a><\/p>\n<p>O Centro Integrado de Assist\u00eancia Social (CIAS) est\u00e1 localizado na Rua Marechal Deodoro da Fonseca, n\u00ba 183, Centro.<\/p>\n<div class='share-to-whatsapp-wrapper'><div class='share-on-whsp'>Share on: <\/div><a data-text='Minha Casa Minha Vida: pr\u00e9-selecionados em Alagoinhas devem entregar documentos at\u00e9 8 de maio' data-link='https:\/\/newsinfoco.com.br\/inicio\/minha-casa-minha-vida-pre-selecionados-em-alagoinhas-devem-entregar-documentos-ate-8-de-maio\/' class='whatsapp-button whatsapp-share'>WhatsApp<\/a><div class='clear '><\/div><\/div>","protected":false},"excerpt":{"rendered":"<p>A Secretaria Municipal de Assist\u00eancia Social (Sedes) refor\u00e7a o chamado aos benefici\u00e1rios da segunda lista de pr\u00e9-selecionados para o programa Minha Casa Minha Vida (MCMV). \u00c9 fundamental que os convocados compare\u00e7am ao Centro Integrado de Assist\u00eancia Social (CIAS) para a entrega da documenta\u00e7\u00e3o necess\u00e1ria e a atualiza\u00e7\u00e3o de seus cadastros. O prazo final para esta [&hellip;]<\/p>\n","protected":false},"author":1,"featured_media":50203,"comment_status":"closed","ping_status":"closed","sticky":false,"template":"","format":"standard","meta":{"om_disable_all_campaigns":false,"rop_custom_images_group":[],"rop_custom_messages_group":[],"rop_publish_now":"initial","rop_publish_now_accounts":[],"rop_publish_now_history":[],"rop_publish_now_status":"pending","_exactmetrics_skip_tracking":false,"footnotes":""},"categories":[38,167],"tags":[],"class_list":["post-50202","post","type-post","status-publish","format-standard","has-post-thumbnail","hentry","category-alagoinhas-e-regiao","category-exclusivas"],"aioseo_notices":[],"aioseo_head":"\n\t\t<!-- All in One SEO 4.9.10 - aioseo.com -->\n\t<meta name=\"description\" content=\"A Secretaria Municipal de Assist\u00eancia Social (Sedes) refor\u00e7a o chamado aos benefici\u00e1rios da segunda lista de pr\u00e9-selecionados para o programa Minha Casa Minha Vida (MCMV). \u00c9 fundamental que os convocados compare\u00e7am ao Centro Integrado de Assist\u00eancia Social (CIAS) para a entrega da documenta\u00e7\u00e3o necess\u00e1ria e a atualiza\u00e7\u00e3o de seus cadastros. O prazo final para esta\" \/>\n\t<meta name=\"robots\" content=\"max-image-preview:large\" \/>\n\t<meta name=\"author\" content=\"administrador\"\/>\n\t<link rel=\"canonical\" href=\"https:\/\/newsinfoco.com.br\/inicio\/minha-casa-minha-vida-pre-selecionados-em-alagoinhas-devem-entregar-documentos-ate-8-de-maio\/\" \/>\n\t<meta name=\"generator\" content=\"All in One SEO (AIOSEO) 4.9.10\" \/>\n\t\t<meta property=\"og:locale\" content=\"pt_BR\" \/>\n\t\t<meta property=\"og:site_name\" content=\"News In Foco - Editado por Caio Pimenta - O principal site de noticias de Alagoinhas e regi\u00e3o\" \/>\n\t\t<meta property=\"og:type\" content=\"article\" \/>\n\t\t<meta property=\"og:title\" content=\"Minha Casa Minha Vida: pr\u00e9-selecionados em Alagoinhas devem entregar documentos at\u00e9 8 de maio - News In Foco - Editado por Caio Pimenta\" \/>\n\t\t<meta property=\"og:description\" content=\"A Secretaria Municipal de Assist\u00eancia Social (Sedes) refor\u00e7a o chamado aos benefici\u00e1rios da segunda lista de pr\u00e9-selecionados para o programa Minha Casa Minha Vida (MCMV). \u00c9 fundamental que os convocados compare\u00e7am ao Centro Integrado de Assist\u00eancia Social (CIAS) para a entrega da documenta\u00e7\u00e3o necess\u00e1ria e a atualiza\u00e7\u00e3o de seus cadastros. O prazo final para esta\" \/>\n\t\t<meta property=\"og:url\" content=\"https:\/\/newsinfoco.com.br\/inicio\/minha-casa-minha-vida-pre-selecionados-em-alagoinhas-devem-entregar-documentos-ate-8-de-maio\/\" \/>\n\t\t<meta property=\"article:published_time\" content=\"2026-04-08T19:17:28+00:00\" \/>\n\t\t<meta property=\"article:modified_time\" content=\"2026-04-08T19:17:28+00:00\" \/>\n\t\t<meta name=\"twitter:card\" content=\"summary_large_image\" \/>\n\t\t<meta name=\"twitter:title\" content=\"Minha Casa Minha Vida: pr\u00e9-selecionados em Alagoinhas devem entregar documentos at\u00e9 8 de maio - News In Foco - Editado por Caio Pimenta\" \/>\n\t\t<meta name=\"twitter:description\" content=\"A Secretaria Municipal de Assist\u00eancia Social (Sedes) refor\u00e7a o chamado aos benefici\u00e1rios da segunda lista de pr\u00e9-selecionados para o programa Minha Casa Minha Vida (MCMV). \u00c9 fundamental que os convocados compare\u00e7am ao Centro Integrado de Assist\u00eancia Social (CIAS) para a entrega da documenta\u00e7\u00e3o necess\u00e1ria e a atualiza\u00e7\u00e3o de seus cadastros. O prazo final para esta\" \/>\n\t\t<script type=\"application\/ld+json\" class=\"aioseo-schema\">\n\t\t\t{\"@context\":\"https:\\\/\\\/schema.org\",\"@graph\":[{\"@type\":\"BlogPosting\",\"@id\":\"https:\\\/\\\/newsinfoco.com.br\\\/inicio\\\/minha-casa-minha-vida-pre-selecionados-em-alagoinhas-devem-entregar-documentos-ate-8-de-maio\\\/#blogposting\",\"name\":\"Minha Casa Minha Vida: pr\\u00e9-selecionados em Alagoinhas devem entregar documentos at\\u00e9 8 de maio - News In Foco - Editado por Caio Pimenta\",\"headline\":\"Minha Casa Minha Vida: pr\\u00e9-selecionados em Alagoinhas devem entregar documentos at\\u00e9 8 de maio\",\"author\":{\"@id\":\"https:\\\/\\\/newsinfoco.com.br\\\/inicio\\\/author\\\/administrador\\\/#author\"},\"publisher\":{\"@id\":\"https:\\\/\\\/newsinfoco.com.br\\\/inicio\\\/#organization\"},\"image\":{\"@type\":\"ImageObject\",\"url\":\"https:\\\/\\\/newsinfoco.com.br\\\/inicio\\\/wp-content\\\/uploads\\\/2026\\\/04\\\/9dc1ca29-9f77-4143-8123-e1af0f1ad216-1.jpg\",\"width\":1600,\"height\":1066},\"datePublished\":\"2026-04-08T16:17:28-03:00\",\"dateModified\":\"2026-04-08T16:17:28-03:00\",\"inLanguage\":\"pt-BR\",\"mainEntityOfPage\":{\"@id\":\"https:\\\/\\\/newsinfoco.com.br\\\/inicio\\\/minha-casa-minha-vida-pre-selecionados-em-alagoinhas-devem-entregar-documentos-ate-8-de-maio\\\/#webpage\"},\"isPartOf\":{\"@id\":\"https:\\\/\\\/newsinfoco.com.br\\\/inicio\\\/minha-casa-minha-vida-pre-selecionados-em-alagoinhas-devem-entregar-documentos-ate-8-de-maio\\\/#webpage\"},\"articleSection\":\"Alagoinhas e Regi\\u00e3o, Manchete\"},{\"@type\":\"BreadcrumbList\",\"@id\":\"https:\\\/\\\/newsinfoco.com.br\\\/inicio\\\/minha-casa-minha-vida-pre-selecionados-em-alagoinhas-devem-entregar-documentos-ate-8-de-maio\\\/#breadcrumblist\",\"itemListElement\":[{\"@type\":\"ListItem\",\"@id\":\"https:\\\/\\\/newsinfoco.com.br\\\/inicio#listItem\",\"position\":1,\"name\":\"In\\u00edcio\",\"item\":\"https:\\\/\\\/newsinfoco.com.br\\\/inicio\",\"nextItem\":{\"@type\":\"ListItem\",\"@id\":\"https:\\\/\\\/newsinfoco.com.br\\\/inicio\\\/category\\\/alagoinhas-e-regiao\\\/#listItem\",\"name\":\"Alagoinhas e Regi\\u00e3o\"}},{\"@type\":\"ListItem\",\"@id\":\"https:\\\/\\\/newsinfoco.com.br\\\/inicio\\\/category\\\/alagoinhas-e-regiao\\\/#listItem\",\"position\":2,\"name\":\"Alagoinhas e Regi\\u00e3o\",\"item\":\"https:\\\/\\\/newsinfoco.com.br\\\/inicio\\\/category\\\/alagoinhas-e-regiao\\\/\",\"nextItem\":{\"@type\":\"ListItem\",\"@id\":\"https:\\\/\\\/newsinfoco.com.br\\\/inicio\\\/minha-casa-minha-vida-pre-selecionados-em-alagoinhas-devem-entregar-documentos-ate-8-de-maio\\\/#listItem\",\"name\":\"Minha Casa Minha Vida: pr\\u00e9-selecionados em Alagoinhas devem entregar documentos at\\u00e9 8 de maio\"},\"previousItem\":{\"@type\":\"ListItem\",\"@id\":\"https:\\\/\\\/newsinfoco.com.br\\\/inicio#listItem\",\"name\":\"In\\u00edcio\"}},{\"@type\":\"ListItem\",\"@id\":\"https:\\\/\\\/newsinfoco.com.br\\\/inicio\\\/minha-casa-minha-vida-pre-selecionados-em-alagoinhas-devem-entregar-documentos-ate-8-de-maio\\\/#listItem\",\"position\":3,\"name\":\"Minha Casa Minha Vida: pr\\u00e9-selecionados em Alagoinhas devem entregar documentos at\\u00e9 8 de maio\",\"previousItem\":{\"@type\":\"ListItem\",\"@id\":\"https:\\\/\\\/newsinfoco.com.br\\\/inicio\\\/category\\\/alagoinhas-e-regiao\\\/#listItem\",\"name\":\"Alagoinhas e Regi\\u00e3o\"}}]},{\"@type\":\"Organization\",\"@id\":\"https:\\\/\\\/newsinfoco.com.br\\\/inicio\\\/#organization\",\"name\":\"News In Foco - Editado por Caio Pimenta\",\"description\":\"O principal site de noticias de Alagoinhas e regi\\u00e3o\",\"url\":\"https:\\\/\\\/newsinfoco.com.br\\\/inicio\\\/\"},{\"@type\":\"Person\",\"@id\":\"https:\\\/\\\/newsinfoco.com.br\\\/inicio\\\/author\\\/administrador\\\/#author\",\"url\":\"https:\\\/\\\/newsinfoco.com.br\\\/inicio\\\/author\\\/administrador\\\/\",\"name\":\"administrador\",\"image\":{\"@type\":\"ImageObject\",\"@id\":\"https:\\\/\\\/newsinfoco.com.br\\\/inicio\\\/minha-casa-minha-vida-pre-selecionados-em-alagoinhas-devem-entregar-documentos-ate-8-de-maio\\\/#authorImage\",\"url\":\"https:\\\/\\\/secure.gravatar.com\\\/avatar\\\/c17a617433de8c1dc9584bb79aab7563b46f5bb7e1728c9b17d9cc3ce6a08e49?s=96&d=mm&r=g\",\"width\":96,\"height\":96,\"caption\":\"administrador\"}},{\"@type\":\"WebPage\",\"@id\":\"https:\\\/\\\/newsinfoco.com.br\\\/inicio\\\/minha-casa-minha-vida-pre-selecionados-em-alagoinhas-devem-entregar-documentos-ate-8-de-maio\\\/#webpage\",\"url\":\"https:\\\/\\\/newsinfoco.com.br\\\/inicio\\\/minha-casa-minha-vida-pre-selecionados-em-alagoinhas-devem-entregar-documentos-ate-8-de-maio\\\/\",\"name\":\"Minha Casa Minha Vida: pr\\u00e9-selecionados em Alagoinhas devem entregar documentos at\\u00e9 8 de maio - News In Foco - Editado por Caio Pimenta\",\"description\":\"A Secretaria Municipal de Assist\\u00eancia Social (Sedes) refor\\u00e7a o chamado aos benefici\\u00e1rios da segunda lista de pr\\u00e9-selecionados para o programa Minha Casa Minha Vida (MCMV). \\u00c9 fundamental que os convocados compare\\u00e7am ao Centro Integrado de Assist\\u00eancia Social (CIAS) para a entrega da documenta\\u00e7\\u00e3o necess\\u00e1ria e a atualiza\\u00e7\\u00e3o de seus cadastros. O prazo final para esta\",\"inLanguage\":\"pt-BR\",\"isPartOf\":{\"@id\":\"https:\\\/\\\/newsinfoco.com.br\\\/inicio\\\/#website\"},\"breadcrumb\":{\"@id\":\"https:\\\/\\\/newsinfoco.com.br\\\/inicio\\\/minha-casa-minha-vida-pre-selecionados-em-alagoinhas-devem-entregar-documentos-ate-8-de-maio\\\/#breadcrumblist\"},\"author\":{\"@id\":\"https:\\\/\\\/newsinfoco.com.br\\\/inicio\\\/author\\\/administrador\\\/#author\"},\"creator\":{\"@id\":\"https:\\\/\\\/newsinfoco.com.br\\\/inicio\\\/author\\\/administrador\\\/#author\"},\"image\":{\"@type\":\"ImageObject\",\"url\":\"https:\\\/\\\/newsinfoco.com.br\\\/inicio\\\/wp-content\\\/uploads\\\/2026\\\/04\\\/9dc1ca29-9f77-4143-8123-e1af0f1ad216-1.jpg\",\"@id\":\"https:\\\/\\\/newsinfoco.com.br\\\/inicio\\\/minha-casa-minha-vida-pre-selecionados-em-alagoinhas-devem-entregar-documentos-ate-8-de-maio\\\/#mainImage\",\"width\":1600,\"height\":1066},\"primaryImageOfPage\":{\"@id\":\"https:\\\/\\\/newsinfoco.com.br\\\/inicio\\\/minha-casa-minha-vida-pre-selecionados-em-alagoinhas-devem-entregar-documentos-ate-8-de-maio\\\/#mainImage\"},\"datePublished\":\"2026-04-08T16:17:28-03:00\",\"dateModified\":\"2026-04-08T16:17:28-03:00\"},{\"@type\":\"WebSite\",\"@id\":\"https:\\\/\\\/newsinfoco.com.br\\\/inicio\\\/#website\",\"url\":\"https:\\\/\\\/newsinfoco.com.br\\\/inicio\\\/\",\"name\":\"News In Foco - Editado por Caio Pimenta\",\"description\":\"O principal site de noticias de Alagoinhas e regi\\u00e3o\",\"inLanguage\":\"pt-BR\",\"publisher\":{\"@id\":\"https:\\\/\\\/newsinfoco.com.br\\\/inicio\\\/#organization\"}}]}\n\t\t<\/script>\n\t\t<!-- All in One SEO -->\n\n","aioseo_head_json":{"title":"Minha Casa Minha Vida: pr\u00e9-selecionados em Alagoinhas devem entregar documentos at\u00e9 8 de maio - News In Foco - Editado por Caio Pimenta","description":"A Secretaria Municipal de Assist\u00eancia Social (Sedes) refor\u00e7a o chamado aos benefici\u00e1rios da segunda lista de pr\u00e9-selecionados para o programa Minha Casa Minha Vida (MCMV). \u00c9 fundamental que os convocados compare\u00e7am ao Centro Integrado de Assist\u00eancia Social (CIAS) para a entrega da documenta\u00e7\u00e3o necess\u00e1ria e a atualiza\u00e7\u00e3o de seus cadastros. O prazo final para esta","canonical_url":"https:\/\/newsinfoco.com.br\/inicio\/minha-casa-minha-vida-pre-selecionados-em-alagoinhas-devem-entregar-documentos-ate-8-de-maio\/","robots":"max-image-preview:large","keywords":"","webmasterTools":{"miscellaneous":""},"schema":{"@context":"https:\/\/schema.org","@graph":[{"@type":"BlogPosting","@id":"https:\/\/newsinfoco.com.br\/inicio\/minha-casa-minha-vida-pre-selecionados-em-alagoinhas-devem-entregar-documentos-ate-8-de-maio\/#blogposting","name":"Minha Casa Minha Vida: pr\u00e9-selecionados em Alagoinhas devem entregar documentos at\u00e9 8 de maio - News In Foco - Editado por Caio Pimenta","headline":"Minha Casa Minha Vida: pr\u00e9-selecionados em Alagoinhas devem entregar documentos at\u00e9 8 de maio","author":{"@id":"https:\/\/newsinfoco.com.br\/inicio\/author\/administrador\/#author"},"publisher":{"@id":"https:\/\/newsinfoco.com.br\/inicio\/#organization"},"image":{"@type":"ImageObject","url":"https:\/\/newsinfoco.com.br\/inicio\/wp-content\/uploads\/2026\/04\/9dc1ca29-9f77-4143-8123-e1af0f1ad216-1.jpg","width":1600,"height":1066},"datePublished":"2026-04-08T16:17:28-03:00","dateModified":"2026-04-08T16:17:28-03:00","inLanguage":"pt-BR","mainEntityOfPage":{"@id":"https:\/\/newsinfoco.com.br\/inicio\/minha-casa-minha-vida-pre-selecionados-em-alagoinhas-devem-entregar-documentos-ate-8-de-maio\/#webpage"},"isPartOf":{"@id":"https:\/\/newsinfoco.com.br\/inicio\/minha-casa-minha-vida-pre-selecionados-em-alagoinhas-devem-entregar-documentos-ate-8-de-maio\/#webpage"},"articleSection":"Alagoinhas e Regi\u00e3o, Manchete"},{"@type":"BreadcrumbList","@id":"https:\/\/newsinfoco.com.br\/inicio\/minha-casa-minha-vida-pre-selecionados-em-alagoinhas-devem-entregar-documentos-ate-8-de-maio\/#breadcrumblist","itemListElement":[{"@type":"ListItem","@id":"https:\/\/newsinfoco.com.br\/inicio#listItem","position":1,"name":"In\u00edcio","item":"https:\/\/newsinfoco.com.br\/inicio","nextItem":{"@type":"ListItem","@id":"https:\/\/newsinfoco.com.br\/inicio\/category\/alagoinhas-e-regiao\/#listItem","name":"Alagoinhas e Regi\u00e3o"}},{"@type":"ListItem","@id":"https:\/\/newsinfoco.com.br\/inicio\/category\/alagoinhas-e-regiao\/#listItem","position":2,"name":"Alagoinhas e Regi\u00e3o","item":"https:\/\/newsinfoco.com.br\/inicio\/category\/alagoinhas-e-regiao\/","nextItem":{"@type":"ListItem","@id":"https:\/\/newsinfoco.com.br\/inicio\/minha-casa-minha-vida-pre-selecionados-em-alagoinhas-devem-entregar-documentos-ate-8-de-maio\/#listItem","name":"Minha Casa Minha Vida: pr\u00e9-selecionados em Alagoinhas devem entregar documentos at\u00e9 8 de maio"},"previousItem":{"@type":"ListItem","@id":"https:\/\/newsinfoco.com.br\/inicio#listItem","name":"In\u00edcio"}},{"@type":"ListItem","@id":"https:\/\/newsinfoco.com.br\/inicio\/minha-casa-minha-vida-pre-selecionados-em-alagoinhas-devem-entregar-documentos-ate-8-de-maio\/#listItem","position":3,"name":"Minha Casa Minha Vida: pr\u00e9-selecionados em Alagoinhas devem entregar documentos at\u00e9 8 de maio","previousItem":{"@type":"ListItem","@id":"https:\/\/newsinfoco.com.br\/inicio\/category\/alagoinhas-e-regiao\/#listItem","name":"Alagoinhas e Regi\u00e3o"}}]},{"@type":"Organization","@id":"https:\/\/newsinfoco.com.br\/inicio\/#organization","name":"News In Foco - Editado por Caio Pimenta","description":"O principal site de noticias de Alagoinhas e regi\u00e3o","url":"https:\/\/newsinfoco.com.br\/inicio\/"},{"@type":"Person","@id":"https:\/\/newsinfoco.com.br\/inicio\/author\/administrador\/#author","url":"https:\/\/newsinfoco.com.br\/inicio\/author\/administrador\/","name":"administrador","image":{"@type":"ImageObject","@id":"https:\/\/newsinfoco.com.br\/inicio\/minha-casa-minha-vida-pre-selecionados-em-alagoinhas-devem-entregar-documentos-ate-8-de-maio\/#authorImage","url":"https:\/\/secure.gravatar.com\/avatar\/c17a617433de8c1dc9584bb79aab7563b46f5bb7e1728c9b17d9cc3ce6a08e49?s=96&d=mm&r=g","width":96,"height":96,"caption":"administrador"}},{"@type":"WebPage","@id":"https:\/\/newsinfoco.com.br\/inicio\/minha-casa-minha-vida-pre-selecionados-em-alagoinhas-devem-entregar-documentos-ate-8-de-maio\/#webpage","url":"https:\/\/newsinfoco.com.br\/inicio\/minha-casa-minha-vida-pre-selecionados-em-alagoinhas-devem-entregar-documentos-ate-8-de-maio\/","name":"Minha Casa Minha Vida: pr\u00e9-selecionados em Alagoinhas devem entregar documentos at\u00e9 8 de maio - News In Foco - Editado por Caio Pimenta","description":"A Secretaria Municipal de Assist\u00eancia Social (Sedes) refor\u00e7a o chamado aos benefici\u00e1rios da segunda lista de pr\u00e9-selecionados para o programa Minha Casa Minha Vida (MCMV). \u00c9 fundamental que os convocados compare\u00e7am ao Centro Integrado de Assist\u00eancia Social (CIAS) para a entrega da documenta\u00e7\u00e3o necess\u00e1ria e a atualiza\u00e7\u00e3o de seus cadastros. O prazo final para esta","inLanguage":"pt-BR","isPartOf":{"@id":"https:\/\/newsinfoco.com.br\/inicio\/#website"},"breadcrumb":{"@id":"https:\/\/newsinfoco.com.br\/inicio\/minha-casa-minha-vida-pre-selecionados-em-alagoinhas-devem-entregar-documentos-ate-8-de-maio\/#breadcrumblist"},"author":{"@id":"https:\/\/newsinfoco.com.br\/inicio\/author\/administrador\/#author"},"creator":{"@id":"https:\/\/newsinfoco.com.br\/inicio\/author\/administrador\/#author"},"image":{"@type":"ImageObject","url":"https:\/\/newsinfoco.com.br\/inicio\/wp-content\/uploads\/2026\/04\/9dc1ca29-9f77-4143-8123-e1af0f1ad216-1.jpg","@id":"https:\/\/newsinfoco.com.br\/inicio\/minha-casa-minha-vida-pre-selecionados-em-alagoinhas-devem-entregar-documentos-ate-8-de-maio\/#mainImage","width":1600,"height":1066},"primaryImageOfPage":{"@id":"https:\/\/newsinfoco.com.br\/inicio\/minha-casa-minha-vida-pre-selecionados-em-alagoinhas-devem-entregar-documentos-ate-8-de-maio\/#mainImage"},"datePublished":"2026-04-08T16:17:28-03:00","dateModified":"2026-04-08T16:17:28-03:00"},{"@type":"WebSite","@id":"https:\/\/newsinfoco.com.br\/inicio\/#website","url":"https:\/\/newsinfoco.com.br\/inicio\/","name":"News In Foco - Editado por Caio Pimenta","description":"O principal site de noticias de Alagoinhas e regi\u00e3o","inLanguage":"pt-BR","publisher":{"@id":"https:\/\/newsinfoco.com.br\/inicio\/#organization"}}]},"og:locale":"pt_BR","og:site_name":"News In Foco - Editado por Caio Pimenta - O principal site de noticias de Alagoinhas e regi\u00e3o","og:type":"article","og:title":"Minha Casa Minha Vida: pr\u00e9-selecionados em Alagoinhas devem entregar documentos at\u00e9 8 de maio - News In Foco - Editado por Caio Pimenta","og:description":"A Secretaria Municipal de Assist\u00eancia Social (Sedes) refor\u00e7a o chamado aos benefici\u00e1rios da segunda lista de pr\u00e9-selecionados para o programa Minha Casa Minha Vida (MCMV). \u00c9 fundamental que os convocados compare\u00e7am ao Centro Integrado de Assist\u00eancia Social (CIAS) para a entrega da documenta\u00e7\u00e3o necess\u00e1ria e a atualiza\u00e7\u00e3o de seus cadastros. O prazo final para esta","og:url":"https:\/\/newsinfoco.com.br\/inicio\/minha-casa-minha-vida-pre-selecionados-em-alagoinhas-devem-entregar-documentos-ate-8-de-maio\/","article:published_time":"2026-04-08T19:17:28+00:00","article:modified_time":"2026-04-08T19:17:28+00:00","twitter:card":"summary_large_image","twitter:title":"Minha Casa Minha Vida: pr\u00e9-selecionados em Alagoinhas devem entregar documentos at\u00e9 8 de maio - News In Foco - Editado por Caio Pimenta","twitter:description":"A Secretaria Municipal de Assist\u00eancia Social (Sedes) refor\u00e7a o chamado aos benefici\u00e1rios da segunda lista de pr\u00e9-selecionados para o programa Minha Casa Minha Vida (MCMV). \u00c9 fundamental que os convocados compare\u00e7am ao Centro Integrado de Assist\u00eancia Social (CIAS) para a entrega da documenta\u00e7\u00e3o necess\u00e1ria e a atualiza\u00e7\u00e3o de seus cadastros. O prazo final para esta"},"aioseo_meta_data":{"post_id":"50202","title":null,"description":null,"keywords":null,"keyphrases":{"focus":{"keyphrase":"","score":0,"analysis":{"keyphraseInTitle":{"score":0,"maxScore":9,"error":1}}},"additional":[]},"primary_term":null,"canonical_url":null,"og_title":null,"og_description":null,"og_object_type":"default","og_image_type":"default","og_image_url":null,"og_image_width":null,"og_image_height":null,"og_image_custom_url":null,"og_image_custom_fields":null,"og_video":"","og_custom_url":null,"og_article_section":null,"og_article_tags":null,"twitter_use_og":false,"twitter_card":"default","twitter_image_type":"default","twitter_image_url":null,"twitter_image_custom_url":null,"twitter_image_custom_fields":null,"twitter_title":null,"twitter_description":null,"schema":{"blockGraphs":[],"customGraphs":[],"default":{"data":{"Article":[],"Course":[],"Dataset":[],"FAQPage":[],"Movie":[],"Person":[],"Product":[],"ProductReview":[],"Car":[],"Recipe":[],"Service":[],"SoftwareApplication":[],"WebPage":[]},"graphName":"BlogPosting","isEnabled":true},"graphs":[]},"schema_type":"default","schema_type_options":null,"pillar_content":false,"robots_default":true,"robots_noindex":false,"robots_noarchive":false,"robots_nosnippet":false,"robots_nofollow":false,"robots_noimageindex":false,"robots_noodp":false,"robots_notranslate":false,"robots_max_snippet":"-1","robots_max_videopreview":"-1","robots_max_imagepreview":"large","priority":null,"frequency":"default","local_seo":null,"breadcrumb_settings":null,"limit_modified_date":false,"ai":{"faqs":[],"keyPoints":[],"titles":[],"descriptions":[],"socialPosts":{"email":[],"linkedin":[],"twitter":[],"facebook":[],"instagram":[]}},"created":"2026-04-08 19:17:28","updated":"2026-04-08 19:24:24","seo_analyzer_scan_date":null},"aioseo_breadcrumb":"<div class=\"aioseo-breadcrumbs\"><span class=\"aioseo-breadcrumb\">\n\t\t\t<a href=\"https:\/\/newsinfoco.com.br\/inicio\" title=\"In\u00edcio\">In\u00edcio<\/a>\n\t\t<\/span><span class=\"aioseo-breadcrumb-separator\">&raquo;<\/span><span class=\"aioseo-breadcrumb\">\n\t\t\t<a href=\"https:\/\/newsinfoco.com.br\/inicio\/category\/alagoinhas-e-regiao\/\" title=\"Alagoinhas e Regi\u00e3o\">Alagoinhas e Regi\u00e3o<\/a>\n\t\t<\/span><span class=\"aioseo-breadcrumb-separator\">&raquo;<\/span><span class=\"aioseo-breadcrumb\">\n\t\t\tMinha Casa Minha Vida: pr\u00e9-selecionados em Alagoinhas devem entregar documentos at\u00e9 8 de maio\n\t\t<\/span><\/div>","aioseo_breadcrumb_json":[{"label":"In\u00edcio","link":"https:\/\/newsinfoco.com.br\/inicio"},{"label":"Alagoinhas e Regi\u00e3o","link":"https:\/\/newsinfoco.com.br\/inicio\/category\/alagoinhas-e-regiao\/"},{"label":"Minha Casa Minha Vida: pr\u00e9-selecionados em Alagoinhas devem entregar documentos at\u00e9 8 de maio","link":"https:\/\/newsinfoco.com.br\/inicio\/minha-casa-minha-vida-pre-selecionados-em-alagoinhas-devem-entregar-documentos-ate-8-de-maio\/"}],"_links":{"self":[{"href":"https:\/\/newsinfoco.com.br\/inicio\/wp-json\/wp\/v2\/posts\/50202","targetHints":{"allow":["GET"]}}],"collection":[{"href":"https:\/\/newsinfoco.com.br\/inicio\/wp-json\/wp\/v2\/posts"}],"about":[{"href":"https:\/\/newsinfoco.com.br\/inicio\/wp-json\/wp\/v2\/types\/post"}],"author":[{"embeddable":true,"href":"https:\/\/newsinfoco.com.br\/inicio\/wp-json\/wp\/v2\/users\/1"}],"replies":[{"embeddable":true,"href":"https:\/\/newsinfoco.com.br\/inicio\/wp-json\/wp\/v2\/comments?post=50202"}],"version-history":[{"count":1,"href":"https:\/\/newsinfoco.com.br\/inicio\/wp-json\/wp\/v2\/posts\/50202\/revisions"}],"predecessor-version":[{"id":50204,"href":"https:\/\/newsinfoco.com.br\/inicio\/wp-json\/wp\/v2\/posts\/50202\/revisions\/50204"}],"wp:featuredmedia":[{"embeddable":true,"href":"https:\/\/newsinfoco.com.br\/inicio\/wp-json\/wp\/v2\/media\/50203"}],"wp:attachment":[{"href":"https:\/\/newsinfoco.com.br\/inicio\/wp-json\/wp\/v2\/media?parent=50202"}],"wp:term":[{"taxonomy":"category","embeddable":true,"href":"https:\/\/newsinfoco.com.br\/inicio\/wp-json\/wp\/v2\/categories?post=50202"},{"taxonomy":"post_tag","embeddable":true,"href":"https:\/\/newsinfoco.com.br\/inicio\/wp-json\/wp\/v2\/tags?post=50202"}],"curies":[{"name":"wp","href":"https:\/\/api.w.org\/{rel}","templated":true}]}}