{"id":50206,"date":"2026-04-08T16:25:56","date_gmt":"2026-04-08T19:25:56","guid":{"rendered":"https:\/\/newsinfoco.com.br\/inicio\/?p=50206"},"modified":"2026-04-08T16:25:56","modified_gmt":"2026-04-08T19:25:56","slug":"vereador-luciano-almeida-critica-demora-na-homologacao-da-licitacao-da-obra-do-viaduto-da-rua-do-catu","status":"publish","type":"post","link":"https:\/\/newsinfoco.com.br\/inicio\/vereador-luciano-almeida-critica-demora-na-homologacao-da-licitacao-da-obra-do-viaduto-da-rua-do-catu\/","title":{"rendered":"Vereador Luciano Almeida critica demora na homologa\u00e7\u00e3o da licita\u00e7\u00e3o da obra do viaduto da rua do Catu"},"content":{"rendered":"<div class=\"elementor-column elementor-col-50 elementor-top-column elementor-element elementor-element-166fa74c\" data-id=\"166fa74c\" data-element_type=\"column\">\n<div class=\"elementor-widget-wrap elementor-element-populated\">\n<div class=\"elementor-element elementor-element-8956c80 elementor-widget elementor-widget-theme-post-content\" data-id=\"8956c80\" data-element_type=\"widget\" data-widget_type=\"theme-post-content.default\">\n<div class=\"elementor-widget-container\">\n<p>Na sess\u00e3o realizada nesta ter\u00e7a-feira (7), o vereador Luciano Almeida comentou sobre o andamento da licita\u00e7\u00e3o para a reconstru\u00e7\u00e3o do viaduto em Alagoinhas e afirmou que o processo ocorreu no dia 31 de mar\u00e7o deste ano, na sede da Companhia de Desenvolvimento Urbano do Estado da Bahia (CONDER). De acordo com o parlamentar, a empresa classificada foi a Trilho Engenharia Ltda., com proposta de R$ 7,8 milh\u00f5es, mas a licita\u00e7\u00e3o ainda n\u00e3o foi homologada devido \u00e0 interposi\u00e7\u00e3o de recursos e tr\u00e2mites administrativos.<\/p>\n<p>O vereador explicou que, ap\u00f3s a homologa\u00e7\u00e3o, a empresa dever\u00e1 ser contratada inicialmente para a elabora\u00e7\u00e3o do projeto de engenharia e do projeto executivo da obra, etapa que antecede o in\u00edcio da execu\u00e7\u00e3o. Segundo ele, o prazo previsto para essa fase \u00e9 de tr\u00eas meses, seguidos por cerca de oito meses para a realiza\u00e7\u00e3o dos servi\u00e7os.<\/p>\n<p>\u201cEm um primeiro momento, a empresa ser\u00e1 contratada para elaborar o projeto de engenharia, realizar os estudos t\u00e9cnicos necess\u00e1rios e desenvolver o projeto executivo da obra. O prazo previsto para essa etapa \u00e9 de tr\u00eas meses\u201d, afirmou.<\/p>\n<p>Luciano Almeida levantou questionamentos sobre a viabilidade da execu\u00e7\u00e3o da obra dentro do atual cen\u00e1rio pol\u00edtico e administrativo, especialmente por coincidir com o per\u00edodo eleitoral. Ele citou ainda dados sobre obras paralisadas no estado, apontando dificuldades enfrentadas por empresas em contratos p\u00fablicos.<\/p>\n<p>Durante o pronunciamento, o vereador destacou os impactos causados pela situa\u00e7\u00e3o do viaduto, que, segundo ele, permanece sem solu\u00e7\u00e3o h\u00e1 cerca de dois anos. O local, situado na regi\u00e3o da Rua do Catu e do bairro Teres\u00f3polis, \u00e9 considerado um dos principais acessos ao munic\u00edpio, concentrando fluxo intenso de ve\u00edculos, sobretudo nos hor\u00e1rios de pico.<\/p>\n<p>\u201cNos hor\u00e1rios de maior movimento \u2013 pela manh\u00e3, ao meio-dia e no per\u00edodo da noite -, o tr\u00e2nsito no local se torna ca\u00f3tico e desorganizado, gerando grandes transtornos \u00e0 popula\u00e7\u00e3o\u201d, declarou.<\/p>\n<p>O parlamentar tamb\u00e9m ressaltou preju\u00edzos ao com\u00e9rcio local e aos moradores da regi\u00e3o, al\u00e9m de mencionar que o trecho \u00e9 utilizado por condutores vindos de munic\u00edpios vizinhos como Aramari, \u00c1gua Fria, Irar\u00e1 e Santan\u00f3polis, o que amplia os impactos na mobilidade urbana.<\/p>\n<p>Ao final, o vereador Luciano Almeida criticou a condu\u00e7\u00e3o do processo por parte do Governo do Estado e afirmou que a demora na efetiva\u00e7\u00e3o da obra tem gerado transtornos cont\u00ednuos \u00e0 popula\u00e7\u00e3o. \u201cObserva-se uma inoper\u00e2ncia e um desrespeito por parte do Governo do Estado diante dessa situa\u00e7\u00e3o\u201d, concluiu.<\/p>\n<p><strong>Ascom \u2013 C\u00e2mara Municipal de Alagoinhas<\/strong><\/p>\n<p><strong>Fotos \u2013 Jh\u00f4 Paz<\/strong><\/p>\n<\/div>\n<\/div>\n<\/div>\n<\/div>\n<div class=\"elementor-column elementor-col-50 elementor-top-column elementor-element elementor-element-263f143b\" data-id=\"263f143b\" data-element_type=\"column\">\n<div class=\"elementor-widget-wrap elementor-element-populated\">\n<div class=\"elementor-element elementor-element-19118fd7 elementor-widget elementor-widget-heading\" data-id=\"19118fd7\" data-element_type=\"widget\" data-widget_type=\"heading.default\">\n<div class=\"elementor-widget-container\"><\/div>\n<\/div>\n<\/div>\n<\/div>\n<div class='share-to-whatsapp-wrapper'><div class='share-on-whsp'>Share on: <\/div><a data-text='Vereador Luciano Almeida critica demora na homologa\u00e7\u00e3o da licita\u00e7\u00e3o da obra do viaduto da rua do Catu' data-link='https:\/\/newsinfoco.com.br\/inicio\/vereador-luciano-almeida-critica-demora-na-homologacao-da-licitacao-da-obra-do-viaduto-da-rua-do-catu\/' class='whatsapp-button whatsapp-share'>WhatsApp<\/a><div class='clear '><\/div><\/div>","protected":false},"excerpt":{"rendered":"<p>Na sess\u00e3o realizada nesta ter\u00e7a-feira (7), o vereador Luciano Almeida comentou sobre o andamento da licita\u00e7\u00e3o para a reconstru\u00e7\u00e3o do viaduto em Alagoinhas e afirmou que o processo ocorreu no dia 31 de mar\u00e7o deste ano, na sede da Companhia de Desenvolvimento Urbano do Estado da Bahia (CONDER). De acordo com o parlamentar, a empresa [&hellip;]<\/p>\n","protected":false},"author":1,"featured_media":50207,"comment_status":"closed","ping_status":"closed","sticky":false,"template":"","format":"standard","meta":{"om_disable_all_campaigns":false,"rop_custom_images_group":[],"rop_custom_messages_group":[],"rop_publish_now":"initial","rop_publish_now_accounts":[],"rop_publish_now_history":[],"rop_publish_now_status":"pending","_exactmetrics_skip_tracking":false,"footnotes":""},"categories":[19],"tags":[],"class_list":["post-50206","post","type-post","status-publish","format-standard","has-post-thumbnail","hentry","category-bahia"],"aioseo_notices":[],"aioseo_head":"\n\t\t<!-- All in One SEO 4.9.10 - aioseo.com -->\n\t<meta name=\"description\" content=\"Na sess\u00e3o realizada nesta ter\u00e7a-feira (7), o vereador Luciano Almeida comentou sobre o andamento da licita\u00e7\u00e3o para a reconstru\u00e7\u00e3o do viaduto em Alagoinhas e afirmou que o processo ocorreu no dia 31 de mar\u00e7o deste ano, na sede da Companhia de Desenvolvimento Urbano do Estado da Bahia (CONDER). De acordo com o parlamentar, a empresa\" \/>\n\t<meta name=\"robots\" content=\"max-image-preview:large\" \/>\n\t<meta name=\"author\" content=\"administrador\"\/>\n\t<link rel=\"canonical\" href=\"https:\/\/newsinfoco.com.br\/inicio\/vereador-luciano-almeida-critica-demora-na-homologacao-da-licitacao-da-obra-do-viaduto-da-rua-do-catu\/\" \/>\n\t<meta name=\"generator\" content=\"All in One SEO (AIOSEO) 4.9.10\" \/>\n\t\t<meta property=\"og:locale\" content=\"pt_BR\" \/>\n\t\t<meta property=\"og:site_name\" content=\"News In Foco - Editado por Caio Pimenta - O principal site de noticias de Alagoinhas e regi\u00e3o\" \/>\n\t\t<meta property=\"og:type\" content=\"article\" \/>\n\t\t<meta property=\"og:title\" content=\"Vereador Luciano Almeida critica demora na homologa\u00e7\u00e3o da licita\u00e7\u00e3o da obra do viaduto da rua do Catu - News In Foco - Editado por Caio Pimenta\" \/>\n\t\t<meta property=\"og:description\" content=\"Na sess\u00e3o realizada nesta ter\u00e7a-feira (7), o vereador Luciano Almeida comentou sobre o andamento da licita\u00e7\u00e3o para a reconstru\u00e7\u00e3o do viaduto em Alagoinhas e afirmou que o processo ocorreu no dia 31 de mar\u00e7o deste ano, na sede da Companhia de Desenvolvimento Urbano do Estado da Bahia (CONDER). De acordo com o parlamentar, a empresa\" \/>\n\t\t<meta property=\"og:url\" content=\"https:\/\/newsinfoco.com.br\/inicio\/vereador-luciano-almeida-critica-demora-na-homologacao-da-licitacao-da-obra-do-viaduto-da-rua-do-catu\/\" \/>\n\t\t<meta property=\"article:published_time\" content=\"2026-04-08T19:25:56+00:00\" \/>\n\t\t<meta property=\"article:modified_time\" content=\"2026-04-08T19:25:56+00:00\" \/>\n\t\t<meta name=\"twitter:card\" content=\"summary_large_image\" \/>\n\t\t<meta name=\"twitter:title\" content=\"Vereador Luciano Almeida critica demora na homologa\u00e7\u00e3o da licita\u00e7\u00e3o da obra do viaduto da rua do Catu - News In Foco - Editado por Caio Pimenta\" \/>\n\t\t<meta name=\"twitter:description\" content=\"Na sess\u00e3o realizada nesta ter\u00e7a-feira (7), o vereador Luciano Almeida comentou sobre o andamento da licita\u00e7\u00e3o para a reconstru\u00e7\u00e3o do viaduto em Alagoinhas e afirmou que o processo ocorreu no dia 31 de mar\u00e7o deste ano, na sede da Companhia de Desenvolvimento Urbano do Estado da Bahia (CONDER). De acordo com o parlamentar, a empresa\" \/>\n\t\t<script type=\"application\/ld+json\" class=\"aioseo-schema\">\n\t\t\t{\"@context\":\"https:\\\/\\\/schema.org\",\"@graph\":[{\"@type\":\"BlogPosting\",\"@id\":\"https:\\\/\\\/newsinfoco.com.br\\\/inicio\\\/vereador-luciano-almeida-critica-demora-na-homologacao-da-licitacao-da-obra-do-viaduto-da-rua-do-catu\\\/#blogposting\",\"name\":\"Vereador Luciano Almeida critica demora na homologa\\u00e7\\u00e3o da licita\\u00e7\\u00e3o da obra do viaduto da rua do Catu - News In Foco - Editado por Caio Pimenta\",\"headline\":\"Vereador Luciano Almeida critica demora na homologa\\u00e7\\u00e3o da licita\\u00e7\\u00e3o da obra do viaduto da rua do Catu\",\"author\":{\"@id\":\"https:\\\/\\\/newsinfoco.com.br\\\/inicio\\\/author\\\/administrador\\\/#author\"},\"publisher\":{\"@id\":\"https:\\\/\\\/newsinfoco.com.br\\\/inicio\\\/#organization\"},\"image\":{\"@type\":\"ImageObject\",\"url\":\"https:\\\/\\\/newsinfoco.com.br\\\/inicio\\\/wp-content\\\/uploads\\\/2026\\\/04\\\/2474d1b8-92d0-40cb-b77a-e7dc11cc90f5-2048x1152-1.jpg\",\"width\":2048,\"height\":1152},\"datePublished\":\"2026-04-08T16:25:56-03:00\",\"dateModified\":\"2026-04-08T16:25:56-03:00\",\"inLanguage\":\"pt-BR\",\"mainEntityOfPage\":{\"@id\":\"https:\\\/\\\/newsinfoco.com.br\\\/inicio\\\/vereador-luciano-almeida-critica-demora-na-homologacao-da-licitacao-da-obra-do-viaduto-da-rua-do-catu\\\/#webpage\"},\"isPartOf\":{\"@id\":\"https:\\\/\\\/newsinfoco.com.br\\\/inicio\\\/vereador-luciano-almeida-critica-demora-na-homologacao-da-licitacao-da-obra-do-viaduto-da-rua-do-catu\\\/#webpage\"},\"articleSection\":\"Bahia\"},{\"@type\":\"BreadcrumbList\",\"@id\":\"https:\\\/\\\/newsinfoco.com.br\\\/inicio\\\/vereador-luciano-almeida-critica-demora-na-homologacao-da-licitacao-da-obra-do-viaduto-da-rua-do-catu\\\/#breadcrumblist\",\"itemListElement\":[{\"@type\":\"ListItem\",\"@id\":\"https:\\\/\\\/newsinfoco.com.br\\\/inicio#listItem\",\"position\":1,\"name\":\"In\\u00edcio\",\"item\":\"https:\\\/\\\/newsinfoco.com.br\\\/inicio\",\"nextItem\":{\"@type\":\"ListItem\",\"@id\":\"https:\\\/\\\/newsinfoco.com.br\\\/inicio\\\/category\\\/bahia\\\/#listItem\",\"name\":\"Bahia\"}},{\"@type\":\"ListItem\",\"@id\":\"https:\\\/\\\/newsinfoco.com.br\\\/inicio\\\/category\\\/bahia\\\/#listItem\",\"position\":2,\"name\":\"Bahia\",\"item\":\"https:\\\/\\\/newsinfoco.com.br\\\/inicio\\\/category\\\/bahia\\\/\",\"nextItem\":{\"@type\":\"ListItem\",\"@id\":\"https:\\\/\\\/newsinfoco.com.br\\\/inicio\\\/vereador-luciano-almeida-critica-demora-na-homologacao-da-licitacao-da-obra-do-viaduto-da-rua-do-catu\\\/#listItem\",\"name\":\"Vereador Luciano Almeida critica demora na homologa\\u00e7\\u00e3o da licita\\u00e7\\u00e3o da obra do viaduto da rua do Catu\"},\"previousItem\":{\"@type\":\"ListItem\",\"@id\":\"https:\\\/\\\/newsinfoco.com.br\\\/inicio#listItem\",\"name\":\"In\\u00edcio\"}},{\"@type\":\"ListItem\",\"@id\":\"https:\\\/\\\/newsinfoco.com.br\\\/inicio\\\/vereador-luciano-almeida-critica-demora-na-homologacao-da-licitacao-da-obra-do-viaduto-da-rua-do-catu\\\/#listItem\",\"position\":3,\"name\":\"Vereador Luciano Almeida critica demora na homologa\\u00e7\\u00e3o da licita\\u00e7\\u00e3o da obra do viaduto da rua do Catu\",\"previousItem\":{\"@type\":\"ListItem\",\"@id\":\"https:\\\/\\\/newsinfoco.com.br\\\/inicio\\\/category\\\/bahia\\\/#listItem\",\"name\":\"Bahia\"}}]},{\"@type\":\"Organization\",\"@id\":\"https:\\\/\\\/newsinfoco.com.br\\\/inicio\\\/#organization\",\"name\":\"News In Foco - Editado por Caio Pimenta\",\"description\":\"O principal site de noticias de Alagoinhas e regi\\u00e3o\",\"url\":\"https:\\\/\\\/newsinfoco.com.br\\\/inicio\\\/\"},{\"@type\":\"Person\",\"@id\":\"https:\\\/\\\/newsinfoco.com.br\\\/inicio\\\/author\\\/administrador\\\/#author\",\"url\":\"https:\\\/\\\/newsinfoco.com.br\\\/inicio\\\/author\\\/administrador\\\/\",\"name\":\"administrador\",\"image\":{\"@type\":\"ImageObject\",\"@id\":\"https:\\\/\\\/newsinfoco.com.br\\\/inicio\\\/vereador-luciano-almeida-critica-demora-na-homologacao-da-licitacao-da-obra-do-viaduto-da-rua-do-catu\\\/#authorImage\",\"url\":\"https:\\\/\\\/secure.gravatar.com\\\/avatar\\\/c17a617433de8c1dc9584bb79aab7563b46f5bb7e1728c9b17d9cc3ce6a08e49?s=96&d=mm&r=g\",\"width\":96,\"height\":96,\"caption\":\"administrador\"}},{\"@type\":\"WebPage\",\"@id\":\"https:\\\/\\\/newsinfoco.com.br\\\/inicio\\\/vereador-luciano-almeida-critica-demora-na-homologacao-da-licitacao-da-obra-do-viaduto-da-rua-do-catu\\\/#webpage\",\"url\":\"https:\\\/\\\/newsinfoco.com.br\\\/inicio\\\/vereador-luciano-almeida-critica-demora-na-homologacao-da-licitacao-da-obra-do-viaduto-da-rua-do-catu\\\/\",\"name\":\"Vereador Luciano Almeida critica demora na homologa\\u00e7\\u00e3o da licita\\u00e7\\u00e3o da obra do viaduto da rua do Catu - News In Foco - Editado por Caio Pimenta\",\"description\":\"Na sess\\u00e3o realizada nesta ter\\u00e7a-feira (7), o vereador Luciano Almeida comentou sobre o andamento da licita\\u00e7\\u00e3o para a reconstru\\u00e7\\u00e3o do viaduto em Alagoinhas e afirmou que o processo ocorreu no dia 31 de mar\\u00e7o deste ano, na sede da Companhia de Desenvolvimento Urbano do Estado da Bahia (CONDER). De acordo com o parlamentar, a empresa\",\"inLanguage\":\"pt-BR\",\"isPartOf\":{\"@id\":\"https:\\\/\\\/newsinfoco.com.br\\\/inicio\\\/#website\"},\"breadcrumb\":{\"@id\":\"https:\\\/\\\/newsinfoco.com.br\\\/inicio\\\/vereador-luciano-almeida-critica-demora-na-homologacao-da-licitacao-da-obra-do-viaduto-da-rua-do-catu\\\/#breadcrumblist\"},\"author\":{\"@id\":\"https:\\\/\\\/newsinfoco.com.br\\\/inicio\\\/author\\\/administrador\\\/#author\"},\"creator\":{\"@id\":\"https:\\\/\\\/newsinfoco.com.br\\\/inicio\\\/author\\\/administrador\\\/#author\"},\"image\":{\"@type\":\"ImageObject\",\"url\":\"https:\\\/\\\/newsinfoco.com.br\\\/inicio\\\/wp-content\\\/uploads\\\/2026\\\/04\\\/2474d1b8-92d0-40cb-b77a-e7dc11cc90f5-2048x1152-1.jpg\",\"@id\":\"https:\\\/\\\/newsinfoco.com.br\\\/inicio\\\/vereador-luciano-almeida-critica-demora-na-homologacao-da-licitacao-da-obra-do-viaduto-da-rua-do-catu\\\/#mainImage\",\"width\":2048,\"height\":1152},\"primaryImageOfPage\":{\"@id\":\"https:\\\/\\\/newsinfoco.com.br\\\/inicio\\\/vereador-luciano-almeida-critica-demora-na-homologacao-da-licitacao-da-obra-do-viaduto-da-rua-do-catu\\\/#mainImage\"},\"datePublished\":\"2026-04-08T16:25:56-03:00\",\"dateModified\":\"2026-04-08T16:25:56-03:00\"},{\"@type\":\"WebSite\",\"@id\":\"https:\\\/\\\/newsinfoco.com.br\\\/inicio\\\/#website\",\"url\":\"https:\\\/\\\/newsinfoco.com.br\\\/inicio\\\/\",\"name\":\"News In Foco - Editado por Caio Pimenta\",\"description\":\"O principal site de noticias de Alagoinhas e regi\\u00e3o\",\"inLanguage\":\"pt-BR\",\"publisher\":{\"@id\":\"https:\\\/\\\/newsinfoco.com.br\\\/inicio\\\/#organization\"}}]}\n\t\t<\/script>\n\t\t<!-- All in One SEO -->\n\n","aioseo_head_json":{"title":"Vereador Luciano Almeida critica demora na homologa\u00e7\u00e3o da licita\u00e7\u00e3o da obra do viaduto da rua do Catu - News In Foco - Editado por Caio Pimenta","description":"Na sess\u00e3o realizada nesta ter\u00e7a-feira (7), o vereador Luciano Almeida comentou sobre o andamento da licita\u00e7\u00e3o para a reconstru\u00e7\u00e3o do viaduto em Alagoinhas e afirmou que o processo ocorreu no dia 31 de mar\u00e7o deste ano, na sede da Companhia de Desenvolvimento Urbano do Estado da Bahia (CONDER). De acordo com o parlamentar, a empresa","canonical_url":"https:\/\/newsinfoco.com.br\/inicio\/vereador-luciano-almeida-critica-demora-na-homologacao-da-licitacao-da-obra-do-viaduto-da-rua-do-catu\/","robots":"max-image-preview:large","keywords":"","webmasterTools":{"miscellaneous":""},"schema":{"@context":"https:\/\/schema.org","@graph":[{"@type":"BlogPosting","@id":"https:\/\/newsinfoco.com.br\/inicio\/vereador-luciano-almeida-critica-demora-na-homologacao-da-licitacao-da-obra-do-viaduto-da-rua-do-catu\/#blogposting","name":"Vereador Luciano Almeida critica demora na homologa\u00e7\u00e3o da licita\u00e7\u00e3o da obra do viaduto da rua do Catu - News In Foco - Editado por Caio Pimenta","headline":"Vereador Luciano Almeida critica demora na homologa\u00e7\u00e3o da licita\u00e7\u00e3o da obra do viaduto da rua do Catu","author":{"@id":"https:\/\/newsinfoco.com.br\/inicio\/author\/administrador\/#author"},"publisher":{"@id":"https:\/\/newsinfoco.com.br\/inicio\/#organization"},"image":{"@type":"ImageObject","url":"https:\/\/newsinfoco.com.br\/inicio\/wp-content\/uploads\/2026\/04\/2474d1b8-92d0-40cb-b77a-e7dc11cc90f5-2048x1152-1.jpg","width":2048,"height":1152},"datePublished":"2026-04-08T16:25:56-03:00","dateModified":"2026-04-08T16:25:56-03:00","inLanguage":"pt-BR","mainEntityOfPage":{"@id":"https:\/\/newsinfoco.com.br\/inicio\/vereador-luciano-almeida-critica-demora-na-homologacao-da-licitacao-da-obra-do-viaduto-da-rua-do-catu\/#webpage"},"isPartOf":{"@id":"https:\/\/newsinfoco.com.br\/inicio\/vereador-luciano-almeida-critica-demora-na-homologacao-da-licitacao-da-obra-do-viaduto-da-rua-do-catu\/#webpage"},"articleSection":"Bahia"},{"@type":"BreadcrumbList","@id":"https:\/\/newsinfoco.com.br\/inicio\/vereador-luciano-almeida-critica-demora-na-homologacao-da-licitacao-da-obra-do-viaduto-da-rua-do-catu\/#breadcrumblist","itemListElement":[{"@type":"ListItem","@id":"https:\/\/newsinfoco.com.br\/inicio#listItem","position":1,"name":"In\u00edcio","item":"https:\/\/newsinfoco.com.br\/inicio","nextItem":{"@type":"ListItem","@id":"https:\/\/newsinfoco.com.br\/inicio\/category\/bahia\/#listItem","name":"Bahia"}},{"@type":"ListItem","@id":"https:\/\/newsinfoco.com.br\/inicio\/category\/bahia\/#listItem","position":2,"name":"Bahia","item":"https:\/\/newsinfoco.com.br\/inicio\/category\/bahia\/","nextItem":{"@type":"ListItem","@id":"https:\/\/newsinfoco.com.br\/inicio\/vereador-luciano-almeida-critica-demora-na-homologacao-da-licitacao-da-obra-do-viaduto-da-rua-do-catu\/#listItem","name":"Vereador Luciano Almeida critica demora na homologa\u00e7\u00e3o da licita\u00e7\u00e3o da obra do viaduto da rua do Catu"},"previousItem":{"@type":"ListItem","@id":"https:\/\/newsinfoco.com.br\/inicio#listItem","name":"In\u00edcio"}},{"@type":"ListItem","@id":"https:\/\/newsinfoco.com.br\/inicio\/vereador-luciano-almeida-critica-demora-na-homologacao-da-licitacao-da-obra-do-viaduto-da-rua-do-catu\/#listItem","position":3,"name":"Vereador Luciano Almeida critica demora na homologa\u00e7\u00e3o da licita\u00e7\u00e3o da obra do viaduto da rua do Catu","previousItem":{"@type":"ListItem","@id":"https:\/\/newsinfoco.com.br\/inicio\/category\/bahia\/#listItem","name":"Bahia"}}]},{"@type":"Organization","@id":"https:\/\/newsinfoco.com.br\/inicio\/#organization","name":"News In Foco - Editado por Caio Pimenta","description":"O principal site de noticias de Alagoinhas e regi\u00e3o","url":"https:\/\/newsinfoco.com.br\/inicio\/"},{"@type":"Person","@id":"https:\/\/newsinfoco.com.br\/inicio\/author\/administrador\/#author","url":"https:\/\/newsinfoco.com.br\/inicio\/author\/administrador\/","name":"administrador","image":{"@type":"ImageObject","@id":"https:\/\/newsinfoco.com.br\/inicio\/vereador-luciano-almeida-critica-demora-na-homologacao-da-licitacao-da-obra-do-viaduto-da-rua-do-catu\/#authorImage","url":"https:\/\/secure.gravatar.com\/avatar\/c17a617433de8c1dc9584bb79aab7563b46f5bb7e1728c9b17d9cc3ce6a08e49?s=96&d=mm&r=g","width":96,"height":96,"caption":"administrador"}},{"@type":"WebPage","@id":"https:\/\/newsinfoco.com.br\/inicio\/vereador-luciano-almeida-critica-demora-na-homologacao-da-licitacao-da-obra-do-viaduto-da-rua-do-catu\/#webpage","url":"https:\/\/newsinfoco.com.br\/inicio\/vereador-luciano-almeida-critica-demora-na-homologacao-da-licitacao-da-obra-do-viaduto-da-rua-do-catu\/","name":"Vereador Luciano Almeida critica demora na homologa\u00e7\u00e3o da licita\u00e7\u00e3o da obra do viaduto da rua do Catu - News In Foco - Editado por Caio Pimenta","description":"Na sess\u00e3o realizada nesta ter\u00e7a-feira (7), o vereador Luciano Almeida comentou sobre o andamento da licita\u00e7\u00e3o para a reconstru\u00e7\u00e3o do viaduto em Alagoinhas e afirmou que o processo ocorreu no dia 31 de mar\u00e7o deste ano, na sede da Companhia de Desenvolvimento Urbano do Estado da Bahia (CONDER). De acordo com o parlamentar, a empresa","inLanguage":"pt-BR","isPartOf":{"@id":"https:\/\/newsinfoco.com.br\/inicio\/#website"},"breadcrumb":{"@id":"https:\/\/newsinfoco.com.br\/inicio\/vereador-luciano-almeida-critica-demora-na-homologacao-da-licitacao-da-obra-do-viaduto-da-rua-do-catu\/#breadcrumblist"},"author":{"@id":"https:\/\/newsinfoco.com.br\/inicio\/author\/administrador\/#author"},"creator":{"@id":"https:\/\/newsinfoco.com.br\/inicio\/author\/administrador\/#author"},"image":{"@type":"ImageObject","url":"https:\/\/newsinfoco.com.br\/inicio\/wp-content\/uploads\/2026\/04\/2474d1b8-92d0-40cb-b77a-e7dc11cc90f5-2048x1152-1.jpg","@id":"https:\/\/newsinfoco.com.br\/inicio\/vereador-luciano-almeida-critica-demora-na-homologacao-da-licitacao-da-obra-do-viaduto-da-rua-do-catu\/#mainImage","width":2048,"height":1152},"primaryImageOfPage":{"@id":"https:\/\/newsinfoco.com.br\/inicio\/vereador-luciano-almeida-critica-demora-na-homologacao-da-licitacao-da-obra-do-viaduto-da-rua-do-catu\/#mainImage"},"datePublished":"2026-04-08T16:25:56-03:00","dateModified":"2026-04-08T16:25:56-03:00"},{"@type":"WebSite","@id":"https:\/\/newsinfoco.com.br\/inicio\/#website","url":"https:\/\/newsinfoco.com.br\/inicio\/","name":"News In Foco - Editado por Caio Pimenta","description":"O principal site de noticias de Alagoinhas e regi\u00e3o","inLanguage":"pt-BR","publisher":{"@id":"https:\/\/newsinfoco.com.br\/inicio\/#organization"}}]},"og:locale":"pt_BR","og:site_name":"News In Foco - Editado por Caio Pimenta - O principal site de noticias de Alagoinhas e regi\u00e3o","og:type":"article","og:title":"Vereador Luciano Almeida critica demora na homologa\u00e7\u00e3o da licita\u00e7\u00e3o da obra do viaduto da rua do Catu - News In Foco - Editado por Caio Pimenta","og:description":"Na sess\u00e3o realizada nesta ter\u00e7a-feira (7), o vereador Luciano Almeida comentou sobre o andamento da licita\u00e7\u00e3o para a reconstru\u00e7\u00e3o do viaduto em Alagoinhas e afirmou que o processo ocorreu no dia 31 de mar\u00e7o deste ano, na sede da Companhia de Desenvolvimento Urbano do Estado da Bahia (CONDER). De acordo com o parlamentar, a empresa","og:url":"https:\/\/newsinfoco.com.br\/inicio\/vereador-luciano-almeida-critica-demora-na-homologacao-da-licitacao-da-obra-do-viaduto-da-rua-do-catu\/","article:published_time":"2026-04-08T19:25:56+00:00","article:modified_time":"2026-04-08T19:25:56+00:00","twitter:card":"summary_large_image","twitter:title":"Vereador Luciano Almeida critica demora na homologa\u00e7\u00e3o da licita\u00e7\u00e3o da obra do viaduto da rua do Catu - News In Foco - Editado por Caio Pimenta","twitter:description":"Na sess\u00e3o realizada nesta ter\u00e7a-feira (7), o vereador Luciano Almeida comentou sobre o andamento da licita\u00e7\u00e3o para a reconstru\u00e7\u00e3o do viaduto em Alagoinhas e afirmou que o processo ocorreu no dia 31 de mar\u00e7o deste ano, na sede da Companhia de Desenvolvimento Urbano do Estado da Bahia (CONDER). De acordo com o parlamentar, a empresa"},"aioseo_meta_data":{"post_id":"50206","title":null,"description":null,"keywords":null,"keyphrases":{"focus":{"keyphrase":"","score":0,"analysis":{"keyphraseInTitle":{"score":0,"maxScore":9,"error":1}}},"additional":[]},"primary_term":null,"canonical_url":null,"og_title":null,"og_description":null,"og_object_type":"default","og_image_type":"default","og_image_url":null,"og_image_width":null,"og_image_height":null,"og_image_custom_url":null,"og_image_custom_fields":null,"og_video":"","og_custom_url":null,"og_article_section":null,"og_article_tags":null,"twitter_use_og":false,"twitter_card":"default","twitter_image_type":"default","twitter_image_url":null,"twitter_image_custom_url":null,"twitter_image_custom_fields":null,"twitter_title":null,"twitter_description":null,"schema":{"blockGraphs":[],"customGraphs":[],"default":{"data":{"Article":[],"Course":[],"Dataset":[],"FAQPage":[],"Movie":[],"Person":[],"Product":[],"ProductReview":[],"Car":[],"Recipe":[],"Service":[],"SoftwareApplication":[],"WebPage":[]},"graphName":"BlogPosting","isEnabled":true},"graphs":[]},"schema_type":"default","schema_type_options":null,"pillar_content":false,"robots_default":true,"robots_noindex":false,"robots_noarchive":false,"robots_nosnippet":false,"robots_nofollow":false,"robots_noimageindex":false,"robots_noodp":false,"robots_notranslate":false,"robots_max_snippet":"-1","robots_max_videopreview":"-1","robots_max_imagepreview":"large","priority":null,"frequency":"default","local_seo":null,"breadcrumb_settings":null,"limit_modified_date":false,"ai":{"faqs":[],"keyPoints":[],"titles":[],"descriptions":[],"socialPosts":{"email":[],"linkedin":[],"twitter":[],"facebook":[],"instagram":[]}},"created":"2026-04-08 19:25:56","updated":"2026-04-08 19:42:24","seo_analyzer_scan_date":null},"aioseo_breadcrumb":"<div class=\"aioseo-breadcrumbs\"><span class=\"aioseo-breadcrumb\">\n\t\t\t<a href=\"https:\/\/newsinfoco.com.br\/inicio\" title=\"In\u00edcio\">In\u00edcio<\/a>\n\t\t<\/span><span class=\"aioseo-breadcrumb-separator\">&raquo;<\/span><span class=\"aioseo-breadcrumb\">\n\t\t\t<a href=\"https:\/\/newsinfoco.com.br\/inicio\/category\/bahia\/\" title=\"Bahia\">Bahia<\/a>\n\t\t<\/span><span class=\"aioseo-breadcrumb-separator\">&raquo;<\/span><span class=\"aioseo-breadcrumb\">\n\t\t\tVereador Luciano Almeida critica demora na homologa\u00e7\u00e3o da licita\u00e7\u00e3o da obra do viaduto da rua do Catu\n\t\t<\/span><\/div>","aioseo_breadcrumb_json":[{"label":"In\u00edcio","link":"https:\/\/newsinfoco.com.br\/inicio"},{"label":"Bahia","link":"https:\/\/newsinfoco.com.br\/inicio\/category\/bahia\/"},{"label":"Vereador Luciano Almeida critica demora na homologa\u00e7\u00e3o da licita\u00e7\u00e3o da obra do viaduto da rua do Catu","link":"https:\/\/newsinfoco.com.br\/inicio\/vereador-luciano-almeida-critica-demora-na-homologacao-da-licitacao-da-obra-do-viaduto-da-rua-do-catu\/"}],"_links":{"self":[{"href":"https:\/\/newsinfoco.com.br\/inicio\/wp-json\/wp\/v2\/posts\/50206","targetHints":{"allow":["GET"]}}],"collection":[{"href":"https:\/\/newsinfoco.com.br\/inicio\/wp-json\/wp\/v2\/posts"}],"about":[{"href":"https:\/\/newsinfoco.com.br\/inicio\/wp-json\/wp\/v2\/types\/post"}],"author":[{"embeddable":true,"href":"https:\/\/newsinfoco.com.br\/inicio\/wp-json\/wp\/v2\/users\/1"}],"replies":[{"embeddable":true,"href":"https:\/\/newsinfoco.com.br\/inicio\/wp-json\/wp\/v2\/comments?post=50206"}],"version-history":[{"count":1,"href":"https:\/\/newsinfoco.com.br\/inicio\/wp-json\/wp\/v2\/posts\/50206\/revisions"}],"predecessor-version":[{"id":50208,"href":"https:\/\/newsinfoco.com.br\/inicio\/wp-json\/wp\/v2\/posts\/50206\/revisions\/50208"}],"wp:featuredmedia":[{"embeddable":true,"href":"https:\/\/newsinfoco.com.br\/inicio\/wp-json\/wp\/v2\/media\/50207"}],"wp:attachment":[{"href":"https:\/\/newsinfoco.com.br\/inicio\/wp-json\/wp\/v2\/media?parent=50206"}],"wp:term":[{"taxonomy":"category","embeddable":true,"href":"https:\/\/newsinfoco.com.br\/inicio\/wp-json\/wp\/v2\/categories?post=50206"},{"taxonomy":"post_tag","embeddable":true,"href":"https:\/\/newsinfoco.com.br\/inicio\/wp-json\/wp\/v2\/tags?post=50206"}],"curies":[{"name":"wp","href":"https:\/\/api.w.org\/{rel}","templated":true}]}}