{"id":50209,"date":"2026-04-08T16:30:04","date_gmt":"2026-04-08T19:30:04","guid":{"rendered":"https:\/\/newsinfoco.com.br\/inicio\/?p=50209"},"modified":"2026-04-08T16:30:04","modified_gmt":"2026-04-08T19:30:04","slug":"presidente-da-uniao-de-bandas-evangelicas-solicita-apoio-para-eventos-em-alagoinhas","status":"publish","type":"post","link":"https:\/\/newsinfoco.com.br\/inicio\/presidente-da-uniao-de-bandas-evangelicas-solicita-apoio-para-eventos-em-alagoinhas\/","title":{"rendered":"Presidente da Uni\u00e3o de Bandas Evang\u00e9licas solicita apoio para eventos em Alagoinhas"},"content":{"rendered":"<div class=\"elementor-column elementor-col-50 elementor-top-column elementor-element elementor-element-166fa74c\" data-id=\"166fa74c\" data-element_type=\"column\">\n<div class=\"elementor-widget-wrap elementor-element-populated\">\n<div class=\"elementor-element elementor-element-8956c80 elementor-widget elementor-widget-theme-post-content\" data-id=\"8956c80\" data-element_type=\"widget\" data-widget_type=\"theme-post-content.default\">\n<div class=\"elementor-widget-container\">\n<p>Na sess\u00e3o realizada na ter\u00e7a-feira (7), representantes da Uni\u00e3o de Bandas Evang\u00e9licas de Alagoinhas (UBEA) utilizaram a tribuna popular da C\u00e2mara Municipal para apresentar demandas do segmento e solicitar maior apoio do poder p\u00fablico \u00e0s atividades culturais e religiosas desenvolvidas na cidade.<\/p>\n<p>Durante seu pronunciamento, Felipe Dias \u2013 presidente da UBEA e vocalista da banda Un\u00e7\u00e3o Dobrada \u2013 destacou a atua\u00e7\u00e3o das bandas evang\u00e9licas no munic\u00edpio, mencionando eventos j\u00e1 consolidados no calend\u00e1rio oficial, como a Marcha para Jesus e a Semana da Cultura Evang\u00e9lica. Apesar disso, apontou que o grupo ainda enfrenta dificuldades para obter espa\u00e7o em determinadas programa\u00e7\u00f5es.<\/p>\n<p>Segundo ele, o Dia do Evang\u00e9lico, comemorado em 2 de julho, tem se consolidado como uma importante oportunidade para as bandas locais apresentarem seus trabalhos e contribu\u00edrem com a comunidade. \u201cN\u00e3o se trata apenas de um evento cultural ou religioso, pois impacta diversas \u00e1reas do munic\u00edpio\u201d, afirmou.<\/p>\n<p>Felipe tamb\u00e9m ressaltou que a iniciativa movimenta a economia local, com a participa\u00e7\u00e3o de comerciantes, ambulantes e visitantes de outros munic\u00edpios, al\u00e9m de atuar como instrumento de inclus\u00e3o social, especialmente entre os jovens. \u201cPor meio da m\u00fasica, conseguimos alcan\u00e7ar essas pessoas e contribuir de forma positiva em suas vidas\u201d, destacou.<\/p>\n<p>Em resposta, o vereador Luciano Almeida informou que destinou uma emenda no valor de R$ 5 mil para apoiar a realiza\u00e7\u00e3o do evento, ressaltando a import\u00e2ncia de fortalecer a cultura local e ampliar o apoio \u00e0s bandas do munic\u00edpio. \u201cPrecisamos rever a realidade dos produtores de cultura de Alagoinhas e dar visibilidade \u00e0s bandas da nossa cidade\u201d, pontuou.<\/p>\n<div class=\"wp-block-image\"><\/div>\n<p>Na sequ\u00eancia, o vereador Thor de Ninha refor\u00e7ou a relev\u00e2ncia do segmento e defendeu maior investimento e organiza\u00e7\u00e3o dos eventos evang\u00e9licos no munic\u00edpio. Ele citou diversas bandas locais e destacou o potencial cultural existente em Alagoinhas. \u201c\u00c9 fundamental que esses eventos tenham cada vez mais visibilidade e investimentos, porque o nosso munic\u00edpio \u00e9 rico em talentos que precisam de espa\u00e7o e reconhecimento\u201d, afirmou.<\/p>\n<div class=\"wp-block-image\"><\/div>\n<p>J\u00e1 o vereador Caio Ramos relembrou sua trajet\u00f3ria ao lado de Felipe Dias na m\u00fasica e elogiou o trabalho desenvolvido pela UBEA, especialmente na aproxima\u00e7\u00e3o da juventude com a\u00e7\u00f5es culturais e religiosas. O parlamentar tamb\u00e9m colocou seu mandato \u00e0 disposi\u00e7\u00e3o para contribuir com o projeto. \u201cFico muito feliz em ver a continuidade desse trabalho e tudo aquilo que Deus tem realizado na vida de voc\u00eas\u201d, declarou.<\/p>\n<div class=\"wp-block-image\"><\/div>\n<p>Encerrando as manifesta\u00e7\u00f5es, o presidente da C\u00e2mara, vereador Cleto da Banana, destacou a import\u00e2ncia de valorizar os artistas locais e reafirmou o apoio institucional da Casa \u00e0s iniciativas apresentadas. \u201cValorizar a prata da casa \u00e9 fundamental. Muitas vezes, deixamos de valorizar aqueles que vivem aqui, trabalham aqui, ganham e investem seus recursos no pr\u00f3prio munic\u00edpio, al\u00e9m de fortalecerem a nossa cultura\u201d, concluiu.<\/p>\n<p><strong>Ascom \u2013 C\u00e2mara Municipal de Alagoinhas<\/strong><\/p>\n<p><strong>Fotos \u2013 Jh\u00f4 Paz<\/strong><\/p>\n<\/div>\n<\/div>\n<\/div>\n<\/div>\n<div class=\"elementor-column elementor-col-50 elementor-top-column elementor-element elementor-element-263f143b\" data-id=\"263f143b\" data-element_type=\"column\">\n<div class=\"elementor-widget-wrap elementor-element-populated\">\n<div class=\"elementor-element elementor-element-19118fd7 elementor-widget elementor-widget-heading\" data-id=\"19118fd7\" data-element_type=\"widget\" data-widget_type=\"heading.default\">\n<div class=\"elementor-widget-container\"><\/div>\n<\/div>\n<\/div>\n<\/div>\n<div class='share-to-whatsapp-wrapper'><div class='share-on-whsp'>Share on: <\/div><a data-text='Presidente da Uni\u00e3o de Bandas Evang\u00e9licas solicita apoio para eventos em Alagoinhas' data-link='https:\/\/newsinfoco.com.br\/inicio\/presidente-da-uniao-de-bandas-evangelicas-solicita-apoio-para-eventos-em-alagoinhas\/' class='whatsapp-button whatsapp-share'>WhatsApp<\/a><div class='clear '><\/div><\/div>","protected":false},"excerpt":{"rendered":"<p>Na sess\u00e3o realizada na ter\u00e7a-feira (7), representantes da Uni\u00e3o de Bandas Evang\u00e9licas de Alagoinhas (UBEA) utilizaram a tribuna popular da C\u00e2mara Municipal para apresentar demandas do segmento e solicitar maior apoio do poder p\u00fablico \u00e0s atividades culturais e religiosas desenvolvidas na cidade. Durante seu pronunciamento, Felipe Dias \u2013 presidente da UBEA e vocalista da banda [&hellip;]<\/p>\n","protected":false},"author":1,"featured_media":50210,"comment_status":"closed","ping_status":"closed","sticky":false,"template":"","format":"standard","meta":{"om_disable_all_campaigns":false,"rop_custom_images_group":[],"rop_custom_messages_group":[],"rop_publish_now":"initial","rop_publish_now_accounts":[],"rop_publish_now_history":[],"rop_publish_now_status":"pending","_exactmetrics_skip_tracking":false,"footnotes":""},"categories":[19],"tags":[],"class_list":["post-50209","post","type-post","status-publish","format-standard","has-post-thumbnail","hentry","category-bahia"],"aioseo_notices":[],"aioseo_head":"\n\t\t<!-- All in One SEO 4.9.10 - aioseo.com -->\n\t<meta name=\"description\" content=\"Na sess\u00e3o realizada na ter\u00e7a-feira (7), representantes da Uni\u00e3o de Bandas Evang\u00e9licas de Alagoinhas (UBEA) utilizaram a tribuna popular da C\u00e2mara Municipal para apresentar demandas do segmento e solicitar maior apoio do poder p\u00fablico \u00e0s atividades culturais e religiosas desenvolvidas na cidade. Durante seu pronunciamento, Felipe Dias \u2013 presidente da UBEA e vocalista da banda\" \/>\n\t<meta name=\"robots\" content=\"max-image-preview:large\" \/>\n\t<meta name=\"author\" content=\"administrador\"\/>\n\t<link rel=\"canonical\" href=\"https:\/\/newsinfoco.com.br\/inicio\/presidente-da-uniao-de-bandas-evangelicas-solicita-apoio-para-eventos-em-alagoinhas\/\" \/>\n\t<meta name=\"generator\" content=\"All in One SEO (AIOSEO) 4.9.10\" \/>\n\t\t<meta property=\"og:locale\" content=\"pt_BR\" \/>\n\t\t<meta property=\"og:site_name\" content=\"News In Foco - Editado por Caio Pimenta - O principal site de noticias de Alagoinhas e regi\u00e3o\" \/>\n\t\t<meta property=\"og:type\" content=\"article\" \/>\n\t\t<meta property=\"og:title\" content=\"Presidente da Uni\u00e3o de Bandas Evang\u00e9licas solicita apoio para eventos em Alagoinhas - News In Foco - Editado por Caio Pimenta\" \/>\n\t\t<meta property=\"og:description\" content=\"Na sess\u00e3o realizada na ter\u00e7a-feira (7), representantes da Uni\u00e3o de Bandas Evang\u00e9licas de Alagoinhas (UBEA) utilizaram a tribuna popular da C\u00e2mara Municipal para apresentar demandas do segmento e solicitar maior apoio do poder p\u00fablico \u00e0s atividades culturais e religiosas desenvolvidas na cidade. Durante seu pronunciamento, Felipe Dias \u2013 presidente da UBEA e vocalista da banda\" \/>\n\t\t<meta property=\"og:url\" content=\"https:\/\/newsinfoco.com.br\/inicio\/presidente-da-uniao-de-bandas-evangelicas-solicita-apoio-para-eventos-em-alagoinhas\/\" \/>\n\t\t<meta property=\"article:published_time\" content=\"2026-04-08T19:30:04+00:00\" \/>\n\t\t<meta property=\"article:modified_time\" content=\"2026-04-08T19:30:04+00:00\" \/>\n\t\t<meta name=\"twitter:card\" content=\"summary_large_image\" \/>\n\t\t<meta name=\"twitter:title\" content=\"Presidente da Uni\u00e3o de Bandas Evang\u00e9licas solicita apoio para eventos em Alagoinhas - News In Foco - Editado por Caio Pimenta\" \/>\n\t\t<meta name=\"twitter:description\" content=\"Na sess\u00e3o realizada na ter\u00e7a-feira (7), representantes da Uni\u00e3o de Bandas Evang\u00e9licas de Alagoinhas (UBEA) utilizaram a tribuna popular da C\u00e2mara Municipal para apresentar demandas do segmento e solicitar maior apoio do poder p\u00fablico \u00e0s atividades culturais e religiosas desenvolvidas na cidade. Durante seu pronunciamento, Felipe Dias \u2013 presidente da UBEA e vocalista da banda\" \/>\n\t\t<script type=\"application\/ld+json\" class=\"aioseo-schema\">\n\t\t\t{\"@context\":\"https:\\\/\\\/schema.org\",\"@graph\":[{\"@type\":\"BlogPosting\",\"@id\":\"https:\\\/\\\/newsinfoco.com.br\\\/inicio\\\/presidente-da-uniao-de-bandas-evangelicas-solicita-apoio-para-eventos-em-alagoinhas\\\/#blogposting\",\"name\":\"Presidente da Uni\\u00e3o de Bandas Evang\\u00e9licas solicita apoio para eventos em Alagoinhas - News In Foco - Editado por Caio Pimenta\",\"headline\":\"Presidente da Uni\\u00e3o de Bandas Evang\\u00e9licas solicita apoio para eventos em Alagoinhas\",\"author\":{\"@id\":\"https:\\\/\\\/newsinfoco.com.br\\\/inicio\\\/author\\\/administrador\\\/#author\"},\"publisher\":{\"@id\":\"https:\\\/\\\/newsinfoco.com.br\\\/inicio\\\/#organization\"},\"image\":{\"@type\":\"ImageObject\",\"url\":\"https:\\\/\\\/newsinfoco.com.br\\\/inicio\\\/wp-content\\\/uploads\\\/2026\\\/04\\\/46498d51-1535-4f2e-ab2f-b33801797116-2048x1152-1.jpg\",\"width\":2048,\"height\":1152},\"datePublished\":\"2026-04-08T16:30:04-03:00\",\"dateModified\":\"2026-04-08T16:30:04-03:00\",\"inLanguage\":\"pt-BR\",\"mainEntityOfPage\":{\"@id\":\"https:\\\/\\\/newsinfoco.com.br\\\/inicio\\\/presidente-da-uniao-de-bandas-evangelicas-solicita-apoio-para-eventos-em-alagoinhas\\\/#webpage\"},\"isPartOf\":{\"@id\":\"https:\\\/\\\/newsinfoco.com.br\\\/inicio\\\/presidente-da-uniao-de-bandas-evangelicas-solicita-apoio-para-eventos-em-alagoinhas\\\/#webpage\"},\"articleSection\":\"Bahia\"},{\"@type\":\"BreadcrumbList\",\"@id\":\"https:\\\/\\\/newsinfoco.com.br\\\/inicio\\\/presidente-da-uniao-de-bandas-evangelicas-solicita-apoio-para-eventos-em-alagoinhas\\\/#breadcrumblist\",\"itemListElement\":[{\"@type\":\"ListItem\",\"@id\":\"https:\\\/\\\/newsinfoco.com.br\\\/inicio#listItem\",\"position\":1,\"name\":\"In\\u00edcio\",\"item\":\"https:\\\/\\\/newsinfoco.com.br\\\/inicio\",\"nextItem\":{\"@type\":\"ListItem\",\"@id\":\"https:\\\/\\\/newsinfoco.com.br\\\/inicio\\\/category\\\/bahia\\\/#listItem\",\"name\":\"Bahia\"}},{\"@type\":\"ListItem\",\"@id\":\"https:\\\/\\\/newsinfoco.com.br\\\/inicio\\\/category\\\/bahia\\\/#listItem\",\"position\":2,\"name\":\"Bahia\",\"item\":\"https:\\\/\\\/newsinfoco.com.br\\\/inicio\\\/category\\\/bahia\\\/\",\"nextItem\":{\"@type\":\"ListItem\",\"@id\":\"https:\\\/\\\/newsinfoco.com.br\\\/inicio\\\/presidente-da-uniao-de-bandas-evangelicas-solicita-apoio-para-eventos-em-alagoinhas\\\/#listItem\",\"name\":\"Presidente da Uni\\u00e3o de Bandas Evang\\u00e9licas solicita apoio para eventos em Alagoinhas\"},\"previousItem\":{\"@type\":\"ListItem\",\"@id\":\"https:\\\/\\\/newsinfoco.com.br\\\/inicio#listItem\",\"name\":\"In\\u00edcio\"}},{\"@type\":\"ListItem\",\"@id\":\"https:\\\/\\\/newsinfoco.com.br\\\/inicio\\\/presidente-da-uniao-de-bandas-evangelicas-solicita-apoio-para-eventos-em-alagoinhas\\\/#listItem\",\"position\":3,\"name\":\"Presidente da Uni\\u00e3o de Bandas Evang\\u00e9licas solicita apoio para eventos em Alagoinhas\",\"previousItem\":{\"@type\":\"ListItem\",\"@id\":\"https:\\\/\\\/newsinfoco.com.br\\\/inicio\\\/category\\\/bahia\\\/#listItem\",\"name\":\"Bahia\"}}]},{\"@type\":\"Organization\",\"@id\":\"https:\\\/\\\/newsinfoco.com.br\\\/inicio\\\/#organization\",\"name\":\"News In Foco - Editado por Caio Pimenta\",\"description\":\"O principal site de noticias de Alagoinhas e regi\\u00e3o\",\"url\":\"https:\\\/\\\/newsinfoco.com.br\\\/inicio\\\/\"},{\"@type\":\"Person\",\"@id\":\"https:\\\/\\\/newsinfoco.com.br\\\/inicio\\\/author\\\/administrador\\\/#author\",\"url\":\"https:\\\/\\\/newsinfoco.com.br\\\/inicio\\\/author\\\/administrador\\\/\",\"name\":\"administrador\",\"image\":{\"@type\":\"ImageObject\",\"@id\":\"https:\\\/\\\/newsinfoco.com.br\\\/inicio\\\/presidente-da-uniao-de-bandas-evangelicas-solicita-apoio-para-eventos-em-alagoinhas\\\/#authorImage\",\"url\":\"https:\\\/\\\/secure.gravatar.com\\\/avatar\\\/c17a617433de8c1dc9584bb79aab7563b46f5bb7e1728c9b17d9cc3ce6a08e49?s=96&d=mm&r=g\",\"width\":96,\"height\":96,\"caption\":\"administrador\"}},{\"@type\":\"WebPage\",\"@id\":\"https:\\\/\\\/newsinfoco.com.br\\\/inicio\\\/presidente-da-uniao-de-bandas-evangelicas-solicita-apoio-para-eventos-em-alagoinhas\\\/#webpage\",\"url\":\"https:\\\/\\\/newsinfoco.com.br\\\/inicio\\\/presidente-da-uniao-de-bandas-evangelicas-solicita-apoio-para-eventos-em-alagoinhas\\\/\",\"name\":\"Presidente da Uni\\u00e3o de Bandas Evang\\u00e9licas solicita apoio para eventos em Alagoinhas - News In Foco - Editado por Caio Pimenta\",\"description\":\"Na sess\\u00e3o realizada na ter\\u00e7a-feira (7), representantes da Uni\\u00e3o de Bandas Evang\\u00e9licas de Alagoinhas (UBEA) utilizaram a tribuna popular da C\\u00e2mara Municipal para apresentar demandas do segmento e solicitar maior apoio do poder p\\u00fablico \\u00e0s atividades culturais e religiosas desenvolvidas na cidade. Durante seu pronunciamento, Felipe Dias \\u2013 presidente da UBEA e vocalista da banda\",\"inLanguage\":\"pt-BR\",\"isPartOf\":{\"@id\":\"https:\\\/\\\/newsinfoco.com.br\\\/inicio\\\/#website\"},\"breadcrumb\":{\"@id\":\"https:\\\/\\\/newsinfoco.com.br\\\/inicio\\\/presidente-da-uniao-de-bandas-evangelicas-solicita-apoio-para-eventos-em-alagoinhas\\\/#breadcrumblist\"},\"author\":{\"@id\":\"https:\\\/\\\/newsinfoco.com.br\\\/inicio\\\/author\\\/administrador\\\/#author\"},\"creator\":{\"@id\":\"https:\\\/\\\/newsinfoco.com.br\\\/inicio\\\/author\\\/administrador\\\/#author\"},\"image\":{\"@type\":\"ImageObject\",\"url\":\"https:\\\/\\\/newsinfoco.com.br\\\/inicio\\\/wp-content\\\/uploads\\\/2026\\\/04\\\/46498d51-1535-4f2e-ab2f-b33801797116-2048x1152-1.jpg\",\"@id\":\"https:\\\/\\\/newsinfoco.com.br\\\/inicio\\\/presidente-da-uniao-de-bandas-evangelicas-solicita-apoio-para-eventos-em-alagoinhas\\\/#mainImage\",\"width\":2048,\"height\":1152},\"primaryImageOfPage\":{\"@id\":\"https:\\\/\\\/newsinfoco.com.br\\\/inicio\\\/presidente-da-uniao-de-bandas-evangelicas-solicita-apoio-para-eventos-em-alagoinhas\\\/#mainImage\"},\"datePublished\":\"2026-04-08T16:30:04-03:00\",\"dateModified\":\"2026-04-08T16:30:04-03:00\"},{\"@type\":\"WebSite\",\"@id\":\"https:\\\/\\\/newsinfoco.com.br\\\/inicio\\\/#website\",\"url\":\"https:\\\/\\\/newsinfoco.com.br\\\/inicio\\\/\",\"name\":\"News In Foco - Editado por Caio Pimenta\",\"description\":\"O principal site de noticias de Alagoinhas e regi\\u00e3o\",\"inLanguage\":\"pt-BR\",\"publisher\":{\"@id\":\"https:\\\/\\\/newsinfoco.com.br\\\/inicio\\\/#organization\"}}]}\n\t\t<\/script>\n\t\t<!-- All in One SEO -->\n\n","aioseo_head_json":{"title":"Presidente da Uni\u00e3o de Bandas Evang\u00e9licas solicita apoio para eventos em Alagoinhas - News In Foco - Editado por Caio Pimenta","description":"Na sess\u00e3o realizada na ter\u00e7a-feira (7), representantes da Uni\u00e3o de Bandas Evang\u00e9licas de Alagoinhas (UBEA) utilizaram a tribuna popular da C\u00e2mara Municipal para apresentar demandas do segmento e solicitar maior apoio do poder p\u00fablico \u00e0s atividades culturais e religiosas desenvolvidas na cidade. Durante seu pronunciamento, Felipe Dias \u2013 presidente da UBEA e vocalista da banda","canonical_url":"https:\/\/newsinfoco.com.br\/inicio\/presidente-da-uniao-de-bandas-evangelicas-solicita-apoio-para-eventos-em-alagoinhas\/","robots":"max-image-preview:large","keywords":"","webmasterTools":{"miscellaneous":""},"schema":{"@context":"https:\/\/schema.org","@graph":[{"@type":"BlogPosting","@id":"https:\/\/newsinfoco.com.br\/inicio\/presidente-da-uniao-de-bandas-evangelicas-solicita-apoio-para-eventos-em-alagoinhas\/#blogposting","name":"Presidente da Uni\u00e3o de Bandas Evang\u00e9licas solicita apoio para eventos em Alagoinhas - News In Foco - Editado por Caio Pimenta","headline":"Presidente da Uni\u00e3o de Bandas Evang\u00e9licas solicita apoio para eventos em Alagoinhas","author":{"@id":"https:\/\/newsinfoco.com.br\/inicio\/author\/administrador\/#author"},"publisher":{"@id":"https:\/\/newsinfoco.com.br\/inicio\/#organization"},"image":{"@type":"ImageObject","url":"https:\/\/newsinfoco.com.br\/inicio\/wp-content\/uploads\/2026\/04\/46498d51-1535-4f2e-ab2f-b33801797116-2048x1152-1.jpg","width":2048,"height":1152},"datePublished":"2026-04-08T16:30:04-03:00","dateModified":"2026-04-08T16:30:04-03:00","inLanguage":"pt-BR","mainEntityOfPage":{"@id":"https:\/\/newsinfoco.com.br\/inicio\/presidente-da-uniao-de-bandas-evangelicas-solicita-apoio-para-eventos-em-alagoinhas\/#webpage"},"isPartOf":{"@id":"https:\/\/newsinfoco.com.br\/inicio\/presidente-da-uniao-de-bandas-evangelicas-solicita-apoio-para-eventos-em-alagoinhas\/#webpage"},"articleSection":"Bahia"},{"@type":"BreadcrumbList","@id":"https:\/\/newsinfoco.com.br\/inicio\/presidente-da-uniao-de-bandas-evangelicas-solicita-apoio-para-eventos-em-alagoinhas\/#breadcrumblist","itemListElement":[{"@type":"ListItem","@id":"https:\/\/newsinfoco.com.br\/inicio#listItem","position":1,"name":"In\u00edcio","item":"https:\/\/newsinfoco.com.br\/inicio","nextItem":{"@type":"ListItem","@id":"https:\/\/newsinfoco.com.br\/inicio\/category\/bahia\/#listItem","name":"Bahia"}},{"@type":"ListItem","@id":"https:\/\/newsinfoco.com.br\/inicio\/category\/bahia\/#listItem","position":2,"name":"Bahia","item":"https:\/\/newsinfoco.com.br\/inicio\/category\/bahia\/","nextItem":{"@type":"ListItem","@id":"https:\/\/newsinfoco.com.br\/inicio\/presidente-da-uniao-de-bandas-evangelicas-solicita-apoio-para-eventos-em-alagoinhas\/#listItem","name":"Presidente da Uni\u00e3o de Bandas Evang\u00e9licas solicita apoio para eventos em Alagoinhas"},"previousItem":{"@type":"ListItem","@id":"https:\/\/newsinfoco.com.br\/inicio#listItem","name":"In\u00edcio"}},{"@type":"ListItem","@id":"https:\/\/newsinfoco.com.br\/inicio\/presidente-da-uniao-de-bandas-evangelicas-solicita-apoio-para-eventos-em-alagoinhas\/#listItem","position":3,"name":"Presidente da Uni\u00e3o de Bandas Evang\u00e9licas solicita apoio para eventos em Alagoinhas","previousItem":{"@type":"ListItem","@id":"https:\/\/newsinfoco.com.br\/inicio\/category\/bahia\/#listItem","name":"Bahia"}}]},{"@type":"Organization","@id":"https:\/\/newsinfoco.com.br\/inicio\/#organization","name":"News In Foco - Editado por Caio Pimenta","description":"O principal site de noticias de Alagoinhas e regi\u00e3o","url":"https:\/\/newsinfoco.com.br\/inicio\/"},{"@type":"Person","@id":"https:\/\/newsinfoco.com.br\/inicio\/author\/administrador\/#author","url":"https:\/\/newsinfoco.com.br\/inicio\/author\/administrador\/","name":"administrador","image":{"@type":"ImageObject","@id":"https:\/\/newsinfoco.com.br\/inicio\/presidente-da-uniao-de-bandas-evangelicas-solicita-apoio-para-eventos-em-alagoinhas\/#authorImage","url":"https:\/\/secure.gravatar.com\/avatar\/c17a617433de8c1dc9584bb79aab7563b46f5bb7e1728c9b17d9cc3ce6a08e49?s=96&d=mm&r=g","width":96,"height":96,"caption":"administrador"}},{"@type":"WebPage","@id":"https:\/\/newsinfoco.com.br\/inicio\/presidente-da-uniao-de-bandas-evangelicas-solicita-apoio-para-eventos-em-alagoinhas\/#webpage","url":"https:\/\/newsinfoco.com.br\/inicio\/presidente-da-uniao-de-bandas-evangelicas-solicita-apoio-para-eventos-em-alagoinhas\/","name":"Presidente da Uni\u00e3o de Bandas Evang\u00e9licas solicita apoio para eventos em Alagoinhas - News In Foco - Editado por Caio Pimenta","description":"Na sess\u00e3o realizada na ter\u00e7a-feira (7), representantes da Uni\u00e3o de Bandas Evang\u00e9licas de Alagoinhas (UBEA) utilizaram a tribuna popular da C\u00e2mara Municipal para apresentar demandas do segmento e solicitar maior apoio do poder p\u00fablico \u00e0s atividades culturais e religiosas desenvolvidas na cidade. Durante seu pronunciamento, Felipe Dias \u2013 presidente da UBEA e vocalista da banda","inLanguage":"pt-BR","isPartOf":{"@id":"https:\/\/newsinfoco.com.br\/inicio\/#website"},"breadcrumb":{"@id":"https:\/\/newsinfoco.com.br\/inicio\/presidente-da-uniao-de-bandas-evangelicas-solicita-apoio-para-eventos-em-alagoinhas\/#breadcrumblist"},"author":{"@id":"https:\/\/newsinfoco.com.br\/inicio\/author\/administrador\/#author"},"creator":{"@id":"https:\/\/newsinfoco.com.br\/inicio\/author\/administrador\/#author"},"image":{"@type":"ImageObject","url":"https:\/\/newsinfoco.com.br\/inicio\/wp-content\/uploads\/2026\/04\/46498d51-1535-4f2e-ab2f-b33801797116-2048x1152-1.jpg","@id":"https:\/\/newsinfoco.com.br\/inicio\/presidente-da-uniao-de-bandas-evangelicas-solicita-apoio-para-eventos-em-alagoinhas\/#mainImage","width":2048,"height":1152},"primaryImageOfPage":{"@id":"https:\/\/newsinfoco.com.br\/inicio\/presidente-da-uniao-de-bandas-evangelicas-solicita-apoio-para-eventos-em-alagoinhas\/#mainImage"},"datePublished":"2026-04-08T16:30:04-03:00","dateModified":"2026-04-08T16:30:04-03:00"},{"@type":"WebSite","@id":"https:\/\/newsinfoco.com.br\/inicio\/#website","url":"https:\/\/newsinfoco.com.br\/inicio\/","name":"News In Foco - Editado por Caio Pimenta","description":"O principal site de noticias de Alagoinhas e regi\u00e3o","inLanguage":"pt-BR","publisher":{"@id":"https:\/\/newsinfoco.com.br\/inicio\/#organization"}}]},"og:locale":"pt_BR","og:site_name":"News In Foco - Editado por Caio Pimenta - O principal site de noticias de Alagoinhas e regi\u00e3o","og:type":"article","og:title":"Presidente da Uni\u00e3o de Bandas Evang\u00e9licas solicita apoio para eventos em Alagoinhas - News In Foco - Editado por Caio Pimenta","og:description":"Na sess\u00e3o realizada na ter\u00e7a-feira (7), representantes da Uni\u00e3o de Bandas Evang\u00e9licas de Alagoinhas (UBEA) utilizaram a tribuna popular da C\u00e2mara Municipal para apresentar demandas do segmento e solicitar maior apoio do poder p\u00fablico \u00e0s atividades culturais e religiosas desenvolvidas na cidade. Durante seu pronunciamento, Felipe Dias \u2013 presidente da UBEA e vocalista da banda","og:url":"https:\/\/newsinfoco.com.br\/inicio\/presidente-da-uniao-de-bandas-evangelicas-solicita-apoio-para-eventos-em-alagoinhas\/","article:published_time":"2026-04-08T19:30:04+00:00","article:modified_time":"2026-04-08T19:30:04+00:00","twitter:card":"summary_large_image","twitter:title":"Presidente da Uni\u00e3o de Bandas Evang\u00e9licas solicita apoio para eventos em Alagoinhas - News In Foco - Editado por Caio Pimenta","twitter:description":"Na sess\u00e3o realizada na ter\u00e7a-feira (7), representantes da Uni\u00e3o de Bandas Evang\u00e9licas de Alagoinhas (UBEA) utilizaram a tribuna popular da C\u00e2mara Municipal para apresentar demandas do segmento e solicitar maior apoio do poder p\u00fablico \u00e0s atividades culturais e religiosas desenvolvidas na cidade. Durante seu pronunciamento, Felipe Dias \u2013 presidente da UBEA e vocalista da banda"},"aioseo_meta_data":{"post_id":"50209","title":null,"description":null,"keywords":null,"keyphrases":{"focus":{"keyphrase":"","score":0,"analysis":{"keyphraseInTitle":{"score":0,"maxScore":9,"error":1}}},"additional":[]},"primary_term":null,"canonical_url":null,"og_title":null,"og_description":null,"og_object_type":"default","og_image_type":"default","og_image_url":null,"og_image_width":null,"og_image_height":null,"og_image_custom_url":null,"og_image_custom_fields":null,"og_video":"","og_custom_url":null,"og_article_section":null,"og_article_tags":null,"twitter_use_og":false,"twitter_card":"default","twitter_image_type":"default","twitter_image_url":null,"twitter_image_custom_url":null,"twitter_image_custom_fields":null,"twitter_title":null,"twitter_description":null,"schema":{"blockGraphs":[],"customGraphs":[],"default":{"data":{"Article":[],"Course":[],"Dataset":[],"FAQPage":[],"Movie":[],"Person":[],"Product":[],"ProductReview":[],"Car":[],"Recipe":[],"Service":[],"SoftwareApplication":[],"WebPage":[]},"graphName":"BlogPosting","isEnabled":true},"graphs":[]},"schema_type":"default","schema_type_options":null,"pillar_content":false,"robots_default":true,"robots_noindex":false,"robots_noarchive":false,"robots_nosnippet":false,"robots_nofollow":false,"robots_noimageindex":false,"robots_noodp":false,"robots_notranslate":false,"robots_max_snippet":"-1","robots_max_videopreview":"-1","robots_max_imagepreview":"large","priority":null,"frequency":"default","local_seo":null,"breadcrumb_settings":null,"limit_modified_date":false,"ai":{"faqs":[],"keyPoints":[],"titles":[],"descriptions":[],"socialPosts":{"email":[],"linkedin":[],"twitter":[],"facebook":[],"instagram":[]}},"created":"2026-04-08 19:30:04","updated":"2026-04-08 19:42:24","seo_analyzer_scan_date":null},"aioseo_breadcrumb":"<div class=\"aioseo-breadcrumbs\"><span class=\"aioseo-breadcrumb\">\n\t\t\t<a href=\"https:\/\/newsinfoco.com.br\/inicio\" title=\"In\u00edcio\">In\u00edcio<\/a>\n\t\t<\/span><span class=\"aioseo-breadcrumb-separator\">&raquo;<\/span><span class=\"aioseo-breadcrumb\">\n\t\t\t<a href=\"https:\/\/newsinfoco.com.br\/inicio\/category\/bahia\/\" title=\"Bahia\">Bahia<\/a>\n\t\t<\/span><span class=\"aioseo-breadcrumb-separator\">&raquo;<\/span><span class=\"aioseo-breadcrumb\">\n\t\t\tPresidente da Uni\u00e3o de Bandas Evang\u00e9licas solicita apoio para eventos em Alagoinhas\n\t\t<\/span><\/div>","aioseo_breadcrumb_json":[{"label":"In\u00edcio","link":"https:\/\/newsinfoco.com.br\/inicio"},{"label":"Bahia","link":"https:\/\/newsinfoco.com.br\/inicio\/category\/bahia\/"},{"label":"Presidente da Uni\u00e3o de Bandas Evang\u00e9licas solicita apoio para eventos em Alagoinhas","link":"https:\/\/newsinfoco.com.br\/inicio\/presidente-da-uniao-de-bandas-evangelicas-solicita-apoio-para-eventos-em-alagoinhas\/"}],"_links":{"self":[{"href":"https:\/\/newsinfoco.com.br\/inicio\/wp-json\/wp\/v2\/posts\/50209","targetHints":{"allow":["GET"]}}],"collection":[{"href":"https:\/\/newsinfoco.com.br\/inicio\/wp-json\/wp\/v2\/posts"}],"about":[{"href":"https:\/\/newsinfoco.com.br\/inicio\/wp-json\/wp\/v2\/types\/post"}],"author":[{"embeddable":true,"href":"https:\/\/newsinfoco.com.br\/inicio\/wp-json\/wp\/v2\/users\/1"}],"replies":[{"embeddable":true,"href":"https:\/\/newsinfoco.com.br\/inicio\/wp-json\/wp\/v2\/comments?post=50209"}],"version-history":[{"count":1,"href":"https:\/\/newsinfoco.com.br\/inicio\/wp-json\/wp\/v2\/posts\/50209\/revisions"}],"predecessor-version":[{"id":50211,"href":"https:\/\/newsinfoco.com.br\/inicio\/wp-json\/wp\/v2\/posts\/50209\/revisions\/50211"}],"wp:featuredmedia":[{"embeddable":true,"href":"https:\/\/newsinfoco.com.br\/inicio\/wp-json\/wp\/v2\/media\/50210"}],"wp:attachment":[{"href":"https:\/\/newsinfoco.com.br\/inicio\/wp-json\/wp\/v2\/media?parent=50209"}],"wp:term":[{"taxonomy":"category","embeddable":true,"href":"https:\/\/newsinfoco.com.br\/inicio\/wp-json\/wp\/v2\/categories?post=50209"},{"taxonomy":"post_tag","embeddable":true,"href":"https:\/\/newsinfoco.com.br\/inicio\/wp-json\/wp\/v2\/tags?post=50209"}],"curies":[{"name":"wp","href":"https:\/\/api.w.org\/{rel}","templated":true}]}}