{"id":50218,"date":"2026-04-09T15:33:26","date_gmt":"2026-04-09T18:33:26","guid":{"rendered":"https:\/\/newsinfoco.com.br\/inicio\/?p=50218"},"modified":"2026-04-09T15:33:26","modified_gmt":"2026-04-09T18:33:26","slug":"mobilidade-urbana-participacao-popular-e-valorizacao-dos-mototaxistas-em-alagoinhas","status":"publish","type":"post","link":"https:\/\/newsinfoco.com.br\/inicio\/mobilidade-urbana-participacao-popular-e-valorizacao-dos-mototaxistas-em-alagoinhas\/","title":{"rendered":"Mobilidade urbana: participa\u00e7\u00e3o popular e valoriza\u00e7\u00e3o dos mototaxistas em Alagoinhas"},"content":{"rendered":"<p>A Prefeitura de Alagoinhas deu in\u00edcio a mais uma etapa do Plano Municipal de Mobilidade Urbana (Plamob) com um evento na ter\u00e7a-feira, 7, no audit\u00f3rio do Col\u00e9gio Lu\u00eds Eduardo Magalh\u00e3es. O encontro foi marcado pela participa\u00e7\u00e3o popular no processo de planejamento da cidade, refor\u00e7ando o papel dos mototaxistas no sistema de transporte local. Alinhado \u00e0 Lei Federal n\u00ba 12.587\/2012, o plano busca orientar pol\u00edticas p\u00fablicas de tr\u00e2nsito, transporte e acessibilidade, considerando a realidade vivida pela popula\u00e7\u00e3o e dos diversos profissionais que atuam na mobilidade urbana.<\/p>\n<p>Ap\u00f3s uma fase inicial de estudos t\u00e9cnicos conduzidos por especialistas, o munic\u00edpio avan\u00e7a agora para o di\u00e1logo direto com a sociedade. Nesse contexto, os mototaxistas ganham destaque como um dos segmentos priorit\u00e1rios nas discuss\u00f5es, contribuindo com suas experi\u00eancias di\u00e1rias no transporte de passageiros.<\/p>\n<p>A metodologia adotada pela Prefeitura garante espa\u00e7o para escuta ativa da categoria, por meio de reuni\u00f5es e oficinas tem\u00e1ticas. Os mototaxistas poder\u00e3o apresentar demandas, sugest\u00f5es e desafios enfrentados no dia a dia, colaborando para a constru\u00e7\u00e3o de solu\u00e7\u00f5es mais eficientes e inclusivas. Essa participa\u00e7\u00e3o \u00e9 fundamental para melhorar as condi\u00e7\u00f5es de trabalho da categoria, aumentar a seguran\u00e7a de condutores e passageiros, integrar o mototaxi ao planejamento urbano e fortalecer a mobilidade ativa e acess\u00edvel.<\/p>\n<p>Carlos Andr\u00e9, mototaxista conhecido como Rei da Paz, relatou sua experi\u00eancia de mais de duas d\u00e9cadas na atividade. \u201cComecei em 2002. S\u00e3o 24 anos em que eu saio, volto, acompanho o pessoal do mototaxi o tempo todo\u201d. Segundo ele, o acompanhamento di\u00e1rio das rotas, dos trajetos e das melhorias \u00e9 essencial para reduzir acidentes e consolidar a mobilidade do motot\u00e1xi como op\u00e7\u00e3o segura e confi\u00e1vel.<\/p>\n<p>A integra\u00e7\u00e3o entre planejamento urbano e regulamenta\u00e7\u00e3o do mototaxi representa um avan\u00e7o importante para Alagoinhas. De acordo com o secret\u00e1rio de Mobilidade e Ordem P\u00fablica, Hilton Ribeiro, \u201ca iniciativa reconhece o papel estrat\u00e9gico dos mototaxistas na mobilidade da cidade, especialmente no transporte \u00e1gil e acess\u00edvel e a implementa\u00e7\u00e3o de regras mais estruturadas\u201d. Segundo ele, \u201ca expectativa \u00e9 de um sistema de mobilidade mais seguro, eficiente e equilibrado, beneficiando tanto os profissionais quanto os usu\u00e1rios\u201d.<\/p>\n<div class='share-to-whatsapp-wrapper'><div class='share-on-whsp'>Share on: <\/div><a data-text='Mobilidade urbana: participa\u00e7\u00e3o popular e valoriza\u00e7\u00e3o dos mototaxistas em Alagoinhas' data-link='https:\/\/newsinfoco.com.br\/inicio\/mobilidade-urbana-participacao-popular-e-valorizacao-dos-mototaxistas-em-alagoinhas\/' class='whatsapp-button whatsapp-share'>WhatsApp<\/a><div class='clear '><\/div><\/div>","protected":false},"excerpt":{"rendered":"<p>A Prefeitura de Alagoinhas deu in\u00edcio a mais uma etapa do Plano Municipal de Mobilidade Urbana (Plamob) com um evento na ter\u00e7a-feira, 7, no audit\u00f3rio do Col\u00e9gio Lu\u00eds Eduardo Magalh\u00e3es. O encontro foi marcado pela participa\u00e7\u00e3o popular no processo de planejamento da cidade, refor\u00e7ando o papel dos mototaxistas no sistema de transporte local. Alinhado \u00e0 [&hellip;]<\/p>\n","protected":false},"author":1,"featured_media":50219,"comment_status":"closed","ping_status":"closed","sticky":false,"template":"","format":"standard","meta":{"om_disable_all_campaigns":false,"rop_custom_images_group":[],"rop_custom_messages_group":[],"rop_publish_now":"initial","rop_publish_now_accounts":[],"rop_publish_now_history":[],"rop_publish_now_status":"pending","_exactmetrics_skip_tracking":false,"footnotes":""},"categories":[38,167],"tags":[],"class_list":["post-50218","post","type-post","status-publish","format-standard","has-post-thumbnail","hentry","category-alagoinhas-e-regiao","category-exclusivas"],"aioseo_notices":[],"aioseo_head":"\n\t\t<!-- All in One SEO 4.9.10 - aioseo.com -->\n\t<meta name=\"description\" content=\"A Prefeitura de Alagoinhas deu in\u00edcio a mais uma etapa do Plano Municipal de Mobilidade Urbana (Plamob) com um evento na ter\u00e7a-feira, 7, no audit\u00f3rio do Col\u00e9gio Lu\u00eds Eduardo Magalh\u00e3es. O encontro foi marcado pela participa\u00e7\u00e3o popular no processo de planejamento da cidade, refor\u00e7ando o papel dos mototaxistas no sistema de transporte local. Alinhado \u00e0\" \/>\n\t<meta name=\"robots\" content=\"max-image-preview:large\" \/>\n\t<meta name=\"author\" content=\"administrador\"\/>\n\t<link rel=\"canonical\" href=\"https:\/\/newsinfoco.com.br\/inicio\/mobilidade-urbana-participacao-popular-e-valorizacao-dos-mototaxistas-em-alagoinhas\/\" \/>\n\t<meta name=\"generator\" content=\"All in One SEO (AIOSEO) 4.9.10\" \/>\n\t\t<meta property=\"og:locale\" content=\"pt_BR\" \/>\n\t\t<meta property=\"og:site_name\" content=\"News In Foco - Editado por Caio Pimenta - O principal site de noticias de Alagoinhas e regi\u00e3o\" \/>\n\t\t<meta property=\"og:type\" content=\"article\" \/>\n\t\t<meta property=\"og:title\" content=\"Mobilidade urbana: participa\u00e7\u00e3o popular e valoriza\u00e7\u00e3o dos mototaxistas em Alagoinhas - News In Foco - Editado por Caio Pimenta\" \/>\n\t\t<meta property=\"og:description\" content=\"A Prefeitura de Alagoinhas deu in\u00edcio a mais uma etapa do Plano Municipal de Mobilidade Urbana (Plamob) com um evento na ter\u00e7a-feira, 7, no audit\u00f3rio do Col\u00e9gio Lu\u00eds Eduardo Magalh\u00e3es. O encontro foi marcado pela participa\u00e7\u00e3o popular no processo de planejamento da cidade, refor\u00e7ando o papel dos mototaxistas no sistema de transporte local. Alinhado \u00e0\" \/>\n\t\t<meta property=\"og:url\" content=\"https:\/\/newsinfoco.com.br\/inicio\/mobilidade-urbana-participacao-popular-e-valorizacao-dos-mototaxistas-em-alagoinhas\/\" \/>\n\t\t<meta property=\"article:published_time\" content=\"2026-04-09T18:33:26+00:00\" \/>\n\t\t<meta property=\"article:modified_time\" content=\"2026-04-09T18:33:26+00:00\" \/>\n\t\t<meta name=\"twitter:card\" content=\"summary_large_image\" \/>\n\t\t<meta name=\"twitter:title\" content=\"Mobilidade urbana: participa\u00e7\u00e3o popular e valoriza\u00e7\u00e3o dos mototaxistas em Alagoinhas - News In Foco - Editado por Caio Pimenta\" \/>\n\t\t<meta name=\"twitter:description\" content=\"A Prefeitura de Alagoinhas deu in\u00edcio a mais uma etapa do Plano Municipal de Mobilidade Urbana (Plamob) com um evento na ter\u00e7a-feira, 7, no audit\u00f3rio do Col\u00e9gio Lu\u00eds Eduardo Magalh\u00e3es. O encontro foi marcado pela participa\u00e7\u00e3o popular no processo de planejamento da cidade, refor\u00e7ando o papel dos mototaxistas no sistema de transporte local. Alinhado \u00e0\" \/>\n\t\t<script type=\"application\/ld+json\" class=\"aioseo-schema\">\n\t\t\t{\"@context\":\"https:\\\/\\\/schema.org\",\"@graph\":[{\"@type\":\"BlogPosting\",\"@id\":\"https:\\\/\\\/newsinfoco.com.br\\\/inicio\\\/mobilidade-urbana-participacao-popular-e-valorizacao-dos-mototaxistas-em-alagoinhas\\\/#blogposting\",\"name\":\"Mobilidade urbana: participa\\u00e7\\u00e3o popular e valoriza\\u00e7\\u00e3o dos mototaxistas em Alagoinhas - News In Foco - Editado por Caio Pimenta\",\"headline\":\"Mobilidade urbana: participa\\u00e7\\u00e3o popular e valoriza\\u00e7\\u00e3o dos mototaxistas em Alagoinhas\",\"author\":{\"@id\":\"https:\\\/\\\/newsinfoco.com.br\\\/inicio\\\/author\\\/administrador\\\/#author\"},\"publisher\":{\"@id\":\"https:\\\/\\\/newsinfoco.com.br\\\/inicio\\\/#organization\"},\"image\":{\"@type\":\"ImageObject\",\"url\":\"https:\\\/\\\/newsinfoco.com.br\\\/inicio\\\/wp-content\\\/uploads\\\/2026\\\/04\\\/WhatsApp-Image-2026-04-09-at-14.41.36.jpeg\",\"width\":1600,\"height\":900},\"datePublished\":\"2026-04-09T15:33:26-03:00\",\"dateModified\":\"2026-04-09T15:33:26-03:00\",\"inLanguage\":\"pt-BR\",\"mainEntityOfPage\":{\"@id\":\"https:\\\/\\\/newsinfoco.com.br\\\/inicio\\\/mobilidade-urbana-participacao-popular-e-valorizacao-dos-mototaxistas-em-alagoinhas\\\/#webpage\"},\"isPartOf\":{\"@id\":\"https:\\\/\\\/newsinfoco.com.br\\\/inicio\\\/mobilidade-urbana-participacao-popular-e-valorizacao-dos-mototaxistas-em-alagoinhas\\\/#webpage\"},\"articleSection\":\"Alagoinhas e Regi\\u00e3o, Manchete\"},{\"@type\":\"BreadcrumbList\",\"@id\":\"https:\\\/\\\/newsinfoco.com.br\\\/inicio\\\/mobilidade-urbana-participacao-popular-e-valorizacao-dos-mototaxistas-em-alagoinhas\\\/#breadcrumblist\",\"itemListElement\":[{\"@type\":\"ListItem\",\"@id\":\"https:\\\/\\\/newsinfoco.com.br\\\/inicio#listItem\",\"position\":1,\"name\":\"In\\u00edcio\",\"item\":\"https:\\\/\\\/newsinfoco.com.br\\\/inicio\",\"nextItem\":{\"@type\":\"ListItem\",\"@id\":\"https:\\\/\\\/newsinfoco.com.br\\\/inicio\\\/category\\\/alagoinhas-e-regiao\\\/#listItem\",\"name\":\"Alagoinhas e Regi\\u00e3o\"}},{\"@type\":\"ListItem\",\"@id\":\"https:\\\/\\\/newsinfoco.com.br\\\/inicio\\\/category\\\/alagoinhas-e-regiao\\\/#listItem\",\"position\":2,\"name\":\"Alagoinhas e Regi\\u00e3o\",\"item\":\"https:\\\/\\\/newsinfoco.com.br\\\/inicio\\\/category\\\/alagoinhas-e-regiao\\\/\",\"nextItem\":{\"@type\":\"ListItem\",\"@id\":\"https:\\\/\\\/newsinfoco.com.br\\\/inicio\\\/mobilidade-urbana-participacao-popular-e-valorizacao-dos-mototaxistas-em-alagoinhas\\\/#listItem\",\"name\":\"Mobilidade urbana: participa\\u00e7\\u00e3o popular e valoriza\\u00e7\\u00e3o dos mototaxistas em Alagoinhas\"},\"previousItem\":{\"@type\":\"ListItem\",\"@id\":\"https:\\\/\\\/newsinfoco.com.br\\\/inicio#listItem\",\"name\":\"In\\u00edcio\"}},{\"@type\":\"ListItem\",\"@id\":\"https:\\\/\\\/newsinfoco.com.br\\\/inicio\\\/mobilidade-urbana-participacao-popular-e-valorizacao-dos-mototaxistas-em-alagoinhas\\\/#listItem\",\"position\":3,\"name\":\"Mobilidade urbana: participa\\u00e7\\u00e3o popular e valoriza\\u00e7\\u00e3o dos mototaxistas em Alagoinhas\",\"previousItem\":{\"@type\":\"ListItem\",\"@id\":\"https:\\\/\\\/newsinfoco.com.br\\\/inicio\\\/category\\\/alagoinhas-e-regiao\\\/#listItem\",\"name\":\"Alagoinhas e Regi\\u00e3o\"}}]},{\"@type\":\"Organization\",\"@id\":\"https:\\\/\\\/newsinfoco.com.br\\\/inicio\\\/#organization\",\"name\":\"News In Foco - Editado por Caio Pimenta\",\"description\":\"O principal site de noticias de Alagoinhas e regi\\u00e3o\",\"url\":\"https:\\\/\\\/newsinfoco.com.br\\\/inicio\\\/\"},{\"@type\":\"Person\",\"@id\":\"https:\\\/\\\/newsinfoco.com.br\\\/inicio\\\/author\\\/administrador\\\/#author\",\"url\":\"https:\\\/\\\/newsinfoco.com.br\\\/inicio\\\/author\\\/administrador\\\/\",\"name\":\"administrador\",\"image\":{\"@type\":\"ImageObject\",\"@id\":\"https:\\\/\\\/newsinfoco.com.br\\\/inicio\\\/mobilidade-urbana-participacao-popular-e-valorizacao-dos-mototaxistas-em-alagoinhas\\\/#authorImage\",\"url\":\"https:\\\/\\\/secure.gravatar.com\\\/avatar\\\/c17a617433de8c1dc9584bb79aab7563b46f5bb7e1728c9b17d9cc3ce6a08e49?s=96&d=mm&r=g\",\"width\":96,\"height\":96,\"caption\":\"administrador\"}},{\"@type\":\"WebPage\",\"@id\":\"https:\\\/\\\/newsinfoco.com.br\\\/inicio\\\/mobilidade-urbana-participacao-popular-e-valorizacao-dos-mototaxistas-em-alagoinhas\\\/#webpage\",\"url\":\"https:\\\/\\\/newsinfoco.com.br\\\/inicio\\\/mobilidade-urbana-participacao-popular-e-valorizacao-dos-mototaxistas-em-alagoinhas\\\/\",\"name\":\"Mobilidade urbana: participa\\u00e7\\u00e3o popular e valoriza\\u00e7\\u00e3o dos mototaxistas em Alagoinhas - News In Foco - Editado por Caio Pimenta\",\"description\":\"A Prefeitura de Alagoinhas deu in\\u00edcio a mais uma etapa do Plano Municipal de Mobilidade Urbana (Plamob) com um evento na ter\\u00e7a-feira, 7, no audit\\u00f3rio do Col\\u00e9gio Lu\\u00eds Eduardo Magalh\\u00e3es. O encontro foi marcado pela participa\\u00e7\\u00e3o popular no processo de planejamento da cidade, refor\\u00e7ando o papel dos mototaxistas no sistema de transporte local. Alinhado \\u00e0\",\"inLanguage\":\"pt-BR\",\"isPartOf\":{\"@id\":\"https:\\\/\\\/newsinfoco.com.br\\\/inicio\\\/#website\"},\"breadcrumb\":{\"@id\":\"https:\\\/\\\/newsinfoco.com.br\\\/inicio\\\/mobilidade-urbana-participacao-popular-e-valorizacao-dos-mototaxistas-em-alagoinhas\\\/#breadcrumblist\"},\"author\":{\"@id\":\"https:\\\/\\\/newsinfoco.com.br\\\/inicio\\\/author\\\/administrador\\\/#author\"},\"creator\":{\"@id\":\"https:\\\/\\\/newsinfoco.com.br\\\/inicio\\\/author\\\/administrador\\\/#author\"},\"image\":{\"@type\":\"ImageObject\",\"url\":\"https:\\\/\\\/newsinfoco.com.br\\\/inicio\\\/wp-content\\\/uploads\\\/2026\\\/04\\\/WhatsApp-Image-2026-04-09-at-14.41.36.jpeg\",\"@id\":\"https:\\\/\\\/newsinfoco.com.br\\\/inicio\\\/mobilidade-urbana-participacao-popular-e-valorizacao-dos-mototaxistas-em-alagoinhas\\\/#mainImage\",\"width\":1600,\"height\":900},\"primaryImageOfPage\":{\"@id\":\"https:\\\/\\\/newsinfoco.com.br\\\/inicio\\\/mobilidade-urbana-participacao-popular-e-valorizacao-dos-mototaxistas-em-alagoinhas\\\/#mainImage\"},\"datePublished\":\"2026-04-09T15:33:26-03:00\",\"dateModified\":\"2026-04-09T15:33:26-03:00\"},{\"@type\":\"WebSite\",\"@id\":\"https:\\\/\\\/newsinfoco.com.br\\\/inicio\\\/#website\",\"url\":\"https:\\\/\\\/newsinfoco.com.br\\\/inicio\\\/\",\"name\":\"News In Foco - Editado por Caio Pimenta\",\"description\":\"O principal site de noticias de Alagoinhas e regi\\u00e3o\",\"inLanguage\":\"pt-BR\",\"publisher\":{\"@id\":\"https:\\\/\\\/newsinfoco.com.br\\\/inicio\\\/#organization\"}}]}\n\t\t<\/script>\n\t\t<!-- All in One SEO -->\n\n","aioseo_head_json":{"title":"Mobilidade urbana: participa\u00e7\u00e3o popular e valoriza\u00e7\u00e3o dos mototaxistas em Alagoinhas - News In Foco - Editado por Caio Pimenta","description":"A Prefeitura de Alagoinhas deu in\u00edcio a mais uma etapa do Plano Municipal de Mobilidade Urbana (Plamob) com um evento na ter\u00e7a-feira, 7, no audit\u00f3rio do Col\u00e9gio Lu\u00eds Eduardo Magalh\u00e3es. O encontro foi marcado pela participa\u00e7\u00e3o popular no processo de planejamento da cidade, refor\u00e7ando o papel dos mototaxistas no sistema de transporte local. Alinhado \u00e0","canonical_url":"https:\/\/newsinfoco.com.br\/inicio\/mobilidade-urbana-participacao-popular-e-valorizacao-dos-mototaxistas-em-alagoinhas\/","robots":"max-image-preview:large","keywords":"","webmasterTools":{"miscellaneous":""},"schema":{"@context":"https:\/\/schema.org","@graph":[{"@type":"BlogPosting","@id":"https:\/\/newsinfoco.com.br\/inicio\/mobilidade-urbana-participacao-popular-e-valorizacao-dos-mototaxistas-em-alagoinhas\/#blogposting","name":"Mobilidade urbana: participa\u00e7\u00e3o popular e valoriza\u00e7\u00e3o dos mototaxistas em Alagoinhas - News In Foco - Editado por Caio Pimenta","headline":"Mobilidade urbana: participa\u00e7\u00e3o popular e valoriza\u00e7\u00e3o dos mototaxistas em Alagoinhas","author":{"@id":"https:\/\/newsinfoco.com.br\/inicio\/author\/administrador\/#author"},"publisher":{"@id":"https:\/\/newsinfoco.com.br\/inicio\/#organization"},"image":{"@type":"ImageObject","url":"https:\/\/newsinfoco.com.br\/inicio\/wp-content\/uploads\/2026\/04\/WhatsApp-Image-2026-04-09-at-14.41.36.jpeg","width":1600,"height":900},"datePublished":"2026-04-09T15:33:26-03:00","dateModified":"2026-04-09T15:33:26-03:00","inLanguage":"pt-BR","mainEntityOfPage":{"@id":"https:\/\/newsinfoco.com.br\/inicio\/mobilidade-urbana-participacao-popular-e-valorizacao-dos-mototaxistas-em-alagoinhas\/#webpage"},"isPartOf":{"@id":"https:\/\/newsinfoco.com.br\/inicio\/mobilidade-urbana-participacao-popular-e-valorizacao-dos-mototaxistas-em-alagoinhas\/#webpage"},"articleSection":"Alagoinhas e Regi\u00e3o, Manchete"},{"@type":"BreadcrumbList","@id":"https:\/\/newsinfoco.com.br\/inicio\/mobilidade-urbana-participacao-popular-e-valorizacao-dos-mototaxistas-em-alagoinhas\/#breadcrumblist","itemListElement":[{"@type":"ListItem","@id":"https:\/\/newsinfoco.com.br\/inicio#listItem","position":1,"name":"In\u00edcio","item":"https:\/\/newsinfoco.com.br\/inicio","nextItem":{"@type":"ListItem","@id":"https:\/\/newsinfoco.com.br\/inicio\/category\/alagoinhas-e-regiao\/#listItem","name":"Alagoinhas e Regi\u00e3o"}},{"@type":"ListItem","@id":"https:\/\/newsinfoco.com.br\/inicio\/category\/alagoinhas-e-regiao\/#listItem","position":2,"name":"Alagoinhas e Regi\u00e3o","item":"https:\/\/newsinfoco.com.br\/inicio\/category\/alagoinhas-e-regiao\/","nextItem":{"@type":"ListItem","@id":"https:\/\/newsinfoco.com.br\/inicio\/mobilidade-urbana-participacao-popular-e-valorizacao-dos-mototaxistas-em-alagoinhas\/#listItem","name":"Mobilidade urbana: participa\u00e7\u00e3o popular e valoriza\u00e7\u00e3o dos mototaxistas em Alagoinhas"},"previousItem":{"@type":"ListItem","@id":"https:\/\/newsinfoco.com.br\/inicio#listItem","name":"In\u00edcio"}},{"@type":"ListItem","@id":"https:\/\/newsinfoco.com.br\/inicio\/mobilidade-urbana-participacao-popular-e-valorizacao-dos-mototaxistas-em-alagoinhas\/#listItem","position":3,"name":"Mobilidade urbana: participa\u00e7\u00e3o popular e valoriza\u00e7\u00e3o dos mototaxistas em Alagoinhas","previousItem":{"@type":"ListItem","@id":"https:\/\/newsinfoco.com.br\/inicio\/category\/alagoinhas-e-regiao\/#listItem","name":"Alagoinhas e Regi\u00e3o"}}]},{"@type":"Organization","@id":"https:\/\/newsinfoco.com.br\/inicio\/#organization","name":"News In Foco - Editado por Caio Pimenta","description":"O principal site de noticias de Alagoinhas e regi\u00e3o","url":"https:\/\/newsinfoco.com.br\/inicio\/"},{"@type":"Person","@id":"https:\/\/newsinfoco.com.br\/inicio\/author\/administrador\/#author","url":"https:\/\/newsinfoco.com.br\/inicio\/author\/administrador\/","name":"administrador","image":{"@type":"ImageObject","@id":"https:\/\/newsinfoco.com.br\/inicio\/mobilidade-urbana-participacao-popular-e-valorizacao-dos-mototaxistas-em-alagoinhas\/#authorImage","url":"https:\/\/secure.gravatar.com\/avatar\/c17a617433de8c1dc9584bb79aab7563b46f5bb7e1728c9b17d9cc3ce6a08e49?s=96&d=mm&r=g","width":96,"height":96,"caption":"administrador"}},{"@type":"WebPage","@id":"https:\/\/newsinfoco.com.br\/inicio\/mobilidade-urbana-participacao-popular-e-valorizacao-dos-mototaxistas-em-alagoinhas\/#webpage","url":"https:\/\/newsinfoco.com.br\/inicio\/mobilidade-urbana-participacao-popular-e-valorizacao-dos-mototaxistas-em-alagoinhas\/","name":"Mobilidade urbana: participa\u00e7\u00e3o popular e valoriza\u00e7\u00e3o dos mototaxistas em Alagoinhas - News In Foco - Editado por Caio Pimenta","description":"A Prefeitura de Alagoinhas deu in\u00edcio a mais uma etapa do Plano Municipal de Mobilidade Urbana (Plamob) com um evento na ter\u00e7a-feira, 7, no audit\u00f3rio do Col\u00e9gio Lu\u00eds Eduardo Magalh\u00e3es. O encontro foi marcado pela participa\u00e7\u00e3o popular no processo de planejamento da cidade, refor\u00e7ando o papel dos mototaxistas no sistema de transporte local. Alinhado \u00e0","inLanguage":"pt-BR","isPartOf":{"@id":"https:\/\/newsinfoco.com.br\/inicio\/#website"},"breadcrumb":{"@id":"https:\/\/newsinfoco.com.br\/inicio\/mobilidade-urbana-participacao-popular-e-valorizacao-dos-mototaxistas-em-alagoinhas\/#breadcrumblist"},"author":{"@id":"https:\/\/newsinfoco.com.br\/inicio\/author\/administrador\/#author"},"creator":{"@id":"https:\/\/newsinfoco.com.br\/inicio\/author\/administrador\/#author"},"image":{"@type":"ImageObject","url":"https:\/\/newsinfoco.com.br\/inicio\/wp-content\/uploads\/2026\/04\/WhatsApp-Image-2026-04-09-at-14.41.36.jpeg","@id":"https:\/\/newsinfoco.com.br\/inicio\/mobilidade-urbana-participacao-popular-e-valorizacao-dos-mototaxistas-em-alagoinhas\/#mainImage","width":1600,"height":900},"primaryImageOfPage":{"@id":"https:\/\/newsinfoco.com.br\/inicio\/mobilidade-urbana-participacao-popular-e-valorizacao-dos-mototaxistas-em-alagoinhas\/#mainImage"},"datePublished":"2026-04-09T15:33:26-03:00","dateModified":"2026-04-09T15:33:26-03:00"},{"@type":"WebSite","@id":"https:\/\/newsinfoco.com.br\/inicio\/#website","url":"https:\/\/newsinfoco.com.br\/inicio\/","name":"News In Foco - Editado por Caio Pimenta","description":"O principal site de noticias de Alagoinhas e regi\u00e3o","inLanguage":"pt-BR","publisher":{"@id":"https:\/\/newsinfoco.com.br\/inicio\/#organization"}}]},"og:locale":"pt_BR","og:site_name":"News In Foco - Editado por Caio Pimenta - O principal site de noticias de Alagoinhas e regi\u00e3o","og:type":"article","og:title":"Mobilidade urbana: participa\u00e7\u00e3o popular e valoriza\u00e7\u00e3o dos mototaxistas em Alagoinhas - News In Foco - Editado por Caio Pimenta","og:description":"A Prefeitura de Alagoinhas deu in\u00edcio a mais uma etapa do Plano Municipal de Mobilidade Urbana (Plamob) com um evento na ter\u00e7a-feira, 7, no audit\u00f3rio do Col\u00e9gio Lu\u00eds Eduardo Magalh\u00e3es. O encontro foi marcado pela participa\u00e7\u00e3o popular no processo de planejamento da cidade, refor\u00e7ando o papel dos mototaxistas no sistema de transporte local. Alinhado \u00e0","og:url":"https:\/\/newsinfoco.com.br\/inicio\/mobilidade-urbana-participacao-popular-e-valorizacao-dos-mototaxistas-em-alagoinhas\/","article:published_time":"2026-04-09T18:33:26+00:00","article:modified_time":"2026-04-09T18:33:26+00:00","twitter:card":"summary_large_image","twitter:title":"Mobilidade urbana: participa\u00e7\u00e3o popular e valoriza\u00e7\u00e3o dos mototaxistas em Alagoinhas - News In Foco - Editado por Caio Pimenta","twitter:description":"A Prefeitura de Alagoinhas deu in\u00edcio a mais uma etapa do Plano Municipal de Mobilidade Urbana (Plamob) com um evento na ter\u00e7a-feira, 7, no audit\u00f3rio do Col\u00e9gio Lu\u00eds Eduardo Magalh\u00e3es. O encontro foi marcado pela participa\u00e7\u00e3o popular no processo de planejamento da cidade, refor\u00e7ando o papel dos mototaxistas no sistema de transporte local. Alinhado \u00e0"},"aioseo_meta_data":{"post_id":"50218","title":null,"description":null,"keywords":null,"keyphrases":{"focus":{"keyphrase":"","score":0,"analysis":{"keyphraseInTitle":{"score":0,"maxScore":9,"error":1}}},"additional":[]},"primary_term":null,"canonical_url":null,"og_title":null,"og_description":null,"og_object_type":"default","og_image_type":"default","og_image_url":null,"og_image_width":null,"og_image_height":null,"og_image_custom_url":null,"og_image_custom_fields":null,"og_video":"","og_custom_url":null,"og_article_section":null,"og_article_tags":null,"twitter_use_og":false,"twitter_card":"default","twitter_image_type":"default","twitter_image_url":null,"twitter_image_custom_url":null,"twitter_image_custom_fields":null,"twitter_title":null,"twitter_description":null,"schema":{"blockGraphs":[],"customGraphs":[],"default":{"data":{"Article":[],"Course":[],"Dataset":[],"FAQPage":[],"Movie":[],"Person":[],"Product":[],"ProductReview":[],"Car":[],"Recipe":[],"Service":[],"SoftwareApplication":[],"WebPage":[]},"graphName":"BlogPosting","isEnabled":true},"graphs":[]},"schema_type":"default","schema_type_options":null,"pillar_content":false,"robots_default":true,"robots_noindex":false,"robots_noarchive":false,"robots_nosnippet":false,"robots_nofollow":false,"robots_noimageindex":false,"robots_noodp":false,"robots_notranslate":false,"robots_max_snippet":"-1","robots_max_videopreview":"-1","robots_max_imagepreview":"large","priority":null,"frequency":"default","local_seo":null,"breadcrumb_settings":null,"limit_modified_date":false,"ai":{"faqs":[],"keyPoints":[],"titles":[],"descriptions":[],"socialPosts":{"email":[],"linkedin":[],"twitter":[],"facebook":[],"instagram":[]}},"created":"2026-04-09 18:33:26","updated":"2026-04-09 18:36:38","seo_analyzer_scan_date":null},"aioseo_breadcrumb":"<div class=\"aioseo-breadcrumbs\"><span class=\"aioseo-breadcrumb\">\n\t\t\t<a href=\"https:\/\/newsinfoco.com.br\/inicio\" title=\"In\u00edcio\">In\u00edcio<\/a>\n\t\t<\/span><span class=\"aioseo-breadcrumb-separator\">&raquo;<\/span><span class=\"aioseo-breadcrumb\">\n\t\t\t<a href=\"https:\/\/newsinfoco.com.br\/inicio\/category\/alagoinhas-e-regiao\/\" title=\"Alagoinhas e Regi\u00e3o\">Alagoinhas e Regi\u00e3o<\/a>\n\t\t<\/span><span class=\"aioseo-breadcrumb-separator\">&raquo;<\/span><span class=\"aioseo-breadcrumb\">\n\t\t\tMobilidade urbana: participa\u00e7\u00e3o popular e valoriza\u00e7\u00e3o dos mototaxistas em Alagoinhas\n\t\t<\/span><\/div>","aioseo_breadcrumb_json":[{"label":"In\u00edcio","link":"https:\/\/newsinfoco.com.br\/inicio"},{"label":"Alagoinhas e Regi\u00e3o","link":"https:\/\/newsinfoco.com.br\/inicio\/category\/alagoinhas-e-regiao\/"},{"label":"Mobilidade urbana: participa\u00e7\u00e3o popular e valoriza\u00e7\u00e3o dos mototaxistas em Alagoinhas","link":"https:\/\/newsinfoco.com.br\/inicio\/mobilidade-urbana-participacao-popular-e-valorizacao-dos-mototaxistas-em-alagoinhas\/"}],"_links":{"self":[{"href":"https:\/\/newsinfoco.com.br\/inicio\/wp-json\/wp\/v2\/posts\/50218","targetHints":{"allow":["GET"]}}],"collection":[{"href":"https:\/\/newsinfoco.com.br\/inicio\/wp-json\/wp\/v2\/posts"}],"about":[{"href":"https:\/\/newsinfoco.com.br\/inicio\/wp-json\/wp\/v2\/types\/post"}],"author":[{"embeddable":true,"href":"https:\/\/newsinfoco.com.br\/inicio\/wp-json\/wp\/v2\/users\/1"}],"replies":[{"embeddable":true,"href":"https:\/\/newsinfoco.com.br\/inicio\/wp-json\/wp\/v2\/comments?post=50218"}],"version-history":[{"count":1,"href":"https:\/\/newsinfoco.com.br\/inicio\/wp-json\/wp\/v2\/posts\/50218\/revisions"}],"predecessor-version":[{"id":50220,"href":"https:\/\/newsinfoco.com.br\/inicio\/wp-json\/wp\/v2\/posts\/50218\/revisions\/50220"}],"wp:featuredmedia":[{"embeddable":true,"href":"https:\/\/newsinfoco.com.br\/inicio\/wp-json\/wp\/v2\/media\/50219"}],"wp:attachment":[{"href":"https:\/\/newsinfoco.com.br\/inicio\/wp-json\/wp\/v2\/media?parent=50218"}],"wp:term":[{"taxonomy":"category","embeddable":true,"href":"https:\/\/newsinfoco.com.br\/inicio\/wp-json\/wp\/v2\/categories?post=50218"},{"taxonomy":"post_tag","embeddable":true,"href":"https:\/\/newsinfoco.com.br\/inicio\/wp-json\/wp\/v2\/tags?post=50218"}],"curies":[{"name":"wp","href":"https:\/\/api.w.org\/{rel}","templated":true}]}}