{"id":50238,"date":"2026-04-09T16:37:52","date_gmt":"2026-04-09T19:37:52","guid":{"rendered":"https:\/\/newsinfoco.com.br\/inicio\/?p=50238"},"modified":"2026-04-09T16:37:52","modified_gmt":"2026-04-09T19:37:52","slug":"tjdft-condena-gustavo-gayer-por-falas-contra-gleisi-e-lindbergh","status":"publish","type":"post","link":"https:\/\/newsinfoco.com.br\/inicio\/tjdft-condena-gustavo-gayer-por-falas-contra-gleisi-e-lindbergh\/","title":{"rendered":"TJDFT condena Gustavo Gayer por falas contra Gleisi e Lindbergh"},"content":{"rendered":"<div class=\"conteudo_post\">\n<section class=\"text-token-text-primary w-full focus:outline-none [--shadow-height:45px] has-data-writing-block:pointer-events-none has-data-writing-block:-mt-(--shadow-height) has-data-writing-block:pt-(--shadow-height) [&amp;:has([data-writing-block])&gt;*]:pointer-events-auto scroll-mt-[calc(var(--header-height)+min(200px,max(70px,20svh)))]\" dir=\"auto\" data-turn-id=\"request-WEB:4006d1ce-2137-4385-83e8-c2a96feadc34-0\" data-testid=\"conversation-turn-2\" data-scroll-anchor=\"false\" data-turn=\"assistant\">\n<div class=\"text-base my-auto mx-auto [--thread-content-margin:var(--thread-content-margin-xs,calc(var(--spacing)*4))] @w-sm\/main:[--thread-content-margin:var(--thread-content-margin-sm,calc(var(--spacing)*6))] @w-lg\/main:[--thread-content-margin:var(--thread-content-margin-lg,calc(var(--spacing)*16))] px-(--thread-content-margin)\">\n<div class=\"[--thread-content-max-width:40rem] @w-lg\/main:[--thread-content-max-width:48rem] mx-auto max-w-(--thread-content-max-width) flex-1 group\/turn-messages focus-visible:outline-hidden relative flex w-full min-w-0 flex-col agent-turn\">\n<div class=\"flex max-w-full flex-col gap-4 grow\">\n<div class=\"min-h-8 text-message relative flex w-full flex-col items-end gap-2 text-start break-words whitespace-normal outline-none keyboard-focused:focus-ring [.text-message+&amp;]:mt-1\" dir=\"auto\" data-message-author-role=\"assistant\" data-message-id=\"435a3236-052d-4e1e-9863-2eb3af5f791d\" data-message-model-slug=\"gpt-5-3\">\n<div class=\"flex w-full flex-col gap-1 empty:hidden\">\n<div class=\"markdown prose dark:prose-invert w-full wrap-break-word light markdown-new-styling\">\n<p data-start=\"0\" data-end=\"313\">O\u00a0<span class=\"hover:entity-accent entity-underline inline cursor-pointer align-baseline\"><span class=\"whitespace-normal\">Tribunal de Justi\u00e7a do Distrito Federal e dos Territ\u00f3rios<\/span><\/span>\u00a0condenou o deputado federal\u00a0<span class=\"hover:entity-accent entity-underline inline cursor-pointer align-baseline\"><span class=\"whitespace-normal\">Gustavo Gayer<\/span><\/span>\u00a0(PL) ao pagamento de R$ 20 mil em indeniza\u00e7\u00e3o aos deputados federais\u00a0<span class=\"hover:entity-accent entity-underline inline cursor-pointer align-baseline\"><span class=\"whitespace-normal\">Gleisi Hoffmann<\/span><\/span>\u00a0(PT) e\u00a0<span class=\"hover:entity-accent entity-underline inline cursor-pointer align-baseline\"><span class=\"whitespace-normal\">Lindbergh Farias<\/span><\/span>\u00a0(PT), ap\u00f3s declara\u00e7\u00f5es consideradas mis\u00f3ginas.<\/p>\n<p data-start=\"315\" data-end=\"532\">Nas redes sociais, Gleisi e Lindbergh divulgaram um v\u00eddeo comentando a decis\u00e3o judicial. \u201cIsso n\u00e3o \u00e9 s\u00f3 uma vit\u00f3ria individual. \u00c9 um recado claro: mulher n\u00e3o pode ser alvo de machismo e viol\u00eancia pol\u00edtica\u201d, afirmaram.<\/p>\n<p data-start=\"534\" data-end=\"780\">O caso teve origem em declara\u00e7\u00f5es feitas por Gayer ap\u00f3s uma fala do presidente\u00a0<span class=\"hover:entity-accent entity-underline inline cursor-pointer align-baseline\"><span class=\"whitespace-normal\">Luiz In\u00e1cio Lula da Silva<\/span><\/span>\u00a0(PT), em mar\u00e7o de 2025, quando disse ter escolhido uma \u201cmulher bonita\u201d como ministra para melhorar a articula\u00e7\u00e3o com o Congresso.<\/p>\n<p data-start=\"782\" data-end=\"962\">Em resposta, Gayer publicou, na rede social X (antigo Twitter), que o presidente \u201cofereceu Gleisi Hoffmann como um cafet\u00e3o oferece sua funcion\u00e1ria em uma negocia\u00e7\u00e3o entre gangues\u201d.<\/p>\n<p data-start=\"964\" data-end=\"1181\">Em outra publica\u00e7\u00e3o, o parlamentar questionou Lindbergh: \u201cE a\u00ed, Lindbergh Farias, vai mesmo aceitar o seu chefe oferecer sua esposa para o Hugo Motta e Alcolumbre como um cafet\u00e3o oferece uma GP (garota de programa)?\u201d.<\/p>\n<p data-start=\"1183\" data-end=\"1475\" data-is-last-node=\"\" data-is-only-node=\"\">Gayer tamb\u00e9m fez uma terceira postagem insinuando uma rela\u00e7\u00e3o entre Gleisi, Lindbergh e o presidente do Senado,\u00a0<span class=\"hover:entity-accent entity-underline inline cursor-pointer align-baseline\"><span class=\"whitespace-normal\">Davi Alcolumbre<\/span><\/span>. \u201cMe veio a imagem da Gleisi, Lindbergh e Davi Alcolumbre fazendo um trisal. Que pesadelo\u201d, escreveu. A publica\u00e7\u00e3o foi posteriormente apagada.<\/p>\n<\/div>\n<\/div>\n<\/div>\n<\/div>\n<\/div>\n<\/div>\n<\/section>\n<\/div>\n<div id=\"author-info\" class=\"ui items\">\n<div class=\"item\">Bahia.Ba<\/div>\n<\/div>\n<div class='share-to-whatsapp-wrapper'><div class='share-on-whsp'>Share on: <\/div><a data-text='TJDFT condena Gustavo Gayer por falas contra Gleisi e Lindbergh' data-link='https:\/\/newsinfoco.com.br\/inicio\/tjdft-condena-gustavo-gayer-por-falas-contra-gleisi-e-lindbergh\/' class='whatsapp-button whatsapp-share'>WhatsApp<\/a><div class='clear '><\/div><\/div>","protected":false},"excerpt":{"rendered":"<p>O\u00a0Tribunal de Justi\u00e7a do Distrito Federal e dos Territ\u00f3rios\u00a0condenou o deputado federal\u00a0Gustavo Gayer\u00a0(PL) ao pagamento de R$ 20 mil em indeniza\u00e7\u00e3o aos deputados federais\u00a0Gleisi Hoffmann\u00a0(PT) e\u00a0Lindbergh Farias\u00a0(PT), ap\u00f3s declara\u00e7\u00f5es consideradas mis\u00f3ginas. Nas redes sociais, Gleisi e Lindbergh divulgaram um v\u00eddeo comentando a decis\u00e3o judicial. \u201cIsso n\u00e3o \u00e9 s\u00f3 uma vit\u00f3ria individual. \u00c9 um recado claro: [&hellip;]<\/p>\n","protected":false},"author":1,"featured_media":50239,"comment_status":"closed","ping_status":"closed","sticky":false,"template":"","format":"standard","meta":{"om_disable_all_campaigns":false,"rop_custom_images_group":[],"rop_custom_messages_group":[],"rop_publish_now":"initial","rop_publish_now_accounts":[],"rop_publish_now_history":[],"rop_publish_now_status":"pending","_exactmetrics_skip_tracking":false,"footnotes":""},"categories":[21],"tags":[],"class_list":["post-50238","post","type-post","status-publish","format-standard","has-post-thumbnail","hentry","category-brasil"],"aioseo_notices":[],"aioseo_head":"\n\t\t<!-- All in One SEO 4.9.10 - aioseo.com -->\n\t<meta name=\"description\" content=\"O Tribunal de Justi\u00e7a do Distrito Federal e dos Territ\u00f3rios condenou o deputado federal Gustavo Gayer (PL) ao pagamento de R$ 20 mil em indeniza\u00e7\u00e3o aos deputados federais Gleisi Hoffmann (PT) e Lindbergh Farias (PT), ap\u00f3s declara\u00e7\u00f5es consideradas mis\u00f3ginas. Nas redes sociais, Gleisi e Lindbergh divulgaram um v\u00eddeo comentando a decis\u00e3o judicial. \u201cIsso n\u00e3o \u00e9 s\u00f3 uma vit\u00f3ria individual. \u00c9 um recado claro:\" \/>\n\t<meta name=\"robots\" content=\"max-image-preview:large\" \/>\n\t<meta name=\"author\" content=\"administrador\"\/>\n\t<link rel=\"canonical\" href=\"https:\/\/newsinfoco.com.br\/inicio\/tjdft-condena-gustavo-gayer-por-falas-contra-gleisi-e-lindbergh\/\" \/>\n\t<meta name=\"generator\" content=\"All in One SEO (AIOSEO) 4.9.10\" \/>\n\t\t<meta property=\"og:locale\" content=\"pt_BR\" \/>\n\t\t<meta property=\"og:site_name\" content=\"News In Foco - Editado por Caio Pimenta - O principal site de noticias de Alagoinhas e regi\u00e3o\" \/>\n\t\t<meta property=\"og:type\" content=\"article\" \/>\n\t\t<meta property=\"og:title\" content=\"TJDFT condena Gustavo Gayer por falas contra Gleisi e Lindbergh - News In Foco - Editado por Caio Pimenta\" \/>\n\t\t<meta property=\"og:description\" content=\"O Tribunal de Justi\u00e7a do Distrito Federal e dos Territ\u00f3rios condenou o deputado federal Gustavo Gayer (PL) ao pagamento de R$ 20 mil em indeniza\u00e7\u00e3o aos deputados federais Gleisi Hoffmann (PT) e Lindbergh Farias (PT), ap\u00f3s declara\u00e7\u00f5es consideradas mis\u00f3ginas. Nas redes sociais, Gleisi e Lindbergh divulgaram um v\u00eddeo comentando a decis\u00e3o judicial. \u201cIsso n\u00e3o \u00e9 s\u00f3 uma vit\u00f3ria individual. \u00c9 um recado claro:\" \/>\n\t\t<meta property=\"og:url\" content=\"https:\/\/newsinfoco.com.br\/inicio\/tjdft-condena-gustavo-gayer-por-falas-contra-gleisi-e-lindbergh\/\" \/>\n\t\t<meta property=\"article:published_time\" content=\"2026-04-09T19:37:52+00:00\" \/>\n\t\t<meta property=\"article:modified_time\" content=\"2026-04-09T19:37:52+00:00\" \/>\n\t\t<meta name=\"twitter:card\" content=\"summary_large_image\" \/>\n\t\t<meta name=\"twitter:title\" content=\"TJDFT condena Gustavo Gayer por falas contra Gleisi e Lindbergh - News In Foco - Editado por Caio Pimenta\" \/>\n\t\t<meta name=\"twitter:description\" content=\"O Tribunal de Justi\u00e7a do Distrito Federal e dos Territ\u00f3rios condenou o deputado federal Gustavo Gayer (PL) ao pagamento de R$ 20 mil em indeniza\u00e7\u00e3o aos deputados federais Gleisi Hoffmann (PT) e Lindbergh Farias (PT), ap\u00f3s declara\u00e7\u00f5es consideradas mis\u00f3ginas. Nas redes sociais, Gleisi e Lindbergh divulgaram um v\u00eddeo comentando a decis\u00e3o judicial. \u201cIsso n\u00e3o \u00e9 s\u00f3 uma vit\u00f3ria individual. \u00c9 um recado claro:\" \/>\n\t\t<script type=\"application\/ld+json\" class=\"aioseo-schema\">\n\t\t\t{\"@context\":\"https:\\\/\\\/schema.org\",\"@graph\":[{\"@type\":\"BlogPosting\",\"@id\":\"https:\\\/\\\/newsinfoco.com.br\\\/inicio\\\/tjdft-condena-gustavo-gayer-por-falas-contra-gleisi-e-lindbergh\\\/#blogposting\",\"name\":\"TJDFT condena Gustavo Gayer por falas contra Gleisi e Lindbergh - News In Foco - Editado por Caio Pimenta\",\"headline\":\"TJDFT condena Gustavo Gayer por falas contra Gleisi e Lindbergh\",\"author\":{\"@id\":\"https:\\\/\\\/newsinfoco.com.br\\\/inicio\\\/author\\\/administrador\\\/#author\"},\"publisher\":{\"@id\":\"https:\\\/\\\/newsinfoco.com.br\\\/inicio\\\/#organization\"},\"image\":{\"@type\":\"ImageObject\",\"url\":\"https:\\\/\\\/newsinfoco.com.br\\\/inicio\\\/wp-content\\\/uploads\\\/2026\\\/04\\\/Gustavo-Gayer.png\",\"width\":600,\"height\":420},\"datePublished\":\"2026-04-09T16:37:52-03:00\",\"dateModified\":\"2026-04-09T16:37:52-03:00\",\"inLanguage\":\"pt-BR\",\"mainEntityOfPage\":{\"@id\":\"https:\\\/\\\/newsinfoco.com.br\\\/inicio\\\/tjdft-condena-gustavo-gayer-por-falas-contra-gleisi-e-lindbergh\\\/#webpage\"},\"isPartOf\":{\"@id\":\"https:\\\/\\\/newsinfoco.com.br\\\/inicio\\\/tjdft-condena-gustavo-gayer-por-falas-contra-gleisi-e-lindbergh\\\/#webpage\"},\"articleSection\":\"Brasil\"},{\"@type\":\"BreadcrumbList\",\"@id\":\"https:\\\/\\\/newsinfoco.com.br\\\/inicio\\\/tjdft-condena-gustavo-gayer-por-falas-contra-gleisi-e-lindbergh\\\/#breadcrumblist\",\"itemListElement\":[{\"@type\":\"ListItem\",\"@id\":\"https:\\\/\\\/newsinfoco.com.br\\\/inicio#listItem\",\"position\":1,\"name\":\"In\\u00edcio\",\"item\":\"https:\\\/\\\/newsinfoco.com.br\\\/inicio\",\"nextItem\":{\"@type\":\"ListItem\",\"@id\":\"https:\\\/\\\/newsinfoco.com.br\\\/inicio\\\/category\\\/brasil\\\/#listItem\",\"name\":\"Brasil\"}},{\"@type\":\"ListItem\",\"@id\":\"https:\\\/\\\/newsinfoco.com.br\\\/inicio\\\/category\\\/brasil\\\/#listItem\",\"position\":2,\"name\":\"Brasil\",\"item\":\"https:\\\/\\\/newsinfoco.com.br\\\/inicio\\\/category\\\/brasil\\\/\",\"nextItem\":{\"@type\":\"ListItem\",\"@id\":\"https:\\\/\\\/newsinfoco.com.br\\\/inicio\\\/tjdft-condena-gustavo-gayer-por-falas-contra-gleisi-e-lindbergh\\\/#listItem\",\"name\":\"TJDFT condena Gustavo Gayer por falas contra Gleisi e Lindbergh\"},\"previousItem\":{\"@type\":\"ListItem\",\"@id\":\"https:\\\/\\\/newsinfoco.com.br\\\/inicio#listItem\",\"name\":\"In\\u00edcio\"}},{\"@type\":\"ListItem\",\"@id\":\"https:\\\/\\\/newsinfoco.com.br\\\/inicio\\\/tjdft-condena-gustavo-gayer-por-falas-contra-gleisi-e-lindbergh\\\/#listItem\",\"position\":3,\"name\":\"TJDFT condena Gustavo Gayer por falas contra Gleisi e Lindbergh\",\"previousItem\":{\"@type\":\"ListItem\",\"@id\":\"https:\\\/\\\/newsinfoco.com.br\\\/inicio\\\/category\\\/brasil\\\/#listItem\",\"name\":\"Brasil\"}}]},{\"@type\":\"Organization\",\"@id\":\"https:\\\/\\\/newsinfoco.com.br\\\/inicio\\\/#organization\",\"name\":\"News In Foco - Editado por Caio Pimenta\",\"description\":\"O principal site de noticias de Alagoinhas e regi\\u00e3o\",\"url\":\"https:\\\/\\\/newsinfoco.com.br\\\/inicio\\\/\"},{\"@type\":\"Person\",\"@id\":\"https:\\\/\\\/newsinfoco.com.br\\\/inicio\\\/author\\\/administrador\\\/#author\",\"url\":\"https:\\\/\\\/newsinfoco.com.br\\\/inicio\\\/author\\\/administrador\\\/\",\"name\":\"administrador\",\"image\":{\"@type\":\"ImageObject\",\"@id\":\"https:\\\/\\\/newsinfoco.com.br\\\/inicio\\\/tjdft-condena-gustavo-gayer-por-falas-contra-gleisi-e-lindbergh\\\/#authorImage\",\"url\":\"https:\\\/\\\/secure.gravatar.com\\\/avatar\\\/c17a617433de8c1dc9584bb79aab7563b46f5bb7e1728c9b17d9cc3ce6a08e49?s=96&d=mm&r=g\",\"width\":96,\"height\":96,\"caption\":\"administrador\"}},{\"@type\":\"WebPage\",\"@id\":\"https:\\\/\\\/newsinfoco.com.br\\\/inicio\\\/tjdft-condena-gustavo-gayer-por-falas-contra-gleisi-e-lindbergh\\\/#webpage\",\"url\":\"https:\\\/\\\/newsinfoco.com.br\\\/inicio\\\/tjdft-condena-gustavo-gayer-por-falas-contra-gleisi-e-lindbergh\\\/\",\"name\":\"TJDFT condena Gustavo Gayer por falas contra Gleisi e Lindbergh - News In Foco - Editado por Caio Pimenta\",\"description\":\"O Tribunal de Justi\\u00e7a do Distrito Federal e dos Territ\\u00f3rios condenou o deputado federal Gustavo Gayer (PL) ao pagamento de R$ 20 mil em indeniza\\u00e7\\u00e3o aos deputados federais Gleisi Hoffmann (PT) e Lindbergh Farias (PT), ap\\u00f3s declara\\u00e7\\u00f5es consideradas mis\\u00f3ginas. Nas redes sociais, Gleisi e Lindbergh divulgaram um v\\u00eddeo comentando a decis\\u00e3o judicial. \\u201cIsso n\\u00e3o \\u00e9 s\\u00f3 uma vit\\u00f3ria individual. \\u00c9 um recado claro:\",\"inLanguage\":\"pt-BR\",\"isPartOf\":{\"@id\":\"https:\\\/\\\/newsinfoco.com.br\\\/inicio\\\/#website\"},\"breadcrumb\":{\"@id\":\"https:\\\/\\\/newsinfoco.com.br\\\/inicio\\\/tjdft-condena-gustavo-gayer-por-falas-contra-gleisi-e-lindbergh\\\/#breadcrumblist\"},\"author\":{\"@id\":\"https:\\\/\\\/newsinfoco.com.br\\\/inicio\\\/author\\\/administrador\\\/#author\"},\"creator\":{\"@id\":\"https:\\\/\\\/newsinfoco.com.br\\\/inicio\\\/author\\\/administrador\\\/#author\"},\"image\":{\"@type\":\"ImageObject\",\"url\":\"https:\\\/\\\/newsinfoco.com.br\\\/inicio\\\/wp-content\\\/uploads\\\/2026\\\/04\\\/Gustavo-Gayer.png\",\"@id\":\"https:\\\/\\\/newsinfoco.com.br\\\/inicio\\\/tjdft-condena-gustavo-gayer-por-falas-contra-gleisi-e-lindbergh\\\/#mainImage\",\"width\":600,\"height\":420},\"primaryImageOfPage\":{\"@id\":\"https:\\\/\\\/newsinfoco.com.br\\\/inicio\\\/tjdft-condena-gustavo-gayer-por-falas-contra-gleisi-e-lindbergh\\\/#mainImage\"},\"datePublished\":\"2026-04-09T16:37:52-03:00\",\"dateModified\":\"2026-04-09T16:37:52-03:00\"},{\"@type\":\"WebSite\",\"@id\":\"https:\\\/\\\/newsinfoco.com.br\\\/inicio\\\/#website\",\"url\":\"https:\\\/\\\/newsinfoco.com.br\\\/inicio\\\/\",\"name\":\"News In Foco - Editado por Caio Pimenta\",\"description\":\"O principal site de noticias de Alagoinhas e regi\\u00e3o\",\"inLanguage\":\"pt-BR\",\"publisher\":{\"@id\":\"https:\\\/\\\/newsinfoco.com.br\\\/inicio\\\/#organization\"}}]}\n\t\t<\/script>\n\t\t<!-- All in One SEO -->\n\n","aioseo_head_json":{"title":"TJDFT condena Gustavo Gayer por falas contra Gleisi e Lindbergh - News In Foco - Editado por Caio Pimenta","description":"O Tribunal de Justi\u00e7a do Distrito Federal e dos Territ\u00f3rios condenou o deputado federal Gustavo Gayer (PL) ao pagamento de R$ 20 mil em indeniza\u00e7\u00e3o aos deputados federais Gleisi Hoffmann (PT) e Lindbergh Farias (PT), ap\u00f3s declara\u00e7\u00f5es consideradas mis\u00f3ginas. Nas redes sociais, Gleisi e Lindbergh divulgaram um v\u00eddeo comentando a decis\u00e3o judicial. \u201cIsso n\u00e3o \u00e9 s\u00f3 uma vit\u00f3ria individual. \u00c9 um recado claro:","canonical_url":"https:\/\/newsinfoco.com.br\/inicio\/tjdft-condena-gustavo-gayer-por-falas-contra-gleisi-e-lindbergh\/","robots":"max-image-preview:large","keywords":"","webmasterTools":{"miscellaneous":""},"schema":{"@context":"https:\/\/schema.org","@graph":[{"@type":"BlogPosting","@id":"https:\/\/newsinfoco.com.br\/inicio\/tjdft-condena-gustavo-gayer-por-falas-contra-gleisi-e-lindbergh\/#blogposting","name":"TJDFT condena Gustavo Gayer por falas contra Gleisi e Lindbergh - News In Foco - Editado por Caio Pimenta","headline":"TJDFT condena Gustavo Gayer por falas contra Gleisi e Lindbergh","author":{"@id":"https:\/\/newsinfoco.com.br\/inicio\/author\/administrador\/#author"},"publisher":{"@id":"https:\/\/newsinfoco.com.br\/inicio\/#organization"},"image":{"@type":"ImageObject","url":"https:\/\/newsinfoco.com.br\/inicio\/wp-content\/uploads\/2026\/04\/Gustavo-Gayer.png","width":600,"height":420},"datePublished":"2026-04-09T16:37:52-03:00","dateModified":"2026-04-09T16:37:52-03:00","inLanguage":"pt-BR","mainEntityOfPage":{"@id":"https:\/\/newsinfoco.com.br\/inicio\/tjdft-condena-gustavo-gayer-por-falas-contra-gleisi-e-lindbergh\/#webpage"},"isPartOf":{"@id":"https:\/\/newsinfoco.com.br\/inicio\/tjdft-condena-gustavo-gayer-por-falas-contra-gleisi-e-lindbergh\/#webpage"},"articleSection":"Brasil"},{"@type":"BreadcrumbList","@id":"https:\/\/newsinfoco.com.br\/inicio\/tjdft-condena-gustavo-gayer-por-falas-contra-gleisi-e-lindbergh\/#breadcrumblist","itemListElement":[{"@type":"ListItem","@id":"https:\/\/newsinfoco.com.br\/inicio#listItem","position":1,"name":"In\u00edcio","item":"https:\/\/newsinfoco.com.br\/inicio","nextItem":{"@type":"ListItem","@id":"https:\/\/newsinfoco.com.br\/inicio\/category\/brasil\/#listItem","name":"Brasil"}},{"@type":"ListItem","@id":"https:\/\/newsinfoco.com.br\/inicio\/category\/brasil\/#listItem","position":2,"name":"Brasil","item":"https:\/\/newsinfoco.com.br\/inicio\/category\/brasil\/","nextItem":{"@type":"ListItem","@id":"https:\/\/newsinfoco.com.br\/inicio\/tjdft-condena-gustavo-gayer-por-falas-contra-gleisi-e-lindbergh\/#listItem","name":"TJDFT condena Gustavo Gayer por falas contra Gleisi e Lindbergh"},"previousItem":{"@type":"ListItem","@id":"https:\/\/newsinfoco.com.br\/inicio#listItem","name":"In\u00edcio"}},{"@type":"ListItem","@id":"https:\/\/newsinfoco.com.br\/inicio\/tjdft-condena-gustavo-gayer-por-falas-contra-gleisi-e-lindbergh\/#listItem","position":3,"name":"TJDFT condena Gustavo Gayer por falas contra Gleisi e Lindbergh","previousItem":{"@type":"ListItem","@id":"https:\/\/newsinfoco.com.br\/inicio\/category\/brasil\/#listItem","name":"Brasil"}}]},{"@type":"Organization","@id":"https:\/\/newsinfoco.com.br\/inicio\/#organization","name":"News In Foco - Editado por Caio Pimenta","description":"O principal site de noticias de Alagoinhas e regi\u00e3o","url":"https:\/\/newsinfoco.com.br\/inicio\/"},{"@type":"Person","@id":"https:\/\/newsinfoco.com.br\/inicio\/author\/administrador\/#author","url":"https:\/\/newsinfoco.com.br\/inicio\/author\/administrador\/","name":"administrador","image":{"@type":"ImageObject","@id":"https:\/\/newsinfoco.com.br\/inicio\/tjdft-condena-gustavo-gayer-por-falas-contra-gleisi-e-lindbergh\/#authorImage","url":"https:\/\/secure.gravatar.com\/avatar\/c17a617433de8c1dc9584bb79aab7563b46f5bb7e1728c9b17d9cc3ce6a08e49?s=96&d=mm&r=g","width":96,"height":96,"caption":"administrador"}},{"@type":"WebPage","@id":"https:\/\/newsinfoco.com.br\/inicio\/tjdft-condena-gustavo-gayer-por-falas-contra-gleisi-e-lindbergh\/#webpage","url":"https:\/\/newsinfoco.com.br\/inicio\/tjdft-condena-gustavo-gayer-por-falas-contra-gleisi-e-lindbergh\/","name":"TJDFT condena Gustavo Gayer por falas contra Gleisi e Lindbergh - News In Foco - Editado por Caio Pimenta","description":"O Tribunal de Justi\u00e7a do Distrito Federal e dos Territ\u00f3rios condenou o deputado federal Gustavo Gayer (PL) ao pagamento de R$ 20 mil em indeniza\u00e7\u00e3o aos deputados federais Gleisi Hoffmann (PT) e Lindbergh Farias (PT), ap\u00f3s declara\u00e7\u00f5es consideradas mis\u00f3ginas. Nas redes sociais, Gleisi e Lindbergh divulgaram um v\u00eddeo comentando a decis\u00e3o judicial. \u201cIsso n\u00e3o \u00e9 s\u00f3 uma vit\u00f3ria individual. \u00c9 um recado claro:","inLanguage":"pt-BR","isPartOf":{"@id":"https:\/\/newsinfoco.com.br\/inicio\/#website"},"breadcrumb":{"@id":"https:\/\/newsinfoco.com.br\/inicio\/tjdft-condena-gustavo-gayer-por-falas-contra-gleisi-e-lindbergh\/#breadcrumblist"},"author":{"@id":"https:\/\/newsinfoco.com.br\/inicio\/author\/administrador\/#author"},"creator":{"@id":"https:\/\/newsinfoco.com.br\/inicio\/author\/administrador\/#author"},"image":{"@type":"ImageObject","url":"https:\/\/newsinfoco.com.br\/inicio\/wp-content\/uploads\/2026\/04\/Gustavo-Gayer.png","@id":"https:\/\/newsinfoco.com.br\/inicio\/tjdft-condena-gustavo-gayer-por-falas-contra-gleisi-e-lindbergh\/#mainImage","width":600,"height":420},"primaryImageOfPage":{"@id":"https:\/\/newsinfoco.com.br\/inicio\/tjdft-condena-gustavo-gayer-por-falas-contra-gleisi-e-lindbergh\/#mainImage"},"datePublished":"2026-04-09T16:37:52-03:00","dateModified":"2026-04-09T16:37:52-03:00"},{"@type":"WebSite","@id":"https:\/\/newsinfoco.com.br\/inicio\/#website","url":"https:\/\/newsinfoco.com.br\/inicio\/","name":"News In Foco - Editado por Caio Pimenta","description":"O principal site de noticias de Alagoinhas e regi\u00e3o","inLanguage":"pt-BR","publisher":{"@id":"https:\/\/newsinfoco.com.br\/inicio\/#organization"}}]},"og:locale":"pt_BR","og:site_name":"News In Foco - Editado por Caio Pimenta - O principal site de noticias de Alagoinhas e regi\u00e3o","og:type":"article","og:title":"TJDFT condena Gustavo Gayer por falas contra Gleisi e Lindbergh - News In Foco - Editado por Caio Pimenta","og:description":"O Tribunal de Justi\u00e7a do Distrito Federal e dos Territ\u00f3rios condenou o deputado federal Gustavo Gayer (PL) ao pagamento de R$ 20 mil em indeniza\u00e7\u00e3o aos deputados federais Gleisi Hoffmann (PT) e Lindbergh Farias (PT), ap\u00f3s declara\u00e7\u00f5es consideradas mis\u00f3ginas. Nas redes sociais, Gleisi e Lindbergh divulgaram um v\u00eddeo comentando a decis\u00e3o judicial. \u201cIsso n\u00e3o \u00e9 s\u00f3 uma vit\u00f3ria individual. \u00c9 um recado claro:","og:url":"https:\/\/newsinfoco.com.br\/inicio\/tjdft-condena-gustavo-gayer-por-falas-contra-gleisi-e-lindbergh\/","article:published_time":"2026-04-09T19:37:52+00:00","article:modified_time":"2026-04-09T19:37:52+00:00","twitter:card":"summary_large_image","twitter:title":"TJDFT condena Gustavo Gayer por falas contra Gleisi e Lindbergh - News In Foco - Editado por Caio Pimenta","twitter:description":"O Tribunal de Justi\u00e7a do Distrito Federal e dos Territ\u00f3rios condenou o deputado federal Gustavo Gayer (PL) ao pagamento de R$ 20 mil em indeniza\u00e7\u00e3o aos deputados federais Gleisi Hoffmann (PT) e Lindbergh Farias (PT), ap\u00f3s declara\u00e7\u00f5es consideradas mis\u00f3ginas. Nas redes sociais, Gleisi e Lindbergh divulgaram um v\u00eddeo comentando a decis\u00e3o judicial. \u201cIsso n\u00e3o \u00e9 s\u00f3 uma vit\u00f3ria individual. \u00c9 um recado claro:"},"aioseo_meta_data":{"post_id":"50238","title":null,"description":null,"keywords":null,"keyphrases":{"focus":{"keyphrase":"","score":0,"analysis":{"keyphraseInTitle":{"score":0,"maxScore":9,"error":1}}},"additional":[]},"primary_term":null,"canonical_url":null,"og_title":null,"og_description":null,"og_object_type":"default","og_image_type":"default","og_image_url":null,"og_image_width":null,"og_image_height":null,"og_image_custom_url":null,"og_image_custom_fields":null,"og_video":"","og_custom_url":null,"og_article_section":null,"og_article_tags":null,"twitter_use_og":false,"twitter_card":"default","twitter_image_type":"default","twitter_image_url":null,"twitter_image_custom_url":null,"twitter_image_custom_fields":null,"twitter_title":null,"twitter_description":null,"schema":{"blockGraphs":[],"customGraphs":[],"default":{"data":{"Article":[],"Course":[],"Dataset":[],"FAQPage":[],"Movie":[],"Person":[],"Product":[],"ProductReview":[],"Car":[],"Recipe":[],"Service":[],"SoftwareApplication":[],"WebPage":[]},"graphName":"BlogPosting","isEnabled":true},"graphs":[]},"schema_type":"default","schema_type_options":null,"pillar_content":false,"robots_default":true,"robots_noindex":false,"robots_noarchive":false,"robots_nosnippet":false,"robots_nofollow":false,"robots_noimageindex":false,"robots_noodp":false,"robots_notranslate":false,"robots_max_snippet":"-1","robots_max_videopreview":"-1","robots_max_imagepreview":"large","priority":null,"frequency":"default","local_seo":null,"breadcrumb_settings":null,"limit_modified_date":false,"ai":{"faqs":[],"keyPoints":[],"titles":[],"descriptions":[],"socialPosts":{"email":[],"linkedin":[],"twitter":[],"facebook":[],"instagram":[]}},"created":"2026-04-09 19:37:52","updated":"2026-04-09 19:42:59","seo_analyzer_scan_date":null},"aioseo_breadcrumb":"<div class=\"aioseo-breadcrumbs\"><span class=\"aioseo-breadcrumb\">\n\t\t\t<a href=\"https:\/\/newsinfoco.com.br\/inicio\" title=\"In\u00edcio\">In\u00edcio<\/a>\n\t\t<\/span><span class=\"aioseo-breadcrumb-separator\">&raquo;<\/span><span class=\"aioseo-breadcrumb\">\n\t\t\t<a href=\"https:\/\/newsinfoco.com.br\/inicio\/category\/brasil\/\" title=\"Brasil\">Brasil<\/a>\n\t\t<\/span><span class=\"aioseo-breadcrumb-separator\">&raquo;<\/span><span class=\"aioseo-breadcrumb\">\n\t\t\tTJDFT condena Gustavo Gayer por falas contra Gleisi e Lindbergh\n\t\t<\/span><\/div>","aioseo_breadcrumb_json":[{"label":"In\u00edcio","link":"https:\/\/newsinfoco.com.br\/inicio"},{"label":"Brasil","link":"https:\/\/newsinfoco.com.br\/inicio\/category\/brasil\/"},{"label":"TJDFT condena Gustavo Gayer por falas contra Gleisi e Lindbergh","link":"https:\/\/newsinfoco.com.br\/inicio\/tjdft-condena-gustavo-gayer-por-falas-contra-gleisi-e-lindbergh\/"}],"_links":{"self":[{"href":"https:\/\/newsinfoco.com.br\/inicio\/wp-json\/wp\/v2\/posts\/50238","targetHints":{"allow":["GET"]}}],"collection":[{"href":"https:\/\/newsinfoco.com.br\/inicio\/wp-json\/wp\/v2\/posts"}],"about":[{"href":"https:\/\/newsinfoco.com.br\/inicio\/wp-json\/wp\/v2\/types\/post"}],"author":[{"embeddable":true,"href":"https:\/\/newsinfoco.com.br\/inicio\/wp-json\/wp\/v2\/users\/1"}],"replies":[{"embeddable":true,"href":"https:\/\/newsinfoco.com.br\/inicio\/wp-json\/wp\/v2\/comments?post=50238"}],"version-history":[{"count":1,"href":"https:\/\/newsinfoco.com.br\/inicio\/wp-json\/wp\/v2\/posts\/50238\/revisions"}],"predecessor-version":[{"id":50240,"href":"https:\/\/newsinfoco.com.br\/inicio\/wp-json\/wp\/v2\/posts\/50238\/revisions\/50240"}],"wp:featuredmedia":[{"embeddable":true,"href":"https:\/\/newsinfoco.com.br\/inicio\/wp-json\/wp\/v2\/media\/50239"}],"wp:attachment":[{"href":"https:\/\/newsinfoco.com.br\/inicio\/wp-json\/wp\/v2\/media?parent=50238"}],"wp:term":[{"taxonomy":"category","embeddable":true,"href":"https:\/\/newsinfoco.com.br\/inicio\/wp-json\/wp\/v2\/categories?post=50238"},{"taxonomy":"post_tag","embeddable":true,"href":"https:\/\/newsinfoco.com.br\/inicio\/wp-json\/wp\/v2\/tags?post=50238"}],"curies":[{"name":"wp","href":"https:\/\/api.w.org\/{rel}","templated":true}]}}