{"id":50248,"date":"2026-04-09T17:02:33","date_gmt":"2026-04-09T20:02:33","guid":{"rendered":"https:\/\/newsinfoco.com.br\/inicio\/?p=50248"},"modified":"2026-04-09T17:02:33","modified_gmt":"2026-04-09T20:02:33","slug":"copa-do-mundo-2026-o-que-o-torcedor-brasileiro-precisa-saber-antes-da-estreia-da-selecao","status":"publish","type":"post","link":"https:\/\/newsinfoco.com.br\/inicio\/copa-do-mundo-2026-o-que-o-torcedor-brasileiro-precisa-saber-antes-da-estreia-da-selecao\/","title":{"rendered":"Copa do Mundo 2026: o que o torcedor brasileiro precisa saber antes da estreia da Sele\u00e7\u00e3o"},"content":{"rendered":"<div class=\"conteudo_post\">\n<p>A Copa do Mundo de 2026 acontece entre 11 de junho e 19 de julho, distribu\u00edda por Estados Unidos, Canad\u00e1 e M\u00e9xico. O Brasil entra em campo com um novo t\u00e9cnico, um elenco renovado e 24 anos de jejum nas costas. Aqui est\u00e1 o essencial para n\u00e3o ficar de fora da conversa.<\/p>\n<h2><b>O grupo, os rivais e a estreia que vai exigir aten\u00e7\u00e3o<\/b><\/h2>\n<p>O sorteio realizado no Kennedy Center, em Washington, colocou a Sele\u00e7\u00e3o no Grupo C, ao lado de Marrocos, Esc\u00f3cia e Haiti. Na teoria, parece tranquilo. Na pr\u00e1tica, o primeiro jogo j\u00e1 \u00e9 o mais complicado do grupo.<\/p>\n<p>O Brasil estreia no dia 13 de junho contra o Marrocos, depois enfrenta o Haiti no dia 19 e a Esc\u00f3cia no dia 24. Para quem gosta de acompanhar as odds antes de assistir aos jogos, a plataforma\u00a0<a href=\"https:\/\/1xbet.bet.br\/pt\" target=\"_blank\" rel=\"noopener noreferrer\">1xBet no Brasil<\/a>\u00a0j\u00e1 disponibiliza mercados completos para todos os confrontos do Grupo C, incluindo op\u00e7\u00f5es jogo a jogo e apostas de longo prazo no Mundial.<\/p>\n<p>O Marrocos chega como oitavo colocado no ranking da FIFA e fez campanha hist\u00f3rica em 2022, terminando na quarta posi\u00e7\u00e3o. Nas eliminat\u00f3rias para este Mundial, a sele\u00e7\u00e3o africana venceu todos os jogos com apenas dois gols sofridos. Isso \u00e9 um n\u00famero absurdo para qualquer campanha classificat\u00f3ria. N\u00e3o \u00e9 um advers\u00e1rio que o Brasil pode tratar como aquecimento.<\/p>\n<p>Os tr\u00eas advers\u00e1rios do Brasil na fase de grupos t\u00eam perfis bem distintos:<\/p>\n<ul>\n<li aria-level=\"1\"><b>Marrocos<\/b>: organiza\u00e7\u00e3o t\u00e1tica s\u00f3lida, jogadores de alto n\u00edvel em clubes europeus, contra-ataques r\u00e1pidos com Hakimi e Ziyech<\/li>\n<li aria-level=\"1\"><b>Esc\u00f3cia<\/b>: time f\u00edsico, europeu, sem grandes estrelas mas com intensidade e disciplina<\/li>\n<li aria-level=\"1\"><b>Haiti<\/b>: o advers\u00e1rio mais acess\u00edvel do grupo, presente pela primeira vez em um Mundial com 48 sele\u00e7\u00f5es<\/li>\n<\/ul>\n<h2><\/h2>\n<h2><b>O t\u00e9cnico italiano e a miss\u00e3o do hexa<\/b><\/h2>\n<p>Carlo Ancelotti foi anunciado como treinador da Sele\u00e7\u00e3o em 12 de maio de 2025, assinando contrato at\u00e9 a Copa do Mundo. N\u00e3o \u00e9 pouca coisa. O italiano acumula mais t\u00edtulos na hist\u00f3ria da UEFA Champions League do que qualquer outro t\u00e9cnico, com cinco conquistas ao longo da carreira. Agora ele enfrenta o desafio mais peculiar da carreira: convencer 215 milh\u00f5es de brasileiros de que sabe futebol.<\/p>\n<p>A principal baixa confirmada \u00e9 Rodrygo, do Real Madrid, que sofreu les\u00e3o grave no joelho e est\u00e1 fora do Mundial. Tamb\u00e9m Bruno Guimar\u00e3es, do Newcastle, se recupera de les\u00e3o muscular grave, mas deve ter condi\u00e7\u00f5es para o torneio. S\u00e3o dois nomes centrais no esquema de Ancelotti.<\/p>\n<p>A convoca\u00e7\u00e3o final sai no dia 18 de maio. Os nomes mais cotados para o ataque, segundo an\u00e1lises da imprensa especializada, incluem:<\/p>\n<ul>\n<li aria-level=\"1\"><b>Vinicius J\u00fanior<\/b>\u00a0(Real Madrid): l\u00edder t\u00e9cnico e prov\u00e1vel capit\u00e3o ofensivo<\/li>\n<li aria-level=\"1\"><b>Raphinha<\/b>\u00a0(Barcelona): confirmado em todas as listas de Ancelotti<\/li>\n<li aria-level=\"1\"><b>Est\u00eav\u00e3o<\/b>\u00a0(Chelsea): artilheiro da era Ancelotti, mas recuperando les\u00e3o na coxa<\/li>\n<li aria-level=\"1\"><b>Endrick<\/b>\u00a0(Lyon): jovem que se destacou nos amistosos de mar\u00e7o contra Cro\u00e1cia e Fran\u00e7a<\/li>\n<li aria-level=\"1\"><b>Matheus Cunha<\/b>\u00a0(Manchester United): cinco convoca\u00e7\u00f5es no ciclo<\/li>\n<\/ul>\n<p>&nbsp;<\/p>\n<p>Neymar n\u00e3o foi convocado em nenhum momento por Ancelotti desde que o t\u00e9cnico assumiu o Brasil, e suas chances de ir ao Mundial parecem cada vez menores. Uma Copa sem Neymar seria in\u00e9dita desde 2006. Dif\u00edcil de imaginar, mas bem poss\u00edvel.<\/p>\n<h2><b>O novo formato que muda tudo<\/b><\/h2>\n<p>Pela primeira vez, a Copa conta com 48 sele\u00e7\u00f5es divididas em 12 grupos de quatro times. Apenas os dois primeiros de cada grupo avan\u00e7am ao mata-mata, e o torneio ter\u00e1 104 jogos no total, contra 64 em 2022. Um salto impressionante.<\/p>\n<p>Tem uma novidade que poucos perceberam: antes o mata-mata come\u00e7ava nas oitavas de final; agora h\u00e1 uma fase a mais, chamada de rodada de 32. Ou seja, o campe\u00e3o precisa vencer oito jogos. Antes eram sete. Para a Sele\u00e7\u00e3o, isso significa mais uma decis\u00e3o antes de chegar \u00e0s oitavas propriamente ditas.<\/p>\n<p>Pontos importantes que o torcedor precisa ter em mente sobre a competi\u00e7\u00e3o:<\/p>\n<ul>\n<li aria-level=\"1\">A fase de grupos vai de 11 a 27 de junho<\/li>\n<li aria-level=\"1\">O mata-mata come\u00e7a no dia 29 de junho<\/li>\n<li aria-level=\"1\">A grande final acontece no dia 19 de julho, no MetLife Stadium, em East Rutherford, Nova Jersey<\/li>\n<li aria-level=\"1\">Os jogos do Brasil no Brasil ser\u00e3o transmitidos por Globo, Caz\u00e9TV, SBT e N Sports; apenas a Caz\u00e9TV det\u00e9m os direitos de todos os 104 jogos<\/li>\n<\/ul>\n<p>O Brasil vai treinar no Centro de Treinamento Columbia Park, em Morristown, Nova Jersey, a apenas 30 minutos do MetLife Stadium onde estreia. A log\u00edstica foi calculada para evitar desgaste. Ancelotti cuida dos detalhes.<\/p>\n<p>O jejum de 24 anos pesa, sim. Sete das oito Copas disputadas nas Am\u00e9ricas ficaram com sele\u00e7\u00f5es sul-americanas, o que coloca a hist\u00f3ria ao lado do Brasil. Se isso vai se confirmar em campo a partir do dia 13 de junho, \u00e9 outra hist\u00f3ria completamente.<\/p>\n<\/div>\n<div id=\"div-share\">Bahia.Ba<\/div>\n<div class='share-to-whatsapp-wrapper'><div class='share-on-whsp'>Share on: <\/div><a data-text='Copa do Mundo 2026: o que o torcedor brasileiro precisa saber antes da estreia da Sele\u00e7\u00e3o' data-link='https:\/\/newsinfoco.com.br\/inicio\/copa-do-mundo-2026-o-que-o-torcedor-brasileiro-precisa-saber-antes-da-estreia-da-selecao\/' class='whatsapp-button whatsapp-share'>WhatsApp<\/a><div class='clear '><\/div><\/div>","protected":false},"excerpt":{"rendered":"<p>A Copa do Mundo de 2026 acontece entre 11 de junho e 19 de julho, distribu\u00edda por Estados Unidos, Canad\u00e1 e M\u00e9xico. O Brasil entra em campo com um novo t\u00e9cnico, um elenco renovado e 24 anos de jejum nas costas. Aqui est\u00e1 o essencial para n\u00e3o ficar de fora da conversa. O grupo, os [&hellip;]<\/p>\n","protected":false},"author":1,"featured_media":50249,"comment_status":"closed","ping_status":"closed","sticky":false,"template":"","format":"standard","meta":{"om_disable_all_campaigns":false,"rop_custom_images_group":[],"rop_custom_messages_group":[],"rop_publish_now":"initial","rop_publish_now_accounts":[],"rop_publish_now_history":[],"rop_publish_now_status":"pending","_exactmetrics_skip_tracking":false,"footnotes":""},"categories":[21],"tags":[],"class_list":["post-50248","post","type-post","status-publish","format-standard","has-post-thumbnail","hentry","category-brasil"],"aioseo_notices":[],"aioseo_head":"\n\t\t<!-- All in One SEO 4.9.10 - aioseo.com -->\n\t<meta name=\"description\" content=\"A Copa do Mundo de 2026 acontece entre 11 de junho e 19 de julho, distribu\u00edda por Estados Unidos, Canad\u00e1 e M\u00e9xico. O Brasil entra em campo com um novo t\u00e9cnico, um elenco renovado e 24 anos de jejum nas costas. Aqui est\u00e1 o essencial para n\u00e3o ficar de fora da conversa. O grupo, os\" \/>\n\t<meta name=\"robots\" content=\"max-image-preview:large\" \/>\n\t<meta name=\"author\" content=\"administrador\"\/>\n\t<link rel=\"canonical\" href=\"https:\/\/newsinfoco.com.br\/inicio\/copa-do-mundo-2026-o-que-o-torcedor-brasileiro-precisa-saber-antes-da-estreia-da-selecao\/\" \/>\n\t<meta name=\"generator\" content=\"All in One SEO (AIOSEO) 4.9.10\" \/>\n\t\t<meta property=\"og:locale\" content=\"pt_BR\" \/>\n\t\t<meta property=\"og:site_name\" content=\"News In Foco - Editado por Caio Pimenta - O principal site de noticias de Alagoinhas e regi\u00e3o\" \/>\n\t\t<meta property=\"og:type\" content=\"article\" \/>\n\t\t<meta property=\"og:title\" content=\"Copa do Mundo 2026: o que o torcedor brasileiro precisa saber antes da estreia da Sele\u00e7\u00e3o - News In Foco - Editado por Caio Pimenta\" \/>\n\t\t<meta property=\"og:description\" content=\"A Copa do Mundo de 2026 acontece entre 11 de junho e 19 de julho, distribu\u00edda por Estados Unidos, Canad\u00e1 e M\u00e9xico. O Brasil entra em campo com um novo t\u00e9cnico, um elenco renovado e 24 anos de jejum nas costas. Aqui est\u00e1 o essencial para n\u00e3o ficar de fora da conversa. O grupo, os\" \/>\n\t\t<meta property=\"og:url\" content=\"https:\/\/newsinfoco.com.br\/inicio\/copa-do-mundo-2026-o-que-o-torcedor-brasileiro-precisa-saber-antes-da-estreia-da-selecao\/\" \/>\n\t\t<meta property=\"article:published_time\" content=\"2026-04-09T20:02:33+00:00\" \/>\n\t\t<meta property=\"article:modified_time\" content=\"2026-04-09T20:02:33+00:00\" \/>\n\t\t<meta name=\"twitter:card\" content=\"summary_large_image\" \/>\n\t\t<meta name=\"twitter:title\" content=\"Copa do Mundo 2026: o que o torcedor brasileiro precisa saber antes da estreia da Sele\u00e7\u00e3o - News In Foco - Editado por Caio Pimenta\" \/>\n\t\t<meta name=\"twitter:description\" content=\"A Copa do Mundo de 2026 acontece entre 11 de junho e 19 de julho, distribu\u00edda por Estados Unidos, Canad\u00e1 e M\u00e9xico. O Brasil entra em campo com um novo t\u00e9cnico, um elenco renovado e 24 anos de jejum nas costas. Aqui est\u00e1 o essencial para n\u00e3o ficar de fora da conversa. O grupo, os\" \/>\n\t\t<script type=\"application\/ld+json\" class=\"aioseo-schema\">\n\t\t\t{\"@context\":\"https:\\\/\\\/schema.org\",\"@graph\":[{\"@type\":\"BlogPosting\",\"@id\":\"https:\\\/\\\/newsinfoco.com.br\\\/inicio\\\/copa-do-mundo-2026-o-que-o-torcedor-brasileiro-precisa-saber-antes-da-estreia-da-selecao\\\/#blogposting\",\"name\":\"Copa do Mundo 2026: o que o torcedor brasileiro precisa saber antes da estreia da Sele\\u00e7\\u00e3o - News In Foco - Editado por Caio Pimenta\",\"headline\":\"Copa do Mundo 2026: o que o torcedor brasileiro precisa saber antes da estreia da Sele\\u00e7\\u00e3o\",\"author\":{\"@id\":\"https:\\\/\\\/newsinfoco.com.br\\\/inicio\\\/author\\\/administrador\\\/#author\"},\"publisher\":{\"@id\":\"https:\\\/\\\/newsinfoco.com.br\\\/inicio\\\/#organization\"},\"image\":{\"@type\":\"ImageObject\",\"url\":\"https:\\\/\\\/newsinfoco.com.br\\\/inicio\\\/wp-content\\\/uploads\\\/2026\\\/04\\\/Copa-do-Mundo-2026-conheca-a-Trionda-bola-oficial-0021348700202510040824.webp\",\"width\":1400,\"height\":788},\"datePublished\":\"2026-04-09T17:02:33-03:00\",\"dateModified\":\"2026-04-09T17:02:33-03:00\",\"inLanguage\":\"pt-BR\",\"mainEntityOfPage\":{\"@id\":\"https:\\\/\\\/newsinfoco.com.br\\\/inicio\\\/copa-do-mundo-2026-o-que-o-torcedor-brasileiro-precisa-saber-antes-da-estreia-da-selecao\\\/#webpage\"},\"isPartOf\":{\"@id\":\"https:\\\/\\\/newsinfoco.com.br\\\/inicio\\\/copa-do-mundo-2026-o-que-o-torcedor-brasileiro-precisa-saber-antes-da-estreia-da-selecao\\\/#webpage\"},\"articleSection\":\"Brasil\"},{\"@type\":\"BreadcrumbList\",\"@id\":\"https:\\\/\\\/newsinfoco.com.br\\\/inicio\\\/copa-do-mundo-2026-o-que-o-torcedor-brasileiro-precisa-saber-antes-da-estreia-da-selecao\\\/#breadcrumblist\",\"itemListElement\":[{\"@type\":\"ListItem\",\"@id\":\"https:\\\/\\\/newsinfoco.com.br\\\/inicio#listItem\",\"position\":1,\"name\":\"In\\u00edcio\",\"item\":\"https:\\\/\\\/newsinfoco.com.br\\\/inicio\",\"nextItem\":{\"@type\":\"ListItem\",\"@id\":\"https:\\\/\\\/newsinfoco.com.br\\\/inicio\\\/category\\\/brasil\\\/#listItem\",\"name\":\"Brasil\"}},{\"@type\":\"ListItem\",\"@id\":\"https:\\\/\\\/newsinfoco.com.br\\\/inicio\\\/category\\\/brasil\\\/#listItem\",\"position\":2,\"name\":\"Brasil\",\"item\":\"https:\\\/\\\/newsinfoco.com.br\\\/inicio\\\/category\\\/brasil\\\/\",\"nextItem\":{\"@type\":\"ListItem\",\"@id\":\"https:\\\/\\\/newsinfoco.com.br\\\/inicio\\\/copa-do-mundo-2026-o-que-o-torcedor-brasileiro-precisa-saber-antes-da-estreia-da-selecao\\\/#listItem\",\"name\":\"Copa do Mundo 2026: o que o torcedor brasileiro precisa saber antes da estreia da Sele\\u00e7\\u00e3o\"},\"previousItem\":{\"@type\":\"ListItem\",\"@id\":\"https:\\\/\\\/newsinfoco.com.br\\\/inicio#listItem\",\"name\":\"In\\u00edcio\"}},{\"@type\":\"ListItem\",\"@id\":\"https:\\\/\\\/newsinfoco.com.br\\\/inicio\\\/copa-do-mundo-2026-o-que-o-torcedor-brasileiro-precisa-saber-antes-da-estreia-da-selecao\\\/#listItem\",\"position\":3,\"name\":\"Copa do Mundo 2026: o que o torcedor brasileiro precisa saber antes da estreia da Sele\\u00e7\\u00e3o\",\"previousItem\":{\"@type\":\"ListItem\",\"@id\":\"https:\\\/\\\/newsinfoco.com.br\\\/inicio\\\/category\\\/brasil\\\/#listItem\",\"name\":\"Brasil\"}}]},{\"@type\":\"Organization\",\"@id\":\"https:\\\/\\\/newsinfoco.com.br\\\/inicio\\\/#organization\",\"name\":\"News In Foco - Editado por Caio Pimenta\",\"description\":\"O principal site de noticias de Alagoinhas e regi\\u00e3o\",\"url\":\"https:\\\/\\\/newsinfoco.com.br\\\/inicio\\\/\"},{\"@type\":\"Person\",\"@id\":\"https:\\\/\\\/newsinfoco.com.br\\\/inicio\\\/author\\\/administrador\\\/#author\",\"url\":\"https:\\\/\\\/newsinfoco.com.br\\\/inicio\\\/author\\\/administrador\\\/\",\"name\":\"administrador\",\"image\":{\"@type\":\"ImageObject\",\"@id\":\"https:\\\/\\\/newsinfoco.com.br\\\/inicio\\\/copa-do-mundo-2026-o-que-o-torcedor-brasileiro-precisa-saber-antes-da-estreia-da-selecao\\\/#authorImage\",\"url\":\"https:\\\/\\\/secure.gravatar.com\\\/avatar\\\/c17a617433de8c1dc9584bb79aab7563b46f5bb7e1728c9b17d9cc3ce6a08e49?s=96&d=mm&r=g\",\"width\":96,\"height\":96,\"caption\":\"administrador\"}},{\"@type\":\"WebPage\",\"@id\":\"https:\\\/\\\/newsinfoco.com.br\\\/inicio\\\/copa-do-mundo-2026-o-que-o-torcedor-brasileiro-precisa-saber-antes-da-estreia-da-selecao\\\/#webpage\",\"url\":\"https:\\\/\\\/newsinfoco.com.br\\\/inicio\\\/copa-do-mundo-2026-o-que-o-torcedor-brasileiro-precisa-saber-antes-da-estreia-da-selecao\\\/\",\"name\":\"Copa do Mundo 2026: o que o torcedor brasileiro precisa saber antes da estreia da Sele\\u00e7\\u00e3o - News In Foco - Editado por Caio Pimenta\",\"description\":\"A Copa do Mundo de 2026 acontece entre 11 de junho e 19 de julho, distribu\\u00edda por Estados Unidos, Canad\\u00e1 e M\\u00e9xico. O Brasil entra em campo com um novo t\\u00e9cnico, um elenco renovado e 24 anos de jejum nas costas. Aqui est\\u00e1 o essencial para n\\u00e3o ficar de fora da conversa. O grupo, os\",\"inLanguage\":\"pt-BR\",\"isPartOf\":{\"@id\":\"https:\\\/\\\/newsinfoco.com.br\\\/inicio\\\/#website\"},\"breadcrumb\":{\"@id\":\"https:\\\/\\\/newsinfoco.com.br\\\/inicio\\\/copa-do-mundo-2026-o-que-o-torcedor-brasileiro-precisa-saber-antes-da-estreia-da-selecao\\\/#breadcrumblist\"},\"author\":{\"@id\":\"https:\\\/\\\/newsinfoco.com.br\\\/inicio\\\/author\\\/administrador\\\/#author\"},\"creator\":{\"@id\":\"https:\\\/\\\/newsinfoco.com.br\\\/inicio\\\/author\\\/administrador\\\/#author\"},\"image\":{\"@type\":\"ImageObject\",\"url\":\"https:\\\/\\\/newsinfoco.com.br\\\/inicio\\\/wp-content\\\/uploads\\\/2026\\\/04\\\/Copa-do-Mundo-2026-conheca-a-Trionda-bola-oficial-0021348700202510040824.webp\",\"@id\":\"https:\\\/\\\/newsinfoco.com.br\\\/inicio\\\/copa-do-mundo-2026-o-que-o-torcedor-brasileiro-precisa-saber-antes-da-estreia-da-selecao\\\/#mainImage\",\"width\":1400,\"height\":788},\"primaryImageOfPage\":{\"@id\":\"https:\\\/\\\/newsinfoco.com.br\\\/inicio\\\/copa-do-mundo-2026-o-que-o-torcedor-brasileiro-precisa-saber-antes-da-estreia-da-selecao\\\/#mainImage\"},\"datePublished\":\"2026-04-09T17:02:33-03:00\",\"dateModified\":\"2026-04-09T17:02:33-03:00\"},{\"@type\":\"WebSite\",\"@id\":\"https:\\\/\\\/newsinfoco.com.br\\\/inicio\\\/#website\",\"url\":\"https:\\\/\\\/newsinfoco.com.br\\\/inicio\\\/\",\"name\":\"News In Foco - Editado por Caio Pimenta\",\"description\":\"O principal site de noticias de Alagoinhas e regi\\u00e3o\",\"inLanguage\":\"pt-BR\",\"publisher\":{\"@id\":\"https:\\\/\\\/newsinfoco.com.br\\\/inicio\\\/#organization\"}}]}\n\t\t<\/script>\n\t\t<!-- All in One SEO -->\n\n","aioseo_head_json":{"title":"Copa do Mundo 2026: o que o torcedor brasileiro precisa saber antes da estreia da Sele\u00e7\u00e3o - News In Foco - Editado por Caio Pimenta","description":"A Copa do Mundo de 2026 acontece entre 11 de junho e 19 de julho, distribu\u00edda por Estados Unidos, Canad\u00e1 e M\u00e9xico. O Brasil entra em campo com um novo t\u00e9cnico, um elenco renovado e 24 anos de jejum nas costas. Aqui est\u00e1 o essencial para n\u00e3o ficar de fora da conversa. O grupo, os","canonical_url":"https:\/\/newsinfoco.com.br\/inicio\/copa-do-mundo-2026-o-que-o-torcedor-brasileiro-precisa-saber-antes-da-estreia-da-selecao\/","robots":"max-image-preview:large","keywords":"","webmasterTools":{"miscellaneous":""},"schema":{"@context":"https:\/\/schema.org","@graph":[{"@type":"BlogPosting","@id":"https:\/\/newsinfoco.com.br\/inicio\/copa-do-mundo-2026-o-que-o-torcedor-brasileiro-precisa-saber-antes-da-estreia-da-selecao\/#blogposting","name":"Copa do Mundo 2026: o que o torcedor brasileiro precisa saber antes da estreia da Sele\u00e7\u00e3o - News In Foco - Editado por Caio Pimenta","headline":"Copa do Mundo 2026: o que o torcedor brasileiro precisa saber antes da estreia da Sele\u00e7\u00e3o","author":{"@id":"https:\/\/newsinfoco.com.br\/inicio\/author\/administrador\/#author"},"publisher":{"@id":"https:\/\/newsinfoco.com.br\/inicio\/#organization"},"image":{"@type":"ImageObject","url":"https:\/\/newsinfoco.com.br\/inicio\/wp-content\/uploads\/2026\/04\/Copa-do-Mundo-2026-conheca-a-Trionda-bola-oficial-0021348700202510040824.webp","width":1400,"height":788},"datePublished":"2026-04-09T17:02:33-03:00","dateModified":"2026-04-09T17:02:33-03:00","inLanguage":"pt-BR","mainEntityOfPage":{"@id":"https:\/\/newsinfoco.com.br\/inicio\/copa-do-mundo-2026-o-que-o-torcedor-brasileiro-precisa-saber-antes-da-estreia-da-selecao\/#webpage"},"isPartOf":{"@id":"https:\/\/newsinfoco.com.br\/inicio\/copa-do-mundo-2026-o-que-o-torcedor-brasileiro-precisa-saber-antes-da-estreia-da-selecao\/#webpage"},"articleSection":"Brasil"},{"@type":"BreadcrumbList","@id":"https:\/\/newsinfoco.com.br\/inicio\/copa-do-mundo-2026-o-que-o-torcedor-brasileiro-precisa-saber-antes-da-estreia-da-selecao\/#breadcrumblist","itemListElement":[{"@type":"ListItem","@id":"https:\/\/newsinfoco.com.br\/inicio#listItem","position":1,"name":"In\u00edcio","item":"https:\/\/newsinfoco.com.br\/inicio","nextItem":{"@type":"ListItem","@id":"https:\/\/newsinfoco.com.br\/inicio\/category\/brasil\/#listItem","name":"Brasil"}},{"@type":"ListItem","@id":"https:\/\/newsinfoco.com.br\/inicio\/category\/brasil\/#listItem","position":2,"name":"Brasil","item":"https:\/\/newsinfoco.com.br\/inicio\/category\/brasil\/","nextItem":{"@type":"ListItem","@id":"https:\/\/newsinfoco.com.br\/inicio\/copa-do-mundo-2026-o-que-o-torcedor-brasileiro-precisa-saber-antes-da-estreia-da-selecao\/#listItem","name":"Copa do Mundo 2026: o que o torcedor brasileiro precisa saber antes da estreia da Sele\u00e7\u00e3o"},"previousItem":{"@type":"ListItem","@id":"https:\/\/newsinfoco.com.br\/inicio#listItem","name":"In\u00edcio"}},{"@type":"ListItem","@id":"https:\/\/newsinfoco.com.br\/inicio\/copa-do-mundo-2026-o-que-o-torcedor-brasileiro-precisa-saber-antes-da-estreia-da-selecao\/#listItem","position":3,"name":"Copa do Mundo 2026: o que o torcedor brasileiro precisa saber antes da estreia da Sele\u00e7\u00e3o","previousItem":{"@type":"ListItem","@id":"https:\/\/newsinfoco.com.br\/inicio\/category\/brasil\/#listItem","name":"Brasil"}}]},{"@type":"Organization","@id":"https:\/\/newsinfoco.com.br\/inicio\/#organization","name":"News In Foco - Editado por Caio Pimenta","description":"O principal site de noticias de Alagoinhas e regi\u00e3o","url":"https:\/\/newsinfoco.com.br\/inicio\/"},{"@type":"Person","@id":"https:\/\/newsinfoco.com.br\/inicio\/author\/administrador\/#author","url":"https:\/\/newsinfoco.com.br\/inicio\/author\/administrador\/","name":"administrador","image":{"@type":"ImageObject","@id":"https:\/\/newsinfoco.com.br\/inicio\/copa-do-mundo-2026-o-que-o-torcedor-brasileiro-precisa-saber-antes-da-estreia-da-selecao\/#authorImage","url":"https:\/\/secure.gravatar.com\/avatar\/c17a617433de8c1dc9584bb79aab7563b46f5bb7e1728c9b17d9cc3ce6a08e49?s=96&d=mm&r=g","width":96,"height":96,"caption":"administrador"}},{"@type":"WebPage","@id":"https:\/\/newsinfoco.com.br\/inicio\/copa-do-mundo-2026-o-que-o-torcedor-brasileiro-precisa-saber-antes-da-estreia-da-selecao\/#webpage","url":"https:\/\/newsinfoco.com.br\/inicio\/copa-do-mundo-2026-o-que-o-torcedor-brasileiro-precisa-saber-antes-da-estreia-da-selecao\/","name":"Copa do Mundo 2026: o que o torcedor brasileiro precisa saber antes da estreia da Sele\u00e7\u00e3o - News In Foco - Editado por Caio Pimenta","description":"A Copa do Mundo de 2026 acontece entre 11 de junho e 19 de julho, distribu\u00edda por Estados Unidos, Canad\u00e1 e M\u00e9xico. O Brasil entra em campo com um novo t\u00e9cnico, um elenco renovado e 24 anos de jejum nas costas. Aqui est\u00e1 o essencial para n\u00e3o ficar de fora da conversa. O grupo, os","inLanguage":"pt-BR","isPartOf":{"@id":"https:\/\/newsinfoco.com.br\/inicio\/#website"},"breadcrumb":{"@id":"https:\/\/newsinfoco.com.br\/inicio\/copa-do-mundo-2026-o-que-o-torcedor-brasileiro-precisa-saber-antes-da-estreia-da-selecao\/#breadcrumblist"},"author":{"@id":"https:\/\/newsinfoco.com.br\/inicio\/author\/administrador\/#author"},"creator":{"@id":"https:\/\/newsinfoco.com.br\/inicio\/author\/administrador\/#author"},"image":{"@type":"ImageObject","url":"https:\/\/newsinfoco.com.br\/inicio\/wp-content\/uploads\/2026\/04\/Copa-do-Mundo-2026-conheca-a-Trionda-bola-oficial-0021348700202510040824.webp","@id":"https:\/\/newsinfoco.com.br\/inicio\/copa-do-mundo-2026-o-que-o-torcedor-brasileiro-precisa-saber-antes-da-estreia-da-selecao\/#mainImage","width":1400,"height":788},"primaryImageOfPage":{"@id":"https:\/\/newsinfoco.com.br\/inicio\/copa-do-mundo-2026-o-que-o-torcedor-brasileiro-precisa-saber-antes-da-estreia-da-selecao\/#mainImage"},"datePublished":"2026-04-09T17:02:33-03:00","dateModified":"2026-04-09T17:02:33-03:00"},{"@type":"WebSite","@id":"https:\/\/newsinfoco.com.br\/inicio\/#website","url":"https:\/\/newsinfoco.com.br\/inicio\/","name":"News In Foco - Editado por Caio Pimenta","description":"O principal site de noticias de Alagoinhas e regi\u00e3o","inLanguage":"pt-BR","publisher":{"@id":"https:\/\/newsinfoco.com.br\/inicio\/#organization"}}]},"og:locale":"pt_BR","og:site_name":"News In Foco - Editado por Caio Pimenta - O principal site de noticias de Alagoinhas e regi\u00e3o","og:type":"article","og:title":"Copa do Mundo 2026: o que o torcedor brasileiro precisa saber antes da estreia da Sele\u00e7\u00e3o - News In Foco - Editado por Caio Pimenta","og:description":"A Copa do Mundo de 2026 acontece entre 11 de junho e 19 de julho, distribu\u00edda por Estados Unidos, Canad\u00e1 e M\u00e9xico. O Brasil entra em campo com um novo t\u00e9cnico, um elenco renovado e 24 anos de jejum nas costas. Aqui est\u00e1 o essencial para n\u00e3o ficar de fora da conversa. O grupo, os","og:url":"https:\/\/newsinfoco.com.br\/inicio\/copa-do-mundo-2026-o-que-o-torcedor-brasileiro-precisa-saber-antes-da-estreia-da-selecao\/","article:published_time":"2026-04-09T20:02:33+00:00","article:modified_time":"2026-04-09T20:02:33+00:00","twitter:card":"summary_large_image","twitter:title":"Copa do Mundo 2026: o que o torcedor brasileiro precisa saber antes da estreia da Sele\u00e7\u00e3o - News In Foco - Editado por Caio Pimenta","twitter:description":"A Copa do Mundo de 2026 acontece entre 11 de junho e 19 de julho, distribu\u00edda por Estados Unidos, Canad\u00e1 e M\u00e9xico. O Brasil entra em campo com um novo t\u00e9cnico, um elenco renovado e 24 anos de jejum nas costas. Aqui est\u00e1 o essencial para n\u00e3o ficar de fora da conversa. O grupo, os"},"aioseo_meta_data":{"post_id":"50248","title":null,"description":null,"keywords":null,"keyphrases":{"focus":{"keyphrase":"","score":0,"analysis":{"keyphraseInTitle":{"score":0,"maxScore":9,"error":1}}},"additional":[]},"primary_term":null,"canonical_url":null,"og_title":null,"og_description":null,"og_object_type":"default","og_image_type":"default","og_image_url":null,"og_image_width":null,"og_image_height":null,"og_image_custom_url":null,"og_image_custom_fields":null,"og_video":"","og_custom_url":null,"og_article_section":null,"og_article_tags":null,"twitter_use_og":false,"twitter_card":"default","twitter_image_type":"default","twitter_image_url":null,"twitter_image_custom_url":null,"twitter_image_custom_fields":null,"twitter_title":null,"twitter_description":null,"schema":{"blockGraphs":[],"customGraphs":[],"default":{"data":{"Article":[],"Course":[],"Dataset":[],"FAQPage":[],"Movie":[],"Person":[],"Product":[],"ProductReview":[],"Car":[],"Recipe":[],"Service":[],"SoftwareApplication":[],"WebPage":[]},"graphName":"BlogPosting","isEnabled":true},"graphs":[]},"schema_type":"default","schema_type_options":null,"pillar_content":false,"robots_default":true,"robots_noindex":false,"robots_noarchive":false,"robots_nosnippet":false,"robots_nofollow":false,"robots_noimageindex":false,"robots_noodp":false,"robots_notranslate":false,"robots_max_snippet":"-1","robots_max_videopreview":"-1","robots_max_imagepreview":"large","priority":null,"frequency":"default","local_seo":null,"breadcrumb_settings":null,"limit_modified_date":false,"ai":{"faqs":[],"keyPoints":[],"titles":[],"descriptions":[],"socialPosts":{"email":[],"linkedin":[],"twitter":[],"facebook":[],"instagram":[]}},"created":"2026-04-09 20:02:33","updated":"2026-04-09 20:14:40","seo_analyzer_scan_date":null},"aioseo_breadcrumb":"<div class=\"aioseo-breadcrumbs\"><span class=\"aioseo-breadcrumb\">\n\t\t\t<a href=\"https:\/\/newsinfoco.com.br\/inicio\" title=\"In\u00edcio\">In\u00edcio<\/a>\n\t\t<\/span><span class=\"aioseo-breadcrumb-separator\">&raquo;<\/span><span class=\"aioseo-breadcrumb\">\n\t\t\t<a href=\"https:\/\/newsinfoco.com.br\/inicio\/category\/brasil\/\" title=\"Brasil\">Brasil<\/a>\n\t\t<\/span><span class=\"aioseo-breadcrumb-separator\">&raquo;<\/span><span class=\"aioseo-breadcrumb\">\n\t\t\tCopa do Mundo 2026: o que o torcedor brasileiro precisa saber antes da estreia da Sele\u00e7\u00e3o\n\t\t<\/span><\/div>","aioseo_breadcrumb_json":[{"label":"In\u00edcio","link":"https:\/\/newsinfoco.com.br\/inicio"},{"label":"Brasil","link":"https:\/\/newsinfoco.com.br\/inicio\/category\/brasil\/"},{"label":"Copa do Mundo 2026: o que o torcedor brasileiro precisa saber antes da estreia da Sele\u00e7\u00e3o","link":"https:\/\/newsinfoco.com.br\/inicio\/copa-do-mundo-2026-o-que-o-torcedor-brasileiro-precisa-saber-antes-da-estreia-da-selecao\/"}],"_links":{"self":[{"href":"https:\/\/newsinfoco.com.br\/inicio\/wp-json\/wp\/v2\/posts\/50248","targetHints":{"allow":["GET"]}}],"collection":[{"href":"https:\/\/newsinfoco.com.br\/inicio\/wp-json\/wp\/v2\/posts"}],"about":[{"href":"https:\/\/newsinfoco.com.br\/inicio\/wp-json\/wp\/v2\/types\/post"}],"author":[{"embeddable":true,"href":"https:\/\/newsinfoco.com.br\/inicio\/wp-json\/wp\/v2\/users\/1"}],"replies":[{"embeddable":true,"href":"https:\/\/newsinfoco.com.br\/inicio\/wp-json\/wp\/v2\/comments?post=50248"}],"version-history":[{"count":1,"href":"https:\/\/newsinfoco.com.br\/inicio\/wp-json\/wp\/v2\/posts\/50248\/revisions"}],"predecessor-version":[{"id":50250,"href":"https:\/\/newsinfoco.com.br\/inicio\/wp-json\/wp\/v2\/posts\/50248\/revisions\/50250"}],"wp:featuredmedia":[{"embeddable":true,"href":"https:\/\/newsinfoco.com.br\/inicio\/wp-json\/wp\/v2\/media\/50249"}],"wp:attachment":[{"href":"https:\/\/newsinfoco.com.br\/inicio\/wp-json\/wp\/v2\/media?parent=50248"}],"wp:term":[{"taxonomy":"category","embeddable":true,"href":"https:\/\/newsinfoco.com.br\/inicio\/wp-json\/wp\/v2\/categories?post=50248"},{"taxonomy":"post_tag","embeddable":true,"href":"https:\/\/newsinfoco.com.br\/inicio\/wp-json\/wp\/v2\/tags?post=50248"}],"curies":[{"name":"wp","href":"https:\/\/api.w.org\/{rel}","templated":true}]}}