{"id":50261,"date":"2026-04-10T16:35:43","date_gmt":"2026-04-10T19:35:43","guid":{"rendered":"https:\/\/newsinfoco.com.br\/inicio\/?p=50261"},"modified":"2026-04-10T16:35:43","modified_gmt":"2026-04-10T19:35:43","slug":"prefeitura-de-alagoinhas-lanca-acao-passeio-livre-que-integra-medidas-para-organizar-ocupacao-dos-espacos-urbanos","status":"publish","type":"post","link":"https:\/\/newsinfoco.com.br\/inicio\/prefeitura-de-alagoinhas-lanca-acao-passeio-livre-que-integra-medidas-para-organizar-ocupacao-dos-espacos-urbanos\/","title":{"rendered":"Prefeitura de Alagoinhas lan\u00e7a A\u00e7\u00e3o Passeio Livre, que integra medidas para organizar ocupa\u00e7\u00e3o dos espa\u00e7os urbanos"},"content":{"rendered":"<p>Equipes da Superintend\u00eancia Municipal de Tr\u00e2nsito (SMT) e da Secretaria de Mobilidade e Ordem P\u00fablica (Semorp) realizaram, nesta sexta-feira, 10, na rua Bahia, no Petrolar, a primeira edi\u00e7\u00e3o da A\u00e7\u00e3o Passeio Livre, uma iniciativa que alia orienta\u00e7\u00e3o, cuidado com as pessoas e reorganiza\u00e7\u00e3o dos espa\u00e7os urbanos. Mais do que fiscalizar, a a\u00e7\u00e3o busca garantir seguran\u00e7a, acessibilidade e respeito ao pedestre, especialmente idosos, pessoas com defici\u00eancia e cidad\u00e3os com mobilidade reduzida.<br \/>\nCom o crescimento urbano e o aumento da atividade comercial em diversos pontos da cidade, est\u00e1 sendo cada vez mais comum \u2013 ainda que n\u00e3o seja permitida \u2013 a ocupa\u00e7\u00e3o irregular de cal\u00e7adas por mesas, cadeiras, ve\u00edculos e outros obst\u00e1culos, dificultando a circula\u00e7\u00e3o e, em muitos casos, obrigando pedestres a transitarem pela via, expondo-se a riscos de acidentes, como atropelamentos.<br \/>\nDe acordo com o secret\u00e1rio de mobilidade urbana, Hilton Ribeiro, o objetivo \u00e9 promover uma conviv\u00eancia mais harmoniosa e equilibrada, organizando o uso dos passeios sem prejudicar o desenvolvimento econ\u00f4mico local. \u201cA a\u00e7\u00e3o come\u00e7a com um trabalho educativo, orientando comerciantes e moradores sobre o uso adequado do espa\u00e7o p\u00fablico. Em um segundo momento, podem ser aplicadas advert\u00eancias e notifica\u00e7\u00f5es, sempre priorizando o di\u00e1logo e a constru\u00e7\u00e3o de solu\u00e7\u00f5es conjuntas\u201d, explica.<br \/>\nA percep\u00e7\u00e3o de moradores refor\u00e7a a necessidade da iniciativa. Para o morador Joilson Souza Santos, a a\u00e7\u00e3o \u00e9 positiva, sobretudo, diante das dificuldades enfrentadas diariamente por pedestres na rua Bahia por conta das cal\u00e7adas, muitas vezes, ocupadas de forma irregular. \u201cHoje, o passeio est\u00e1 muito limitado e, com muitos carros circulando, as pessoas acabam tendo que ir para a pista para conseguir caminhar\u201d, relata.<br \/>\nO morador tamb\u00e9m apontou quest\u00f5es relacionadas ao fluxo vi\u00e1rio, sugerindo que a via, atualmente de m\u00e3o dupla, poderia ser reorganizada. \u201cTalvez se fosse m\u00e3o \u00fanica, facilitaria tanto o tr\u00e2nsito quanto a passagem dos pedestres\u201d, analisa.<br \/>\nConforme o C\u00f3digo de Tr\u00e2nsito Brasileiro, o passeio \u00e9 um espa\u00e7o destinado prioritariamente aos pedestres. \u201cO uso compartilhado pode at\u00e9 ocorrer, desde que n\u00e3o comprometa a circula\u00e7\u00e3o segura das pessoas\u201d, destaca o agente de tr\u00e2nsito Jean Cardoso.<br \/>\nA opera\u00e7\u00e3o ter\u00e1 continuidade em outras regi\u00f5es de Alagoinhas, ampliando o alcance das a\u00e7\u00f5es e garantindo que mais \u00e1reas sejam contempladas com melhorias na mobilidade urbana. A Prefeitura orienta que den\u00fancias sobre obstru\u00e7\u00e3o de cal\u00e7adas e uso irregular dos passeios sejam feitas exclusivamente por meio da Ouvidoria do munic\u00edpio, canal oficial que assegura o registro, acompanhamento e resposta das demandas, com sigilo garantido.<\/p>\n<p>&nbsp;<\/p>\n<div class='share-to-whatsapp-wrapper'><div class='share-on-whsp'>Share on: <\/div><a data-text='Prefeitura de Alagoinhas lan\u00e7a A\u00e7\u00e3o Passeio Livre, que integra medidas para organizar ocupa\u00e7\u00e3o dos espa\u00e7os urbanos' data-link='https:\/\/newsinfoco.com.br\/inicio\/prefeitura-de-alagoinhas-lanca-acao-passeio-livre-que-integra-medidas-para-organizar-ocupacao-dos-espacos-urbanos\/' class='whatsapp-button whatsapp-share'>WhatsApp<\/a><div class='clear '><\/div><\/div>","protected":false},"excerpt":{"rendered":"<p>Equipes da Superintend\u00eancia Municipal de Tr\u00e2nsito (SMT) e da Secretaria de Mobilidade e Ordem P\u00fablica (Semorp) realizaram, nesta sexta-feira, 10, na rua Bahia, no Petrolar, a primeira edi\u00e7\u00e3o da A\u00e7\u00e3o Passeio Livre, uma iniciativa que alia orienta\u00e7\u00e3o, cuidado com as pessoas e reorganiza\u00e7\u00e3o dos espa\u00e7os urbanos. Mais do que fiscalizar, a a\u00e7\u00e3o busca garantir seguran\u00e7a, [&hellip;]<\/p>\n","protected":false},"author":1,"featured_media":50262,"comment_status":"closed","ping_status":"closed","sticky":false,"template":"","format":"standard","meta":{"om_disable_all_campaigns":false,"rop_custom_images_group":[],"rop_custom_messages_group":[],"rop_publish_now":"initial","rop_publish_now_accounts":[],"rop_publish_now_history":[],"rop_publish_now_status":"pending","_exactmetrics_skip_tracking":false,"footnotes":""},"categories":[38,167],"tags":[],"class_list":["post-50261","post","type-post","status-publish","format-standard","has-post-thumbnail","hentry","category-alagoinhas-e-regiao","category-exclusivas"],"aioseo_notices":[],"aioseo_head":"\n\t\t<!-- All in One SEO 4.9.10 - aioseo.com -->\n\t<meta name=\"description\" content=\"Equipes da Superintend\u00eancia Municipal de Tr\u00e2nsito (SMT) e da Secretaria de Mobilidade e Ordem P\u00fablica (Semorp) realizaram, nesta sexta-feira, 10, na rua Bahia, no Petrolar, a primeira edi\u00e7\u00e3o da A\u00e7\u00e3o Passeio Livre, uma iniciativa que alia orienta\u00e7\u00e3o, cuidado com as pessoas e reorganiza\u00e7\u00e3o dos espa\u00e7os urbanos. Mais do que fiscalizar, a a\u00e7\u00e3o busca garantir seguran\u00e7a,\" \/>\n\t<meta name=\"robots\" content=\"max-image-preview:large\" \/>\n\t<meta name=\"author\" content=\"administrador\"\/>\n\t<link rel=\"canonical\" href=\"https:\/\/newsinfoco.com.br\/inicio\/prefeitura-de-alagoinhas-lanca-acao-passeio-livre-que-integra-medidas-para-organizar-ocupacao-dos-espacos-urbanos\/\" \/>\n\t<meta name=\"generator\" content=\"All in One SEO (AIOSEO) 4.9.10\" \/>\n\t\t<meta property=\"og:locale\" content=\"pt_BR\" \/>\n\t\t<meta property=\"og:site_name\" content=\"News In Foco - Editado por Caio Pimenta - O principal site de noticias de Alagoinhas e regi\u00e3o\" \/>\n\t\t<meta property=\"og:type\" content=\"article\" \/>\n\t\t<meta property=\"og:title\" content=\"Prefeitura de Alagoinhas lan\u00e7a A\u00e7\u00e3o Passeio Livre, que integra medidas para organizar ocupa\u00e7\u00e3o dos espa\u00e7os urbanos - News In Foco - Editado por Caio Pimenta\" \/>\n\t\t<meta property=\"og:description\" content=\"Equipes da Superintend\u00eancia Municipal de Tr\u00e2nsito (SMT) e da Secretaria de Mobilidade e Ordem P\u00fablica (Semorp) realizaram, nesta sexta-feira, 10, na rua Bahia, no Petrolar, a primeira edi\u00e7\u00e3o da A\u00e7\u00e3o Passeio Livre, uma iniciativa que alia orienta\u00e7\u00e3o, cuidado com as pessoas e reorganiza\u00e7\u00e3o dos espa\u00e7os urbanos. Mais do que fiscalizar, a a\u00e7\u00e3o busca garantir seguran\u00e7a,\" \/>\n\t\t<meta property=\"og:url\" content=\"https:\/\/newsinfoco.com.br\/inicio\/prefeitura-de-alagoinhas-lanca-acao-passeio-livre-que-integra-medidas-para-organizar-ocupacao-dos-espacos-urbanos\/\" \/>\n\t\t<meta property=\"article:published_time\" content=\"2026-04-10T19:35:43+00:00\" \/>\n\t\t<meta property=\"article:modified_time\" content=\"2026-04-10T19:35:43+00:00\" \/>\n\t\t<meta name=\"twitter:card\" content=\"summary_large_image\" \/>\n\t\t<meta name=\"twitter:title\" content=\"Prefeitura de Alagoinhas lan\u00e7a A\u00e7\u00e3o Passeio Livre, que integra medidas para organizar ocupa\u00e7\u00e3o dos espa\u00e7os urbanos - News In Foco - Editado por Caio Pimenta\" \/>\n\t\t<meta name=\"twitter:description\" content=\"Equipes da Superintend\u00eancia Municipal de Tr\u00e2nsito (SMT) e da Secretaria de Mobilidade e Ordem P\u00fablica (Semorp) realizaram, nesta sexta-feira, 10, na rua Bahia, no Petrolar, a primeira edi\u00e7\u00e3o da A\u00e7\u00e3o Passeio Livre, uma iniciativa que alia orienta\u00e7\u00e3o, cuidado com as pessoas e reorganiza\u00e7\u00e3o dos espa\u00e7os urbanos. Mais do que fiscalizar, a a\u00e7\u00e3o busca garantir seguran\u00e7a,\" \/>\n\t\t<script type=\"application\/ld+json\" class=\"aioseo-schema\">\n\t\t\t{\"@context\":\"https:\\\/\\\/schema.org\",\"@graph\":[{\"@type\":\"BlogPosting\",\"@id\":\"https:\\\/\\\/newsinfoco.com.br\\\/inicio\\\/prefeitura-de-alagoinhas-lanca-acao-passeio-livre-que-integra-medidas-para-organizar-ocupacao-dos-espacos-urbanos\\\/#blogposting\",\"name\":\"Prefeitura de Alagoinhas lan\\u00e7a A\\u00e7\\u00e3o Passeio Livre, que integra medidas para organizar ocupa\\u00e7\\u00e3o dos espa\\u00e7os urbanos - News In Foco - Editado por Caio Pimenta\",\"headline\":\"Prefeitura de Alagoinhas lan\\u00e7a A\\u00e7\\u00e3o Passeio Livre, que integra medidas para organizar ocupa\\u00e7\\u00e3o dos espa\\u00e7os urbanos\",\"author\":{\"@id\":\"https:\\\/\\\/newsinfoco.com.br\\\/inicio\\\/author\\\/administrador\\\/#author\"},\"publisher\":{\"@id\":\"https:\\\/\\\/newsinfoco.com.br\\\/inicio\\\/#organization\"},\"image\":{\"@type\":\"ImageObject\",\"url\":\"https:\\\/\\\/newsinfoco.com.br\\\/inicio\\\/wp-content\\\/uploads\\\/2026\\\/04\\\/WhatsApp-Image-2026-04-10-at-10.00.58.jpeg\",\"width\":1600,\"height\":1066},\"datePublished\":\"2026-04-10T16:35:43-03:00\",\"dateModified\":\"2026-04-10T16:35:43-03:00\",\"inLanguage\":\"pt-BR\",\"mainEntityOfPage\":{\"@id\":\"https:\\\/\\\/newsinfoco.com.br\\\/inicio\\\/prefeitura-de-alagoinhas-lanca-acao-passeio-livre-que-integra-medidas-para-organizar-ocupacao-dos-espacos-urbanos\\\/#webpage\"},\"isPartOf\":{\"@id\":\"https:\\\/\\\/newsinfoco.com.br\\\/inicio\\\/prefeitura-de-alagoinhas-lanca-acao-passeio-livre-que-integra-medidas-para-organizar-ocupacao-dos-espacos-urbanos\\\/#webpage\"},\"articleSection\":\"Alagoinhas e Regi\\u00e3o, Manchete\"},{\"@type\":\"BreadcrumbList\",\"@id\":\"https:\\\/\\\/newsinfoco.com.br\\\/inicio\\\/prefeitura-de-alagoinhas-lanca-acao-passeio-livre-que-integra-medidas-para-organizar-ocupacao-dos-espacos-urbanos\\\/#breadcrumblist\",\"itemListElement\":[{\"@type\":\"ListItem\",\"@id\":\"https:\\\/\\\/newsinfoco.com.br\\\/inicio#listItem\",\"position\":1,\"name\":\"In\\u00edcio\",\"item\":\"https:\\\/\\\/newsinfoco.com.br\\\/inicio\",\"nextItem\":{\"@type\":\"ListItem\",\"@id\":\"https:\\\/\\\/newsinfoco.com.br\\\/inicio\\\/category\\\/alagoinhas-e-regiao\\\/#listItem\",\"name\":\"Alagoinhas e Regi\\u00e3o\"}},{\"@type\":\"ListItem\",\"@id\":\"https:\\\/\\\/newsinfoco.com.br\\\/inicio\\\/category\\\/alagoinhas-e-regiao\\\/#listItem\",\"position\":2,\"name\":\"Alagoinhas e Regi\\u00e3o\",\"item\":\"https:\\\/\\\/newsinfoco.com.br\\\/inicio\\\/category\\\/alagoinhas-e-regiao\\\/\",\"nextItem\":{\"@type\":\"ListItem\",\"@id\":\"https:\\\/\\\/newsinfoco.com.br\\\/inicio\\\/prefeitura-de-alagoinhas-lanca-acao-passeio-livre-que-integra-medidas-para-organizar-ocupacao-dos-espacos-urbanos\\\/#listItem\",\"name\":\"Prefeitura de Alagoinhas lan\\u00e7a A\\u00e7\\u00e3o Passeio Livre, que integra medidas para organizar ocupa\\u00e7\\u00e3o dos espa\\u00e7os urbanos\"},\"previousItem\":{\"@type\":\"ListItem\",\"@id\":\"https:\\\/\\\/newsinfoco.com.br\\\/inicio#listItem\",\"name\":\"In\\u00edcio\"}},{\"@type\":\"ListItem\",\"@id\":\"https:\\\/\\\/newsinfoco.com.br\\\/inicio\\\/prefeitura-de-alagoinhas-lanca-acao-passeio-livre-que-integra-medidas-para-organizar-ocupacao-dos-espacos-urbanos\\\/#listItem\",\"position\":3,\"name\":\"Prefeitura de Alagoinhas lan\\u00e7a A\\u00e7\\u00e3o Passeio Livre, que integra medidas para organizar ocupa\\u00e7\\u00e3o dos espa\\u00e7os urbanos\",\"previousItem\":{\"@type\":\"ListItem\",\"@id\":\"https:\\\/\\\/newsinfoco.com.br\\\/inicio\\\/category\\\/alagoinhas-e-regiao\\\/#listItem\",\"name\":\"Alagoinhas e Regi\\u00e3o\"}}]},{\"@type\":\"Organization\",\"@id\":\"https:\\\/\\\/newsinfoco.com.br\\\/inicio\\\/#organization\",\"name\":\"News In Foco - Editado por Caio Pimenta\",\"description\":\"O principal site de noticias de Alagoinhas e regi\\u00e3o\",\"url\":\"https:\\\/\\\/newsinfoco.com.br\\\/inicio\\\/\"},{\"@type\":\"Person\",\"@id\":\"https:\\\/\\\/newsinfoco.com.br\\\/inicio\\\/author\\\/administrador\\\/#author\",\"url\":\"https:\\\/\\\/newsinfoco.com.br\\\/inicio\\\/author\\\/administrador\\\/\",\"name\":\"administrador\",\"image\":{\"@type\":\"ImageObject\",\"@id\":\"https:\\\/\\\/newsinfoco.com.br\\\/inicio\\\/prefeitura-de-alagoinhas-lanca-acao-passeio-livre-que-integra-medidas-para-organizar-ocupacao-dos-espacos-urbanos\\\/#authorImage\",\"url\":\"https:\\\/\\\/secure.gravatar.com\\\/avatar\\\/c17a617433de8c1dc9584bb79aab7563b46f5bb7e1728c9b17d9cc3ce6a08e49?s=96&d=mm&r=g\",\"width\":96,\"height\":96,\"caption\":\"administrador\"}},{\"@type\":\"WebPage\",\"@id\":\"https:\\\/\\\/newsinfoco.com.br\\\/inicio\\\/prefeitura-de-alagoinhas-lanca-acao-passeio-livre-que-integra-medidas-para-organizar-ocupacao-dos-espacos-urbanos\\\/#webpage\",\"url\":\"https:\\\/\\\/newsinfoco.com.br\\\/inicio\\\/prefeitura-de-alagoinhas-lanca-acao-passeio-livre-que-integra-medidas-para-organizar-ocupacao-dos-espacos-urbanos\\\/\",\"name\":\"Prefeitura de Alagoinhas lan\\u00e7a A\\u00e7\\u00e3o Passeio Livre, que integra medidas para organizar ocupa\\u00e7\\u00e3o dos espa\\u00e7os urbanos - News In Foco - Editado por Caio Pimenta\",\"description\":\"Equipes da Superintend\\u00eancia Municipal de Tr\\u00e2nsito (SMT) e da Secretaria de Mobilidade e Ordem P\\u00fablica (Semorp) realizaram, nesta sexta-feira, 10, na rua Bahia, no Petrolar, a primeira edi\\u00e7\\u00e3o da A\\u00e7\\u00e3o Passeio Livre, uma iniciativa que alia orienta\\u00e7\\u00e3o, cuidado com as pessoas e reorganiza\\u00e7\\u00e3o dos espa\\u00e7os urbanos. Mais do que fiscalizar, a a\\u00e7\\u00e3o busca garantir seguran\\u00e7a,\",\"inLanguage\":\"pt-BR\",\"isPartOf\":{\"@id\":\"https:\\\/\\\/newsinfoco.com.br\\\/inicio\\\/#website\"},\"breadcrumb\":{\"@id\":\"https:\\\/\\\/newsinfoco.com.br\\\/inicio\\\/prefeitura-de-alagoinhas-lanca-acao-passeio-livre-que-integra-medidas-para-organizar-ocupacao-dos-espacos-urbanos\\\/#breadcrumblist\"},\"author\":{\"@id\":\"https:\\\/\\\/newsinfoco.com.br\\\/inicio\\\/author\\\/administrador\\\/#author\"},\"creator\":{\"@id\":\"https:\\\/\\\/newsinfoco.com.br\\\/inicio\\\/author\\\/administrador\\\/#author\"},\"image\":{\"@type\":\"ImageObject\",\"url\":\"https:\\\/\\\/newsinfoco.com.br\\\/inicio\\\/wp-content\\\/uploads\\\/2026\\\/04\\\/WhatsApp-Image-2026-04-10-at-10.00.58.jpeg\",\"@id\":\"https:\\\/\\\/newsinfoco.com.br\\\/inicio\\\/prefeitura-de-alagoinhas-lanca-acao-passeio-livre-que-integra-medidas-para-organizar-ocupacao-dos-espacos-urbanos\\\/#mainImage\",\"width\":1600,\"height\":1066},\"primaryImageOfPage\":{\"@id\":\"https:\\\/\\\/newsinfoco.com.br\\\/inicio\\\/prefeitura-de-alagoinhas-lanca-acao-passeio-livre-que-integra-medidas-para-organizar-ocupacao-dos-espacos-urbanos\\\/#mainImage\"},\"datePublished\":\"2026-04-10T16:35:43-03:00\",\"dateModified\":\"2026-04-10T16:35:43-03:00\"},{\"@type\":\"WebSite\",\"@id\":\"https:\\\/\\\/newsinfoco.com.br\\\/inicio\\\/#website\",\"url\":\"https:\\\/\\\/newsinfoco.com.br\\\/inicio\\\/\",\"name\":\"News In Foco - Editado por Caio Pimenta\",\"description\":\"O principal site de noticias de Alagoinhas e regi\\u00e3o\",\"inLanguage\":\"pt-BR\",\"publisher\":{\"@id\":\"https:\\\/\\\/newsinfoco.com.br\\\/inicio\\\/#organization\"}}]}\n\t\t<\/script>\n\t\t<!-- All in One SEO -->\n\n","aioseo_head_json":{"title":"Prefeitura de Alagoinhas lan\u00e7a A\u00e7\u00e3o Passeio Livre, que integra medidas para organizar ocupa\u00e7\u00e3o dos espa\u00e7os urbanos - News In Foco - Editado por Caio Pimenta","description":"Equipes da Superintend\u00eancia Municipal de Tr\u00e2nsito (SMT) e da Secretaria de Mobilidade e Ordem P\u00fablica (Semorp) realizaram, nesta sexta-feira, 10, na rua Bahia, no Petrolar, a primeira edi\u00e7\u00e3o da A\u00e7\u00e3o Passeio Livre, uma iniciativa que alia orienta\u00e7\u00e3o, cuidado com as pessoas e reorganiza\u00e7\u00e3o dos espa\u00e7os urbanos. Mais do que fiscalizar, a a\u00e7\u00e3o busca garantir seguran\u00e7a,","canonical_url":"https:\/\/newsinfoco.com.br\/inicio\/prefeitura-de-alagoinhas-lanca-acao-passeio-livre-que-integra-medidas-para-organizar-ocupacao-dos-espacos-urbanos\/","robots":"max-image-preview:large","keywords":"","webmasterTools":{"miscellaneous":""},"schema":{"@context":"https:\/\/schema.org","@graph":[{"@type":"BlogPosting","@id":"https:\/\/newsinfoco.com.br\/inicio\/prefeitura-de-alagoinhas-lanca-acao-passeio-livre-que-integra-medidas-para-organizar-ocupacao-dos-espacos-urbanos\/#blogposting","name":"Prefeitura de Alagoinhas lan\u00e7a A\u00e7\u00e3o Passeio Livre, que integra medidas para organizar ocupa\u00e7\u00e3o dos espa\u00e7os urbanos - News In Foco - Editado por Caio Pimenta","headline":"Prefeitura de Alagoinhas lan\u00e7a A\u00e7\u00e3o Passeio Livre, que integra medidas para organizar ocupa\u00e7\u00e3o dos espa\u00e7os urbanos","author":{"@id":"https:\/\/newsinfoco.com.br\/inicio\/author\/administrador\/#author"},"publisher":{"@id":"https:\/\/newsinfoco.com.br\/inicio\/#organization"},"image":{"@type":"ImageObject","url":"https:\/\/newsinfoco.com.br\/inicio\/wp-content\/uploads\/2026\/04\/WhatsApp-Image-2026-04-10-at-10.00.58.jpeg","width":1600,"height":1066},"datePublished":"2026-04-10T16:35:43-03:00","dateModified":"2026-04-10T16:35:43-03:00","inLanguage":"pt-BR","mainEntityOfPage":{"@id":"https:\/\/newsinfoco.com.br\/inicio\/prefeitura-de-alagoinhas-lanca-acao-passeio-livre-que-integra-medidas-para-organizar-ocupacao-dos-espacos-urbanos\/#webpage"},"isPartOf":{"@id":"https:\/\/newsinfoco.com.br\/inicio\/prefeitura-de-alagoinhas-lanca-acao-passeio-livre-que-integra-medidas-para-organizar-ocupacao-dos-espacos-urbanos\/#webpage"},"articleSection":"Alagoinhas e Regi\u00e3o, Manchete"},{"@type":"BreadcrumbList","@id":"https:\/\/newsinfoco.com.br\/inicio\/prefeitura-de-alagoinhas-lanca-acao-passeio-livre-que-integra-medidas-para-organizar-ocupacao-dos-espacos-urbanos\/#breadcrumblist","itemListElement":[{"@type":"ListItem","@id":"https:\/\/newsinfoco.com.br\/inicio#listItem","position":1,"name":"In\u00edcio","item":"https:\/\/newsinfoco.com.br\/inicio","nextItem":{"@type":"ListItem","@id":"https:\/\/newsinfoco.com.br\/inicio\/category\/alagoinhas-e-regiao\/#listItem","name":"Alagoinhas e Regi\u00e3o"}},{"@type":"ListItem","@id":"https:\/\/newsinfoco.com.br\/inicio\/category\/alagoinhas-e-regiao\/#listItem","position":2,"name":"Alagoinhas e Regi\u00e3o","item":"https:\/\/newsinfoco.com.br\/inicio\/category\/alagoinhas-e-regiao\/","nextItem":{"@type":"ListItem","@id":"https:\/\/newsinfoco.com.br\/inicio\/prefeitura-de-alagoinhas-lanca-acao-passeio-livre-que-integra-medidas-para-organizar-ocupacao-dos-espacos-urbanos\/#listItem","name":"Prefeitura de Alagoinhas lan\u00e7a A\u00e7\u00e3o Passeio Livre, que integra medidas para organizar ocupa\u00e7\u00e3o dos espa\u00e7os urbanos"},"previousItem":{"@type":"ListItem","@id":"https:\/\/newsinfoco.com.br\/inicio#listItem","name":"In\u00edcio"}},{"@type":"ListItem","@id":"https:\/\/newsinfoco.com.br\/inicio\/prefeitura-de-alagoinhas-lanca-acao-passeio-livre-que-integra-medidas-para-organizar-ocupacao-dos-espacos-urbanos\/#listItem","position":3,"name":"Prefeitura de Alagoinhas lan\u00e7a A\u00e7\u00e3o Passeio Livre, que integra medidas para organizar ocupa\u00e7\u00e3o dos espa\u00e7os urbanos","previousItem":{"@type":"ListItem","@id":"https:\/\/newsinfoco.com.br\/inicio\/category\/alagoinhas-e-regiao\/#listItem","name":"Alagoinhas e Regi\u00e3o"}}]},{"@type":"Organization","@id":"https:\/\/newsinfoco.com.br\/inicio\/#organization","name":"News In Foco - Editado por Caio Pimenta","description":"O principal site de noticias de Alagoinhas e regi\u00e3o","url":"https:\/\/newsinfoco.com.br\/inicio\/"},{"@type":"Person","@id":"https:\/\/newsinfoco.com.br\/inicio\/author\/administrador\/#author","url":"https:\/\/newsinfoco.com.br\/inicio\/author\/administrador\/","name":"administrador","image":{"@type":"ImageObject","@id":"https:\/\/newsinfoco.com.br\/inicio\/prefeitura-de-alagoinhas-lanca-acao-passeio-livre-que-integra-medidas-para-organizar-ocupacao-dos-espacos-urbanos\/#authorImage","url":"https:\/\/secure.gravatar.com\/avatar\/c17a617433de8c1dc9584bb79aab7563b46f5bb7e1728c9b17d9cc3ce6a08e49?s=96&d=mm&r=g","width":96,"height":96,"caption":"administrador"}},{"@type":"WebPage","@id":"https:\/\/newsinfoco.com.br\/inicio\/prefeitura-de-alagoinhas-lanca-acao-passeio-livre-que-integra-medidas-para-organizar-ocupacao-dos-espacos-urbanos\/#webpage","url":"https:\/\/newsinfoco.com.br\/inicio\/prefeitura-de-alagoinhas-lanca-acao-passeio-livre-que-integra-medidas-para-organizar-ocupacao-dos-espacos-urbanos\/","name":"Prefeitura de Alagoinhas lan\u00e7a A\u00e7\u00e3o Passeio Livre, que integra medidas para organizar ocupa\u00e7\u00e3o dos espa\u00e7os urbanos - News In Foco - Editado por Caio Pimenta","description":"Equipes da Superintend\u00eancia Municipal de Tr\u00e2nsito (SMT) e da Secretaria de Mobilidade e Ordem P\u00fablica (Semorp) realizaram, nesta sexta-feira, 10, na rua Bahia, no Petrolar, a primeira edi\u00e7\u00e3o da A\u00e7\u00e3o Passeio Livre, uma iniciativa que alia orienta\u00e7\u00e3o, cuidado com as pessoas e reorganiza\u00e7\u00e3o dos espa\u00e7os urbanos. Mais do que fiscalizar, a a\u00e7\u00e3o busca garantir seguran\u00e7a,","inLanguage":"pt-BR","isPartOf":{"@id":"https:\/\/newsinfoco.com.br\/inicio\/#website"},"breadcrumb":{"@id":"https:\/\/newsinfoco.com.br\/inicio\/prefeitura-de-alagoinhas-lanca-acao-passeio-livre-que-integra-medidas-para-organizar-ocupacao-dos-espacos-urbanos\/#breadcrumblist"},"author":{"@id":"https:\/\/newsinfoco.com.br\/inicio\/author\/administrador\/#author"},"creator":{"@id":"https:\/\/newsinfoco.com.br\/inicio\/author\/administrador\/#author"},"image":{"@type":"ImageObject","url":"https:\/\/newsinfoco.com.br\/inicio\/wp-content\/uploads\/2026\/04\/WhatsApp-Image-2026-04-10-at-10.00.58.jpeg","@id":"https:\/\/newsinfoco.com.br\/inicio\/prefeitura-de-alagoinhas-lanca-acao-passeio-livre-que-integra-medidas-para-organizar-ocupacao-dos-espacos-urbanos\/#mainImage","width":1600,"height":1066},"primaryImageOfPage":{"@id":"https:\/\/newsinfoco.com.br\/inicio\/prefeitura-de-alagoinhas-lanca-acao-passeio-livre-que-integra-medidas-para-organizar-ocupacao-dos-espacos-urbanos\/#mainImage"},"datePublished":"2026-04-10T16:35:43-03:00","dateModified":"2026-04-10T16:35:43-03:00"},{"@type":"WebSite","@id":"https:\/\/newsinfoco.com.br\/inicio\/#website","url":"https:\/\/newsinfoco.com.br\/inicio\/","name":"News In Foco - Editado por Caio Pimenta","description":"O principal site de noticias de Alagoinhas e regi\u00e3o","inLanguage":"pt-BR","publisher":{"@id":"https:\/\/newsinfoco.com.br\/inicio\/#organization"}}]},"og:locale":"pt_BR","og:site_name":"News In Foco - Editado por Caio Pimenta - O principal site de noticias de Alagoinhas e regi\u00e3o","og:type":"article","og:title":"Prefeitura de Alagoinhas lan\u00e7a A\u00e7\u00e3o Passeio Livre, que integra medidas para organizar ocupa\u00e7\u00e3o dos espa\u00e7os urbanos - News In Foco - Editado por Caio Pimenta","og:description":"Equipes da Superintend\u00eancia Municipal de Tr\u00e2nsito (SMT) e da Secretaria de Mobilidade e Ordem P\u00fablica (Semorp) realizaram, nesta sexta-feira, 10, na rua Bahia, no Petrolar, a primeira edi\u00e7\u00e3o da A\u00e7\u00e3o Passeio Livre, uma iniciativa que alia orienta\u00e7\u00e3o, cuidado com as pessoas e reorganiza\u00e7\u00e3o dos espa\u00e7os urbanos. Mais do que fiscalizar, a a\u00e7\u00e3o busca garantir seguran\u00e7a,","og:url":"https:\/\/newsinfoco.com.br\/inicio\/prefeitura-de-alagoinhas-lanca-acao-passeio-livre-que-integra-medidas-para-organizar-ocupacao-dos-espacos-urbanos\/","article:published_time":"2026-04-10T19:35:43+00:00","article:modified_time":"2026-04-10T19:35:43+00:00","twitter:card":"summary_large_image","twitter:title":"Prefeitura de Alagoinhas lan\u00e7a A\u00e7\u00e3o Passeio Livre, que integra medidas para organizar ocupa\u00e7\u00e3o dos espa\u00e7os urbanos - News In Foco - Editado por Caio Pimenta","twitter:description":"Equipes da Superintend\u00eancia Municipal de Tr\u00e2nsito (SMT) e da Secretaria de Mobilidade e Ordem P\u00fablica (Semorp) realizaram, nesta sexta-feira, 10, na rua Bahia, no Petrolar, a primeira edi\u00e7\u00e3o da A\u00e7\u00e3o Passeio Livre, uma iniciativa que alia orienta\u00e7\u00e3o, cuidado com as pessoas e reorganiza\u00e7\u00e3o dos espa\u00e7os urbanos. Mais do que fiscalizar, a a\u00e7\u00e3o busca garantir seguran\u00e7a,"},"aioseo_meta_data":{"post_id":"50261","title":null,"description":null,"keywords":null,"keyphrases":{"focus":{"keyphrase":"","score":0,"analysis":{"keyphraseInTitle":{"score":0,"maxScore":9,"error":1}}},"additional":[]},"primary_term":null,"canonical_url":null,"og_title":null,"og_description":null,"og_object_type":"default","og_image_type":"default","og_image_url":null,"og_image_width":null,"og_image_height":null,"og_image_custom_url":null,"og_image_custom_fields":null,"og_video":"","og_custom_url":null,"og_article_section":null,"og_article_tags":null,"twitter_use_og":false,"twitter_card":"default","twitter_image_type":"default","twitter_image_url":null,"twitter_image_custom_url":null,"twitter_image_custom_fields":null,"twitter_title":null,"twitter_description":null,"schema":{"blockGraphs":[],"customGraphs":[],"default":{"data":{"Article":[],"Course":[],"Dataset":[],"FAQPage":[],"Movie":[],"Person":[],"Product":[],"ProductReview":[],"Car":[],"Recipe":[],"Service":[],"SoftwareApplication":[],"WebPage":[]},"graphName":"BlogPosting","isEnabled":true},"graphs":[]},"schema_type":"default","schema_type_options":null,"pillar_content":false,"robots_default":true,"robots_noindex":false,"robots_noarchive":false,"robots_nosnippet":false,"robots_nofollow":false,"robots_noimageindex":false,"robots_noodp":false,"robots_notranslate":false,"robots_max_snippet":"-1","robots_max_videopreview":"-1","robots_max_imagepreview":"large","priority":null,"frequency":"default","local_seo":null,"breadcrumb_settings":null,"limit_modified_date":false,"ai":{"faqs":[],"keyPoints":[],"titles":[],"descriptions":[],"socialPosts":{"email":[],"linkedin":[],"twitter":[],"facebook":[],"instagram":[]}},"created":"2026-04-10 19:35:43","updated":"2026-04-10 19:39:03","seo_analyzer_scan_date":null},"aioseo_breadcrumb":"<div class=\"aioseo-breadcrumbs\"><span class=\"aioseo-breadcrumb\">\n\t\t\t<a href=\"https:\/\/newsinfoco.com.br\/inicio\" title=\"In\u00edcio\">In\u00edcio<\/a>\n\t\t<\/span><span class=\"aioseo-breadcrumb-separator\">&raquo;<\/span><span class=\"aioseo-breadcrumb\">\n\t\t\t<a href=\"https:\/\/newsinfoco.com.br\/inicio\/category\/alagoinhas-e-regiao\/\" title=\"Alagoinhas e Regi\u00e3o\">Alagoinhas e Regi\u00e3o<\/a>\n\t\t<\/span><span class=\"aioseo-breadcrumb-separator\">&raquo;<\/span><span class=\"aioseo-breadcrumb\">\n\t\t\tPrefeitura de Alagoinhas lan\u00e7a A\u00e7\u00e3o Passeio Livre, que integra medidas para organizar ocupa\u00e7\u00e3o dos espa\u00e7os urbanos\n\t\t<\/span><\/div>","aioseo_breadcrumb_json":[{"label":"In\u00edcio","link":"https:\/\/newsinfoco.com.br\/inicio"},{"label":"Alagoinhas e Regi\u00e3o","link":"https:\/\/newsinfoco.com.br\/inicio\/category\/alagoinhas-e-regiao\/"},{"label":"Prefeitura de Alagoinhas lan\u00e7a A\u00e7\u00e3o Passeio Livre, que integra medidas para organizar ocupa\u00e7\u00e3o dos espa\u00e7os urbanos","link":"https:\/\/newsinfoco.com.br\/inicio\/prefeitura-de-alagoinhas-lanca-acao-passeio-livre-que-integra-medidas-para-organizar-ocupacao-dos-espacos-urbanos\/"}],"_links":{"self":[{"href":"https:\/\/newsinfoco.com.br\/inicio\/wp-json\/wp\/v2\/posts\/50261","targetHints":{"allow":["GET"]}}],"collection":[{"href":"https:\/\/newsinfoco.com.br\/inicio\/wp-json\/wp\/v2\/posts"}],"about":[{"href":"https:\/\/newsinfoco.com.br\/inicio\/wp-json\/wp\/v2\/types\/post"}],"author":[{"embeddable":true,"href":"https:\/\/newsinfoco.com.br\/inicio\/wp-json\/wp\/v2\/users\/1"}],"replies":[{"embeddable":true,"href":"https:\/\/newsinfoco.com.br\/inicio\/wp-json\/wp\/v2\/comments?post=50261"}],"version-history":[{"count":1,"href":"https:\/\/newsinfoco.com.br\/inicio\/wp-json\/wp\/v2\/posts\/50261\/revisions"}],"predecessor-version":[{"id":50263,"href":"https:\/\/newsinfoco.com.br\/inicio\/wp-json\/wp\/v2\/posts\/50261\/revisions\/50263"}],"wp:featuredmedia":[{"embeddable":true,"href":"https:\/\/newsinfoco.com.br\/inicio\/wp-json\/wp\/v2\/media\/50262"}],"wp:attachment":[{"href":"https:\/\/newsinfoco.com.br\/inicio\/wp-json\/wp\/v2\/media?parent=50261"}],"wp:term":[{"taxonomy":"category","embeddable":true,"href":"https:\/\/newsinfoco.com.br\/inicio\/wp-json\/wp\/v2\/categories?post=50261"},{"taxonomy":"post_tag","embeddable":true,"href":"https:\/\/newsinfoco.com.br\/inicio\/wp-json\/wp\/v2\/tags?post=50261"}],"curies":[{"name":"wp","href":"https:\/\/api.w.org\/{rel}","templated":true}]}}