{"id":50264,"date":"2026-04-10T16:44:53","date_gmt":"2026-04-10T19:44:53","guid":{"rendered":"https:\/\/newsinfoco.com.br\/inicio\/?p=50264"},"modified":"2026-04-10T16:44:53","modified_gmt":"2026-04-10T19:44:53","slug":"vereadores-denunciam-assedio-moral-alertam-sobre-surto-de-dengue-e-combatem-a-violencia-contra-a-mulher","status":"publish","type":"post","link":"https:\/\/newsinfoco.com.br\/inicio\/vereadores-denunciam-assedio-moral-alertam-sobre-surto-de-dengue-e-combatem-a-violencia-contra-a-mulher\/","title":{"rendered":"Vereadores denunciam ass\u00e9dio moral, alertam sobre surto de dengue e combatem a viol\u00eancia contra a mulher"},"content":{"rendered":"<div class=\"elementor-column elementor-col-50 elementor-top-column elementor-element elementor-element-166fa74c\" data-id=\"166fa74c\" data-element_type=\"column\">\n<div class=\"elementor-widget-wrap elementor-element-populated\">\n<div class=\"elementor-element elementor-element-8956c80 elementor-widget elementor-widget-theme-post-content\" data-id=\"8956c80\" data-element_type=\"widget\" data-widget_type=\"theme-post-content.default\">\n<div class=\"elementor-widget-container\">\n<p>A sess\u00e3o ordin\u00e1ria desta ter\u00e7a-feira (09) na C\u00e2mara Municipal concentrou debates\u00a0 sobre a fiscaliza\u00e7\u00e3o de obras p\u00fablicas e a defesa dos direitos das mulheres. Com a presen\u00e7a de estudantes do Setas J\u00fanior, os vereadores refor\u00e7aram o papel pedag\u00f3gico e fiscalizador do Legislativo, ao mesmo tempo em que expuseram problemas cr\u00edticos na gest\u00e3o de servi\u00e7os essenciais e na prote\u00e7\u00e3o social.<\/p>\n<p>A vereadora Juci Cardoso relatou uma fiscaliza\u00e7\u00e3o realizada nas obras do novo CAPS no Jardim Petrolar. Segundo a parlamentar, a empresa executora, que tamb\u00e9m conduz duas UBSs no munic\u00edpio, tem incorrido em pr\u00e1ticas inaceit\u00e1veis, que v\u00e3o desde o atraso nos prazos at\u00e9 a viola\u00e7\u00e3o de direitos trabalhistas.<\/p>\n<p>O ponto mais grave, conforme denunciado, \u00e9 a tentativa de intimida\u00e7\u00e3o ao papel fiscalizador da C\u00e2mara. \u201cCoisas absurdas t\u00eam acontecido, desde o ass\u00e9dio moral aos trabalhadores at\u00e9 a tentativa de proibir o acesso a um espa\u00e7o de obra p\u00fablica\u201d, afirmou a vereadora, acrescentando que \u201cregras da administra\u00e7\u00e3o p\u00fablica valem para todos\u201d.<\/p>\n<div class=\"wp-block-image\"><\/div>\n<p>A parlamentar destacou que o prefeito Gustavo Carmo e o secret\u00e1rio de Sa\u00fade, Luciano S\u00e9rgio, j\u00e1 foram notificados e est\u00e3o tratando das puni\u00e7\u00f5es cab\u00edveis \u00e0 empresa.<\/p>\n<p>Em apoio, os vereadores Luciano Almeida e Luma Menezes solidarizaram-se com Juci Cardoso. Luciano relembrou que ele, Luma e a vereadora Jaldice Nunes j\u00e1 precisaram acionar a Pol\u00edcia Militar para garantir o acesso ao Hospital Materno-Infantil, refor\u00e7ando que o livre acesso a \u00f3rg\u00e3os p\u00fablicos \u00e9 garantido pela Lei Org\u00e2nica e pela Constitui\u00e7\u00e3o Federal.<\/p>\n<p>Luma Menezes reiterou que impedir a fiscaliza\u00e7\u00e3o \u00e9 um ataque \u00e0 democracia. \u201cQuando um parlamentar tem seu direito de fiscalizar negado, isso compromete o debate democr\u00e1tico e o funcionamento das institui\u00e7\u00f5es\u201d, afirmou.<\/p>\n<div class=\"wp-block-image\"><\/div>\n<p><strong>Sa\u00fade<\/strong><\/p>\n<p>O aumento dos \u00edndices de arboviroses em Alagoinhas tamb\u00e9m foi tema na sess\u00e3o de ontem (09). Juci Cardoso, com experi\u00eancia t\u00e9cnica na \u00e1rea, alertou que o combate \u00e0 dengue n\u00e3o pode ser apenas sazonal. Ela ressaltou que, embora o bairro Jardim Petrolar apresente altos \u00edndices de positividade, a solu\u00e7\u00e3o n\u00e3o passa pelo uso indiscriminado de \u201cfumac\u00ea\u201d, que classificou como veneno prejudicial ao meio ambiente.<\/p>\n<p>\u201cA forma mais eficiente \u00e9 n\u00e3o deixar o mosquito nascer. Quem tem que manter as casas limpas somos n\u00f3s; terreno baldio sem lixo \u00e9 responsabilidade do dono\u201d, defendeu. A vereadora cobrou a aplica\u00e7\u00e3o de uma lei de 2012 que prev\u00ea multas para propriet\u00e1rios de terrenos abandonados e urg\u00eancia na recomposi\u00e7\u00e3o das equipes de endemias via concurso p\u00fablico.<\/p>\n<p><strong>Combate \u00e0 misoginia<\/strong><\/p>\n<p>No Grande Expediente, \u00a0a vereadora Juci Cardoso fez um pronunciamento sobre a viol\u00eancia de g\u00eanero. Ela criticou a dissemina\u00e7\u00e3o de not\u00edcias falsas sobre o projeto de lei que criminaliza a misoginia e relatou um caso estarrecedor de abuso infantil para exemplificar como a palavra da mulher \u00e9 sistematicamente desqualificada. \u201cAs mulheres aprendem que precisam parar de terceirizar sua voz. Os corpos das mulheres n\u00e3o podem ser viol\u00e1veis\u201d, pontuou. A parlamentar relembrou que Alagoinhas possui lei de sua autoria que pro\u00edbe a contrata\u00e7\u00e3o de agressores de mulheres pelo servi\u00e7o p\u00fablico e exigiu que o Executivo fa\u00e7a a legisla\u00e7\u00e3o ser cumprida.<\/p>\n<p>O presidente da Casa, Cleto da Banana, manifestou apoio integral \u00e0 pauta, afirmando que qualquer homem que se coloque contra leis de prote\u00e7\u00e3o \u00e0 mulher declara-se, implicitamente, um agressor. \u201cSe algu\u00e9m tem conhecimento de viol\u00eancia, denuncie para que essa pessoa saia do conv\u00edvio da fam\u00edlia e da sociedade\u201d, exortou.<\/p>\n<div class=\"wp-block-image\"><\/div>\n<p><strong>Educa\u00e7\u00e3o<\/strong><\/p>\n<p>Encerrando as discuss\u00f5es, os parlamentares dirigiram-se aos estudantes presentes para explicar a ess\u00eancia do mandato legislativo. Luciano Almeida enfatizou que a vida \u00e9 cercada pela pol\u00edtica \u2013 da economia ao pre\u00e7o dos alimentos \u2013 e que o principal papel do vereador \u00e9 ser os \u201colhos da popula\u00e7\u00e3o\u201d nos postos de sa\u00fade, escolas e canteiros de obras. \u201cN\u00f3s levantamos irregularidades e levamos aos \u00f3rg\u00e3os reguladores. Voc\u00eas s\u00e3o o futuro da nossa na\u00e7\u00e3o e precisam entender que somos seres pol\u00edticos por natureza\u201d, concluiu.<\/p>\n<div class=\"wp-block-image\"><\/div>\n<p>A sess\u00e3o foi finalizada com o compromisso da Casa em manter a vigil\u00e2ncia sobre os contratos p\u00fablicos e a transpar\u00eancia na aplica\u00e7\u00e3o dos recursos federais que chegam ao munic\u00edpio para custear cirurgias e reformas de equipamentos esportivos, conforme detalhado pelos vereadores Luciano Almeida e Cleto da Banana.<\/p>\n<p><strong>Ascom \u2013 C\u00e2mara Municipal de Alagoinhas<\/strong><\/p>\n<p><strong>Fotos \u2013 Jh\u00f4 Paz<\/strong><\/p>\n<\/div>\n<\/div>\n<\/div>\n<\/div>\n<div class=\"elementor-column elementor-col-50 elementor-top-column elementor-element elementor-element-263f143b\" data-id=\"263f143b\" data-element_type=\"column\">\n<div class=\"elementor-widget-wrap elementor-element-populated\">\n<div class=\"elementor-element elementor-element-19118fd7 elementor-widget elementor-widget-heading\" data-id=\"19118fd7\" data-element_type=\"widget\" data-widget_type=\"heading.default\">\n<div class=\"elementor-widget-container\"><\/div>\n<\/div>\n<\/div>\n<\/div>\n<div class='share-to-whatsapp-wrapper'><div class='share-on-whsp'>Share on: <\/div><a data-text='Vereadores denunciam ass\u00e9dio moral, alertam sobre surto de dengue e combatem a viol\u00eancia contra a mulher' data-link='https:\/\/newsinfoco.com.br\/inicio\/vereadores-denunciam-assedio-moral-alertam-sobre-surto-de-dengue-e-combatem-a-violencia-contra-a-mulher\/' class='whatsapp-button whatsapp-share'>WhatsApp<\/a><div class='clear '><\/div><\/div>","protected":false},"excerpt":{"rendered":"<p>A sess\u00e3o ordin\u00e1ria desta ter\u00e7a-feira (09) na C\u00e2mara Municipal concentrou debates\u00a0 sobre a fiscaliza\u00e7\u00e3o de obras p\u00fablicas e a defesa dos direitos das mulheres. Com a presen\u00e7a de estudantes do Setas J\u00fanior, os vereadores refor\u00e7aram o papel pedag\u00f3gico e fiscalizador do Legislativo, ao mesmo tempo em que expuseram problemas cr\u00edticos na gest\u00e3o de servi\u00e7os essenciais [&hellip;]<\/p>\n","protected":false},"author":1,"featured_media":50265,"comment_status":"closed","ping_status":"closed","sticky":false,"template":"","format":"standard","meta":{"om_disable_all_campaigns":false,"rop_custom_images_group":[],"rop_custom_messages_group":[],"rop_publish_now":"initial","rop_publish_now_accounts":[],"rop_publish_now_history":[],"rop_publish_now_status":"pending","_exactmetrics_skip_tracking":false,"footnotes":""},"categories":[38,167],"tags":[],"class_list":["post-50264","post","type-post","status-publish","format-standard","has-post-thumbnail","hentry","category-alagoinhas-e-regiao","category-exclusivas"],"aioseo_notices":[],"aioseo_head":"\n\t\t<!-- All in One SEO 4.9.10 - aioseo.com -->\n\t<meta name=\"description\" content=\"A sess\u00e3o ordin\u00e1ria desta ter\u00e7a-feira (09) na C\u00e2mara Municipal concentrou debates sobre a fiscaliza\u00e7\u00e3o de obras p\u00fablicas e a defesa dos direitos das mulheres. Com a presen\u00e7a de estudantes do Setas J\u00fanior, os vereadores refor\u00e7aram o papel pedag\u00f3gico e fiscalizador do Legislativo, ao mesmo tempo em que expuseram problemas cr\u00edticos na gest\u00e3o de servi\u00e7os essenciais\" \/>\n\t<meta name=\"robots\" content=\"max-image-preview:large\" \/>\n\t<meta name=\"author\" content=\"administrador\"\/>\n\t<link rel=\"canonical\" href=\"https:\/\/newsinfoco.com.br\/inicio\/vereadores-denunciam-assedio-moral-alertam-sobre-surto-de-dengue-e-combatem-a-violencia-contra-a-mulher\/\" \/>\n\t<meta name=\"generator\" content=\"All in One SEO (AIOSEO) 4.9.10\" \/>\n\t\t<meta property=\"og:locale\" content=\"pt_BR\" \/>\n\t\t<meta property=\"og:site_name\" content=\"News In Foco - Editado por Caio Pimenta - O principal site de noticias de Alagoinhas e regi\u00e3o\" \/>\n\t\t<meta property=\"og:type\" content=\"article\" \/>\n\t\t<meta property=\"og:title\" content=\"Vereadores denunciam ass\u00e9dio moral, alertam sobre surto de dengue e combatem a viol\u00eancia contra a mulher - News In Foco - Editado por Caio Pimenta\" \/>\n\t\t<meta property=\"og:description\" content=\"A sess\u00e3o ordin\u00e1ria desta ter\u00e7a-feira (09) na C\u00e2mara Municipal concentrou debates sobre a fiscaliza\u00e7\u00e3o de obras p\u00fablicas e a defesa dos direitos das mulheres. Com a presen\u00e7a de estudantes do Setas J\u00fanior, os vereadores refor\u00e7aram o papel pedag\u00f3gico e fiscalizador do Legislativo, ao mesmo tempo em que expuseram problemas cr\u00edticos na gest\u00e3o de servi\u00e7os essenciais\" \/>\n\t\t<meta property=\"og:url\" content=\"https:\/\/newsinfoco.com.br\/inicio\/vereadores-denunciam-assedio-moral-alertam-sobre-surto-de-dengue-e-combatem-a-violencia-contra-a-mulher\/\" \/>\n\t\t<meta property=\"article:published_time\" content=\"2026-04-10T19:44:53+00:00\" \/>\n\t\t<meta property=\"article:modified_time\" content=\"2026-04-10T19:44:53+00:00\" \/>\n\t\t<meta name=\"twitter:card\" content=\"summary_large_image\" \/>\n\t\t<meta name=\"twitter:title\" content=\"Vereadores denunciam ass\u00e9dio moral, alertam sobre surto de dengue e combatem a viol\u00eancia contra a mulher - News In Foco - Editado por Caio Pimenta\" \/>\n\t\t<meta name=\"twitter:description\" content=\"A sess\u00e3o ordin\u00e1ria desta ter\u00e7a-feira (09) na C\u00e2mara Municipal concentrou debates sobre a fiscaliza\u00e7\u00e3o de obras p\u00fablicas e a defesa dos direitos das mulheres. Com a presen\u00e7a de estudantes do Setas J\u00fanior, os vereadores refor\u00e7aram o papel pedag\u00f3gico e fiscalizador do Legislativo, ao mesmo tempo em que expuseram problemas cr\u00edticos na gest\u00e3o de servi\u00e7os essenciais\" \/>\n\t\t<script type=\"application\/ld+json\" class=\"aioseo-schema\">\n\t\t\t{\"@context\":\"https:\\\/\\\/schema.org\",\"@graph\":[{\"@type\":\"BlogPosting\",\"@id\":\"https:\\\/\\\/newsinfoco.com.br\\\/inicio\\\/vereadores-denunciam-assedio-moral-alertam-sobre-surto-de-dengue-e-combatem-a-violencia-contra-a-mulher\\\/#blogposting\",\"name\":\"Vereadores denunciam ass\\u00e9dio moral, alertam sobre surto de dengue e combatem a viol\\u00eancia contra a mulher - News In Foco - Editado por Caio Pimenta\",\"headline\":\"Vereadores denunciam ass\\u00e9dio moral, alertam sobre surto de dengue e combatem a viol\\u00eancia contra a mulher\",\"author\":{\"@id\":\"https:\\\/\\\/newsinfoco.com.br\\\/inicio\\\/author\\\/administrador\\\/#author\"},\"publisher\":{\"@id\":\"https:\\\/\\\/newsinfoco.com.br\\\/inicio\\\/#organization\"},\"image\":{\"@type\":\"ImageObject\",\"url\":\"https:\\\/\\\/newsinfoco.com.br\\\/inicio\\\/wp-content\\\/uploads\\\/2026\\\/04\\\/ead7ac8f-4958-47d7-aa26-0b6066d56d4a-2048x1152-1.jpg\",\"width\":2048,\"height\":1152},\"datePublished\":\"2026-04-10T16:44:53-03:00\",\"dateModified\":\"2026-04-10T16:44:53-03:00\",\"inLanguage\":\"pt-BR\",\"mainEntityOfPage\":{\"@id\":\"https:\\\/\\\/newsinfoco.com.br\\\/inicio\\\/vereadores-denunciam-assedio-moral-alertam-sobre-surto-de-dengue-e-combatem-a-violencia-contra-a-mulher\\\/#webpage\"},\"isPartOf\":{\"@id\":\"https:\\\/\\\/newsinfoco.com.br\\\/inicio\\\/vereadores-denunciam-assedio-moral-alertam-sobre-surto-de-dengue-e-combatem-a-violencia-contra-a-mulher\\\/#webpage\"},\"articleSection\":\"Alagoinhas e Regi\\u00e3o, Manchete\"},{\"@type\":\"BreadcrumbList\",\"@id\":\"https:\\\/\\\/newsinfoco.com.br\\\/inicio\\\/vereadores-denunciam-assedio-moral-alertam-sobre-surto-de-dengue-e-combatem-a-violencia-contra-a-mulher\\\/#breadcrumblist\",\"itemListElement\":[{\"@type\":\"ListItem\",\"@id\":\"https:\\\/\\\/newsinfoco.com.br\\\/inicio#listItem\",\"position\":1,\"name\":\"In\\u00edcio\",\"item\":\"https:\\\/\\\/newsinfoco.com.br\\\/inicio\",\"nextItem\":{\"@type\":\"ListItem\",\"@id\":\"https:\\\/\\\/newsinfoco.com.br\\\/inicio\\\/category\\\/alagoinhas-e-regiao\\\/#listItem\",\"name\":\"Alagoinhas e Regi\\u00e3o\"}},{\"@type\":\"ListItem\",\"@id\":\"https:\\\/\\\/newsinfoco.com.br\\\/inicio\\\/category\\\/alagoinhas-e-regiao\\\/#listItem\",\"position\":2,\"name\":\"Alagoinhas e Regi\\u00e3o\",\"item\":\"https:\\\/\\\/newsinfoco.com.br\\\/inicio\\\/category\\\/alagoinhas-e-regiao\\\/\",\"nextItem\":{\"@type\":\"ListItem\",\"@id\":\"https:\\\/\\\/newsinfoco.com.br\\\/inicio\\\/vereadores-denunciam-assedio-moral-alertam-sobre-surto-de-dengue-e-combatem-a-violencia-contra-a-mulher\\\/#listItem\",\"name\":\"Vereadores denunciam ass\\u00e9dio moral, alertam sobre surto de dengue e combatem a viol\\u00eancia contra a mulher\"},\"previousItem\":{\"@type\":\"ListItem\",\"@id\":\"https:\\\/\\\/newsinfoco.com.br\\\/inicio#listItem\",\"name\":\"In\\u00edcio\"}},{\"@type\":\"ListItem\",\"@id\":\"https:\\\/\\\/newsinfoco.com.br\\\/inicio\\\/vereadores-denunciam-assedio-moral-alertam-sobre-surto-de-dengue-e-combatem-a-violencia-contra-a-mulher\\\/#listItem\",\"position\":3,\"name\":\"Vereadores denunciam ass\\u00e9dio moral, alertam sobre surto de dengue e combatem a viol\\u00eancia contra a mulher\",\"previousItem\":{\"@type\":\"ListItem\",\"@id\":\"https:\\\/\\\/newsinfoco.com.br\\\/inicio\\\/category\\\/alagoinhas-e-regiao\\\/#listItem\",\"name\":\"Alagoinhas e Regi\\u00e3o\"}}]},{\"@type\":\"Organization\",\"@id\":\"https:\\\/\\\/newsinfoco.com.br\\\/inicio\\\/#organization\",\"name\":\"News In Foco - Editado por Caio Pimenta\",\"description\":\"O principal site de noticias de Alagoinhas e regi\\u00e3o\",\"url\":\"https:\\\/\\\/newsinfoco.com.br\\\/inicio\\\/\"},{\"@type\":\"Person\",\"@id\":\"https:\\\/\\\/newsinfoco.com.br\\\/inicio\\\/author\\\/administrador\\\/#author\",\"url\":\"https:\\\/\\\/newsinfoco.com.br\\\/inicio\\\/author\\\/administrador\\\/\",\"name\":\"administrador\",\"image\":{\"@type\":\"ImageObject\",\"@id\":\"https:\\\/\\\/newsinfoco.com.br\\\/inicio\\\/vereadores-denunciam-assedio-moral-alertam-sobre-surto-de-dengue-e-combatem-a-violencia-contra-a-mulher\\\/#authorImage\",\"url\":\"https:\\\/\\\/secure.gravatar.com\\\/avatar\\\/c17a617433de8c1dc9584bb79aab7563b46f5bb7e1728c9b17d9cc3ce6a08e49?s=96&d=mm&r=g\",\"width\":96,\"height\":96,\"caption\":\"administrador\"}},{\"@type\":\"WebPage\",\"@id\":\"https:\\\/\\\/newsinfoco.com.br\\\/inicio\\\/vereadores-denunciam-assedio-moral-alertam-sobre-surto-de-dengue-e-combatem-a-violencia-contra-a-mulher\\\/#webpage\",\"url\":\"https:\\\/\\\/newsinfoco.com.br\\\/inicio\\\/vereadores-denunciam-assedio-moral-alertam-sobre-surto-de-dengue-e-combatem-a-violencia-contra-a-mulher\\\/\",\"name\":\"Vereadores denunciam ass\\u00e9dio moral, alertam sobre surto de dengue e combatem a viol\\u00eancia contra a mulher - News In Foco - Editado por Caio Pimenta\",\"description\":\"A sess\\u00e3o ordin\\u00e1ria desta ter\\u00e7a-feira (09) na C\\u00e2mara Municipal concentrou debates sobre a fiscaliza\\u00e7\\u00e3o de obras p\\u00fablicas e a defesa dos direitos das mulheres. Com a presen\\u00e7a de estudantes do Setas J\\u00fanior, os vereadores refor\\u00e7aram o papel pedag\\u00f3gico e fiscalizador do Legislativo, ao mesmo tempo em que expuseram problemas cr\\u00edticos na gest\\u00e3o de servi\\u00e7os essenciais\",\"inLanguage\":\"pt-BR\",\"isPartOf\":{\"@id\":\"https:\\\/\\\/newsinfoco.com.br\\\/inicio\\\/#website\"},\"breadcrumb\":{\"@id\":\"https:\\\/\\\/newsinfoco.com.br\\\/inicio\\\/vereadores-denunciam-assedio-moral-alertam-sobre-surto-de-dengue-e-combatem-a-violencia-contra-a-mulher\\\/#breadcrumblist\"},\"author\":{\"@id\":\"https:\\\/\\\/newsinfoco.com.br\\\/inicio\\\/author\\\/administrador\\\/#author\"},\"creator\":{\"@id\":\"https:\\\/\\\/newsinfoco.com.br\\\/inicio\\\/author\\\/administrador\\\/#author\"},\"image\":{\"@type\":\"ImageObject\",\"url\":\"https:\\\/\\\/newsinfoco.com.br\\\/inicio\\\/wp-content\\\/uploads\\\/2026\\\/04\\\/ead7ac8f-4958-47d7-aa26-0b6066d56d4a-2048x1152-1.jpg\",\"@id\":\"https:\\\/\\\/newsinfoco.com.br\\\/inicio\\\/vereadores-denunciam-assedio-moral-alertam-sobre-surto-de-dengue-e-combatem-a-violencia-contra-a-mulher\\\/#mainImage\",\"width\":2048,\"height\":1152},\"primaryImageOfPage\":{\"@id\":\"https:\\\/\\\/newsinfoco.com.br\\\/inicio\\\/vereadores-denunciam-assedio-moral-alertam-sobre-surto-de-dengue-e-combatem-a-violencia-contra-a-mulher\\\/#mainImage\"},\"datePublished\":\"2026-04-10T16:44:53-03:00\",\"dateModified\":\"2026-04-10T16:44:53-03:00\"},{\"@type\":\"WebSite\",\"@id\":\"https:\\\/\\\/newsinfoco.com.br\\\/inicio\\\/#website\",\"url\":\"https:\\\/\\\/newsinfoco.com.br\\\/inicio\\\/\",\"name\":\"News In Foco - Editado por Caio Pimenta\",\"description\":\"O principal site de noticias de Alagoinhas e regi\\u00e3o\",\"inLanguage\":\"pt-BR\",\"publisher\":{\"@id\":\"https:\\\/\\\/newsinfoco.com.br\\\/inicio\\\/#organization\"}}]}\n\t\t<\/script>\n\t\t<!-- All in One SEO -->\n\n","aioseo_head_json":{"title":"Vereadores denunciam ass\u00e9dio moral, alertam sobre surto de dengue e combatem a viol\u00eancia contra a mulher - News In Foco - Editado por Caio Pimenta","description":"A sess\u00e3o ordin\u00e1ria desta ter\u00e7a-feira (09) na C\u00e2mara Municipal concentrou debates sobre a fiscaliza\u00e7\u00e3o de obras p\u00fablicas e a defesa dos direitos das mulheres. Com a presen\u00e7a de estudantes do Setas J\u00fanior, os vereadores refor\u00e7aram o papel pedag\u00f3gico e fiscalizador do Legislativo, ao mesmo tempo em que expuseram problemas cr\u00edticos na gest\u00e3o de servi\u00e7os essenciais","canonical_url":"https:\/\/newsinfoco.com.br\/inicio\/vereadores-denunciam-assedio-moral-alertam-sobre-surto-de-dengue-e-combatem-a-violencia-contra-a-mulher\/","robots":"max-image-preview:large","keywords":"","webmasterTools":{"miscellaneous":""},"schema":{"@context":"https:\/\/schema.org","@graph":[{"@type":"BlogPosting","@id":"https:\/\/newsinfoco.com.br\/inicio\/vereadores-denunciam-assedio-moral-alertam-sobre-surto-de-dengue-e-combatem-a-violencia-contra-a-mulher\/#blogposting","name":"Vereadores denunciam ass\u00e9dio moral, alertam sobre surto de dengue e combatem a viol\u00eancia contra a mulher - News In Foco - Editado por Caio Pimenta","headline":"Vereadores denunciam ass\u00e9dio moral, alertam sobre surto de dengue e combatem a viol\u00eancia contra a mulher","author":{"@id":"https:\/\/newsinfoco.com.br\/inicio\/author\/administrador\/#author"},"publisher":{"@id":"https:\/\/newsinfoco.com.br\/inicio\/#organization"},"image":{"@type":"ImageObject","url":"https:\/\/newsinfoco.com.br\/inicio\/wp-content\/uploads\/2026\/04\/ead7ac8f-4958-47d7-aa26-0b6066d56d4a-2048x1152-1.jpg","width":2048,"height":1152},"datePublished":"2026-04-10T16:44:53-03:00","dateModified":"2026-04-10T16:44:53-03:00","inLanguage":"pt-BR","mainEntityOfPage":{"@id":"https:\/\/newsinfoco.com.br\/inicio\/vereadores-denunciam-assedio-moral-alertam-sobre-surto-de-dengue-e-combatem-a-violencia-contra-a-mulher\/#webpage"},"isPartOf":{"@id":"https:\/\/newsinfoco.com.br\/inicio\/vereadores-denunciam-assedio-moral-alertam-sobre-surto-de-dengue-e-combatem-a-violencia-contra-a-mulher\/#webpage"},"articleSection":"Alagoinhas e Regi\u00e3o, Manchete"},{"@type":"BreadcrumbList","@id":"https:\/\/newsinfoco.com.br\/inicio\/vereadores-denunciam-assedio-moral-alertam-sobre-surto-de-dengue-e-combatem-a-violencia-contra-a-mulher\/#breadcrumblist","itemListElement":[{"@type":"ListItem","@id":"https:\/\/newsinfoco.com.br\/inicio#listItem","position":1,"name":"In\u00edcio","item":"https:\/\/newsinfoco.com.br\/inicio","nextItem":{"@type":"ListItem","@id":"https:\/\/newsinfoco.com.br\/inicio\/category\/alagoinhas-e-regiao\/#listItem","name":"Alagoinhas e Regi\u00e3o"}},{"@type":"ListItem","@id":"https:\/\/newsinfoco.com.br\/inicio\/category\/alagoinhas-e-regiao\/#listItem","position":2,"name":"Alagoinhas e Regi\u00e3o","item":"https:\/\/newsinfoco.com.br\/inicio\/category\/alagoinhas-e-regiao\/","nextItem":{"@type":"ListItem","@id":"https:\/\/newsinfoco.com.br\/inicio\/vereadores-denunciam-assedio-moral-alertam-sobre-surto-de-dengue-e-combatem-a-violencia-contra-a-mulher\/#listItem","name":"Vereadores denunciam ass\u00e9dio moral, alertam sobre surto de dengue e combatem a viol\u00eancia contra a mulher"},"previousItem":{"@type":"ListItem","@id":"https:\/\/newsinfoco.com.br\/inicio#listItem","name":"In\u00edcio"}},{"@type":"ListItem","@id":"https:\/\/newsinfoco.com.br\/inicio\/vereadores-denunciam-assedio-moral-alertam-sobre-surto-de-dengue-e-combatem-a-violencia-contra-a-mulher\/#listItem","position":3,"name":"Vereadores denunciam ass\u00e9dio moral, alertam sobre surto de dengue e combatem a viol\u00eancia contra a mulher","previousItem":{"@type":"ListItem","@id":"https:\/\/newsinfoco.com.br\/inicio\/category\/alagoinhas-e-regiao\/#listItem","name":"Alagoinhas e Regi\u00e3o"}}]},{"@type":"Organization","@id":"https:\/\/newsinfoco.com.br\/inicio\/#organization","name":"News In Foco - Editado por Caio Pimenta","description":"O principal site de noticias de Alagoinhas e regi\u00e3o","url":"https:\/\/newsinfoco.com.br\/inicio\/"},{"@type":"Person","@id":"https:\/\/newsinfoco.com.br\/inicio\/author\/administrador\/#author","url":"https:\/\/newsinfoco.com.br\/inicio\/author\/administrador\/","name":"administrador","image":{"@type":"ImageObject","@id":"https:\/\/newsinfoco.com.br\/inicio\/vereadores-denunciam-assedio-moral-alertam-sobre-surto-de-dengue-e-combatem-a-violencia-contra-a-mulher\/#authorImage","url":"https:\/\/secure.gravatar.com\/avatar\/c17a617433de8c1dc9584bb79aab7563b46f5bb7e1728c9b17d9cc3ce6a08e49?s=96&d=mm&r=g","width":96,"height":96,"caption":"administrador"}},{"@type":"WebPage","@id":"https:\/\/newsinfoco.com.br\/inicio\/vereadores-denunciam-assedio-moral-alertam-sobre-surto-de-dengue-e-combatem-a-violencia-contra-a-mulher\/#webpage","url":"https:\/\/newsinfoco.com.br\/inicio\/vereadores-denunciam-assedio-moral-alertam-sobre-surto-de-dengue-e-combatem-a-violencia-contra-a-mulher\/","name":"Vereadores denunciam ass\u00e9dio moral, alertam sobre surto de dengue e combatem a viol\u00eancia contra a mulher - News In Foco - Editado por Caio Pimenta","description":"A sess\u00e3o ordin\u00e1ria desta ter\u00e7a-feira (09) na C\u00e2mara Municipal concentrou debates sobre a fiscaliza\u00e7\u00e3o de obras p\u00fablicas e a defesa dos direitos das mulheres. Com a presen\u00e7a de estudantes do Setas J\u00fanior, os vereadores refor\u00e7aram o papel pedag\u00f3gico e fiscalizador do Legislativo, ao mesmo tempo em que expuseram problemas cr\u00edticos na gest\u00e3o de servi\u00e7os essenciais","inLanguage":"pt-BR","isPartOf":{"@id":"https:\/\/newsinfoco.com.br\/inicio\/#website"},"breadcrumb":{"@id":"https:\/\/newsinfoco.com.br\/inicio\/vereadores-denunciam-assedio-moral-alertam-sobre-surto-de-dengue-e-combatem-a-violencia-contra-a-mulher\/#breadcrumblist"},"author":{"@id":"https:\/\/newsinfoco.com.br\/inicio\/author\/administrador\/#author"},"creator":{"@id":"https:\/\/newsinfoco.com.br\/inicio\/author\/administrador\/#author"},"image":{"@type":"ImageObject","url":"https:\/\/newsinfoco.com.br\/inicio\/wp-content\/uploads\/2026\/04\/ead7ac8f-4958-47d7-aa26-0b6066d56d4a-2048x1152-1.jpg","@id":"https:\/\/newsinfoco.com.br\/inicio\/vereadores-denunciam-assedio-moral-alertam-sobre-surto-de-dengue-e-combatem-a-violencia-contra-a-mulher\/#mainImage","width":2048,"height":1152},"primaryImageOfPage":{"@id":"https:\/\/newsinfoco.com.br\/inicio\/vereadores-denunciam-assedio-moral-alertam-sobre-surto-de-dengue-e-combatem-a-violencia-contra-a-mulher\/#mainImage"},"datePublished":"2026-04-10T16:44:53-03:00","dateModified":"2026-04-10T16:44:53-03:00"},{"@type":"WebSite","@id":"https:\/\/newsinfoco.com.br\/inicio\/#website","url":"https:\/\/newsinfoco.com.br\/inicio\/","name":"News In Foco - Editado por Caio Pimenta","description":"O principal site de noticias de Alagoinhas e regi\u00e3o","inLanguage":"pt-BR","publisher":{"@id":"https:\/\/newsinfoco.com.br\/inicio\/#organization"}}]},"og:locale":"pt_BR","og:site_name":"News In Foco - Editado por Caio Pimenta - O principal site de noticias de Alagoinhas e regi\u00e3o","og:type":"article","og:title":"Vereadores denunciam ass\u00e9dio moral, alertam sobre surto de dengue e combatem a viol\u00eancia contra a mulher - News In Foco - Editado por Caio Pimenta","og:description":"A sess\u00e3o ordin\u00e1ria desta ter\u00e7a-feira (09) na C\u00e2mara Municipal concentrou debates sobre a fiscaliza\u00e7\u00e3o de obras p\u00fablicas e a defesa dos direitos das mulheres. Com a presen\u00e7a de estudantes do Setas J\u00fanior, os vereadores refor\u00e7aram o papel pedag\u00f3gico e fiscalizador do Legislativo, ao mesmo tempo em que expuseram problemas cr\u00edticos na gest\u00e3o de servi\u00e7os essenciais","og:url":"https:\/\/newsinfoco.com.br\/inicio\/vereadores-denunciam-assedio-moral-alertam-sobre-surto-de-dengue-e-combatem-a-violencia-contra-a-mulher\/","article:published_time":"2026-04-10T19:44:53+00:00","article:modified_time":"2026-04-10T19:44:53+00:00","twitter:card":"summary_large_image","twitter:title":"Vereadores denunciam ass\u00e9dio moral, alertam sobre surto de dengue e combatem a viol\u00eancia contra a mulher - News In Foco - Editado por Caio Pimenta","twitter:description":"A sess\u00e3o ordin\u00e1ria desta ter\u00e7a-feira (09) na C\u00e2mara Municipal concentrou debates sobre a fiscaliza\u00e7\u00e3o de obras p\u00fablicas e a defesa dos direitos das mulheres. Com a presen\u00e7a de estudantes do Setas J\u00fanior, os vereadores refor\u00e7aram o papel pedag\u00f3gico e fiscalizador do Legislativo, ao mesmo tempo em que expuseram problemas cr\u00edticos na gest\u00e3o de servi\u00e7os essenciais"},"aioseo_meta_data":{"post_id":"50264","title":null,"description":null,"keywords":null,"keyphrases":{"focus":{"keyphrase":"","score":0,"analysis":{"keyphraseInTitle":{"score":0,"maxScore":9,"error":1}}},"additional":[]},"primary_term":null,"canonical_url":null,"og_title":null,"og_description":null,"og_object_type":"default","og_image_type":"default","og_image_url":null,"og_image_width":null,"og_image_height":null,"og_image_custom_url":null,"og_image_custom_fields":null,"og_video":"","og_custom_url":null,"og_article_section":null,"og_article_tags":null,"twitter_use_og":false,"twitter_card":"default","twitter_image_type":"default","twitter_image_url":null,"twitter_image_custom_url":null,"twitter_image_custom_fields":null,"twitter_title":null,"twitter_description":null,"schema":{"blockGraphs":[],"customGraphs":[],"default":{"data":{"Article":[],"Course":[],"Dataset":[],"FAQPage":[],"Movie":[],"Person":[],"Product":[],"ProductReview":[],"Car":[],"Recipe":[],"Service":[],"SoftwareApplication":[],"WebPage":[]},"graphName":"BlogPosting","isEnabled":true},"graphs":[]},"schema_type":"default","schema_type_options":null,"pillar_content":false,"robots_default":true,"robots_noindex":false,"robots_noarchive":false,"robots_nosnippet":false,"robots_nofollow":false,"robots_noimageindex":false,"robots_noodp":false,"robots_notranslate":false,"robots_max_snippet":"-1","robots_max_videopreview":"-1","robots_max_imagepreview":"large","priority":null,"frequency":"default","local_seo":null,"breadcrumb_settings":null,"limit_modified_date":false,"ai":{"faqs":[],"keyPoints":[],"titles":[],"descriptions":[],"socialPosts":{"email":[],"linkedin":[],"twitter":[],"facebook":[],"instagram":[]}},"created":"2026-04-10 19:44:53","updated":"2026-04-10 19:55:28","seo_analyzer_scan_date":null},"aioseo_breadcrumb":"<div class=\"aioseo-breadcrumbs\"><span class=\"aioseo-breadcrumb\">\n\t\t\t<a href=\"https:\/\/newsinfoco.com.br\/inicio\" title=\"In\u00edcio\">In\u00edcio<\/a>\n\t\t<\/span><span class=\"aioseo-breadcrumb-separator\">&raquo;<\/span><span class=\"aioseo-breadcrumb\">\n\t\t\t<a href=\"https:\/\/newsinfoco.com.br\/inicio\/category\/alagoinhas-e-regiao\/\" title=\"Alagoinhas e Regi\u00e3o\">Alagoinhas e Regi\u00e3o<\/a>\n\t\t<\/span><span class=\"aioseo-breadcrumb-separator\">&raquo;<\/span><span class=\"aioseo-breadcrumb\">\n\t\t\tVereadores denunciam ass\u00e9dio moral, alertam sobre surto de dengue e combatem a viol\u00eancia contra a mulher\n\t\t<\/span><\/div>","aioseo_breadcrumb_json":[{"label":"In\u00edcio","link":"https:\/\/newsinfoco.com.br\/inicio"},{"label":"Alagoinhas e Regi\u00e3o","link":"https:\/\/newsinfoco.com.br\/inicio\/category\/alagoinhas-e-regiao\/"},{"label":"Vereadores denunciam ass\u00e9dio moral, alertam sobre surto de dengue e combatem a viol\u00eancia contra a mulher","link":"https:\/\/newsinfoco.com.br\/inicio\/vereadores-denunciam-assedio-moral-alertam-sobre-surto-de-dengue-e-combatem-a-violencia-contra-a-mulher\/"}],"_links":{"self":[{"href":"https:\/\/newsinfoco.com.br\/inicio\/wp-json\/wp\/v2\/posts\/50264","targetHints":{"allow":["GET"]}}],"collection":[{"href":"https:\/\/newsinfoco.com.br\/inicio\/wp-json\/wp\/v2\/posts"}],"about":[{"href":"https:\/\/newsinfoco.com.br\/inicio\/wp-json\/wp\/v2\/types\/post"}],"author":[{"embeddable":true,"href":"https:\/\/newsinfoco.com.br\/inicio\/wp-json\/wp\/v2\/users\/1"}],"replies":[{"embeddable":true,"href":"https:\/\/newsinfoco.com.br\/inicio\/wp-json\/wp\/v2\/comments?post=50264"}],"version-history":[{"count":1,"href":"https:\/\/newsinfoco.com.br\/inicio\/wp-json\/wp\/v2\/posts\/50264\/revisions"}],"predecessor-version":[{"id":50266,"href":"https:\/\/newsinfoco.com.br\/inicio\/wp-json\/wp\/v2\/posts\/50264\/revisions\/50266"}],"wp:featuredmedia":[{"embeddable":true,"href":"https:\/\/newsinfoco.com.br\/inicio\/wp-json\/wp\/v2\/media\/50265"}],"wp:attachment":[{"href":"https:\/\/newsinfoco.com.br\/inicio\/wp-json\/wp\/v2\/media?parent=50264"}],"wp:term":[{"taxonomy":"category","embeddable":true,"href":"https:\/\/newsinfoco.com.br\/inicio\/wp-json\/wp\/v2\/categories?post=50264"},{"taxonomy":"post_tag","embeddable":true,"href":"https:\/\/newsinfoco.com.br\/inicio\/wp-json\/wp\/v2\/tags?post=50264"}],"curies":[{"name":"wp","href":"https:\/\/api.w.org\/{rel}","templated":true}]}}