{"id":50267,"date":"2026-04-10T16:51:21","date_gmt":"2026-04-10T19:51:21","guid":{"rendered":"https:\/\/newsinfoco.com.br\/inicio\/?p=50267"},"modified":"2026-04-10T16:51:21","modified_gmt":"2026-04-10T19:51:21","slug":"vereadores-denunciam-atrasos-salariais-perseguicao-politica-e-celebram-recursos-federais-para-a-saude","status":"publish","type":"post","link":"https:\/\/newsinfoco.com.br\/inicio\/vereadores-denunciam-atrasos-salariais-perseguicao-politica-e-celebram-recursos-federais-para-a-saude\/","title":{"rendered":"Vereadores denunciam atrasos salariais, persegui\u00e7\u00e3o pol\u00edtica e celebram recursos federais para a sa\u00fade"},"content":{"rendered":"<div class=\"elementor-column elementor-col-50 elementor-top-column elementor-element elementor-element-166fa74c\" data-id=\"166fa74c\" data-element_type=\"column\">\n<div class=\"elementor-widget-wrap elementor-element-populated\">\n<div class=\"elementor-element elementor-element-8956c80 elementor-widget elementor-widget-theme-post-content\" data-id=\"8956c80\" data-element_type=\"widget\" data-widget_type=\"theme-post-content.default\">\n<div class=\"elementor-widget-container\">\n<p>A sess\u00e3o desta ter\u00e7a-feira (9) foi marcada por den\u00fancias contra a gest\u00e3o municipal e pela presta\u00e7\u00e3o de contas de investimentos externos destinados \u00e0 cidade. O vereador Luciano Almeida subiu \u00e0 tribuna para expor o que classificou como desrespeito e incompet\u00eancia na condu\u00e7\u00e3o de servi\u00e7os essenciais, destacando atrasos salariais na Unidade de Pronto Atendimento (UPA) e no Hospital Materno-Infantil.<\/p>\n<p>Segundo o parlamentar, funcion\u00e1rios da maternidade enfrentam o n\u00e3o recolhimento do FGTS por quatro meses e o represamento do complemento do piso nacional da enfermagem, repassado pelo Governo Federal, mas n\u00e3o entregue aos trabalhadores pelo Instituto de Gest\u00e3o Integrada.<\/p>\n<p>Luciano Almeida tamb\u00e9m denunciou um clima de persegui\u00e7\u00e3o dentro das unidades de sa\u00fade, relatando casos de profissionais demitidos por simples gestos de cortesia a parlamentares de oposi\u00e7\u00e3o. O vereador comparou a atual postura do Executivo com gest\u00f5es anteriores, afirmando que o governo parece ter \u201cjogado a tolha\u201d e transformado Alagoinhas em uma \u201ccidade caloteira\u201d, citando d\u00edvidas com prestadores de servi\u00e7os de transporte que chegam a um ano de atraso.<\/p>\n<div class=\"wp-block-image\"><\/div>\n<p>Em solidariedade \u00e0 vereadora Juci Cardoso, impedida de fiscalizar uma unidade de sa\u00fade, Luciano relembrou que ele e as vereadoras Luma Menezes e Jaldice Nunes j\u00e1 precisaram acionar a Pol\u00edcia Militar para garantir o direito constitucional de acesso a \u00f3rg\u00e3os p\u00fablicos, repudiando as agress\u00f5es de \u201cmil\u00edcias digitais\u201d que tentam enfraquecer o Parlamento.<\/p>\n<div class=\"wp-block-image\"><\/div>\n<p>No campo da sa\u00fade suplementar, o debate trouxe \u00e0 tona a precariedade dos enfermeiros credenciados para as cirurgias eletivas. Luciano Almeida revelou que, apesar da alta produtividade, com a realiza\u00e7\u00e3o de 30 a 36 procedimentos di\u00e1rios, os profissionais trabalham sem escala fixa e recebem valores inferiores ao sal\u00e1rio-m\u00ednimo ap\u00f3s descontos, sem suporte sequer para o deslocamento ap\u00f3s as jornadas.<\/p>\n<p>O vereador \u00a0Cleto da Banana interveio para destacar que, embora o volume de cirurgias seja um avan\u00e7o iniciado na gest\u00e3o de Joaquim Neto e mantido pelo prefeito Gustavo Carmo, \u00e9 inaceit\u00e1vel que o sucesso do programa ocorra \u00e0 custa do maltrato aos trabalhadores, cobrando corre\u00e7\u00f5es imediatas da gest\u00e3o.<\/p>\n<div class=\"wp-block-image\"><\/div>\n<p>Apesar das cr\u00edticas \u00e0 administra\u00e7\u00e3o local, os parlamentares destacaram a chegada de recursos importantes atrav\u00e9s de emendas federais. Luciano Almeida detalhou a destina\u00e7\u00e3o de verbas do deputado federal Paulo Azi, que somam mais de R$ 3 milh\u00f5es para \u00e1reas diversas, incluindo R$ 900 mil para cirurgias eletivas, R$ 1,1 milh\u00e3o para a reforma do campo do Barreiro e R$ 400 mil para entidades como APAE, Pestalozzi e Pastoral do Menor.<\/p>\n<p>A vereadora Luma Menezes somou-se ao relato em aparte, pontuando que o deputado Paulo Azi tamb\u00e9m destinou R$ 350 mil para o campo do Miguel Velho e R$ 100 mil para a causa animal, refor\u00e7ando que esses investimentos s\u00e3o fruto da articula\u00e7\u00e3o direta do grupo de oposi\u00e7\u00e3o com o mandato federal.<\/p>\n<div class=\"wp-block-image\"><\/div>\n<p>O vereador Jos\u00e9 Cleto tamb\u00e9m corroborou a import\u00e2ncia dessas emendas, informando que recentemente buscou, junto a outros colegas, recursos adicionais com os deputados Paulo Azi e S\u00e9rgio Brito, resultando na sinaliza\u00e7\u00e3o de mais R$ 1 milh\u00e3o para o custeio da sa\u00fade em Alagoinhas.<\/p>\n<p>Cleto enfatizou que garantir recursos \u00e9 uma obriga\u00e7\u00e3o de quem foi votado na cidade, independentemente de alinhamento pol\u00edtico com o prefeito, visando exclusivamente a melhoria da qualidade de vida da popula\u00e7\u00e3o.<\/p>\n<p>O debate encerrou-se com o compromisso dos parlamentares em manter a resist\u00eancia contra o que chamaram de tentativa de enfraquecimento do Poder Legislativo por meio da n\u00e3o execu\u00e7\u00e3o de emendas impositivas municipais.<\/p>\n<p><strong>Ascom \u2013 C\u00e2mara Municipal de Alagoinhas<\/strong><\/p>\n<p><strong>Fotos \u2013 Jh\u00f4 Paz<\/strong><\/p>\n<\/div>\n<\/div>\n<\/div>\n<\/div>\n<div class=\"elementor-column elementor-col-50 elementor-top-column elementor-element elementor-element-263f143b\" data-id=\"263f143b\" data-element_type=\"column\">\n<div class=\"elementor-widget-wrap elementor-element-populated\">\n<div class=\"elementor-element elementor-element-19118fd7 elementor-widget elementor-widget-heading\" data-id=\"19118fd7\" data-element_type=\"widget\" data-widget_type=\"heading.default\">\n<div class=\"elementor-widget-container\"><\/div>\n<\/div>\n<\/div>\n<\/div>\n<div class='share-to-whatsapp-wrapper'><div class='share-on-whsp'>Share on: <\/div><a data-text='Vereadores denunciam atrasos salariais, persegui\u00e7\u00e3o pol\u00edtica e celebram recursos federais para a sa\u00fade' data-link='https:\/\/newsinfoco.com.br\/inicio\/vereadores-denunciam-atrasos-salariais-perseguicao-politica-e-celebram-recursos-federais-para-a-saude\/' class='whatsapp-button whatsapp-share'>WhatsApp<\/a><div class='clear '><\/div><\/div>","protected":false},"excerpt":{"rendered":"<p>A sess\u00e3o desta ter\u00e7a-feira (9) foi marcada por den\u00fancias contra a gest\u00e3o municipal e pela presta\u00e7\u00e3o de contas de investimentos externos destinados \u00e0 cidade. O vereador Luciano Almeida subiu \u00e0 tribuna para expor o que classificou como desrespeito e incompet\u00eancia na condu\u00e7\u00e3o de servi\u00e7os essenciais, destacando atrasos salariais na Unidade de Pronto Atendimento (UPA) e [&hellip;]<\/p>\n","protected":false},"author":1,"featured_media":50268,"comment_status":"closed","ping_status":"closed","sticky":false,"template":"","format":"standard","meta":{"om_disable_all_campaigns":false,"rop_custom_images_group":[],"rop_custom_messages_group":[],"rop_publish_now":"initial","rop_publish_now_accounts":[],"rop_publish_now_history":[],"rop_publish_now_status":"pending","_exactmetrics_skip_tracking":false,"footnotes":""},"categories":[38,167],"tags":[],"class_list":["post-50267","post","type-post","status-publish","format-standard","has-post-thumbnail","hentry","category-alagoinhas-e-regiao","category-exclusivas"],"aioseo_notices":[],"aioseo_head":"\n\t\t<!-- All in One SEO 4.9.10 - aioseo.com -->\n\t<meta name=\"description\" content=\"A sess\u00e3o desta ter\u00e7a-feira (9) foi marcada por den\u00fancias contra a gest\u00e3o municipal e pela presta\u00e7\u00e3o de contas de investimentos externos destinados \u00e0 cidade. O vereador Luciano Almeida subiu \u00e0 tribuna para expor o que classificou como desrespeito e incompet\u00eancia na condu\u00e7\u00e3o de servi\u00e7os essenciais, destacando atrasos salariais na Unidade de Pronto Atendimento (UPA) e\" \/>\n\t<meta name=\"robots\" content=\"max-image-preview:large\" \/>\n\t<meta name=\"author\" content=\"administrador\"\/>\n\t<link rel=\"canonical\" href=\"https:\/\/newsinfoco.com.br\/inicio\/vereadores-denunciam-atrasos-salariais-perseguicao-politica-e-celebram-recursos-federais-para-a-saude\/\" \/>\n\t<meta name=\"generator\" content=\"All in One SEO (AIOSEO) 4.9.10\" \/>\n\t\t<meta property=\"og:locale\" content=\"pt_BR\" \/>\n\t\t<meta property=\"og:site_name\" content=\"News In Foco - Editado por Caio Pimenta - O principal site de noticias de Alagoinhas e regi\u00e3o\" \/>\n\t\t<meta property=\"og:type\" content=\"article\" \/>\n\t\t<meta property=\"og:title\" content=\"Vereadores denunciam atrasos salariais, persegui\u00e7\u00e3o pol\u00edtica e celebram recursos federais para a sa\u00fade - News In Foco - Editado por Caio Pimenta\" \/>\n\t\t<meta property=\"og:description\" content=\"A sess\u00e3o desta ter\u00e7a-feira (9) foi marcada por den\u00fancias contra a gest\u00e3o municipal e pela presta\u00e7\u00e3o de contas de investimentos externos destinados \u00e0 cidade. O vereador Luciano Almeida subiu \u00e0 tribuna para expor o que classificou como desrespeito e incompet\u00eancia na condu\u00e7\u00e3o de servi\u00e7os essenciais, destacando atrasos salariais na Unidade de Pronto Atendimento (UPA) e\" \/>\n\t\t<meta property=\"og:url\" content=\"https:\/\/newsinfoco.com.br\/inicio\/vereadores-denunciam-atrasos-salariais-perseguicao-politica-e-celebram-recursos-federais-para-a-saude\/\" \/>\n\t\t<meta property=\"article:published_time\" content=\"2026-04-10T19:51:21+00:00\" \/>\n\t\t<meta property=\"article:modified_time\" content=\"2026-04-10T19:51:21+00:00\" \/>\n\t\t<meta name=\"twitter:card\" content=\"summary_large_image\" \/>\n\t\t<meta name=\"twitter:title\" content=\"Vereadores denunciam atrasos salariais, persegui\u00e7\u00e3o pol\u00edtica e celebram recursos federais para a sa\u00fade - News In Foco - Editado por Caio Pimenta\" \/>\n\t\t<meta name=\"twitter:description\" content=\"A sess\u00e3o desta ter\u00e7a-feira (9) foi marcada por den\u00fancias contra a gest\u00e3o municipal e pela presta\u00e7\u00e3o de contas de investimentos externos destinados \u00e0 cidade. O vereador Luciano Almeida subiu \u00e0 tribuna para expor o que classificou como desrespeito e incompet\u00eancia na condu\u00e7\u00e3o de servi\u00e7os essenciais, destacando atrasos salariais na Unidade de Pronto Atendimento (UPA) e\" \/>\n\t\t<script type=\"application\/ld+json\" class=\"aioseo-schema\">\n\t\t\t{\"@context\":\"https:\\\/\\\/schema.org\",\"@graph\":[{\"@type\":\"BlogPosting\",\"@id\":\"https:\\\/\\\/newsinfoco.com.br\\\/inicio\\\/vereadores-denunciam-atrasos-salariais-perseguicao-politica-e-celebram-recursos-federais-para-a-saude\\\/#blogposting\",\"name\":\"Vereadores denunciam atrasos salariais, persegui\\u00e7\\u00e3o pol\\u00edtica e celebram recursos federais para a sa\\u00fade - News In Foco - Editado por Caio Pimenta\",\"headline\":\"Vereadores denunciam atrasos salariais, persegui\\u00e7\\u00e3o pol\\u00edtica e celebram recursos federais para a sa\\u00fade\",\"author\":{\"@id\":\"https:\\\/\\\/newsinfoco.com.br\\\/inicio\\\/author\\\/administrador\\\/#author\"},\"publisher\":{\"@id\":\"https:\\\/\\\/newsinfoco.com.br\\\/inicio\\\/#organization\"},\"image\":{\"@type\":\"ImageObject\",\"url\":\"https:\\\/\\\/newsinfoco.com.br\\\/inicio\\\/wp-content\\\/uploads\\\/2026\\\/04\\\/1-1-1.jpg\",\"width\":1536,\"height\":821},\"datePublished\":\"2026-04-10T16:51:21-03:00\",\"dateModified\":\"2026-04-10T16:51:21-03:00\",\"inLanguage\":\"pt-BR\",\"mainEntityOfPage\":{\"@id\":\"https:\\\/\\\/newsinfoco.com.br\\\/inicio\\\/vereadores-denunciam-atrasos-salariais-perseguicao-politica-e-celebram-recursos-federais-para-a-saude\\\/#webpage\"},\"isPartOf\":{\"@id\":\"https:\\\/\\\/newsinfoco.com.br\\\/inicio\\\/vereadores-denunciam-atrasos-salariais-perseguicao-politica-e-celebram-recursos-federais-para-a-saude\\\/#webpage\"},\"articleSection\":\"Alagoinhas e Regi\\u00e3o, Manchete\"},{\"@type\":\"BreadcrumbList\",\"@id\":\"https:\\\/\\\/newsinfoco.com.br\\\/inicio\\\/vereadores-denunciam-atrasos-salariais-perseguicao-politica-e-celebram-recursos-federais-para-a-saude\\\/#breadcrumblist\",\"itemListElement\":[{\"@type\":\"ListItem\",\"@id\":\"https:\\\/\\\/newsinfoco.com.br\\\/inicio#listItem\",\"position\":1,\"name\":\"In\\u00edcio\",\"item\":\"https:\\\/\\\/newsinfoco.com.br\\\/inicio\",\"nextItem\":{\"@type\":\"ListItem\",\"@id\":\"https:\\\/\\\/newsinfoco.com.br\\\/inicio\\\/category\\\/alagoinhas-e-regiao\\\/#listItem\",\"name\":\"Alagoinhas e Regi\\u00e3o\"}},{\"@type\":\"ListItem\",\"@id\":\"https:\\\/\\\/newsinfoco.com.br\\\/inicio\\\/category\\\/alagoinhas-e-regiao\\\/#listItem\",\"position\":2,\"name\":\"Alagoinhas e Regi\\u00e3o\",\"item\":\"https:\\\/\\\/newsinfoco.com.br\\\/inicio\\\/category\\\/alagoinhas-e-regiao\\\/\",\"nextItem\":{\"@type\":\"ListItem\",\"@id\":\"https:\\\/\\\/newsinfoco.com.br\\\/inicio\\\/vereadores-denunciam-atrasos-salariais-perseguicao-politica-e-celebram-recursos-federais-para-a-saude\\\/#listItem\",\"name\":\"Vereadores denunciam atrasos salariais, persegui\\u00e7\\u00e3o pol\\u00edtica e celebram recursos federais para a sa\\u00fade\"},\"previousItem\":{\"@type\":\"ListItem\",\"@id\":\"https:\\\/\\\/newsinfoco.com.br\\\/inicio#listItem\",\"name\":\"In\\u00edcio\"}},{\"@type\":\"ListItem\",\"@id\":\"https:\\\/\\\/newsinfoco.com.br\\\/inicio\\\/vereadores-denunciam-atrasos-salariais-perseguicao-politica-e-celebram-recursos-federais-para-a-saude\\\/#listItem\",\"position\":3,\"name\":\"Vereadores denunciam atrasos salariais, persegui\\u00e7\\u00e3o pol\\u00edtica e celebram recursos federais para a sa\\u00fade\",\"previousItem\":{\"@type\":\"ListItem\",\"@id\":\"https:\\\/\\\/newsinfoco.com.br\\\/inicio\\\/category\\\/alagoinhas-e-regiao\\\/#listItem\",\"name\":\"Alagoinhas e Regi\\u00e3o\"}}]},{\"@type\":\"Organization\",\"@id\":\"https:\\\/\\\/newsinfoco.com.br\\\/inicio\\\/#organization\",\"name\":\"News In Foco - Editado por Caio Pimenta\",\"description\":\"O principal site de noticias de Alagoinhas e regi\\u00e3o\",\"url\":\"https:\\\/\\\/newsinfoco.com.br\\\/inicio\\\/\"},{\"@type\":\"Person\",\"@id\":\"https:\\\/\\\/newsinfoco.com.br\\\/inicio\\\/author\\\/administrador\\\/#author\",\"url\":\"https:\\\/\\\/newsinfoco.com.br\\\/inicio\\\/author\\\/administrador\\\/\",\"name\":\"administrador\",\"image\":{\"@type\":\"ImageObject\",\"@id\":\"https:\\\/\\\/newsinfoco.com.br\\\/inicio\\\/vereadores-denunciam-atrasos-salariais-perseguicao-politica-e-celebram-recursos-federais-para-a-saude\\\/#authorImage\",\"url\":\"https:\\\/\\\/secure.gravatar.com\\\/avatar\\\/c17a617433de8c1dc9584bb79aab7563b46f5bb7e1728c9b17d9cc3ce6a08e49?s=96&d=mm&r=g\",\"width\":96,\"height\":96,\"caption\":\"administrador\"}},{\"@type\":\"WebPage\",\"@id\":\"https:\\\/\\\/newsinfoco.com.br\\\/inicio\\\/vereadores-denunciam-atrasos-salariais-perseguicao-politica-e-celebram-recursos-federais-para-a-saude\\\/#webpage\",\"url\":\"https:\\\/\\\/newsinfoco.com.br\\\/inicio\\\/vereadores-denunciam-atrasos-salariais-perseguicao-politica-e-celebram-recursos-federais-para-a-saude\\\/\",\"name\":\"Vereadores denunciam atrasos salariais, persegui\\u00e7\\u00e3o pol\\u00edtica e celebram recursos federais para a sa\\u00fade - News In Foco - Editado por Caio Pimenta\",\"description\":\"A sess\\u00e3o desta ter\\u00e7a-feira (9) foi marcada por den\\u00fancias contra a gest\\u00e3o municipal e pela presta\\u00e7\\u00e3o de contas de investimentos externos destinados \\u00e0 cidade. O vereador Luciano Almeida subiu \\u00e0 tribuna para expor o que classificou como desrespeito e incompet\\u00eancia na condu\\u00e7\\u00e3o de servi\\u00e7os essenciais, destacando atrasos salariais na Unidade de Pronto Atendimento (UPA) e\",\"inLanguage\":\"pt-BR\",\"isPartOf\":{\"@id\":\"https:\\\/\\\/newsinfoco.com.br\\\/inicio\\\/#website\"},\"breadcrumb\":{\"@id\":\"https:\\\/\\\/newsinfoco.com.br\\\/inicio\\\/vereadores-denunciam-atrasos-salariais-perseguicao-politica-e-celebram-recursos-federais-para-a-saude\\\/#breadcrumblist\"},\"author\":{\"@id\":\"https:\\\/\\\/newsinfoco.com.br\\\/inicio\\\/author\\\/administrador\\\/#author\"},\"creator\":{\"@id\":\"https:\\\/\\\/newsinfoco.com.br\\\/inicio\\\/author\\\/administrador\\\/#author\"},\"image\":{\"@type\":\"ImageObject\",\"url\":\"https:\\\/\\\/newsinfoco.com.br\\\/inicio\\\/wp-content\\\/uploads\\\/2026\\\/04\\\/1-1-1.jpg\",\"@id\":\"https:\\\/\\\/newsinfoco.com.br\\\/inicio\\\/vereadores-denunciam-atrasos-salariais-perseguicao-politica-e-celebram-recursos-federais-para-a-saude\\\/#mainImage\",\"width\":1536,\"height\":821},\"primaryImageOfPage\":{\"@id\":\"https:\\\/\\\/newsinfoco.com.br\\\/inicio\\\/vereadores-denunciam-atrasos-salariais-perseguicao-politica-e-celebram-recursos-federais-para-a-saude\\\/#mainImage\"},\"datePublished\":\"2026-04-10T16:51:21-03:00\",\"dateModified\":\"2026-04-10T16:51:21-03:00\"},{\"@type\":\"WebSite\",\"@id\":\"https:\\\/\\\/newsinfoco.com.br\\\/inicio\\\/#website\",\"url\":\"https:\\\/\\\/newsinfoco.com.br\\\/inicio\\\/\",\"name\":\"News In Foco - Editado por Caio Pimenta\",\"description\":\"O principal site de noticias de Alagoinhas e regi\\u00e3o\",\"inLanguage\":\"pt-BR\",\"publisher\":{\"@id\":\"https:\\\/\\\/newsinfoco.com.br\\\/inicio\\\/#organization\"}}]}\n\t\t<\/script>\n\t\t<!-- All in One SEO -->\n\n","aioseo_head_json":{"title":"Vereadores denunciam atrasos salariais, persegui\u00e7\u00e3o pol\u00edtica e celebram recursos federais para a sa\u00fade - News In Foco - Editado por Caio Pimenta","description":"A sess\u00e3o desta ter\u00e7a-feira (9) foi marcada por den\u00fancias contra a gest\u00e3o municipal e pela presta\u00e7\u00e3o de contas de investimentos externos destinados \u00e0 cidade. O vereador Luciano Almeida subiu \u00e0 tribuna para expor o que classificou como desrespeito e incompet\u00eancia na condu\u00e7\u00e3o de servi\u00e7os essenciais, destacando atrasos salariais na Unidade de Pronto Atendimento (UPA) e","canonical_url":"https:\/\/newsinfoco.com.br\/inicio\/vereadores-denunciam-atrasos-salariais-perseguicao-politica-e-celebram-recursos-federais-para-a-saude\/","robots":"max-image-preview:large","keywords":"","webmasterTools":{"miscellaneous":""},"schema":{"@context":"https:\/\/schema.org","@graph":[{"@type":"BlogPosting","@id":"https:\/\/newsinfoco.com.br\/inicio\/vereadores-denunciam-atrasos-salariais-perseguicao-politica-e-celebram-recursos-federais-para-a-saude\/#blogposting","name":"Vereadores denunciam atrasos salariais, persegui\u00e7\u00e3o pol\u00edtica e celebram recursos federais para a sa\u00fade - News In Foco - Editado por Caio Pimenta","headline":"Vereadores denunciam atrasos salariais, persegui\u00e7\u00e3o pol\u00edtica e celebram recursos federais para a sa\u00fade","author":{"@id":"https:\/\/newsinfoco.com.br\/inicio\/author\/administrador\/#author"},"publisher":{"@id":"https:\/\/newsinfoco.com.br\/inicio\/#organization"},"image":{"@type":"ImageObject","url":"https:\/\/newsinfoco.com.br\/inicio\/wp-content\/uploads\/2026\/04\/1-1-1.jpg","width":1536,"height":821},"datePublished":"2026-04-10T16:51:21-03:00","dateModified":"2026-04-10T16:51:21-03:00","inLanguage":"pt-BR","mainEntityOfPage":{"@id":"https:\/\/newsinfoco.com.br\/inicio\/vereadores-denunciam-atrasos-salariais-perseguicao-politica-e-celebram-recursos-federais-para-a-saude\/#webpage"},"isPartOf":{"@id":"https:\/\/newsinfoco.com.br\/inicio\/vereadores-denunciam-atrasos-salariais-perseguicao-politica-e-celebram-recursos-federais-para-a-saude\/#webpage"},"articleSection":"Alagoinhas e Regi\u00e3o, Manchete"},{"@type":"BreadcrumbList","@id":"https:\/\/newsinfoco.com.br\/inicio\/vereadores-denunciam-atrasos-salariais-perseguicao-politica-e-celebram-recursos-federais-para-a-saude\/#breadcrumblist","itemListElement":[{"@type":"ListItem","@id":"https:\/\/newsinfoco.com.br\/inicio#listItem","position":1,"name":"In\u00edcio","item":"https:\/\/newsinfoco.com.br\/inicio","nextItem":{"@type":"ListItem","@id":"https:\/\/newsinfoco.com.br\/inicio\/category\/alagoinhas-e-regiao\/#listItem","name":"Alagoinhas e Regi\u00e3o"}},{"@type":"ListItem","@id":"https:\/\/newsinfoco.com.br\/inicio\/category\/alagoinhas-e-regiao\/#listItem","position":2,"name":"Alagoinhas e Regi\u00e3o","item":"https:\/\/newsinfoco.com.br\/inicio\/category\/alagoinhas-e-regiao\/","nextItem":{"@type":"ListItem","@id":"https:\/\/newsinfoco.com.br\/inicio\/vereadores-denunciam-atrasos-salariais-perseguicao-politica-e-celebram-recursos-federais-para-a-saude\/#listItem","name":"Vereadores denunciam atrasos salariais, persegui\u00e7\u00e3o pol\u00edtica e celebram recursos federais para a sa\u00fade"},"previousItem":{"@type":"ListItem","@id":"https:\/\/newsinfoco.com.br\/inicio#listItem","name":"In\u00edcio"}},{"@type":"ListItem","@id":"https:\/\/newsinfoco.com.br\/inicio\/vereadores-denunciam-atrasos-salariais-perseguicao-politica-e-celebram-recursos-federais-para-a-saude\/#listItem","position":3,"name":"Vereadores denunciam atrasos salariais, persegui\u00e7\u00e3o pol\u00edtica e celebram recursos federais para a sa\u00fade","previousItem":{"@type":"ListItem","@id":"https:\/\/newsinfoco.com.br\/inicio\/category\/alagoinhas-e-regiao\/#listItem","name":"Alagoinhas e Regi\u00e3o"}}]},{"@type":"Organization","@id":"https:\/\/newsinfoco.com.br\/inicio\/#organization","name":"News In Foco - Editado por Caio Pimenta","description":"O principal site de noticias de Alagoinhas e regi\u00e3o","url":"https:\/\/newsinfoco.com.br\/inicio\/"},{"@type":"Person","@id":"https:\/\/newsinfoco.com.br\/inicio\/author\/administrador\/#author","url":"https:\/\/newsinfoco.com.br\/inicio\/author\/administrador\/","name":"administrador","image":{"@type":"ImageObject","@id":"https:\/\/newsinfoco.com.br\/inicio\/vereadores-denunciam-atrasos-salariais-perseguicao-politica-e-celebram-recursos-federais-para-a-saude\/#authorImage","url":"https:\/\/secure.gravatar.com\/avatar\/c17a617433de8c1dc9584bb79aab7563b46f5bb7e1728c9b17d9cc3ce6a08e49?s=96&d=mm&r=g","width":96,"height":96,"caption":"administrador"}},{"@type":"WebPage","@id":"https:\/\/newsinfoco.com.br\/inicio\/vereadores-denunciam-atrasos-salariais-perseguicao-politica-e-celebram-recursos-federais-para-a-saude\/#webpage","url":"https:\/\/newsinfoco.com.br\/inicio\/vereadores-denunciam-atrasos-salariais-perseguicao-politica-e-celebram-recursos-federais-para-a-saude\/","name":"Vereadores denunciam atrasos salariais, persegui\u00e7\u00e3o pol\u00edtica e celebram recursos federais para a sa\u00fade - News In Foco - Editado por Caio Pimenta","description":"A sess\u00e3o desta ter\u00e7a-feira (9) foi marcada por den\u00fancias contra a gest\u00e3o municipal e pela presta\u00e7\u00e3o de contas de investimentos externos destinados \u00e0 cidade. O vereador Luciano Almeida subiu \u00e0 tribuna para expor o que classificou como desrespeito e incompet\u00eancia na condu\u00e7\u00e3o de servi\u00e7os essenciais, destacando atrasos salariais na Unidade de Pronto Atendimento (UPA) e","inLanguage":"pt-BR","isPartOf":{"@id":"https:\/\/newsinfoco.com.br\/inicio\/#website"},"breadcrumb":{"@id":"https:\/\/newsinfoco.com.br\/inicio\/vereadores-denunciam-atrasos-salariais-perseguicao-politica-e-celebram-recursos-federais-para-a-saude\/#breadcrumblist"},"author":{"@id":"https:\/\/newsinfoco.com.br\/inicio\/author\/administrador\/#author"},"creator":{"@id":"https:\/\/newsinfoco.com.br\/inicio\/author\/administrador\/#author"},"image":{"@type":"ImageObject","url":"https:\/\/newsinfoco.com.br\/inicio\/wp-content\/uploads\/2026\/04\/1-1-1.jpg","@id":"https:\/\/newsinfoco.com.br\/inicio\/vereadores-denunciam-atrasos-salariais-perseguicao-politica-e-celebram-recursos-federais-para-a-saude\/#mainImage","width":1536,"height":821},"primaryImageOfPage":{"@id":"https:\/\/newsinfoco.com.br\/inicio\/vereadores-denunciam-atrasos-salariais-perseguicao-politica-e-celebram-recursos-federais-para-a-saude\/#mainImage"},"datePublished":"2026-04-10T16:51:21-03:00","dateModified":"2026-04-10T16:51:21-03:00"},{"@type":"WebSite","@id":"https:\/\/newsinfoco.com.br\/inicio\/#website","url":"https:\/\/newsinfoco.com.br\/inicio\/","name":"News In Foco - Editado por Caio Pimenta","description":"O principal site de noticias de Alagoinhas e regi\u00e3o","inLanguage":"pt-BR","publisher":{"@id":"https:\/\/newsinfoco.com.br\/inicio\/#organization"}}]},"og:locale":"pt_BR","og:site_name":"News In Foco - Editado por Caio Pimenta - O principal site de noticias de Alagoinhas e regi\u00e3o","og:type":"article","og:title":"Vereadores denunciam atrasos salariais, persegui\u00e7\u00e3o pol\u00edtica e celebram recursos federais para a sa\u00fade - News In Foco - Editado por Caio Pimenta","og:description":"A sess\u00e3o desta ter\u00e7a-feira (9) foi marcada por den\u00fancias contra a gest\u00e3o municipal e pela presta\u00e7\u00e3o de contas de investimentos externos destinados \u00e0 cidade. O vereador Luciano Almeida subiu \u00e0 tribuna para expor o que classificou como desrespeito e incompet\u00eancia na condu\u00e7\u00e3o de servi\u00e7os essenciais, destacando atrasos salariais na Unidade de Pronto Atendimento (UPA) e","og:url":"https:\/\/newsinfoco.com.br\/inicio\/vereadores-denunciam-atrasos-salariais-perseguicao-politica-e-celebram-recursos-federais-para-a-saude\/","article:published_time":"2026-04-10T19:51:21+00:00","article:modified_time":"2026-04-10T19:51:21+00:00","twitter:card":"summary_large_image","twitter:title":"Vereadores denunciam atrasos salariais, persegui\u00e7\u00e3o pol\u00edtica e celebram recursos federais para a sa\u00fade - News In Foco - Editado por Caio Pimenta","twitter:description":"A sess\u00e3o desta ter\u00e7a-feira (9) foi marcada por den\u00fancias contra a gest\u00e3o municipal e pela presta\u00e7\u00e3o de contas de investimentos externos destinados \u00e0 cidade. O vereador Luciano Almeida subiu \u00e0 tribuna para expor o que classificou como desrespeito e incompet\u00eancia na condu\u00e7\u00e3o de servi\u00e7os essenciais, destacando atrasos salariais na Unidade de Pronto Atendimento (UPA) e"},"aioseo_meta_data":{"post_id":"50267","title":null,"description":null,"keywords":null,"keyphrases":{"focus":{"keyphrase":"","score":0,"analysis":{"keyphraseInTitle":{"score":0,"maxScore":9,"error":1}}},"additional":[]},"primary_term":null,"canonical_url":null,"og_title":null,"og_description":null,"og_object_type":"default","og_image_type":"default","og_image_url":null,"og_image_width":null,"og_image_height":null,"og_image_custom_url":null,"og_image_custom_fields":null,"og_video":"","og_custom_url":null,"og_article_section":null,"og_article_tags":null,"twitter_use_og":false,"twitter_card":"default","twitter_image_type":"default","twitter_image_url":null,"twitter_image_custom_url":null,"twitter_image_custom_fields":null,"twitter_title":null,"twitter_description":null,"schema":{"blockGraphs":[],"customGraphs":[],"default":{"data":{"Article":[],"Course":[],"Dataset":[],"FAQPage":[],"Movie":[],"Person":[],"Product":[],"ProductReview":[],"Car":[],"Recipe":[],"Service":[],"SoftwareApplication":[],"WebPage":[]},"graphName":"BlogPosting","isEnabled":true},"graphs":[]},"schema_type":"default","schema_type_options":null,"pillar_content":false,"robots_default":true,"robots_noindex":false,"robots_noarchive":false,"robots_nosnippet":false,"robots_nofollow":false,"robots_noimageindex":false,"robots_noodp":false,"robots_notranslate":false,"robots_max_snippet":"-1","robots_max_videopreview":"-1","robots_max_imagepreview":"large","priority":null,"frequency":"default","local_seo":null,"breadcrumb_settings":null,"limit_modified_date":false,"ai":{"faqs":[],"keyPoints":[],"titles":[],"descriptions":[],"socialPosts":{"email":[],"linkedin":[],"twitter":[],"facebook":[],"instagram":[]}},"created":"2026-04-10 19:51:21","updated":"2026-04-10 19:55:28","seo_analyzer_scan_date":null},"aioseo_breadcrumb":"<div class=\"aioseo-breadcrumbs\"><span class=\"aioseo-breadcrumb\">\n\t\t\t<a href=\"https:\/\/newsinfoco.com.br\/inicio\" title=\"In\u00edcio\">In\u00edcio<\/a>\n\t\t<\/span><span class=\"aioseo-breadcrumb-separator\">&raquo;<\/span><span class=\"aioseo-breadcrumb\">\n\t\t\t<a href=\"https:\/\/newsinfoco.com.br\/inicio\/category\/alagoinhas-e-regiao\/\" title=\"Alagoinhas e Regi\u00e3o\">Alagoinhas e Regi\u00e3o<\/a>\n\t\t<\/span><span class=\"aioseo-breadcrumb-separator\">&raquo;<\/span><span class=\"aioseo-breadcrumb\">\n\t\t\tVereadores denunciam atrasos salariais, persegui\u00e7\u00e3o pol\u00edtica e celebram recursos federais para a sa\u00fade\n\t\t<\/span><\/div>","aioseo_breadcrumb_json":[{"label":"In\u00edcio","link":"https:\/\/newsinfoco.com.br\/inicio"},{"label":"Alagoinhas e Regi\u00e3o","link":"https:\/\/newsinfoco.com.br\/inicio\/category\/alagoinhas-e-regiao\/"},{"label":"Vereadores denunciam atrasos salariais, persegui\u00e7\u00e3o pol\u00edtica e celebram recursos federais para a sa\u00fade","link":"https:\/\/newsinfoco.com.br\/inicio\/vereadores-denunciam-atrasos-salariais-perseguicao-politica-e-celebram-recursos-federais-para-a-saude\/"}],"_links":{"self":[{"href":"https:\/\/newsinfoco.com.br\/inicio\/wp-json\/wp\/v2\/posts\/50267","targetHints":{"allow":["GET"]}}],"collection":[{"href":"https:\/\/newsinfoco.com.br\/inicio\/wp-json\/wp\/v2\/posts"}],"about":[{"href":"https:\/\/newsinfoco.com.br\/inicio\/wp-json\/wp\/v2\/types\/post"}],"author":[{"embeddable":true,"href":"https:\/\/newsinfoco.com.br\/inicio\/wp-json\/wp\/v2\/users\/1"}],"replies":[{"embeddable":true,"href":"https:\/\/newsinfoco.com.br\/inicio\/wp-json\/wp\/v2\/comments?post=50267"}],"version-history":[{"count":1,"href":"https:\/\/newsinfoco.com.br\/inicio\/wp-json\/wp\/v2\/posts\/50267\/revisions"}],"predecessor-version":[{"id":50269,"href":"https:\/\/newsinfoco.com.br\/inicio\/wp-json\/wp\/v2\/posts\/50267\/revisions\/50269"}],"wp:featuredmedia":[{"embeddable":true,"href":"https:\/\/newsinfoco.com.br\/inicio\/wp-json\/wp\/v2\/media\/50268"}],"wp:attachment":[{"href":"https:\/\/newsinfoco.com.br\/inicio\/wp-json\/wp\/v2\/media?parent=50267"}],"wp:term":[{"taxonomy":"category","embeddable":true,"href":"https:\/\/newsinfoco.com.br\/inicio\/wp-json\/wp\/v2\/categories?post=50267"},{"taxonomy":"post_tag","embeddable":true,"href":"https:\/\/newsinfoco.com.br\/inicio\/wp-json\/wp\/v2\/tags?post=50267"}],"curies":[{"name":"wp","href":"https:\/\/api.w.org\/{rel}","templated":true}]}}