{"id":50286,"date":"2026-04-10T17:57:18","date_gmt":"2026-04-10T20:57:18","guid":{"rendered":"https:\/\/newsinfoco.com.br\/inicio\/?p=50286"},"modified":"2026-04-10T17:57:18","modified_gmt":"2026-04-10T20:57:18","slug":"vereador-claudio-abiude-convida-classe-musical-para-audiencia-publica-na-camara","status":"publish","type":"post","link":"https:\/\/newsinfoco.com.br\/inicio\/vereador-claudio-abiude-convida-classe-musical-para-audiencia-publica-na-camara\/","title":{"rendered":"Vereador Cl\u00e1udio Abi\u00fade convida classe musical para audi\u00eancia p\u00fablica na C\u00e2mara"},"content":{"rendered":"<div class=\"elementor-column elementor-col-50 elementor-top-column elementor-element elementor-element-166fa74c\" data-id=\"166fa74c\" data-element_type=\"column\">\n<div class=\"elementor-widget-wrap elementor-element-populated\">\n<div class=\"elementor-element elementor-element-8956c80 elementor-widget elementor-widget-theme-post-content\" data-id=\"8956c80\" data-element_type=\"widget\" data-widget_type=\"theme-post-content.default\">\n<div class=\"elementor-widget-container\">\n<p>Na sess\u00e3o realizada nesta quinta-feira (09), o vereador Cl\u00e1udio Abi\u00fade convidou a popula\u00e7\u00e3o, em especial a classe art\u00edstica, para participar de uma audi\u00eancia p\u00fablica voltada ao fortalecimento do setor musical no munic\u00edpio.<\/p>\n<p>Em seu pronunciamento, o parlamentar destacou a import\u00e2ncia da participa\u00e7\u00e3o de m\u00fasicos, produtores e demais envolvidos na cadeia cultural. \u201cConvido a classe musical, bem como produtores e demais interessados, para que possamos dialogar sobre valoriza\u00e7\u00e3o, respeito, prioridades, transpar\u00eancia e quest\u00f5es relacionadas aos pagamentos, buscando avan\u00e7os concretos para o setor\u201d, pontuou.<\/p>\n<p>A audi\u00eancia p\u00fablica ter\u00e1 como tema \u201cM\u00fasica, Trabalho e Transpar\u00eancia\u201d e est\u00e1 prevista para acontecer na pr\u00f3xima ter\u00e7a-feira (14), \u00e0s 14h, no plen\u00e1rio da C\u00e2mara Municipal, conforme requerimento de autoria do vereador, j\u00e1 aprovado pelo Legislativo.<\/p>\n<p>O objetivo, segundo o documento, \u00e9 conceder espa\u00e7o para que trabalhadores do ramo possam expor suas demandas, inquieta\u00e7\u00f5es e dificuldades, promovendo um di\u00e1logo direto com o poder p\u00fablico.<\/p>\n<p>O vereador Cl\u00e1udio Abi\u00fade tamb\u00e9m estendeu o convite aos demais vereadores, refor\u00e7ando a import\u00e2ncia da participa\u00e7\u00e3o coletiva no debate. \u201c\u00c9 fundamental que esta Casa Legislativa esteja presente e comprometida com a constru\u00e7\u00e3o de solu\u00e7\u00f5es para a classe cultural do munic\u00edpio\u201d, concluiu.<\/p>\n<p><strong>Ascom \u2013 C\u00e2mara Municipal de Alagoinhas<\/strong><\/p>\n<p><strong>Fotos \u2013 Jh\u00f4 Paz<\/strong><\/p>\n<\/div>\n<\/div>\n<\/div>\n<\/div>\n<div class=\"elementor-column elementor-col-50 elementor-top-column elementor-element elementor-element-263f143b\" data-id=\"263f143b\" data-element_type=\"column\">\n<div class=\"elementor-widget-wrap elementor-element-populated\">\n<div class=\"elementor-element elementor-element-19118fd7 elementor-widget elementor-widget-heading\" data-id=\"19118fd7\" data-element_type=\"widget\" data-widget_type=\"heading.default\">\n<div class=\"elementor-widget-container\"><\/div>\n<\/div>\n<\/div>\n<\/div>\n<div class='share-to-whatsapp-wrapper'><div class='share-on-whsp'>Share on: <\/div><a data-text='Vereador Cl\u00e1udio Abi\u00fade convida classe musical para audi\u00eancia p\u00fablica na C\u00e2mara' data-link='https:\/\/newsinfoco.com.br\/inicio\/vereador-claudio-abiude-convida-classe-musical-para-audiencia-publica-na-camara\/' class='whatsapp-button whatsapp-share'>WhatsApp<\/a><div class='clear '><\/div><\/div>","protected":false},"excerpt":{"rendered":"<p>Na sess\u00e3o realizada nesta quinta-feira (09), o vereador Cl\u00e1udio Abi\u00fade convidou a popula\u00e7\u00e3o, em especial a classe art\u00edstica, para participar de uma audi\u00eancia p\u00fablica voltada ao fortalecimento do setor musical no munic\u00edpio. Em seu pronunciamento, o parlamentar destacou a import\u00e2ncia da participa\u00e7\u00e3o de m\u00fasicos, produtores e demais envolvidos na cadeia cultural. \u201cConvido a classe musical, [&hellip;]<\/p>\n","protected":false},"author":1,"featured_media":50287,"comment_status":"closed","ping_status":"closed","sticky":false,"template":"","format":"standard","meta":{"om_disable_all_campaigns":false,"rop_custom_images_group":[],"rop_custom_messages_group":[],"rop_publish_now":"initial","rop_publish_now_accounts":[],"rop_publish_now_history":[],"rop_publish_now_status":"pending","_exactmetrics_skip_tracking":false,"footnotes":""},"categories":[19],"tags":[],"class_list":["post-50286","post","type-post","status-publish","format-standard","has-post-thumbnail","hentry","category-bahia"],"aioseo_notices":[],"aioseo_head":"\n\t\t<!-- All in One SEO 4.9.10 - aioseo.com -->\n\t<meta name=\"description\" content=\"Na sess\u00e3o realizada nesta quinta-feira (09), o vereador Cl\u00e1udio Abi\u00fade convidou a popula\u00e7\u00e3o, em especial a classe art\u00edstica, para participar de uma audi\u00eancia p\u00fablica voltada ao fortalecimento do setor musical no munic\u00edpio. Em seu pronunciamento, o parlamentar destacou a import\u00e2ncia da participa\u00e7\u00e3o de m\u00fasicos, produtores e demais envolvidos na cadeia cultural. \u201cConvido a classe musical,\" \/>\n\t<meta name=\"robots\" content=\"max-image-preview:large\" \/>\n\t<meta name=\"author\" content=\"administrador\"\/>\n\t<link rel=\"canonical\" href=\"https:\/\/newsinfoco.com.br\/inicio\/vereador-claudio-abiude-convida-classe-musical-para-audiencia-publica-na-camara\/\" \/>\n\t<meta name=\"generator\" content=\"All in One SEO (AIOSEO) 4.9.10\" \/>\n\t\t<meta property=\"og:locale\" content=\"pt_BR\" \/>\n\t\t<meta property=\"og:site_name\" content=\"News In Foco - Editado por Caio Pimenta - O principal site de noticias de Alagoinhas e regi\u00e3o\" \/>\n\t\t<meta property=\"og:type\" content=\"article\" \/>\n\t\t<meta property=\"og:title\" content=\"Vereador Cl\u00e1udio Abi\u00fade convida classe musical para audi\u00eancia p\u00fablica na C\u00e2mara - News In Foco - Editado por Caio Pimenta\" \/>\n\t\t<meta property=\"og:description\" content=\"Na sess\u00e3o realizada nesta quinta-feira (09), o vereador Cl\u00e1udio Abi\u00fade convidou a popula\u00e7\u00e3o, em especial a classe art\u00edstica, para participar de uma audi\u00eancia p\u00fablica voltada ao fortalecimento do setor musical no munic\u00edpio. Em seu pronunciamento, o parlamentar destacou a import\u00e2ncia da participa\u00e7\u00e3o de m\u00fasicos, produtores e demais envolvidos na cadeia cultural. \u201cConvido a classe musical,\" \/>\n\t\t<meta property=\"og:url\" content=\"https:\/\/newsinfoco.com.br\/inicio\/vereador-claudio-abiude-convida-classe-musical-para-audiencia-publica-na-camara\/\" \/>\n\t\t<meta property=\"article:published_time\" content=\"2026-04-10T20:57:18+00:00\" \/>\n\t\t<meta property=\"article:modified_time\" content=\"2026-04-10T20:57:18+00:00\" \/>\n\t\t<meta name=\"twitter:card\" content=\"summary_large_image\" \/>\n\t\t<meta name=\"twitter:title\" content=\"Vereador Cl\u00e1udio Abi\u00fade convida classe musical para audi\u00eancia p\u00fablica na C\u00e2mara - News In Foco - Editado por Caio Pimenta\" \/>\n\t\t<meta name=\"twitter:description\" content=\"Na sess\u00e3o realizada nesta quinta-feira (09), o vereador Cl\u00e1udio Abi\u00fade convidou a popula\u00e7\u00e3o, em especial a classe art\u00edstica, para participar de uma audi\u00eancia p\u00fablica voltada ao fortalecimento do setor musical no munic\u00edpio. Em seu pronunciamento, o parlamentar destacou a import\u00e2ncia da participa\u00e7\u00e3o de m\u00fasicos, produtores e demais envolvidos na cadeia cultural. \u201cConvido a classe musical,\" \/>\n\t\t<script type=\"application\/ld+json\" class=\"aioseo-schema\">\n\t\t\t{\"@context\":\"https:\\\/\\\/schema.org\",\"@graph\":[{\"@type\":\"BlogPosting\",\"@id\":\"https:\\\/\\\/newsinfoco.com.br\\\/inicio\\\/vereador-claudio-abiude-convida-classe-musical-para-audiencia-publica-na-camara\\\/#blogposting\",\"name\":\"Vereador Cl\\u00e1udio Abi\\u00fade convida classe musical para audi\\u00eancia p\\u00fablica na C\\u00e2mara - News In Foco - Editado por Caio Pimenta\",\"headline\":\"Vereador Cl\\u00e1udio Abi\\u00fade convida classe musical para audi\\u00eancia p\\u00fablica na C\\u00e2mara\",\"author\":{\"@id\":\"https:\\\/\\\/newsinfoco.com.br\\\/inicio\\\/author\\\/administrador\\\/#author\"},\"publisher\":{\"@id\":\"https:\\\/\\\/newsinfoco.com.br\\\/inicio\\\/#organization\"},\"image\":{\"@type\":\"ImageObject\",\"url\":\"https:\\\/\\\/newsinfoco.com.br\\\/inicio\\\/wp-content\\\/uploads\\\/2026\\\/04\\\/e2f3dcb2-0fee-412d-8b26-4b313a0b6961-2048x1151-1.jpg\",\"width\":2048,\"height\":1151},\"datePublished\":\"2026-04-10T17:57:18-03:00\",\"dateModified\":\"2026-04-10T17:57:18-03:00\",\"inLanguage\":\"pt-BR\",\"mainEntityOfPage\":{\"@id\":\"https:\\\/\\\/newsinfoco.com.br\\\/inicio\\\/vereador-claudio-abiude-convida-classe-musical-para-audiencia-publica-na-camara\\\/#webpage\"},\"isPartOf\":{\"@id\":\"https:\\\/\\\/newsinfoco.com.br\\\/inicio\\\/vereador-claudio-abiude-convida-classe-musical-para-audiencia-publica-na-camara\\\/#webpage\"},\"articleSection\":\"Bahia\"},{\"@type\":\"BreadcrumbList\",\"@id\":\"https:\\\/\\\/newsinfoco.com.br\\\/inicio\\\/vereador-claudio-abiude-convida-classe-musical-para-audiencia-publica-na-camara\\\/#breadcrumblist\",\"itemListElement\":[{\"@type\":\"ListItem\",\"@id\":\"https:\\\/\\\/newsinfoco.com.br\\\/inicio#listItem\",\"position\":1,\"name\":\"In\\u00edcio\",\"item\":\"https:\\\/\\\/newsinfoco.com.br\\\/inicio\",\"nextItem\":{\"@type\":\"ListItem\",\"@id\":\"https:\\\/\\\/newsinfoco.com.br\\\/inicio\\\/category\\\/bahia\\\/#listItem\",\"name\":\"Bahia\"}},{\"@type\":\"ListItem\",\"@id\":\"https:\\\/\\\/newsinfoco.com.br\\\/inicio\\\/category\\\/bahia\\\/#listItem\",\"position\":2,\"name\":\"Bahia\",\"item\":\"https:\\\/\\\/newsinfoco.com.br\\\/inicio\\\/category\\\/bahia\\\/\",\"nextItem\":{\"@type\":\"ListItem\",\"@id\":\"https:\\\/\\\/newsinfoco.com.br\\\/inicio\\\/vereador-claudio-abiude-convida-classe-musical-para-audiencia-publica-na-camara\\\/#listItem\",\"name\":\"Vereador Cl\\u00e1udio Abi\\u00fade convida classe musical para audi\\u00eancia p\\u00fablica na C\\u00e2mara\"},\"previousItem\":{\"@type\":\"ListItem\",\"@id\":\"https:\\\/\\\/newsinfoco.com.br\\\/inicio#listItem\",\"name\":\"In\\u00edcio\"}},{\"@type\":\"ListItem\",\"@id\":\"https:\\\/\\\/newsinfoco.com.br\\\/inicio\\\/vereador-claudio-abiude-convida-classe-musical-para-audiencia-publica-na-camara\\\/#listItem\",\"position\":3,\"name\":\"Vereador Cl\\u00e1udio Abi\\u00fade convida classe musical para audi\\u00eancia p\\u00fablica na C\\u00e2mara\",\"previousItem\":{\"@type\":\"ListItem\",\"@id\":\"https:\\\/\\\/newsinfoco.com.br\\\/inicio\\\/category\\\/bahia\\\/#listItem\",\"name\":\"Bahia\"}}]},{\"@type\":\"Organization\",\"@id\":\"https:\\\/\\\/newsinfoco.com.br\\\/inicio\\\/#organization\",\"name\":\"News In Foco - Editado por Caio Pimenta\",\"description\":\"O principal site de noticias de Alagoinhas e regi\\u00e3o\",\"url\":\"https:\\\/\\\/newsinfoco.com.br\\\/inicio\\\/\"},{\"@type\":\"Person\",\"@id\":\"https:\\\/\\\/newsinfoco.com.br\\\/inicio\\\/author\\\/administrador\\\/#author\",\"url\":\"https:\\\/\\\/newsinfoco.com.br\\\/inicio\\\/author\\\/administrador\\\/\",\"name\":\"administrador\",\"image\":{\"@type\":\"ImageObject\",\"@id\":\"https:\\\/\\\/newsinfoco.com.br\\\/inicio\\\/vereador-claudio-abiude-convida-classe-musical-para-audiencia-publica-na-camara\\\/#authorImage\",\"url\":\"https:\\\/\\\/secure.gravatar.com\\\/avatar\\\/c17a617433de8c1dc9584bb79aab7563b46f5bb7e1728c9b17d9cc3ce6a08e49?s=96&d=mm&r=g\",\"width\":96,\"height\":96,\"caption\":\"administrador\"}},{\"@type\":\"WebPage\",\"@id\":\"https:\\\/\\\/newsinfoco.com.br\\\/inicio\\\/vereador-claudio-abiude-convida-classe-musical-para-audiencia-publica-na-camara\\\/#webpage\",\"url\":\"https:\\\/\\\/newsinfoco.com.br\\\/inicio\\\/vereador-claudio-abiude-convida-classe-musical-para-audiencia-publica-na-camara\\\/\",\"name\":\"Vereador Cl\\u00e1udio Abi\\u00fade convida classe musical para audi\\u00eancia p\\u00fablica na C\\u00e2mara - News In Foco - Editado por Caio Pimenta\",\"description\":\"Na sess\\u00e3o realizada nesta quinta-feira (09), o vereador Cl\\u00e1udio Abi\\u00fade convidou a popula\\u00e7\\u00e3o, em especial a classe art\\u00edstica, para participar de uma audi\\u00eancia p\\u00fablica voltada ao fortalecimento do setor musical no munic\\u00edpio. Em seu pronunciamento, o parlamentar destacou a import\\u00e2ncia da participa\\u00e7\\u00e3o de m\\u00fasicos, produtores e demais envolvidos na cadeia cultural. \\u201cConvido a classe musical,\",\"inLanguage\":\"pt-BR\",\"isPartOf\":{\"@id\":\"https:\\\/\\\/newsinfoco.com.br\\\/inicio\\\/#website\"},\"breadcrumb\":{\"@id\":\"https:\\\/\\\/newsinfoco.com.br\\\/inicio\\\/vereador-claudio-abiude-convida-classe-musical-para-audiencia-publica-na-camara\\\/#breadcrumblist\"},\"author\":{\"@id\":\"https:\\\/\\\/newsinfoco.com.br\\\/inicio\\\/author\\\/administrador\\\/#author\"},\"creator\":{\"@id\":\"https:\\\/\\\/newsinfoco.com.br\\\/inicio\\\/author\\\/administrador\\\/#author\"},\"image\":{\"@type\":\"ImageObject\",\"url\":\"https:\\\/\\\/newsinfoco.com.br\\\/inicio\\\/wp-content\\\/uploads\\\/2026\\\/04\\\/e2f3dcb2-0fee-412d-8b26-4b313a0b6961-2048x1151-1.jpg\",\"@id\":\"https:\\\/\\\/newsinfoco.com.br\\\/inicio\\\/vereador-claudio-abiude-convida-classe-musical-para-audiencia-publica-na-camara\\\/#mainImage\",\"width\":2048,\"height\":1151},\"primaryImageOfPage\":{\"@id\":\"https:\\\/\\\/newsinfoco.com.br\\\/inicio\\\/vereador-claudio-abiude-convida-classe-musical-para-audiencia-publica-na-camara\\\/#mainImage\"},\"datePublished\":\"2026-04-10T17:57:18-03:00\",\"dateModified\":\"2026-04-10T17:57:18-03:00\"},{\"@type\":\"WebSite\",\"@id\":\"https:\\\/\\\/newsinfoco.com.br\\\/inicio\\\/#website\",\"url\":\"https:\\\/\\\/newsinfoco.com.br\\\/inicio\\\/\",\"name\":\"News In Foco - Editado por Caio Pimenta\",\"description\":\"O principal site de noticias de Alagoinhas e regi\\u00e3o\",\"inLanguage\":\"pt-BR\",\"publisher\":{\"@id\":\"https:\\\/\\\/newsinfoco.com.br\\\/inicio\\\/#organization\"}}]}\n\t\t<\/script>\n\t\t<!-- All in One SEO -->\n\n","aioseo_head_json":{"title":"Vereador Cl\u00e1udio Abi\u00fade convida classe musical para audi\u00eancia p\u00fablica na C\u00e2mara - News In Foco - Editado por Caio Pimenta","description":"Na sess\u00e3o realizada nesta quinta-feira (09), o vereador Cl\u00e1udio Abi\u00fade convidou a popula\u00e7\u00e3o, em especial a classe art\u00edstica, para participar de uma audi\u00eancia p\u00fablica voltada ao fortalecimento do setor musical no munic\u00edpio. Em seu pronunciamento, o parlamentar destacou a import\u00e2ncia da participa\u00e7\u00e3o de m\u00fasicos, produtores e demais envolvidos na cadeia cultural. \u201cConvido a classe musical,","canonical_url":"https:\/\/newsinfoco.com.br\/inicio\/vereador-claudio-abiude-convida-classe-musical-para-audiencia-publica-na-camara\/","robots":"max-image-preview:large","keywords":"","webmasterTools":{"miscellaneous":""},"schema":{"@context":"https:\/\/schema.org","@graph":[{"@type":"BlogPosting","@id":"https:\/\/newsinfoco.com.br\/inicio\/vereador-claudio-abiude-convida-classe-musical-para-audiencia-publica-na-camara\/#blogposting","name":"Vereador Cl\u00e1udio Abi\u00fade convida classe musical para audi\u00eancia p\u00fablica na C\u00e2mara - News In Foco - Editado por Caio Pimenta","headline":"Vereador Cl\u00e1udio Abi\u00fade convida classe musical para audi\u00eancia p\u00fablica na C\u00e2mara","author":{"@id":"https:\/\/newsinfoco.com.br\/inicio\/author\/administrador\/#author"},"publisher":{"@id":"https:\/\/newsinfoco.com.br\/inicio\/#organization"},"image":{"@type":"ImageObject","url":"https:\/\/newsinfoco.com.br\/inicio\/wp-content\/uploads\/2026\/04\/e2f3dcb2-0fee-412d-8b26-4b313a0b6961-2048x1151-1.jpg","width":2048,"height":1151},"datePublished":"2026-04-10T17:57:18-03:00","dateModified":"2026-04-10T17:57:18-03:00","inLanguage":"pt-BR","mainEntityOfPage":{"@id":"https:\/\/newsinfoco.com.br\/inicio\/vereador-claudio-abiude-convida-classe-musical-para-audiencia-publica-na-camara\/#webpage"},"isPartOf":{"@id":"https:\/\/newsinfoco.com.br\/inicio\/vereador-claudio-abiude-convida-classe-musical-para-audiencia-publica-na-camara\/#webpage"},"articleSection":"Bahia"},{"@type":"BreadcrumbList","@id":"https:\/\/newsinfoco.com.br\/inicio\/vereador-claudio-abiude-convida-classe-musical-para-audiencia-publica-na-camara\/#breadcrumblist","itemListElement":[{"@type":"ListItem","@id":"https:\/\/newsinfoco.com.br\/inicio#listItem","position":1,"name":"In\u00edcio","item":"https:\/\/newsinfoco.com.br\/inicio","nextItem":{"@type":"ListItem","@id":"https:\/\/newsinfoco.com.br\/inicio\/category\/bahia\/#listItem","name":"Bahia"}},{"@type":"ListItem","@id":"https:\/\/newsinfoco.com.br\/inicio\/category\/bahia\/#listItem","position":2,"name":"Bahia","item":"https:\/\/newsinfoco.com.br\/inicio\/category\/bahia\/","nextItem":{"@type":"ListItem","@id":"https:\/\/newsinfoco.com.br\/inicio\/vereador-claudio-abiude-convida-classe-musical-para-audiencia-publica-na-camara\/#listItem","name":"Vereador Cl\u00e1udio Abi\u00fade convida classe musical para audi\u00eancia p\u00fablica na C\u00e2mara"},"previousItem":{"@type":"ListItem","@id":"https:\/\/newsinfoco.com.br\/inicio#listItem","name":"In\u00edcio"}},{"@type":"ListItem","@id":"https:\/\/newsinfoco.com.br\/inicio\/vereador-claudio-abiude-convida-classe-musical-para-audiencia-publica-na-camara\/#listItem","position":3,"name":"Vereador Cl\u00e1udio Abi\u00fade convida classe musical para audi\u00eancia p\u00fablica na C\u00e2mara","previousItem":{"@type":"ListItem","@id":"https:\/\/newsinfoco.com.br\/inicio\/category\/bahia\/#listItem","name":"Bahia"}}]},{"@type":"Organization","@id":"https:\/\/newsinfoco.com.br\/inicio\/#organization","name":"News In Foco - Editado por Caio Pimenta","description":"O principal site de noticias de Alagoinhas e regi\u00e3o","url":"https:\/\/newsinfoco.com.br\/inicio\/"},{"@type":"Person","@id":"https:\/\/newsinfoco.com.br\/inicio\/author\/administrador\/#author","url":"https:\/\/newsinfoco.com.br\/inicio\/author\/administrador\/","name":"administrador","image":{"@type":"ImageObject","@id":"https:\/\/newsinfoco.com.br\/inicio\/vereador-claudio-abiude-convida-classe-musical-para-audiencia-publica-na-camara\/#authorImage","url":"https:\/\/secure.gravatar.com\/avatar\/c17a617433de8c1dc9584bb79aab7563b46f5bb7e1728c9b17d9cc3ce6a08e49?s=96&d=mm&r=g","width":96,"height":96,"caption":"administrador"}},{"@type":"WebPage","@id":"https:\/\/newsinfoco.com.br\/inicio\/vereador-claudio-abiude-convida-classe-musical-para-audiencia-publica-na-camara\/#webpage","url":"https:\/\/newsinfoco.com.br\/inicio\/vereador-claudio-abiude-convida-classe-musical-para-audiencia-publica-na-camara\/","name":"Vereador Cl\u00e1udio Abi\u00fade convida classe musical para audi\u00eancia p\u00fablica na C\u00e2mara - News In Foco - Editado por Caio Pimenta","description":"Na sess\u00e3o realizada nesta quinta-feira (09), o vereador Cl\u00e1udio Abi\u00fade convidou a popula\u00e7\u00e3o, em especial a classe art\u00edstica, para participar de uma audi\u00eancia p\u00fablica voltada ao fortalecimento do setor musical no munic\u00edpio. Em seu pronunciamento, o parlamentar destacou a import\u00e2ncia da participa\u00e7\u00e3o de m\u00fasicos, produtores e demais envolvidos na cadeia cultural. \u201cConvido a classe musical,","inLanguage":"pt-BR","isPartOf":{"@id":"https:\/\/newsinfoco.com.br\/inicio\/#website"},"breadcrumb":{"@id":"https:\/\/newsinfoco.com.br\/inicio\/vereador-claudio-abiude-convida-classe-musical-para-audiencia-publica-na-camara\/#breadcrumblist"},"author":{"@id":"https:\/\/newsinfoco.com.br\/inicio\/author\/administrador\/#author"},"creator":{"@id":"https:\/\/newsinfoco.com.br\/inicio\/author\/administrador\/#author"},"image":{"@type":"ImageObject","url":"https:\/\/newsinfoco.com.br\/inicio\/wp-content\/uploads\/2026\/04\/e2f3dcb2-0fee-412d-8b26-4b313a0b6961-2048x1151-1.jpg","@id":"https:\/\/newsinfoco.com.br\/inicio\/vereador-claudio-abiude-convida-classe-musical-para-audiencia-publica-na-camara\/#mainImage","width":2048,"height":1151},"primaryImageOfPage":{"@id":"https:\/\/newsinfoco.com.br\/inicio\/vereador-claudio-abiude-convida-classe-musical-para-audiencia-publica-na-camara\/#mainImage"},"datePublished":"2026-04-10T17:57:18-03:00","dateModified":"2026-04-10T17:57:18-03:00"},{"@type":"WebSite","@id":"https:\/\/newsinfoco.com.br\/inicio\/#website","url":"https:\/\/newsinfoco.com.br\/inicio\/","name":"News In Foco - Editado por Caio Pimenta","description":"O principal site de noticias de Alagoinhas e regi\u00e3o","inLanguage":"pt-BR","publisher":{"@id":"https:\/\/newsinfoco.com.br\/inicio\/#organization"}}]},"og:locale":"pt_BR","og:site_name":"News In Foco - Editado por Caio Pimenta - O principal site de noticias de Alagoinhas e regi\u00e3o","og:type":"article","og:title":"Vereador Cl\u00e1udio Abi\u00fade convida classe musical para audi\u00eancia p\u00fablica na C\u00e2mara - News In Foco - Editado por Caio Pimenta","og:description":"Na sess\u00e3o realizada nesta quinta-feira (09), o vereador Cl\u00e1udio Abi\u00fade convidou a popula\u00e7\u00e3o, em especial a classe art\u00edstica, para participar de uma audi\u00eancia p\u00fablica voltada ao fortalecimento do setor musical no munic\u00edpio. Em seu pronunciamento, o parlamentar destacou a import\u00e2ncia da participa\u00e7\u00e3o de m\u00fasicos, produtores e demais envolvidos na cadeia cultural. \u201cConvido a classe musical,","og:url":"https:\/\/newsinfoco.com.br\/inicio\/vereador-claudio-abiude-convida-classe-musical-para-audiencia-publica-na-camara\/","article:published_time":"2026-04-10T20:57:18+00:00","article:modified_time":"2026-04-10T20:57:18+00:00","twitter:card":"summary_large_image","twitter:title":"Vereador Cl\u00e1udio Abi\u00fade convida classe musical para audi\u00eancia p\u00fablica na C\u00e2mara - News In Foco - Editado por Caio Pimenta","twitter:description":"Na sess\u00e3o realizada nesta quinta-feira (09), o vereador Cl\u00e1udio Abi\u00fade convidou a popula\u00e7\u00e3o, em especial a classe art\u00edstica, para participar de uma audi\u00eancia p\u00fablica voltada ao fortalecimento do setor musical no munic\u00edpio. Em seu pronunciamento, o parlamentar destacou a import\u00e2ncia da participa\u00e7\u00e3o de m\u00fasicos, produtores e demais envolvidos na cadeia cultural. \u201cConvido a classe musical,"},"aioseo_meta_data":{"post_id":"50286","title":null,"description":null,"keywords":null,"keyphrases":{"focus":{"keyphrase":"","score":0,"analysis":{"keyphraseInTitle":{"score":0,"maxScore":9,"error":1}}},"additional":[]},"primary_term":null,"canonical_url":null,"og_title":null,"og_description":null,"og_object_type":"default","og_image_type":"default","og_image_url":null,"og_image_width":null,"og_image_height":null,"og_image_custom_url":null,"og_image_custom_fields":null,"og_video":"","og_custom_url":null,"og_article_section":null,"og_article_tags":null,"twitter_use_og":false,"twitter_card":"default","twitter_image_type":"default","twitter_image_url":null,"twitter_image_custom_url":null,"twitter_image_custom_fields":null,"twitter_title":null,"twitter_description":null,"schema":{"blockGraphs":[],"customGraphs":[],"default":{"data":{"Article":[],"Course":[],"Dataset":[],"FAQPage":[],"Movie":[],"Person":[],"Product":[],"ProductReview":[],"Car":[],"Recipe":[],"Service":[],"SoftwareApplication":[],"WebPage":[]},"graphName":"BlogPosting","isEnabled":true},"graphs":[]},"schema_type":"default","schema_type_options":null,"pillar_content":false,"robots_default":true,"robots_noindex":false,"robots_noarchive":false,"robots_nosnippet":false,"robots_nofollow":false,"robots_noimageindex":false,"robots_noodp":false,"robots_notranslate":false,"robots_max_snippet":"-1","robots_max_videopreview":"-1","robots_max_imagepreview":"large","priority":null,"frequency":"default","local_seo":null,"breadcrumb_settings":null,"limit_modified_date":false,"ai":{"faqs":[],"keyPoints":[],"titles":[],"descriptions":[],"socialPosts":{"email":[],"linkedin":[],"twitter":[],"facebook":[],"instagram":[]}},"created":"2026-04-10 20:57:19","updated":"2026-04-10 20:58:38","seo_analyzer_scan_date":null},"aioseo_breadcrumb":"<div class=\"aioseo-breadcrumbs\"><span class=\"aioseo-breadcrumb\">\n\t\t\t<a href=\"https:\/\/newsinfoco.com.br\/inicio\" title=\"In\u00edcio\">In\u00edcio<\/a>\n\t\t<\/span><span class=\"aioseo-breadcrumb-separator\">&raquo;<\/span><span class=\"aioseo-breadcrumb\">\n\t\t\t<a href=\"https:\/\/newsinfoco.com.br\/inicio\/category\/bahia\/\" title=\"Bahia\">Bahia<\/a>\n\t\t<\/span><span class=\"aioseo-breadcrumb-separator\">&raquo;<\/span><span class=\"aioseo-breadcrumb\">\n\t\t\tVereador Cl\u00e1udio Abi\u00fade convida classe musical para audi\u00eancia p\u00fablica na C\u00e2mara\n\t\t<\/span><\/div>","aioseo_breadcrumb_json":[{"label":"In\u00edcio","link":"https:\/\/newsinfoco.com.br\/inicio"},{"label":"Bahia","link":"https:\/\/newsinfoco.com.br\/inicio\/category\/bahia\/"},{"label":"Vereador Cl\u00e1udio Abi\u00fade convida classe musical para audi\u00eancia p\u00fablica na C\u00e2mara","link":"https:\/\/newsinfoco.com.br\/inicio\/vereador-claudio-abiude-convida-classe-musical-para-audiencia-publica-na-camara\/"}],"_links":{"self":[{"href":"https:\/\/newsinfoco.com.br\/inicio\/wp-json\/wp\/v2\/posts\/50286","targetHints":{"allow":["GET"]}}],"collection":[{"href":"https:\/\/newsinfoco.com.br\/inicio\/wp-json\/wp\/v2\/posts"}],"about":[{"href":"https:\/\/newsinfoco.com.br\/inicio\/wp-json\/wp\/v2\/types\/post"}],"author":[{"embeddable":true,"href":"https:\/\/newsinfoco.com.br\/inicio\/wp-json\/wp\/v2\/users\/1"}],"replies":[{"embeddable":true,"href":"https:\/\/newsinfoco.com.br\/inicio\/wp-json\/wp\/v2\/comments?post=50286"}],"version-history":[{"count":1,"href":"https:\/\/newsinfoco.com.br\/inicio\/wp-json\/wp\/v2\/posts\/50286\/revisions"}],"predecessor-version":[{"id":50288,"href":"https:\/\/newsinfoco.com.br\/inicio\/wp-json\/wp\/v2\/posts\/50286\/revisions\/50288"}],"wp:featuredmedia":[{"embeddable":true,"href":"https:\/\/newsinfoco.com.br\/inicio\/wp-json\/wp\/v2\/media\/50287"}],"wp:attachment":[{"href":"https:\/\/newsinfoco.com.br\/inicio\/wp-json\/wp\/v2\/media?parent=50286"}],"wp:term":[{"taxonomy":"category","embeddable":true,"href":"https:\/\/newsinfoco.com.br\/inicio\/wp-json\/wp\/v2\/categories?post=50286"},{"taxonomy":"post_tag","embeddable":true,"href":"https:\/\/newsinfoco.com.br\/inicio\/wp-json\/wp\/v2\/tags?post=50286"}],"curies":[{"name":"wp","href":"https:\/\/api.w.org\/{rel}","templated":true}]}}