{"id":50292,"date":"2026-04-10T18:07:17","date_gmt":"2026-04-10T21:07:17","guid":{"rendered":"https:\/\/newsinfoco.com.br\/inicio\/?p=50292"},"modified":"2026-04-10T18:07:17","modified_gmt":"2026-04-10T21:07:17","slug":"vereador-gleyser-soares-cobra-solucoes-para-saude-e-educacao","status":"publish","type":"post","link":"https:\/\/newsinfoco.com.br\/inicio\/vereador-gleyser-soares-cobra-solucoes-para-saude-e-educacao\/","title":{"rendered":"Vereador Gleyser Soares cobra solu\u00e7\u00f5es para sa\u00fade e educa\u00e7\u00e3o"},"content":{"rendered":"<div class=\"elementor-column elementor-col-50 elementor-top-column elementor-element elementor-element-166fa74c\" data-id=\"166fa74c\" data-element_type=\"column\">\n<div class=\"elementor-widget-wrap elementor-element-populated\">\n<div class=\"elementor-element elementor-element-8956c80 elementor-widget elementor-widget-theme-post-content\" data-id=\"8956c80\" data-element_type=\"widget\" data-widget_type=\"theme-post-content.default\">\n<div class=\"elementor-widget-container\">\n<p>Na sess\u00e3o realizada nesta quinta-feira (09), o vereador Gleyser Soares utilizou a tribuna para relatar den\u00fancias relacionadas \u00e0 sa\u00fade e \u00e0 educa\u00e7\u00e3o no munic\u00edpio, com destaque para a falta de profissionais em unidades p\u00fablicas.<\/p>\n<p>Em se discurso, o parlamentar informou que recebeu reclama\u00e7\u00f5es sobre o posto de sa\u00fade Maysa Teles, localizado no Parque Morada do Sol, na Rua do Catu, que estaria sem m\u00e9dico desde o dia 24 de mar\u00e7o. Segundo ele, j\u00e1 foram feitos encaminhamentos formais \u00e0 Secretaria Municipal de Sa\u00fade solicitando esclarecimentos. \u201cNa administra\u00e7\u00e3o p\u00fablica, \u00e9 essencial que as informa\u00e7\u00f5es estejam devidamente registradas. Por isso, buscamos respostas oficiais para apresentar \u00e0 comunidade, inclusive com previs\u00e3o de regulariza\u00e7\u00e3o do atendimento\u201d, afirmou.<\/p>\n<p>O parlamentar tamb\u00e9m chamou aten\u00e7\u00e3o para a situa\u00e7\u00e3o da creche Ana de Oliveira Campos, situada na mesma localidade. De acordo com o relato, duas salas estariam sem funcionamento por falta de professores desde o in\u00edcio das aulas, no final de mar\u00e7o, al\u00e9m da aus\u00eancia de auxiliar de classe e colaboradora em uma das turmas.<\/p>\n<p>\u201cNosso objetivo \u00e9 que a unidade esteja funcionando plenamente , com todas as crian\u00e7as assistidas por profissionais devidamente designados pela Secretaria da Educa\u00e7\u00e3o\u201d, destacou.<\/p>\n<p>Na sequ\u00eancia, o vereador Gleyser Soares ressaltou que j\u00e1 encaminhou as demandas \u00e0 Secretaria Municipal de Educa\u00e7\u00e3o e refor\u00e7ou a necessidade de respostas concretas por parte da gest\u00e3o.<\/p>\n<p>Ao final, o parlamentar destacou o papel fiscalizador do Legislativo, independentemente de posicionamento pol\u00edtico. \u201cO mandato parlamentar exige acompanhamento cont\u00ednuo e compromisso com a popula\u00e7\u00e3o, sempre com o objetivo de garantir melhores condi\u00e7\u00f5es de vida e dignidade para todos\u201d, concluiu.<\/p>\n<p><strong>Ascom \u2013 C\u00e2mara Municipal de Alagoinhas<\/strong><\/p>\n<p><strong>Fotos \u2013 Jh\u00f4 Paz<\/strong><\/p>\n<\/div>\n<\/div>\n<\/div>\n<\/div>\n<div class=\"elementor-column elementor-col-50 elementor-top-column elementor-element elementor-element-263f143b\" data-id=\"263f143b\" data-element_type=\"column\">\n<div class=\"elementor-widget-wrap elementor-element-populated\">\n<div class=\"elementor-element elementor-element-19118fd7 elementor-widget elementor-widget-heading\" data-id=\"19118fd7\" data-element_type=\"widget\" data-widget_type=\"heading.default\">\n<div class=\"elementor-widget-container\"><\/div>\n<\/div>\n<\/div>\n<\/div>\n<div class='share-to-whatsapp-wrapper'><div class='share-on-whsp'>Share on: <\/div><a data-text='Vereador Gleyser Soares cobra solu\u00e7\u00f5es para sa\u00fade e educa\u00e7\u00e3o' data-link='https:\/\/newsinfoco.com.br\/inicio\/vereador-gleyser-soares-cobra-solucoes-para-saude-e-educacao\/' class='whatsapp-button whatsapp-share'>WhatsApp<\/a><div class='clear '><\/div><\/div>","protected":false},"excerpt":{"rendered":"<p>Na sess\u00e3o realizada nesta quinta-feira (09), o vereador Gleyser Soares utilizou a tribuna para relatar den\u00fancias relacionadas \u00e0 sa\u00fade e \u00e0 educa\u00e7\u00e3o no munic\u00edpio, com destaque para a falta de profissionais em unidades p\u00fablicas. Em se discurso, o parlamentar informou que recebeu reclama\u00e7\u00f5es sobre o posto de sa\u00fade Maysa Teles, localizado no Parque Morada do [&hellip;]<\/p>\n","protected":false},"author":1,"featured_media":50293,"comment_status":"closed","ping_status":"closed","sticky":false,"template":"","format":"standard","meta":{"om_disable_all_campaigns":false,"rop_custom_images_group":[],"rop_custom_messages_group":[],"rop_publish_now":"initial","rop_publish_now_accounts":[],"rop_publish_now_history":[],"rop_publish_now_status":"pending","_exactmetrics_skip_tracking":false,"footnotes":""},"categories":[19],"tags":[],"class_list":["post-50292","post","type-post","status-publish","format-standard","has-post-thumbnail","hentry","category-bahia"],"aioseo_notices":[],"aioseo_head":"\n\t\t<!-- All in One SEO 4.9.10 - aioseo.com -->\n\t<meta name=\"description\" content=\"Na sess\u00e3o realizada nesta quinta-feira (09), o vereador Gleyser Soares utilizou a tribuna para relatar den\u00fancias relacionadas \u00e0 sa\u00fade e \u00e0 educa\u00e7\u00e3o no munic\u00edpio, com destaque para a falta de profissionais em unidades p\u00fablicas. Em se discurso, o parlamentar informou que recebeu reclama\u00e7\u00f5es sobre o posto de sa\u00fade Maysa Teles, localizado no Parque Morada do\" \/>\n\t<meta name=\"robots\" content=\"max-image-preview:large\" \/>\n\t<meta name=\"author\" content=\"administrador\"\/>\n\t<link rel=\"canonical\" href=\"https:\/\/newsinfoco.com.br\/inicio\/vereador-gleyser-soares-cobra-solucoes-para-saude-e-educacao\/\" \/>\n\t<meta name=\"generator\" content=\"All in One SEO (AIOSEO) 4.9.10\" \/>\n\t\t<meta property=\"og:locale\" content=\"pt_BR\" \/>\n\t\t<meta property=\"og:site_name\" content=\"News In Foco - Editado por Caio Pimenta - O principal site de noticias de Alagoinhas e regi\u00e3o\" \/>\n\t\t<meta property=\"og:type\" content=\"article\" \/>\n\t\t<meta property=\"og:title\" content=\"Vereador Gleyser Soares cobra solu\u00e7\u00f5es para sa\u00fade e educa\u00e7\u00e3o - News In Foco - Editado por Caio Pimenta\" \/>\n\t\t<meta property=\"og:description\" content=\"Na sess\u00e3o realizada nesta quinta-feira (09), o vereador Gleyser Soares utilizou a tribuna para relatar den\u00fancias relacionadas \u00e0 sa\u00fade e \u00e0 educa\u00e7\u00e3o no munic\u00edpio, com destaque para a falta de profissionais em unidades p\u00fablicas. Em se discurso, o parlamentar informou que recebeu reclama\u00e7\u00f5es sobre o posto de sa\u00fade Maysa Teles, localizado no Parque Morada do\" \/>\n\t\t<meta property=\"og:url\" content=\"https:\/\/newsinfoco.com.br\/inicio\/vereador-gleyser-soares-cobra-solucoes-para-saude-e-educacao\/\" \/>\n\t\t<meta property=\"article:published_time\" content=\"2026-04-10T21:07:17+00:00\" \/>\n\t\t<meta property=\"article:modified_time\" content=\"2026-04-10T21:07:17+00:00\" \/>\n\t\t<meta name=\"twitter:card\" content=\"summary_large_image\" \/>\n\t\t<meta name=\"twitter:title\" content=\"Vereador Gleyser Soares cobra solu\u00e7\u00f5es para sa\u00fade e educa\u00e7\u00e3o - News In Foco - Editado por Caio Pimenta\" \/>\n\t\t<meta name=\"twitter:description\" content=\"Na sess\u00e3o realizada nesta quinta-feira (09), o vereador Gleyser Soares utilizou a tribuna para relatar den\u00fancias relacionadas \u00e0 sa\u00fade e \u00e0 educa\u00e7\u00e3o no munic\u00edpio, com destaque para a falta de profissionais em unidades p\u00fablicas. Em se discurso, o parlamentar informou que recebeu reclama\u00e7\u00f5es sobre o posto de sa\u00fade Maysa Teles, localizado no Parque Morada do\" \/>\n\t\t<script type=\"application\/ld+json\" class=\"aioseo-schema\">\n\t\t\t{\"@context\":\"https:\\\/\\\/schema.org\",\"@graph\":[{\"@type\":\"BlogPosting\",\"@id\":\"https:\\\/\\\/newsinfoco.com.br\\\/inicio\\\/vereador-gleyser-soares-cobra-solucoes-para-saude-e-educacao\\\/#blogposting\",\"name\":\"Vereador Gleyser Soares cobra solu\\u00e7\\u00f5es para sa\\u00fade e educa\\u00e7\\u00e3o - News In Foco - Editado por Caio Pimenta\",\"headline\":\"Vereador Gleyser Soares cobra solu\\u00e7\\u00f5es para sa\\u00fade e educa\\u00e7\\u00e3o\",\"author\":{\"@id\":\"https:\\\/\\\/newsinfoco.com.br\\\/inicio\\\/author\\\/administrador\\\/#author\"},\"publisher\":{\"@id\":\"https:\\\/\\\/newsinfoco.com.br\\\/inicio\\\/#organization\"},\"image\":{\"@type\":\"ImageObject\",\"url\":\"https:\\\/\\\/newsinfoco.com.br\\\/inicio\\\/wp-content\\\/uploads\\\/2026\\\/04\\\/42d7e754-4ae0-40da-8167-a6c8ac8d798d-2048x1152-1.jpg\",\"width\":2048,\"height\":1152},\"datePublished\":\"2026-04-10T18:07:17-03:00\",\"dateModified\":\"2026-04-10T18:07:17-03:00\",\"inLanguage\":\"pt-BR\",\"mainEntityOfPage\":{\"@id\":\"https:\\\/\\\/newsinfoco.com.br\\\/inicio\\\/vereador-gleyser-soares-cobra-solucoes-para-saude-e-educacao\\\/#webpage\"},\"isPartOf\":{\"@id\":\"https:\\\/\\\/newsinfoco.com.br\\\/inicio\\\/vereador-gleyser-soares-cobra-solucoes-para-saude-e-educacao\\\/#webpage\"},\"articleSection\":\"Bahia\"},{\"@type\":\"BreadcrumbList\",\"@id\":\"https:\\\/\\\/newsinfoco.com.br\\\/inicio\\\/vereador-gleyser-soares-cobra-solucoes-para-saude-e-educacao\\\/#breadcrumblist\",\"itemListElement\":[{\"@type\":\"ListItem\",\"@id\":\"https:\\\/\\\/newsinfoco.com.br\\\/inicio#listItem\",\"position\":1,\"name\":\"In\\u00edcio\",\"item\":\"https:\\\/\\\/newsinfoco.com.br\\\/inicio\",\"nextItem\":{\"@type\":\"ListItem\",\"@id\":\"https:\\\/\\\/newsinfoco.com.br\\\/inicio\\\/category\\\/bahia\\\/#listItem\",\"name\":\"Bahia\"}},{\"@type\":\"ListItem\",\"@id\":\"https:\\\/\\\/newsinfoco.com.br\\\/inicio\\\/category\\\/bahia\\\/#listItem\",\"position\":2,\"name\":\"Bahia\",\"item\":\"https:\\\/\\\/newsinfoco.com.br\\\/inicio\\\/category\\\/bahia\\\/\",\"nextItem\":{\"@type\":\"ListItem\",\"@id\":\"https:\\\/\\\/newsinfoco.com.br\\\/inicio\\\/vereador-gleyser-soares-cobra-solucoes-para-saude-e-educacao\\\/#listItem\",\"name\":\"Vereador Gleyser Soares cobra solu\\u00e7\\u00f5es para sa\\u00fade e educa\\u00e7\\u00e3o\"},\"previousItem\":{\"@type\":\"ListItem\",\"@id\":\"https:\\\/\\\/newsinfoco.com.br\\\/inicio#listItem\",\"name\":\"In\\u00edcio\"}},{\"@type\":\"ListItem\",\"@id\":\"https:\\\/\\\/newsinfoco.com.br\\\/inicio\\\/vereador-gleyser-soares-cobra-solucoes-para-saude-e-educacao\\\/#listItem\",\"position\":3,\"name\":\"Vereador Gleyser Soares cobra solu\\u00e7\\u00f5es para sa\\u00fade e educa\\u00e7\\u00e3o\",\"previousItem\":{\"@type\":\"ListItem\",\"@id\":\"https:\\\/\\\/newsinfoco.com.br\\\/inicio\\\/category\\\/bahia\\\/#listItem\",\"name\":\"Bahia\"}}]},{\"@type\":\"Organization\",\"@id\":\"https:\\\/\\\/newsinfoco.com.br\\\/inicio\\\/#organization\",\"name\":\"News In Foco - Editado por Caio Pimenta\",\"description\":\"O principal site de noticias de Alagoinhas e regi\\u00e3o\",\"url\":\"https:\\\/\\\/newsinfoco.com.br\\\/inicio\\\/\"},{\"@type\":\"Person\",\"@id\":\"https:\\\/\\\/newsinfoco.com.br\\\/inicio\\\/author\\\/administrador\\\/#author\",\"url\":\"https:\\\/\\\/newsinfoco.com.br\\\/inicio\\\/author\\\/administrador\\\/\",\"name\":\"administrador\",\"image\":{\"@type\":\"ImageObject\",\"@id\":\"https:\\\/\\\/newsinfoco.com.br\\\/inicio\\\/vereador-gleyser-soares-cobra-solucoes-para-saude-e-educacao\\\/#authorImage\",\"url\":\"https:\\\/\\\/secure.gravatar.com\\\/avatar\\\/c17a617433de8c1dc9584bb79aab7563b46f5bb7e1728c9b17d9cc3ce6a08e49?s=96&d=mm&r=g\",\"width\":96,\"height\":96,\"caption\":\"administrador\"}},{\"@type\":\"WebPage\",\"@id\":\"https:\\\/\\\/newsinfoco.com.br\\\/inicio\\\/vereador-gleyser-soares-cobra-solucoes-para-saude-e-educacao\\\/#webpage\",\"url\":\"https:\\\/\\\/newsinfoco.com.br\\\/inicio\\\/vereador-gleyser-soares-cobra-solucoes-para-saude-e-educacao\\\/\",\"name\":\"Vereador Gleyser Soares cobra solu\\u00e7\\u00f5es para sa\\u00fade e educa\\u00e7\\u00e3o - News In Foco - Editado por Caio Pimenta\",\"description\":\"Na sess\\u00e3o realizada nesta quinta-feira (09), o vereador Gleyser Soares utilizou a tribuna para relatar den\\u00fancias relacionadas \\u00e0 sa\\u00fade e \\u00e0 educa\\u00e7\\u00e3o no munic\\u00edpio, com destaque para a falta de profissionais em unidades p\\u00fablicas. Em se discurso, o parlamentar informou que recebeu reclama\\u00e7\\u00f5es sobre o posto de sa\\u00fade Maysa Teles, localizado no Parque Morada do\",\"inLanguage\":\"pt-BR\",\"isPartOf\":{\"@id\":\"https:\\\/\\\/newsinfoco.com.br\\\/inicio\\\/#website\"},\"breadcrumb\":{\"@id\":\"https:\\\/\\\/newsinfoco.com.br\\\/inicio\\\/vereador-gleyser-soares-cobra-solucoes-para-saude-e-educacao\\\/#breadcrumblist\"},\"author\":{\"@id\":\"https:\\\/\\\/newsinfoco.com.br\\\/inicio\\\/author\\\/administrador\\\/#author\"},\"creator\":{\"@id\":\"https:\\\/\\\/newsinfoco.com.br\\\/inicio\\\/author\\\/administrador\\\/#author\"},\"image\":{\"@type\":\"ImageObject\",\"url\":\"https:\\\/\\\/newsinfoco.com.br\\\/inicio\\\/wp-content\\\/uploads\\\/2026\\\/04\\\/42d7e754-4ae0-40da-8167-a6c8ac8d798d-2048x1152-1.jpg\",\"@id\":\"https:\\\/\\\/newsinfoco.com.br\\\/inicio\\\/vereador-gleyser-soares-cobra-solucoes-para-saude-e-educacao\\\/#mainImage\",\"width\":2048,\"height\":1152},\"primaryImageOfPage\":{\"@id\":\"https:\\\/\\\/newsinfoco.com.br\\\/inicio\\\/vereador-gleyser-soares-cobra-solucoes-para-saude-e-educacao\\\/#mainImage\"},\"datePublished\":\"2026-04-10T18:07:17-03:00\",\"dateModified\":\"2026-04-10T18:07:17-03:00\"},{\"@type\":\"WebSite\",\"@id\":\"https:\\\/\\\/newsinfoco.com.br\\\/inicio\\\/#website\",\"url\":\"https:\\\/\\\/newsinfoco.com.br\\\/inicio\\\/\",\"name\":\"News In Foco - Editado por Caio Pimenta\",\"description\":\"O principal site de noticias de Alagoinhas e regi\\u00e3o\",\"inLanguage\":\"pt-BR\",\"publisher\":{\"@id\":\"https:\\\/\\\/newsinfoco.com.br\\\/inicio\\\/#organization\"}}]}\n\t\t<\/script>\n\t\t<!-- All in One SEO -->\n\n","aioseo_head_json":{"title":"Vereador Gleyser Soares cobra solu\u00e7\u00f5es para sa\u00fade e educa\u00e7\u00e3o - News In Foco - Editado por Caio Pimenta","description":"Na sess\u00e3o realizada nesta quinta-feira (09), o vereador Gleyser Soares utilizou a tribuna para relatar den\u00fancias relacionadas \u00e0 sa\u00fade e \u00e0 educa\u00e7\u00e3o no munic\u00edpio, com destaque para a falta de profissionais em unidades p\u00fablicas. Em se discurso, o parlamentar informou que recebeu reclama\u00e7\u00f5es sobre o posto de sa\u00fade Maysa Teles, localizado no Parque Morada do","canonical_url":"https:\/\/newsinfoco.com.br\/inicio\/vereador-gleyser-soares-cobra-solucoes-para-saude-e-educacao\/","robots":"max-image-preview:large","keywords":"","webmasterTools":{"miscellaneous":""},"schema":{"@context":"https:\/\/schema.org","@graph":[{"@type":"BlogPosting","@id":"https:\/\/newsinfoco.com.br\/inicio\/vereador-gleyser-soares-cobra-solucoes-para-saude-e-educacao\/#blogposting","name":"Vereador Gleyser Soares cobra solu\u00e7\u00f5es para sa\u00fade e educa\u00e7\u00e3o - News In Foco - Editado por Caio Pimenta","headline":"Vereador Gleyser Soares cobra solu\u00e7\u00f5es para sa\u00fade e educa\u00e7\u00e3o","author":{"@id":"https:\/\/newsinfoco.com.br\/inicio\/author\/administrador\/#author"},"publisher":{"@id":"https:\/\/newsinfoco.com.br\/inicio\/#organization"},"image":{"@type":"ImageObject","url":"https:\/\/newsinfoco.com.br\/inicio\/wp-content\/uploads\/2026\/04\/42d7e754-4ae0-40da-8167-a6c8ac8d798d-2048x1152-1.jpg","width":2048,"height":1152},"datePublished":"2026-04-10T18:07:17-03:00","dateModified":"2026-04-10T18:07:17-03:00","inLanguage":"pt-BR","mainEntityOfPage":{"@id":"https:\/\/newsinfoco.com.br\/inicio\/vereador-gleyser-soares-cobra-solucoes-para-saude-e-educacao\/#webpage"},"isPartOf":{"@id":"https:\/\/newsinfoco.com.br\/inicio\/vereador-gleyser-soares-cobra-solucoes-para-saude-e-educacao\/#webpage"},"articleSection":"Bahia"},{"@type":"BreadcrumbList","@id":"https:\/\/newsinfoco.com.br\/inicio\/vereador-gleyser-soares-cobra-solucoes-para-saude-e-educacao\/#breadcrumblist","itemListElement":[{"@type":"ListItem","@id":"https:\/\/newsinfoco.com.br\/inicio#listItem","position":1,"name":"In\u00edcio","item":"https:\/\/newsinfoco.com.br\/inicio","nextItem":{"@type":"ListItem","@id":"https:\/\/newsinfoco.com.br\/inicio\/category\/bahia\/#listItem","name":"Bahia"}},{"@type":"ListItem","@id":"https:\/\/newsinfoco.com.br\/inicio\/category\/bahia\/#listItem","position":2,"name":"Bahia","item":"https:\/\/newsinfoco.com.br\/inicio\/category\/bahia\/","nextItem":{"@type":"ListItem","@id":"https:\/\/newsinfoco.com.br\/inicio\/vereador-gleyser-soares-cobra-solucoes-para-saude-e-educacao\/#listItem","name":"Vereador Gleyser Soares cobra solu\u00e7\u00f5es para sa\u00fade e educa\u00e7\u00e3o"},"previousItem":{"@type":"ListItem","@id":"https:\/\/newsinfoco.com.br\/inicio#listItem","name":"In\u00edcio"}},{"@type":"ListItem","@id":"https:\/\/newsinfoco.com.br\/inicio\/vereador-gleyser-soares-cobra-solucoes-para-saude-e-educacao\/#listItem","position":3,"name":"Vereador Gleyser Soares cobra solu\u00e7\u00f5es para sa\u00fade e educa\u00e7\u00e3o","previousItem":{"@type":"ListItem","@id":"https:\/\/newsinfoco.com.br\/inicio\/category\/bahia\/#listItem","name":"Bahia"}}]},{"@type":"Organization","@id":"https:\/\/newsinfoco.com.br\/inicio\/#organization","name":"News In Foco - Editado por Caio Pimenta","description":"O principal site de noticias de Alagoinhas e regi\u00e3o","url":"https:\/\/newsinfoco.com.br\/inicio\/"},{"@type":"Person","@id":"https:\/\/newsinfoco.com.br\/inicio\/author\/administrador\/#author","url":"https:\/\/newsinfoco.com.br\/inicio\/author\/administrador\/","name":"administrador","image":{"@type":"ImageObject","@id":"https:\/\/newsinfoco.com.br\/inicio\/vereador-gleyser-soares-cobra-solucoes-para-saude-e-educacao\/#authorImage","url":"https:\/\/secure.gravatar.com\/avatar\/c17a617433de8c1dc9584bb79aab7563b46f5bb7e1728c9b17d9cc3ce6a08e49?s=96&d=mm&r=g","width":96,"height":96,"caption":"administrador"}},{"@type":"WebPage","@id":"https:\/\/newsinfoco.com.br\/inicio\/vereador-gleyser-soares-cobra-solucoes-para-saude-e-educacao\/#webpage","url":"https:\/\/newsinfoco.com.br\/inicio\/vereador-gleyser-soares-cobra-solucoes-para-saude-e-educacao\/","name":"Vereador Gleyser Soares cobra solu\u00e7\u00f5es para sa\u00fade e educa\u00e7\u00e3o - News In Foco - Editado por Caio Pimenta","description":"Na sess\u00e3o realizada nesta quinta-feira (09), o vereador Gleyser Soares utilizou a tribuna para relatar den\u00fancias relacionadas \u00e0 sa\u00fade e \u00e0 educa\u00e7\u00e3o no munic\u00edpio, com destaque para a falta de profissionais em unidades p\u00fablicas. Em se discurso, o parlamentar informou que recebeu reclama\u00e7\u00f5es sobre o posto de sa\u00fade Maysa Teles, localizado no Parque Morada do","inLanguage":"pt-BR","isPartOf":{"@id":"https:\/\/newsinfoco.com.br\/inicio\/#website"},"breadcrumb":{"@id":"https:\/\/newsinfoco.com.br\/inicio\/vereador-gleyser-soares-cobra-solucoes-para-saude-e-educacao\/#breadcrumblist"},"author":{"@id":"https:\/\/newsinfoco.com.br\/inicio\/author\/administrador\/#author"},"creator":{"@id":"https:\/\/newsinfoco.com.br\/inicio\/author\/administrador\/#author"},"image":{"@type":"ImageObject","url":"https:\/\/newsinfoco.com.br\/inicio\/wp-content\/uploads\/2026\/04\/42d7e754-4ae0-40da-8167-a6c8ac8d798d-2048x1152-1.jpg","@id":"https:\/\/newsinfoco.com.br\/inicio\/vereador-gleyser-soares-cobra-solucoes-para-saude-e-educacao\/#mainImage","width":2048,"height":1152},"primaryImageOfPage":{"@id":"https:\/\/newsinfoco.com.br\/inicio\/vereador-gleyser-soares-cobra-solucoes-para-saude-e-educacao\/#mainImage"},"datePublished":"2026-04-10T18:07:17-03:00","dateModified":"2026-04-10T18:07:17-03:00"},{"@type":"WebSite","@id":"https:\/\/newsinfoco.com.br\/inicio\/#website","url":"https:\/\/newsinfoco.com.br\/inicio\/","name":"News In Foco - Editado por Caio Pimenta","description":"O principal site de noticias de Alagoinhas e regi\u00e3o","inLanguage":"pt-BR","publisher":{"@id":"https:\/\/newsinfoco.com.br\/inicio\/#organization"}}]},"og:locale":"pt_BR","og:site_name":"News In Foco - Editado por Caio Pimenta - O principal site de noticias de Alagoinhas e regi\u00e3o","og:type":"article","og:title":"Vereador Gleyser Soares cobra solu\u00e7\u00f5es para sa\u00fade e educa\u00e7\u00e3o - News In Foco - Editado por Caio Pimenta","og:description":"Na sess\u00e3o realizada nesta quinta-feira (09), o vereador Gleyser Soares utilizou a tribuna para relatar den\u00fancias relacionadas \u00e0 sa\u00fade e \u00e0 educa\u00e7\u00e3o no munic\u00edpio, com destaque para a falta de profissionais em unidades p\u00fablicas. Em se discurso, o parlamentar informou que recebeu reclama\u00e7\u00f5es sobre o posto de sa\u00fade Maysa Teles, localizado no Parque Morada do","og:url":"https:\/\/newsinfoco.com.br\/inicio\/vereador-gleyser-soares-cobra-solucoes-para-saude-e-educacao\/","article:published_time":"2026-04-10T21:07:17+00:00","article:modified_time":"2026-04-10T21:07:17+00:00","twitter:card":"summary_large_image","twitter:title":"Vereador Gleyser Soares cobra solu\u00e7\u00f5es para sa\u00fade e educa\u00e7\u00e3o - News In Foco - Editado por Caio Pimenta","twitter:description":"Na sess\u00e3o realizada nesta quinta-feira (09), o vereador Gleyser Soares utilizou a tribuna para relatar den\u00fancias relacionadas \u00e0 sa\u00fade e \u00e0 educa\u00e7\u00e3o no munic\u00edpio, com destaque para a falta de profissionais em unidades p\u00fablicas. Em se discurso, o parlamentar informou que recebeu reclama\u00e7\u00f5es sobre o posto de sa\u00fade Maysa Teles, localizado no Parque Morada do"},"aioseo_meta_data":{"post_id":"50292","title":null,"description":null,"keywords":null,"keyphrases":{"focus":{"keyphrase":"","score":0,"analysis":{"keyphraseInTitle":{"score":0,"maxScore":9,"error":1}}},"additional":[]},"primary_term":null,"canonical_url":null,"og_title":null,"og_description":null,"og_object_type":"default","og_image_type":"default","og_image_url":null,"og_image_width":null,"og_image_height":null,"og_image_custom_url":null,"og_image_custom_fields":null,"og_video":"","og_custom_url":null,"og_article_section":null,"og_article_tags":null,"twitter_use_og":false,"twitter_card":"default","twitter_image_type":"default","twitter_image_url":null,"twitter_image_custom_url":null,"twitter_image_custom_fields":null,"twitter_title":null,"twitter_description":null,"schema":{"blockGraphs":[],"customGraphs":[],"default":{"data":{"Article":[],"Course":[],"Dataset":[],"FAQPage":[],"Movie":[],"Person":[],"Product":[],"ProductReview":[],"Car":[],"Recipe":[],"Service":[],"SoftwareApplication":[],"WebPage":[]},"graphName":"BlogPosting","isEnabled":true},"graphs":[]},"schema_type":"default","schema_type_options":null,"pillar_content":false,"robots_default":true,"robots_noindex":false,"robots_noarchive":false,"robots_nosnippet":false,"robots_nofollow":false,"robots_noimageindex":false,"robots_noodp":false,"robots_notranslate":false,"robots_max_snippet":"-1","robots_max_videopreview":"-1","robots_max_imagepreview":"large","priority":null,"frequency":"default","local_seo":null,"breadcrumb_settings":null,"limit_modified_date":false,"ai":{"faqs":[],"keyPoints":[],"titles":[],"descriptions":[],"socialPosts":{"email":[],"linkedin":[],"twitter":[],"facebook":[],"instagram":[]}},"created":"2026-04-10 21:07:17","updated":"2026-04-10 21:15:32","seo_analyzer_scan_date":null},"aioseo_breadcrumb":"<div class=\"aioseo-breadcrumbs\"><span class=\"aioseo-breadcrumb\">\n\t\t\t<a href=\"https:\/\/newsinfoco.com.br\/inicio\" title=\"In\u00edcio\">In\u00edcio<\/a>\n\t\t<\/span><span class=\"aioseo-breadcrumb-separator\">&raquo;<\/span><span class=\"aioseo-breadcrumb\">\n\t\t\t<a href=\"https:\/\/newsinfoco.com.br\/inicio\/category\/bahia\/\" title=\"Bahia\">Bahia<\/a>\n\t\t<\/span><span class=\"aioseo-breadcrumb-separator\">&raquo;<\/span><span class=\"aioseo-breadcrumb\">\n\t\t\tVereador Gleyser Soares cobra solu\u00e7\u00f5es para sa\u00fade e educa\u00e7\u00e3o\n\t\t<\/span><\/div>","aioseo_breadcrumb_json":[{"label":"In\u00edcio","link":"https:\/\/newsinfoco.com.br\/inicio"},{"label":"Bahia","link":"https:\/\/newsinfoco.com.br\/inicio\/category\/bahia\/"},{"label":"Vereador Gleyser Soares cobra solu\u00e7\u00f5es para sa\u00fade e educa\u00e7\u00e3o","link":"https:\/\/newsinfoco.com.br\/inicio\/vereador-gleyser-soares-cobra-solucoes-para-saude-e-educacao\/"}],"_links":{"self":[{"href":"https:\/\/newsinfoco.com.br\/inicio\/wp-json\/wp\/v2\/posts\/50292","targetHints":{"allow":["GET"]}}],"collection":[{"href":"https:\/\/newsinfoco.com.br\/inicio\/wp-json\/wp\/v2\/posts"}],"about":[{"href":"https:\/\/newsinfoco.com.br\/inicio\/wp-json\/wp\/v2\/types\/post"}],"author":[{"embeddable":true,"href":"https:\/\/newsinfoco.com.br\/inicio\/wp-json\/wp\/v2\/users\/1"}],"replies":[{"embeddable":true,"href":"https:\/\/newsinfoco.com.br\/inicio\/wp-json\/wp\/v2\/comments?post=50292"}],"version-history":[{"count":1,"href":"https:\/\/newsinfoco.com.br\/inicio\/wp-json\/wp\/v2\/posts\/50292\/revisions"}],"predecessor-version":[{"id":50294,"href":"https:\/\/newsinfoco.com.br\/inicio\/wp-json\/wp\/v2\/posts\/50292\/revisions\/50294"}],"wp:featuredmedia":[{"embeddable":true,"href":"https:\/\/newsinfoco.com.br\/inicio\/wp-json\/wp\/v2\/media\/50293"}],"wp:attachment":[{"href":"https:\/\/newsinfoco.com.br\/inicio\/wp-json\/wp\/v2\/media?parent=50292"}],"wp:term":[{"taxonomy":"category","embeddable":true,"href":"https:\/\/newsinfoco.com.br\/inicio\/wp-json\/wp\/v2\/categories?post=50292"},{"taxonomy":"post_tag","embeddable":true,"href":"https:\/\/newsinfoco.com.br\/inicio\/wp-json\/wp\/v2\/tags?post=50292"}],"curies":[{"name":"wp","href":"https:\/\/api.w.org\/{rel}","templated":true}]}}