{"id":50295,"date":"2026-04-10T18:12:01","date_gmt":"2026-04-10T21:12:01","guid":{"rendered":"https:\/\/newsinfoco.com.br\/inicio\/?p=50295"},"modified":"2026-04-10T18:12:01","modified_gmt":"2026-04-10T21:12:01","slug":"programa-na-real-escolas-municipais-recebem-acao-de-combate-ao-consumo-de-alcool-entre-adolescentes","status":"publish","type":"post","link":"https:\/\/newsinfoco.com.br\/inicio\/programa-na-real-escolas-municipais-recebem-acao-de-combate-ao-consumo-de-alcool-entre-adolescentes\/","title":{"rendered":"Programa Na Real: escolas municipais recebem a\u00e7\u00e3o de combate ao consumo de \u00e1lcool entre adolescentes"},"content":{"rendered":"<p>Nesta sexta-feira (10), a Escola Murilo Cavalcanti e o Col\u00e9gio Municipal de Alagoinhas (CMA) receberam o programa \u201cNa Real Bahia\u201d, uma iniciativa da Prefeitura de Alagoinhas, por meio da Secretaria Municipal de Educa\u00e7\u00e3o (SEDUC), em parceira com o Instituto Alian\u00e7a que utiliza a arte e a ludicidade para orientar estudantes sobre os riscos do consumo precoce de bebidas alco\u00f3licas.<\/p>\n<p>O programa busca enfrentar um dado alarmante: 56% da popula\u00e7\u00e3o brasileira experimentou \u00e1lcool antes dos 18 anos. Em Alagoinhas, a a\u00e7\u00e3o foi executada com uma pe\u00e7a teatral seguida de debate no intuito de sensibilizar os adolescentes para que fa\u00e7am escolhas conscientes, priorizando o n\u00e3o consumo e a preserva\u00e7\u00e3o do desenvolvimento cerebral, que \u00e9 afetado pelo \u00e1lcool nesta fase da vida. abordou situa\u00e7\u00f5es cotidianas relacionadas \u00e0 press\u00e3o social, vulnerabilidade emocional e influ\u00eancia do meio no contato com subst\u00e2ncias psicoativas.<\/p>\n<p>\u201cA a\u00e7\u00e3o foca na preven\u00e7\u00e3o de problemas que afetam diretamente o rendimento escolar e a conviv\u00eancia social, como a queda de desempenho, acidentes e comportamentos violentos associados ao uso de subst\u00e2ncias. A metodologia do projeto permite que os estudantes reflitam sobre a press\u00e3o dos pares e desenvolvam autonomia\u201d, explicou o diretor de Inclus\u00e3o Educacional, Ant\u00f4nio Marcos de\u00a0 Carvalho.<\/p>\n<p>A secret\u00e1ria de Educa\u00e7\u00e3o, Rita Bastos, afirmou que a a\u00e7\u00e3o faz parte do processo estrat\u00e9gico da Seduc como parte das pr\u00e1ticas pedag\u00f3gicas inclusivas e preventivas nas unidades escolares. \u201cNossa miss\u00e3o \u00e9 promover a forma\u00e7\u00e3o integral dos nossos estudantes. Essa parceria com o Instituto Alian\u00e7a, refor\u00e7a nosso compromisso em proteger nossos jovens, utilizando a arte como ferramenta de di\u00e1logo. O teatro permite que o estudante processe temas complexos, como a preven\u00e7\u00e3o ao \u00e1lcool, de forma l\u00fadica, mas extremamente consciente e impactante\u201d, concluiu.<\/p>\n<p>&nbsp;<\/p>\n<div class='share-to-whatsapp-wrapper'><div class='share-on-whsp'>Share on: <\/div><a data-text='Programa Na Real: escolas municipais recebem a\u00e7\u00e3o de combate ao consumo de \u00e1lcool entre adolescentes' data-link='https:\/\/newsinfoco.com.br\/inicio\/programa-na-real-escolas-municipais-recebem-acao-de-combate-ao-consumo-de-alcool-entre-adolescentes\/' class='whatsapp-button whatsapp-share'>WhatsApp<\/a><div class='clear '><\/div><\/div>","protected":false},"excerpt":{"rendered":"<p>Nesta sexta-feira (10), a Escola Murilo Cavalcanti e o Col\u00e9gio Municipal de Alagoinhas (CMA) receberam o programa \u201cNa Real Bahia\u201d, uma iniciativa da Prefeitura de Alagoinhas, por meio da Secretaria Municipal de Educa\u00e7\u00e3o (SEDUC), em parceira com o Instituto Alian\u00e7a que utiliza a arte e a ludicidade para orientar estudantes sobre os riscos do consumo [&hellip;]<\/p>\n","protected":false},"author":1,"featured_media":50296,"comment_status":"closed","ping_status":"closed","sticky":false,"template":"","format":"standard","meta":{"om_disable_all_campaigns":false,"rop_custom_images_group":[],"rop_custom_messages_group":[],"rop_publish_now":"initial","rop_publish_now_accounts":[],"rop_publish_now_history":[],"rop_publish_now_status":"pending","_exactmetrics_skip_tracking":false,"footnotes":""},"categories":[38,167],"tags":[],"class_list":["post-50295","post","type-post","status-publish","format-standard","has-post-thumbnail","hentry","category-alagoinhas-e-regiao","category-exclusivas"],"aioseo_notices":[],"aioseo_head":"\n\t\t<!-- All in One SEO 4.9.10 - aioseo.com -->\n\t<meta name=\"description\" content=\"Nesta sexta-feira (10), a Escola Murilo Cavalcanti e o Col\u00e9gio Municipal de Alagoinhas (CMA) receberam o programa \u201cNa Real Bahia\u201d, uma iniciativa da Prefeitura de Alagoinhas, por meio da Secretaria Municipal de Educa\u00e7\u00e3o (SEDUC), em parceira com o Instituto Alian\u00e7a que utiliza a arte e a ludicidade para orientar estudantes sobre os riscos do consumo\" \/>\n\t<meta name=\"robots\" content=\"max-image-preview:large\" \/>\n\t<meta name=\"author\" content=\"administrador\"\/>\n\t<link rel=\"canonical\" href=\"https:\/\/newsinfoco.com.br\/inicio\/programa-na-real-escolas-municipais-recebem-acao-de-combate-ao-consumo-de-alcool-entre-adolescentes\/\" \/>\n\t<meta name=\"generator\" content=\"All in One SEO (AIOSEO) 4.9.10\" \/>\n\t\t<meta property=\"og:locale\" content=\"pt_BR\" \/>\n\t\t<meta property=\"og:site_name\" content=\"News In Foco - Editado por Caio Pimenta - O principal site de noticias de Alagoinhas e regi\u00e3o\" \/>\n\t\t<meta property=\"og:type\" content=\"article\" \/>\n\t\t<meta property=\"og:title\" content=\"Programa Na Real: escolas municipais recebem a\u00e7\u00e3o de combate ao consumo de \u00e1lcool entre adolescentes - News In Foco - Editado por Caio Pimenta\" \/>\n\t\t<meta property=\"og:description\" content=\"Nesta sexta-feira (10), a Escola Murilo Cavalcanti e o Col\u00e9gio Municipal de Alagoinhas (CMA) receberam o programa \u201cNa Real Bahia\u201d, uma iniciativa da Prefeitura de Alagoinhas, por meio da Secretaria Municipal de Educa\u00e7\u00e3o (SEDUC), em parceira com o Instituto Alian\u00e7a que utiliza a arte e a ludicidade para orientar estudantes sobre os riscos do consumo\" \/>\n\t\t<meta property=\"og:url\" content=\"https:\/\/newsinfoco.com.br\/inicio\/programa-na-real-escolas-municipais-recebem-acao-de-combate-ao-consumo-de-alcool-entre-adolescentes\/\" \/>\n\t\t<meta property=\"article:published_time\" content=\"2026-04-10T21:12:01+00:00\" \/>\n\t\t<meta property=\"article:modified_time\" content=\"2026-04-10T21:12:01+00:00\" \/>\n\t\t<meta name=\"twitter:card\" content=\"summary_large_image\" \/>\n\t\t<meta name=\"twitter:title\" content=\"Programa Na Real: escolas municipais recebem a\u00e7\u00e3o de combate ao consumo de \u00e1lcool entre adolescentes - News In Foco - Editado por Caio Pimenta\" \/>\n\t\t<meta name=\"twitter:description\" content=\"Nesta sexta-feira (10), a Escola Murilo Cavalcanti e o Col\u00e9gio Municipal de Alagoinhas (CMA) receberam o programa \u201cNa Real Bahia\u201d, uma iniciativa da Prefeitura de Alagoinhas, por meio da Secretaria Municipal de Educa\u00e7\u00e3o (SEDUC), em parceira com o Instituto Alian\u00e7a que utiliza a arte e a ludicidade para orientar estudantes sobre os riscos do consumo\" \/>\n\t\t<script type=\"application\/ld+json\" class=\"aioseo-schema\">\n\t\t\t{\"@context\":\"https:\\\/\\\/schema.org\",\"@graph\":[{\"@type\":\"BlogPosting\",\"@id\":\"https:\\\/\\\/newsinfoco.com.br\\\/inicio\\\/programa-na-real-escolas-municipais-recebem-acao-de-combate-ao-consumo-de-alcool-entre-adolescentes\\\/#blogposting\",\"name\":\"Programa Na Real: escolas municipais recebem a\\u00e7\\u00e3o de combate ao consumo de \\u00e1lcool entre adolescentes - News In Foco - Editado por Caio Pimenta\",\"headline\":\"Programa Na Real: escolas municipais recebem a\\u00e7\\u00e3o de combate ao consumo de \\u00e1lcool entre adolescentes\",\"author\":{\"@id\":\"https:\\\/\\\/newsinfoco.com.br\\\/inicio\\\/author\\\/administrador\\\/#author\"},\"publisher\":{\"@id\":\"https:\\\/\\\/newsinfoco.com.br\\\/inicio\\\/#organization\"},\"image\":{\"@type\":\"ImageObject\",\"url\":\"https:\\\/\\\/newsinfoco.com.br\\\/inicio\\\/wp-content\\\/uploads\\\/2026\\\/04\\\/b9a8387e-b4e7-4140-a79c-7c1043d7b8f6.jpg\",\"width\":1600,\"height\":900},\"datePublished\":\"2026-04-10T18:12:01-03:00\",\"dateModified\":\"2026-04-10T18:12:01-03:00\",\"inLanguage\":\"pt-BR\",\"mainEntityOfPage\":{\"@id\":\"https:\\\/\\\/newsinfoco.com.br\\\/inicio\\\/programa-na-real-escolas-municipais-recebem-acao-de-combate-ao-consumo-de-alcool-entre-adolescentes\\\/#webpage\"},\"isPartOf\":{\"@id\":\"https:\\\/\\\/newsinfoco.com.br\\\/inicio\\\/programa-na-real-escolas-municipais-recebem-acao-de-combate-ao-consumo-de-alcool-entre-adolescentes\\\/#webpage\"},\"articleSection\":\"Alagoinhas e Regi\\u00e3o, Manchete\"},{\"@type\":\"BreadcrumbList\",\"@id\":\"https:\\\/\\\/newsinfoco.com.br\\\/inicio\\\/programa-na-real-escolas-municipais-recebem-acao-de-combate-ao-consumo-de-alcool-entre-adolescentes\\\/#breadcrumblist\",\"itemListElement\":[{\"@type\":\"ListItem\",\"@id\":\"https:\\\/\\\/newsinfoco.com.br\\\/inicio#listItem\",\"position\":1,\"name\":\"In\\u00edcio\",\"item\":\"https:\\\/\\\/newsinfoco.com.br\\\/inicio\",\"nextItem\":{\"@type\":\"ListItem\",\"@id\":\"https:\\\/\\\/newsinfoco.com.br\\\/inicio\\\/category\\\/alagoinhas-e-regiao\\\/#listItem\",\"name\":\"Alagoinhas e Regi\\u00e3o\"}},{\"@type\":\"ListItem\",\"@id\":\"https:\\\/\\\/newsinfoco.com.br\\\/inicio\\\/category\\\/alagoinhas-e-regiao\\\/#listItem\",\"position\":2,\"name\":\"Alagoinhas e Regi\\u00e3o\",\"item\":\"https:\\\/\\\/newsinfoco.com.br\\\/inicio\\\/category\\\/alagoinhas-e-regiao\\\/\",\"nextItem\":{\"@type\":\"ListItem\",\"@id\":\"https:\\\/\\\/newsinfoco.com.br\\\/inicio\\\/programa-na-real-escolas-municipais-recebem-acao-de-combate-ao-consumo-de-alcool-entre-adolescentes\\\/#listItem\",\"name\":\"Programa Na Real: escolas municipais recebem a\\u00e7\\u00e3o de combate ao consumo de \\u00e1lcool entre adolescentes\"},\"previousItem\":{\"@type\":\"ListItem\",\"@id\":\"https:\\\/\\\/newsinfoco.com.br\\\/inicio#listItem\",\"name\":\"In\\u00edcio\"}},{\"@type\":\"ListItem\",\"@id\":\"https:\\\/\\\/newsinfoco.com.br\\\/inicio\\\/programa-na-real-escolas-municipais-recebem-acao-de-combate-ao-consumo-de-alcool-entre-adolescentes\\\/#listItem\",\"position\":3,\"name\":\"Programa Na Real: escolas municipais recebem a\\u00e7\\u00e3o de combate ao consumo de \\u00e1lcool entre adolescentes\",\"previousItem\":{\"@type\":\"ListItem\",\"@id\":\"https:\\\/\\\/newsinfoco.com.br\\\/inicio\\\/category\\\/alagoinhas-e-regiao\\\/#listItem\",\"name\":\"Alagoinhas e Regi\\u00e3o\"}}]},{\"@type\":\"Organization\",\"@id\":\"https:\\\/\\\/newsinfoco.com.br\\\/inicio\\\/#organization\",\"name\":\"News In Foco - Editado por Caio Pimenta\",\"description\":\"O principal site de noticias de Alagoinhas e regi\\u00e3o\",\"url\":\"https:\\\/\\\/newsinfoco.com.br\\\/inicio\\\/\"},{\"@type\":\"Person\",\"@id\":\"https:\\\/\\\/newsinfoco.com.br\\\/inicio\\\/author\\\/administrador\\\/#author\",\"url\":\"https:\\\/\\\/newsinfoco.com.br\\\/inicio\\\/author\\\/administrador\\\/\",\"name\":\"administrador\",\"image\":{\"@type\":\"ImageObject\",\"@id\":\"https:\\\/\\\/newsinfoco.com.br\\\/inicio\\\/programa-na-real-escolas-municipais-recebem-acao-de-combate-ao-consumo-de-alcool-entre-adolescentes\\\/#authorImage\",\"url\":\"https:\\\/\\\/secure.gravatar.com\\\/avatar\\\/c17a617433de8c1dc9584bb79aab7563b46f5bb7e1728c9b17d9cc3ce6a08e49?s=96&d=mm&r=g\",\"width\":96,\"height\":96,\"caption\":\"administrador\"}},{\"@type\":\"WebPage\",\"@id\":\"https:\\\/\\\/newsinfoco.com.br\\\/inicio\\\/programa-na-real-escolas-municipais-recebem-acao-de-combate-ao-consumo-de-alcool-entre-adolescentes\\\/#webpage\",\"url\":\"https:\\\/\\\/newsinfoco.com.br\\\/inicio\\\/programa-na-real-escolas-municipais-recebem-acao-de-combate-ao-consumo-de-alcool-entre-adolescentes\\\/\",\"name\":\"Programa Na Real: escolas municipais recebem a\\u00e7\\u00e3o de combate ao consumo de \\u00e1lcool entre adolescentes - News In Foco - Editado por Caio Pimenta\",\"description\":\"Nesta sexta-feira (10), a Escola Murilo Cavalcanti e o Col\\u00e9gio Municipal de Alagoinhas (CMA) receberam o programa \\u201cNa Real Bahia\\u201d, uma iniciativa da Prefeitura de Alagoinhas, por meio da Secretaria Municipal de Educa\\u00e7\\u00e3o (SEDUC), em parceira com o Instituto Alian\\u00e7a que utiliza a arte e a ludicidade para orientar estudantes sobre os riscos do consumo\",\"inLanguage\":\"pt-BR\",\"isPartOf\":{\"@id\":\"https:\\\/\\\/newsinfoco.com.br\\\/inicio\\\/#website\"},\"breadcrumb\":{\"@id\":\"https:\\\/\\\/newsinfoco.com.br\\\/inicio\\\/programa-na-real-escolas-municipais-recebem-acao-de-combate-ao-consumo-de-alcool-entre-adolescentes\\\/#breadcrumblist\"},\"author\":{\"@id\":\"https:\\\/\\\/newsinfoco.com.br\\\/inicio\\\/author\\\/administrador\\\/#author\"},\"creator\":{\"@id\":\"https:\\\/\\\/newsinfoco.com.br\\\/inicio\\\/author\\\/administrador\\\/#author\"},\"image\":{\"@type\":\"ImageObject\",\"url\":\"https:\\\/\\\/newsinfoco.com.br\\\/inicio\\\/wp-content\\\/uploads\\\/2026\\\/04\\\/b9a8387e-b4e7-4140-a79c-7c1043d7b8f6.jpg\",\"@id\":\"https:\\\/\\\/newsinfoco.com.br\\\/inicio\\\/programa-na-real-escolas-municipais-recebem-acao-de-combate-ao-consumo-de-alcool-entre-adolescentes\\\/#mainImage\",\"width\":1600,\"height\":900},\"primaryImageOfPage\":{\"@id\":\"https:\\\/\\\/newsinfoco.com.br\\\/inicio\\\/programa-na-real-escolas-municipais-recebem-acao-de-combate-ao-consumo-de-alcool-entre-adolescentes\\\/#mainImage\"},\"datePublished\":\"2026-04-10T18:12:01-03:00\",\"dateModified\":\"2026-04-10T18:12:01-03:00\"},{\"@type\":\"WebSite\",\"@id\":\"https:\\\/\\\/newsinfoco.com.br\\\/inicio\\\/#website\",\"url\":\"https:\\\/\\\/newsinfoco.com.br\\\/inicio\\\/\",\"name\":\"News In Foco - Editado por Caio Pimenta\",\"description\":\"O principal site de noticias de Alagoinhas e regi\\u00e3o\",\"inLanguage\":\"pt-BR\",\"publisher\":{\"@id\":\"https:\\\/\\\/newsinfoco.com.br\\\/inicio\\\/#organization\"}}]}\n\t\t<\/script>\n\t\t<!-- All in One SEO -->\n\n","aioseo_head_json":{"title":"Programa Na Real: escolas municipais recebem a\u00e7\u00e3o de combate ao consumo de \u00e1lcool entre adolescentes - News In Foco - Editado por Caio Pimenta","description":"Nesta sexta-feira (10), a Escola Murilo Cavalcanti e o Col\u00e9gio Municipal de Alagoinhas (CMA) receberam o programa \u201cNa Real Bahia\u201d, uma iniciativa da Prefeitura de Alagoinhas, por meio da Secretaria Municipal de Educa\u00e7\u00e3o (SEDUC), em parceira com o Instituto Alian\u00e7a que utiliza a arte e a ludicidade para orientar estudantes sobre os riscos do consumo","canonical_url":"https:\/\/newsinfoco.com.br\/inicio\/programa-na-real-escolas-municipais-recebem-acao-de-combate-ao-consumo-de-alcool-entre-adolescentes\/","robots":"max-image-preview:large","keywords":"","webmasterTools":{"miscellaneous":""},"schema":{"@context":"https:\/\/schema.org","@graph":[{"@type":"BlogPosting","@id":"https:\/\/newsinfoco.com.br\/inicio\/programa-na-real-escolas-municipais-recebem-acao-de-combate-ao-consumo-de-alcool-entre-adolescentes\/#blogposting","name":"Programa Na Real: escolas municipais recebem a\u00e7\u00e3o de combate ao consumo de \u00e1lcool entre adolescentes - News In Foco - Editado por Caio Pimenta","headline":"Programa Na Real: escolas municipais recebem a\u00e7\u00e3o de combate ao consumo de \u00e1lcool entre adolescentes","author":{"@id":"https:\/\/newsinfoco.com.br\/inicio\/author\/administrador\/#author"},"publisher":{"@id":"https:\/\/newsinfoco.com.br\/inicio\/#organization"},"image":{"@type":"ImageObject","url":"https:\/\/newsinfoco.com.br\/inicio\/wp-content\/uploads\/2026\/04\/b9a8387e-b4e7-4140-a79c-7c1043d7b8f6.jpg","width":1600,"height":900},"datePublished":"2026-04-10T18:12:01-03:00","dateModified":"2026-04-10T18:12:01-03:00","inLanguage":"pt-BR","mainEntityOfPage":{"@id":"https:\/\/newsinfoco.com.br\/inicio\/programa-na-real-escolas-municipais-recebem-acao-de-combate-ao-consumo-de-alcool-entre-adolescentes\/#webpage"},"isPartOf":{"@id":"https:\/\/newsinfoco.com.br\/inicio\/programa-na-real-escolas-municipais-recebem-acao-de-combate-ao-consumo-de-alcool-entre-adolescentes\/#webpage"},"articleSection":"Alagoinhas e Regi\u00e3o, Manchete"},{"@type":"BreadcrumbList","@id":"https:\/\/newsinfoco.com.br\/inicio\/programa-na-real-escolas-municipais-recebem-acao-de-combate-ao-consumo-de-alcool-entre-adolescentes\/#breadcrumblist","itemListElement":[{"@type":"ListItem","@id":"https:\/\/newsinfoco.com.br\/inicio#listItem","position":1,"name":"In\u00edcio","item":"https:\/\/newsinfoco.com.br\/inicio","nextItem":{"@type":"ListItem","@id":"https:\/\/newsinfoco.com.br\/inicio\/category\/alagoinhas-e-regiao\/#listItem","name":"Alagoinhas e Regi\u00e3o"}},{"@type":"ListItem","@id":"https:\/\/newsinfoco.com.br\/inicio\/category\/alagoinhas-e-regiao\/#listItem","position":2,"name":"Alagoinhas e Regi\u00e3o","item":"https:\/\/newsinfoco.com.br\/inicio\/category\/alagoinhas-e-regiao\/","nextItem":{"@type":"ListItem","@id":"https:\/\/newsinfoco.com.br\/inicio\/programa-na-real-escolas-municipais-recebem-acao-de-combate-ao-consumo-de-alcool-entre-adolescentes\/#listItem","name":"Programa Na Real: escolas municipais recebem a\u00e7\u00e3o de combate ao consumo de \u00e1lcool entre adolescentes"},"previousItem":{"@type":"ListItem","@id":"https:\/\/newsinfoco.com.br\/inicio#listItem","name":"In\u00edcio"}},{"@type":"ListItem","@id":"https:\/\/newsinfoco.com.br\/inicio\/programa-na-real-escolas-municipais-recebem-acao-de-combate-ao-consumo-de-alcool-entre-adolescentes\/#listItem","position":3,"name":"Programa Na Real: escolas municipais recebem a\u00e7\u00e3o de combate ao consumo de \u00e1lcool entre adolescentes","previousItem":{"@type":"ListItem","@id":"https:\/\/newsinfoco.com.br\/inicio\/category\/alagoinhas-e-regiao\/#listItem","name":"Alagoinhas e Regi\u00e3o"}}]},{"@type":"Organization","@id":"https:\/\/newsinfoco.com.br\/inicio\/#organization","name":"News In Foco - Editado por Caio Pimenta","description":"O principal site de noticias de Alagoinhas e regi\u00e3o","url":"https:\/\/newsinfoco.com.br\/inicio\/"},{"@type":"Person","@id":"https:\/\/newsinfoco.com.br\/inicio\/author\/administrador\/#author","url":"https:\/\/newsinfoco.com.br\/inicio\/author\/administrador\/","name":"administrador","image":{"@type":"ImageObject","@id":"https:\/\/newsinfoco.com.br\/inicio\/programa-na-real-escolas-municipais-recebem-acao-de-combate-ao-consumo-de-alcool-entre-adolescentes\/#authorImage","url":"https:\/\/secure.gravatar.com\/avatar\/c17a617433de8c1dc9584bb79aab7563b46f5bb7e1728c9b17d9cc3ce6a08e49?s=96&d=mm&r=g","width":96,"height":96,"caption":"administrador"}},{"@type":"WebPage","@id":"https:\/\/newsinfoco.com.br\/inicio\/programa-na-real-escolas-municipais-recebem-acao-de-combate-ao-consumo-de-alcool-entre-adolescentes\/#webpage","url":"https:\/\/newsinfoco.com.br\/inicio\/programa-na-real-escolas-municipais-recebem-acao-de-combate-ao-consumo-de-alcool-entre-adolescentes\/","name":"Programa Na Real: escolas municipais recebem a\u00e7\u00e3o de combate ao consumo de \u00e1lcool entre adolescentes - News In Foco - Editado por Caio Pimenta","description":"Nesta sexta-feira (10), a Escola Murilo Cavalcanti e o Col\u00e9gio Municipal de Alagoinhas (CMA) receberam o programa \u201cNa Real Bahia\u201d, uma iniciativa da Prefeitura de Alagoinhas, por meio da Secretaria Municipal de Educa\u00e7\u00e3o (SEDUC), em parceira com o Instituto Alian\u00e7a que utiliza a arte e a ludicidade para orientar estudantes sobre os riscos do consumo","inLanguage":"pt-BR","isPartOf":{"@id":"https:\/\/newsinfoco.com.br\/inicio\/#website"},"breadcrumb":{"@id":"https:\/\/newsinfoco.com.br\/inicio\/programa-na-real-escolas-municipais-recebem-acao-de-combate-ao-consumo-de-alcool-entre-adolescentes\/#breadcrumblist"},"author":{"@id":"https:\/\/newsinfoco.com.br\/inicio\/author\/administrador\/#author"},"creator":{"@id":"https:\/\/newsinfoco.com.br\/inicio\/author\/administrador\/#author"},"image":{"@type":"ImageObject","url":"https:\/\/newsinfoco.com.br\/inicio\/wp-content\/uploads\/2026\/04\/b9a8387e-b4e7-4140-a79c-7c1043d7b8f6.jpg","@id":"https:\/\/newsinfoco.com.br\/inicio\/programa-na-real-escolas-municipais-recebem-acao-de-combate-ao-consumo-de-alcool-entre-adolescentes\/#mainImage","width":1600,"height":900},"primaryImageOfPage":{"@id":"https:\/\/newsinfoco.com.br\/inicio\/programa-na-real-escolas-municipais-recebem-acao-de-combate-ao-consumo-de-alcool-entre-adolescentes\/#mainImage"},"datePublished":"2026-04-10T18:12:01-03:00","dateModified":"2026-04-10T18:12:01-03:00"},{"@type":"WebSite","@id":"https:\/\/newsinfoco.com.br\/inicio\/#website","url":"https:\/\/newsinfoco.com.br\/inicio\/","name":"News In Foco - Editado por Caio Pimenta","description":"O principal site de noticias de Alagoinhas e regi\u00e3o","inLanguage":"pt-BR","publisher":{"@id":"https:\/\/newsinfoco.com.br\/inicio\/#organization"}}]},"og:locale":"pt_BR","og:site_name":"News In Foco - Editado por Caio Pimenta - O principal site de noticias de Alagoinhas e regi\u00e3o","og:type":"article","og:title":"Programa Na Real: escolas municipais recebem a\u00e7\u00e3o de combate ao consumo de \u00e1lcool entre adolescentes - News In Foco - Editado por Caio Pimenta","og:description":"Nesta sexta-feira (10), a Escola Murilo Cavalcanti e o Col\u00e9gio Municipal de Alagoinhas (CMA) receberam o programa \u201cNa Real Bahia\u201d, uma iniciativa da Prefeitura de Alagoinhas, por meio da Secretaria Municipal de Educa\u00e7\u00e3o (SEDUC), em parceira com o Instituto Alian\u00e7a que utiliza a arte e a ludicidade para orientar estudantes sobre os riscos do consumo","og:url":"https:\/\/newsinfoco.com.br\/inicio\/programa-na-real-escolas-municipais-recebem-acao-de-combate-ao-consumo-de-alcool-entre-adolescentes\/","article:published_time":"2026-04-10T21:12:01+00:00","article:modified_time":"2026-04-10T21:12:01+00:00","twitter:card":"summary_large_image","twitter:title":"Programa Na Real: escolas municipais recebem a\u00e7\u00e3o de combate ao consumo de \u00e1lcool entre adolescentes - News In Foco - Editado por Caio Pimenta","twitter:description":"Nesta sexta-feira (10), a Escola Murilo Cavalcanti e o Col\u00e9gio Municipal de Alagoinhas (CMA) receberam o programa \u201cNa Real Bahia\u201d, uma iniciativa da Prefeitura de Alagoinhas, por meio da Secretaria Municipal de Educa\u00e7\u00e3o (SEDUC), em parceira com o Instituto Alian\u00e7a que utiliza a arte e a ludicidade para orientar estudantes sobre os riscos do consumo"},"aioseo_meta_data":{"post_id":"50295","title":null,"description":null,"keywords":null,"keyphrases":{"focus":{"keyphrase":"","score":0,"analysis":{"keyphraseInTitle":{"score":0,"maxScore":9,"error":1}}},"additional":[]},"primary_term":null,"canonical_url":null,"og_title":null,"og_description":null,"og_object_type":"default","og_image_type":"default","og_image_url":null,"og_image_width":null,"og_image_height":null,"og_image_custom_url":null,"og_image_custom_fields":null,"og_video":"","og_custom_url":null,"og_article_section":null,"og_article_tags":null,"twitter_use_og":false,"twitter_card":"default","twitter_image_type":"default","twitter_image_url":null,"twitter_image_custom_url":null,"twitter_image_custom_fields":null,"twitter_title":null,"twitter_description":null,"schema":{"blockGraphs":[],"customGraphs":[],"default":{"data":{"Article":[],"Course":[],"Dataset":[],"FAQPage":[],"Movie":[],"Person":[],"Product":[],"ProductReview":[],"Car":[],"Recipe":[],"Service":[],"SoftwareApplication":[],"WebPage":[]},"graphName":"BlogPosting","isEnabled":true},"graphs":[]},"schema_type":"default","schema_type_options":null,"pillar_content":false,"robots_default":true,"robots_noindex":false,"robots_noarchive":false,"robots_nosnippet":false,"robots_nofollow":false,"robots_noimageindex":false,"robots_noodp":false,"robots_notranslate":false,"robots_max_snippet":"-1","robots_max_videopreview":"-1","robots_max_imagepreview":"large","priority":null,"frequency":"default","local_seo":null,"breadcrumb_settings":null,"limit_modified_date":false,"ai":{"faqs":[],"keyPoints":[],"titles":[],"descriptions":[],"socialPosts":{"email":[],"linkedin":[],"twitter":[],"facebook":[],"instagram":[]}},"created":"2026-04-10 21:12:01","updated":"2026-04-10 21:15:32","seo_analyzer_scan_date":null},"aioseo_breadcrumb":"<div class=\"aioseo-breadcrumbs\"><span class=\"aioseo-breadcrumb\">\n\t\t\t<a href=\"https:\/\/newsinfoco.com.br\/inicio\" title=\"In\u00edcio\">In\u00edcio<\/a>\n\t\t<\/span><span class=\"aioseo-breadcrumb-separator\">&raquo;<\/span><span class=\"aioseo-breadcrumb\">\n\t\t\t<a href=\"https:\/\/newsinfoco.com.br\/inicio\/category\/alagoinhas-e-regiao\/\" title=\"Alagoinhas e Regi\u00e3o\">Alagoinhas e Regi\u00e3o<\/a>\n\t\t<\/span><span class=\"aioseo-breadcrumb-separator\">&raquo;<\/span><span class=\"aioseo-breadcrumb\">\n\t\t\tPrograma Na Real: escolas municipais recebem a\u00e7\u00e3o de combate ao consumo de \u00e1lcool entre adolescentes\n\t\t<\/span><\/div>","aioseo_breadcrumb_json":[{"label":"In\u00edcio","link":"https:\/\/newsinfoco.com.br\/inicio"},{"label":"Alagoinhas e Regi\u00e3o","link":"https:\/\/newsinfoco.com.br\/inicio\/category\/alagoinhas-e-regiao\/"},{"label":"Programa Na Real: escolas municipais recebem a\u00e7\u00e3o de combate ao consumo de \u00e1lcool entre adolescentes","link":"https:\/\/newsinfoco.com.br\/inicio\/programa-na-real-escolas-municipais-recebem-acao-de-combate-ao-consumo-de-alcool-entre-adolescentes\/"}],"_links":{"self":[{"href":"https:\/\/newsinfoco.com.br\/inicio\/wp-json\/wp\/v2\/posts\/50295","targetHints":{"allow":["GET"]}}],"collection":[{"href":"https:\/\/newsinfoco.com.br\/inicio\/wp-json\/wp\/v2\/posts"}],"about":[{"href":"https:\/\/newsinfoco.com.br\/inicio\/wp-json\/wp\/v2\/types\/post"}],"author":[{"embeddable":true,"href":"https:\/\/newsinfoco.com.br\/inicio\/wp-json\/wp\/v2\/users\/1"}],"replies":[{"embeddable":true,"href":"https:\/\/newsinfoco.com.br\/inicio\/wp-json\/wp\/v2\/comments?post=50295"}],"version-history":[{"count":1,"href":"https:\/\/newsinfoco.com.br\/inicio\/wp-json\/wp\/v2\/posts\/50295\/revisions"}],"predecessor-version":[{"id":50297,"href":"https:\/\/newsinfoco.com.br\/inicio\/wp-json\/wp\/v2\/posts\/50295\/revisions\/50297"}],"wp:featuredmedia":[{"embeddable":true,"href":"https:\/\/newsinfoco.com.br\/inicio\/wp-json\/wp\/v2\/media\/50296"}],"wp:attachment":[{"href":"https:\/\/newsinfoco.com.br\/inicio\/wp-json\/wp\/v2\/media?parent=50295"}],"wp:term":[{"taxonomy":"category","embeddable":true,"href":"https:\/\/newsinfoco.com.br\/inicio\/wp-json\/wp\/v2\/categories?post=50295"},{"taxonomy":"post_tag","embeddable":true,"href":"https:\/\/newsinfoco.com.br\/inicio\/wp-json\/wp\/v2\/tags?post=50295"}],"curies":[{"name":"wp","href":"https:\/\/api.w.org\/{rel}","templated":true}]}}