{"id":50381,"date":"2026-04-29T12:30:18","date_gmt":"2026-04-29T15:30:18","guid":{"rendered":"https:\/\/newsinfoco.com.br\/inicio\/?p=50381"},"modified":"2026-04-29T12:30:18","modified_gmt":"2026-04-29T15:30:18","slug":"comida-no-prato-alagoinhas-ganha-tres-cozinhas-comunitarias-e-solidarias","status":"publish","type":"post","link":"https:\/\/newsinfoco.com.br\/inicio\/comida-no-prato-alagoinhas-ganha-tres-cozinhas-comunitarias-e-solidarias\/","title":{"rendered":"Comida no Prato: Alagoinhas ganha tr\u00eas Cozinhas Comunit\u00e1rias e Solid\u00e1rias"},"content":{"rendered":"<p>Em um ato marcado por compromisso social, foi inaugurada a Cozinha Comunit\u00e1ria e Solid\u00e1ria Raiz Ancestral Ubuntu, uma ferramenta estrat\u00e9gica de combate \u00e0 inseguran\u00e7a alimentar que integra o programa estadual Bahia Sem Fome nesta ter\u00e7a-feira (28) na sede da Autrmaa.<\/p>\n<p>O projeto \u201cComida no Prato\u201d passa a operar com tr\u00eas n\u00facleos no munic\u00edpio: a unidade gerenciadora Ubuntu (na sede da Autrmaa), a cozinha Luz de F\u00e9 (em Teres\u00f3polis) e a Cozinha da Vit\u00f3ria (no Parque Vit\u00f3ria), e \u00e9 fruto de articula\u00e7\u00e3o entre o Governo do Estado, o Governo Federal e a Prefeitura de Alagoinhas, atrav\u00e9s da Secretaria de Desenvolvimento Social (Sedes).<\/p><div class=\"newsi-conteudo_19\" id=\"newsi-528748717\"><a href=\"https:\/\/www.instagram.com\/prefeituraalagoinhas?igsh=YzgzdDJ1bWR3aWI4\" aria-label=\"SAVE_20251006_221555\"><img loading=\"lazy\" decoding=\"async\" src=\"https:\/\/newsinfoco.com.br\/inicio\/wp-content\/uploads\/2025\/10\/SAVE_20251006_221555-rotated.jpg\" alt=\"\"  srcset=\"https:\/\/newsinfoco.com.br\/inicio\/wp-content\/uploads\/2025\/10\/SAVE_20251006_221555-rotated.jpg 1140w, https:\/\/newsinfoco.com.br\/inicio\/wp-content\/uploads\/2025\/10\/SAVE_20251006_221555-300x52.jpg 300w, https:\/\/newsinfoco.com.br\/inicio\/wp-content\/uploads\/2025\/10\/SAVE_20251006_221555-1024x177.jpg 1024w, https:\/\/newsinfoco.com.br\/inicio\/wp-content\/uploads\/2025\/10\/SAVE_20251006_221555-768x133.jpg 768w, https:\/\/newsinfoco.com.br\/inicio\/wp-content\/uploads\/2025\/10\/SAVE_20251006_221555-600x104.jpg 600w, https:\/\/newsinfoco.com.br\/inicio\/wp-content\/uploads\/2025\/10\/SAVE_20251006_221555-696x120.jpg 696w, https:\/\/newsinfoco.com.br\/inicio\/wp-content\/uploads\/2025\/10\/SAVE_20251006_221555-1068x185.jpg 1068w\" sizes=\"(max-width: 1140px) 100vw, 1140px\" width=\"1140\" height=\"197\"   \/><\/a><\/div>\n<p>O projeto servir\u00e1 600 refei\u00e7\u00f5es saud\u00e1veis por dia, tr\u00eas vezes por semana, destinadas a catadores, pessoas em situa\u00e7\u00e3o de rua, gestantes, m\u00e3es solo, idosos e pessoas com defici\u00eancia. Para o presidente da Autrmaa e lideran\u00e7a comunit\u00e1ria, Luis C\u00e9sar dos Santos, o projeto \u00e9 a realiza\u00e7\u00e3o de uma luta de d\u00e9cadas. \u201cO projeto n\u00e3o \u00e9 apenas ofertar comida. Ele vem com a\u00e7\u00f5es sociais, oficinas de corte e costura e artesanato. \u00c9 um instrumento de garantia efetiva de seguran\u00e7a alimentar\u201d, destacou.<\/p>\n<p>A secret\u00e1ria de Desenvolvimento Social, Lianne Carmo, enfatizou que a fome n\u00e3o espera. \u201cA parceria com as organiza\u00e7\u00f5es sociais \u00e9 o que viabiliza a agilidade no atendimento. Alimenta\u00e7\u00e3o preparada para o nosso mun\u00edcipe n\u00e3o \u00e9 apenas nutri\u00e7\u00e3o, chama-se dignidade. Este \u00e9 um ponto focal para combater a fragilidade alimentar de forma imediata\u201d, afirmou.<\/p>\n<p>Representando a Casa Civil do Governo da Bahia, Thiago Pereira, refor\u00e7ou que Alagoinhas \u00e9 uma das cidades priorit\u00e1rias para o programa justamente pelo desafio estrutural que ainda enfrenta. \u201cO governador Jer\u00f4nimo colocou o cuidado com os mais pobres no cora\u00e7\u00e3o do governo. Estamos oferecendo direitos, n\u00e3o esmolas. \u00c9 direito do povo que a pol\u00edtica p\u00fablica chegue a quem mais precisa, especialmente \u00e0queles que o Bolsa Fam\u00edlia ainda n\u00e3o \u00e9 suficiente para sustentar a casa\u201d, pontuou Thiago.<\/p>\n<p>As fam\u00edlias beneficiadas passam por um processo de busca ativa, onde t\u00e9cnicos visitam as comunidades para identificar quem realmente se enquadra no perfil de vulnerabilidade. Aqueles que j\u00e1 foram mapeados devem atualizar seu cadastro diretamente nas unidades das cozinhas.<\/p>\n<p>&nbsp;<\/p>\n<div class='share-to-whatsapp-wrapper'><div class='share-on-whsp'>Share on: <\/div><a data-text='Comida no Prato: Alagoinhas ganha tr\u00eas Cozinhas Comunit\u00e1rias e Solid\u00e1rias' data-link='https:\/\/newsinfoco.com.br\/inicio\/comida-no-prato-alagoinhas-ganha-tres-cozinhas-comunitarias-e-solidarias\/' class='whatsapp-button whatsapp-share'>WhatsApp<\/a><div class='clear '><\/div><\/div>","protected":false},"excerpt":{"rendered":"<p>Em um ato marcado por compromisso social, foi inaugurada a Cozinha Comunit\u00e1ria e Solid\u00e1ria Raiz Ancestral Ubuntu, uma ferramenta estrat\u00e9gica de combate \u00e0 inseguran\u00e7a alimentar que integra o programa estadual Bahia Sem Fome nesta ter\u00e7a-feira (28) na sede da Autrmaa. O projeto \u201cComida no Prato\u201d passa a operar com tr\u00eas n\u00facleos no munic\u00edpio: a unidade [&hellip;]<\/p>\n","protected":false},"author":1,"featured_media":50382,"comment_status":"closed","ping_status":"closed","sticky":false,"template":"","format":"standard","meta":{"om_disable_all_campaigns":false,"_exactmetrics_skip_tracking":false,"_exactmetrics_sitenote_active":false,"_exactmetrics_sitenote_note":"","_exactmetrics_sitenote_category":0,"footnotes":""},"categories":[38,167],"tags":[],"class_list":["post-50381","post","type-post","status-publish","format-standard","has-post-thumbnail","hentry","category-alagoinhas-e-regiao","category-exclusivas"],"aioseo_notices":[],"_links":{"self":[{"href":"https:\/\/newsinfoco.com.br\/inicio\/wp-json\/wp\/v2\/posts\/50381","targetHints":{"allow":["GET"]}}],"collection":[{"href":"https:\/\/newsinfoco.com.br\/inicio\/wp-json\/wp\/v2\/posts"}],"about":[{"href":"https:\/\/newsinfoco.com.br\/inicio\/wp-json\/wp\/v2\/types\/post"}],"author":[{"embeddable":true,"href":"https:\/\/newsinfoco.com.br\/inicio\/wp-json\/wp\/v2\/users\/1"}],"replies":[{"embeddable":true,"href":"https:\/\/newsinfoco.com.br\/inicio\/wp-json\/wp\/v2\/comments?post=50381"}],"version-history":[{"count":1,"href":"https:\/\/newsinfoco.com.br\/inicio\/wp-json\/wp\/v2\/posts\/50381\/revisions"}],"predecessor-version":[{"id":50383,"href":"https:\/\/newsinfoco.com.br\/inicio\/wp-json\/wp\/v2\/posts\/50381\/revisions\/50383"}],"wp:featuredmedia":[{"embeddable":true,"href":"https:\/\/newsinfoco.com.br\/inicio\/wp-json\/wp\/v2\/media\/50382"}],"wp:attachment":[{"href":"https:\/\/newsinfoco.com.br\/inicio\/wp-json\/wp\/v2\/media?parent=50381"}],"wp:term":[{"taxonomy":"category","embeddable":true,"href":"https:\/\/newsinfoco.com.br\/inicio\/wp-json\/wp\/v2\/categories?post=50381"},{"taxonomy":"post_tag","embeddable":true,"href":"https:\/\/newsinfoco.com.br\/inicio\/wp-json\/wp\/v2\/tags?post=50381"}],"curies":[{"name":"wp","href":"https:\/\/api.w.org\/{rel}","templated":true}]}}