{"id":50384,"date":"2026-04-29T12:45:59","date_gmt":"2026-04-29T15:45:59","guid":{"rendered":"https:\/\/newsinfoco.com.br\/inicio\/?p=50384"},"modified":"2026-04-29T12:45:59","modified_gmt":"2026-04-29T15:45:59","slug":"cerest-promove-abril-verde-na-caravana-dos-direitos-humanos-em-alagoinhas","status":"publish","type":"post","link":"https:\/\/newsinfoco.com.br\/inicio\/cerest-promove-abril-verde-na-caravana-dos-direitos-humanos-em-alagoinhas\/","title":{"rendered":"Cerest promove Abril Verde na Caravana dos Direitos Humanos em Alagoinhas"},"content":{"rendered":"<p>Dentro da programa\u00e7\u00e3o da Caravana dos Direitos Humanos, realizada nesta ter\u00e7a-feira, 28, no Est\u00e1dio Carneir\u00e3o, em Alagoinhas, o Centro de Refer\u00eancia em Sa\u00fade do Trabalhador (Cerest) desenvolveu mais uma a\u00e7\u00e3o em alus\u00e3o ao Abril Verde, m\u00eas dedicado \u00e0 conscientiza\u00e7\u00e3o sobre sa\u00fade e seguran\u00e7a no trabalho.<\/p>\n<p>A iniciativa reuniu trabalhadores, profissionais de sa\u00fade e a popula\u00e7\u00e3o em geral com o objetivo de ampliar o acesso \u00e0 informa\u00e7\u00e3o e refor\u00e7ar a import\u00e2ncia da preven\u00e7\u00e3o de acidentes e doen\u00e7as ocupacionais. Durante a atividade, a equipe do Cerest promoveu orienta\u00e7\u00f5es, esclareceu d\u00favidas e dialogou diretamente com os participantes sobre pr\u00e1ticas seguras no ambiente de trabalho.<\/p><div class=\"newsi-conteudo_19\" id=\"newsi-4030148898\"><a href=\"https:\/\/www.instagram.com\/prefeituraalagoinhas?igsh=YzgzdDJ1bWR3aWI4\" aria-label=\"SAVE_20251006_221555\"><img loading=\"lazy\" decoding=\"async\" src=\"https:\/\/newsinfoco.com.br\/inicio\/wp-content\/uploads\/2025\/10\/SAVE_20251006_221555-rotated.jpg\" alt=\"\"  srcset=\"https:\/\/newsinfoco.com.br\/inicio\/wp-content\/uploads\/2025\/10\/SAVE_20251006_221555-rotated.jpg 1140w, https:\/\/newsinfoco.com.br\/inicio\/wp-content\/uploads\/2025\/10\/SAVE_20251006_221555-300x52.jpg 300w, https:\/\/newsinfoco.com.br\/inicio\/wp-content\/uploads\/2025\/10\/SAVE_20251006_221555-1024x177.jpg 1024w, https:\/\/newsinfoco.com.br\/inicio\/wp-content\/uploads\/2025\/10\/SAVE_20251006_221555-768x133.jpg 768w, https:\/\/newsinfoco.com.br\/inicio\/wp-content\/uploads\/2025\/10\/SAVE_20251006_221555-600x104.jpg 600w, https:\/\/newsinfoco.com.br\/inicio\/wp-content\/uploads\/2025\/10\/SAVE_20251006_221555-696x120.jpg 696w, https:\/\/newsinfoco.com.br\/inicio\/wp-content\/uploads\/2025\/10\/SAVE_20251006_221555-1068x185.jpg 1068w\" sizes=\"(max-width: 1140px) 100vw, 1140px\" width=\"1140\" height=\"197\"   \/><\/a><\/div>\n<p>Segundo a gerente Cristiane Correia, foram promovidas inspe\u00e7\u00f5es, a\u00e7\u00f5es de educa\u00e7\u00e3o permanente e atividades de educa\u00e7\u00e3o em sa\u00fade, voltadas tanto para trabalhadores formais quanto informais.\u00a0\u201cNosso objetivo \u00e9 ampliar o conhecimento da popula\u00e7\u00e3o trabalhadora, combater a subnotifica\u00e7\u00e3o e reduzir os riscos \u00e0 sa\u00fade. Ainda percebemos que muitos trabalhadores se acidentam ou adoecem em decorr\u00eancia do seu processo de trabalho, e a informa\u00e7\u00e3o \u00e9 essencial para mudar essa realidade\u201d, destaca.<\/p>\n<p>O Cerest tamb\u00e9m realizou, no dia 27 de abril, uma roda de conversa no Centro de Cirurgias Eletivas, voltada aos servidores da unidade. O encontro proporcionou um espa\u00e7o de escuta, troca de experi\u00eancias e orienta\u00e7\u00f5es sobre pr\u00e1ticas seguras no cotidiano profissional.<\/p>\n<p>As a\u00e7\u00f5es do Abril Verde em Alagoinhas buscaram alcan\u00e7ar um p\u00fablico amplo, incluindo trabalhadores informais e microempreendedores individuais (MEIs), que representam grande parte dos atendimentos realizados pelo servi\u00e7o. O Cerest funciona de segunda \u00e0 sexta, das 7h \u00e1s 13h e das 14h \u00e0s 17h, na rua treze de junho, n\u00ba 351, centro- Alagoinhas<\/p>\n<p>&nbsp;<\/p>\n<div class='share-to-whatsapp-wrapper'><div class='share-on-whsp'>Share on: <\/div><a data-text='Cerest promove Abril Verde na Caravana dos Direitos Humanos em Alagoinhas' data-link='https:\/\/newsinfoco.com.br\/inicio\/cerest-promove-abril-verde-na-caravana-dos-direitos-humanos-em-alagoinhas\/' class='whatsapp-button whatsapp-share'>WhatsApp<\/a><div class='clear '><\/div><\/div>","protected":false},"excerpt":{"rendered":"<p>Dentro da programa\u00e7\u00e3o da Caravana dos Direitos Humanos, realizada nesta ter\u00e7a-feira, 28, no Est\u00e1dio Carneir\u00e3o, em Alagoinhas, o Centro de Refer\u00eancia em Sa\u00fade do Trabalhador (Cerest) desenvolveu mais uma a\u00e7\u00e3o em alus\u00e3o ao Abril Verde, m\u00eas dedicado \u00e0 conscientiza\u00e7\u00e3o sobre sa\u00fade e seguran\u00e7a no trabalho. A iniciativa reuniu trabalhadores, profissionais de sa\u00fade e a popula\u00e7\u00e3o [&hellip;]<\/p>\n","protected":false},"author":1,"featured_media":50385,"comment_status":"closed","ping_status":"closed","sticky":false,"template":"","format":"standard","meta":{"om_disable_all_campaigns":false,"_exactmetrics_skip_tracking":false,"_exactmetrics_sitenote_active":false,"_exactmetrics_sitenote_note":"","_exactmetrics_sitenote_category":0,"footnotes":""},"categories":[38,167],"tags":[],"class_list":["post-50384","post","type-post","status-publish","format-standard","has-post-thumbnail","hentry","category-alagoinhas-e-regiao","category-exclusivas"],"aioseo_notices":[],"_links":{"self":[{"href":"https:\/\/newsinfoco.com.br\/inicio\/wp-json\/wp\/v2\/posts\/50384","targetHints":{"allow":["GET"]}}],"collection":[{"href":"https:\/\/newsinfoco.com.br\/inicio\/wp-json\/wp\/v2\/posts"}],"about":[{"href":"https:\/\/newsinfoco.com.br\/inicio\/wp-json\/wp\/v2\/types\/post"}],"author":[{"embeddable":true,"href":"https:\/\/newsinfoco.com.br\/inicio\/wp-json\/wp\/v2\/users\/1"}],"replies":[{"embeddable":true,"href":"https:\/\/newsinfoco.com.br\/inicio\/wp-json\/wp\/v2\/comments?post=50384"}],"version-history":[{"count":1,"href":"https:\/\/newsinfoco.com.br\/inicio\/wp-json\/wp\/v2\/posts\/50384\/revisions"}],"predecessor-version":[{"id":50386,"href":"https:\/\/newsinfoco.com.br\/inicio\/wp-json\/wp\/v2\/posts\/50384\/revisions\/50386"}],"wp:featuredmedia":[{"embeddable":true,"href":"https:\/\/newsinfoco.com.br\/inicio\/wp-json\/wp\/v2\/media\/50385"}],"wp:attachment":[{"href":"https:\/\/newsinfoco.com.br\/inicio\/wp-json\/wp\/v2\/media?parent=50384"}],"wp:term":[{"taxonomy":"category","embeddable":true,"href":"https:\/\/newsinfoco.com.br\/inicio\/wp-json\/wp\/v2\/categories?post=50384"},{"taxonomy":"post_tag","embeddable":true,"href":"https:\/\/newsinfoco.com.br\/inicio\/wp-json\/wp\/v2\/tags?post=50384"}],"curies":[{"name":"wp","href":"https:\/\/api.w.org\/{rel}","templated":true}]}}