{"id":50387,"date":"2026-04-29T12:49:30","date_gmt":"2026-04-29T15:49:30","guid":{"rendered":"https:\/\/newsinfoco.com.br\/inicio\/?p=50387"},"modified":"2026-04-29T12:49:30","modified_gmt":"2026-04-29T15:49:30","slug":"menino-de-ouro-yan-melo-conquista-bicampeonato-brasileiro-de-karate-em-belem-pa","status":"publish","type":"post","link":"https:\/\/newsinfoco.com.br\/inicio\/menino-de-ouro-yan-melo-conquista-bicampeonato-brasileiro-de-karate-em-belem-pa\/","title":{"rendered":"Menino de ouro: Yan Melo conquista bicampeonato brasileiro de karat\u00ea em Bel\u00e9m (PA)"},"content":{"rendered":"<p>O jovem atleta alagoinhense Yan Melo alcan\u00e7ou um feito de destaque no cen\u00e1rio nacional ao se consagrar bicampe\u00e3o brasileiro de karat\u00ea pela JKA (Associa\u00e7\u00e3o Japonesa de Karat\u00ea), durante o XXVI Campeonato Brasileiro JKA, realizado no \u00faltimo dia 25 de abril, em Bel\u00e9m, no Par\u00e1. A competi\u00e7\u00e3o integrou a programa\u00e7\u00e3o do Curso Internacional de Karat\u00ea-Do JKA 2026, que aconteceu entre os dias 22 e 26 de abril, nas depend\u00eancias do Est\u00e1dio do Mangueir\u00e3o.<\/p>\n<p>O evento reuniu atletas de todo o Brasil, al\u00e9m de grandes nomes nacionais e internacionais da modalidade, como Yoshizo Machida, instrutor-chefe da JKA Brasil; Tatsuya Naka, do Jap\u00e3o; e Chinzo Machida, dos Estados Unidos.<\/p><div class=\"newsi-conteudo_19\" id=\"newsi-4018210957\"><a href=\"https:\/\/www.instagram.com\/prefeituraalagoinhas?igsh=YzgzdDJ1bWR3aWI4\" aria-label=\"SAVE_20251006_221555\"><img loading=\"lazy\" decoding=\"async\" src=\"https:\/\/newsinfoco.com.br\/inicio\/wp-content\/uploads\/2025\/10\/SAVE_20251006_221555-rotated.jpg\" alt=\"\"  srcset=\"https:\/\/newsinfoco.com.br\/inicio\/wp-content\/uploads\/2025\/10\/SAVE_20251006_221555-rotated.jpg 1140w, https:\/\/newsinfoco.com.br\/inicio\/wp-content\/uploads\/2025\/10\/SAVE_20251006_221555-300x52.jpg 300w, https:\/\/newsinfoco.com.br\/inicio\/wp-content\/uploads\/2025\/10\/SAVE_20251006_221555-1024x177.jpg 1024w, https:\/\/newsinfoco.com.br\/inicio\/wp-content\/uploads\/2025\/10\/SAVE_20251006_221555-768x133.jpg 768w, https:\/\/newsinfoco.com.br\/inicio\/wp-content\/uploads\/2025\/10\/SAVE_20251006_221555-600x104.jpg 600w, https:\/\/newsinfoco.com.br\/inicio\/wp-content\/uploads\/2025\/10\/SAVE_20251006_221555-696x120.jpg 696w, https:\/\/newsinfoco.com.br\/inicio\/wp-content\/uploads\/2025\/10\/SAVE_20251006_221555-1068x185.jpg 1068w\" sizes=\"(max-width: 1140px) 100vw, 1140px\" width=\"1140\" height=\"197\"   \/><\/a><\/div>\n<p>Mesmo tendo apenas 16 anos, Yan competiu em uma categoria acima da sua idade. Segundo ele, o desafio n\u00e3o o impediu de se destacar. \u201cPor conta da minha data de nascimento, precisei competir na categoria 17\/18 anos, o que tornou o desafio ainda maior. Disputei as modalidades de kata e kumite, enfrentando atletas do Par\u00e1, Mato Grosso e tamb\u00e9m da Bahia. Consegui me destacar no kata, conquistando o primeiro lugar. No kumite, fiz uma boa luta, soube administrar bem os combates, mas n\u00e3o alcancei o resultado que esperava. Ainda assim, foi uma disputa importante e bastante equilibrada\u201d, relatou.<\/p>\n<p>A conquista \u00e9 fruto de meses de prepara\u00e7\u00e3o intensa. Yan revelou que dedicou cerca de sete a oito meses de treinamento a um novo kata, sob orienta\u00e7\u00e3o do professor Luiz Eduardo, conhecido como Duda, al\u00e9m do acompanhamento do professor Norbis, daqui de Alagoinhas, e da personal Andr\u00e9a Andrade.<\/p>\n<p>Yan Melo \u00e9 benefici\u00e1rio do Programa Bolsa Atleta da Prefeitura de Alagoinhas e faz parte do grupo de atletas apoiados pelo munic\u00edpio, atrav\u00e9s da Secretaria de Cultura, Esporte e Turismo (Secet).<\/p>\n<p>&nbsp;<\/p>\n<div class='share-to-whatsapp-wrapper'><div class='share-on-whsp'>Share on: <\/div><a data-text='Menino de ouro: Yan Melo conquista bicampeonato brasileiro de karat\u00ea em Bel\u00e9m (PA)' data-link='https:\/\/newsinfoco.com.br\/inicio\/menino-de-ouro-yan-melo-conquista-bicampeonato-brasileiro-de-karate-em-belem-pa\/' class='whatsapp-button whatsapp-share'>WhatsApp<\/a><div class='clear '><\/div><\/div>","protected":false},"excerpt":{"rendered":"<p>O jovem atleta alagoinhense Yan Melo alcan\u00e7ou um feito de destaque no cen\u00e1rio nacional ao se consagrar bicampe\u00e3o brasileiro de karat\u00ea pela JKA (Associa\u00e7\u00e3o Japonesa de Karat\u00ea), durante o XXVI Campeonato Brasileiro JKA, realizado no \u00faltimo dia 25 de abril, em Bel\u00e9m, no Par\u00e1. A competi\u00e7\u00e3o integrou a programa\u00e7\u00e3o do Curso Internacional de Karat\u00ea-Do JKA [&hellip;]<\/p>\n","protected":false},"author":1,"featured_media":50388,"comment_status":"closed","ping_status":"closed","sticky":false,"template":"","format":"standard","meta":{"om_disable_all_campaigns":false,"_exactmetrics_skip_tracking":false,"_exactmetrics_sitenote_active":false,"_exactmetrics_sitenote_note":"","_exactmetrics_sitenote_category":0,"footnotes":""},"categories":[38,167],"tags":[],"class_list":["post-50387","post","type-post","status-publish","format-standard","has-post-thumbnail","hentry","category-alagoinhas-e-regiao","category-exclusivas"],"aioseo_notices":[],"_links":{"self":[{"href":"https:\/\/newsinfoco.com.br\/inicio\/wp-json\/wp\/v2\/posts\/50387","targetHints":{"allow":["GET"]}}],"collection":[{"href":"https:\/\/newsinfoco.com.br\/inicio\/wp-json\/wp\/v2\/posts"}],"about":[{"href":"https:\/\/newsinfoco.com.br\/inicio\/wp-json\/wp\/v2\/types\/post"}],"author":[{"embeddable":true,"href":"https:\/\/newsinfoco.com.br\/inicio\/wp-json\/wp\/v2\/users\/1"}],"replies":[{"embeddable":true,"href":"https:\/\/newsinfoco.com.br\/inicio\/wp-json\/wp\/v2\/comments?post=50387"}],"version-history":[{"count":1,"href":"https:\/\/newsinfoco.com.br\/inicio\/wp-json\/wp\/v2\/posts\/50387\/revisions"}],"predecessor-version":[{"id":50389,"href":"https:\/\/newsinfoco.com.br\/inicio\/wp-json\/wp\/v2\/posts\/50387\/revisions\/50389"}],"wp:featuredmedia":[{"embeddable":true,"href":"https:\/\/newsinfoco.com.br\/inicio\/wp-json\/wp\/v2\/media\/50388"}],"wp:attachment":[{"href":"https:\/\/newsinfoco.com.br\/inicio\/wp-json\/wp\/v2\/media?parent=50387"}],"wp:term":[{"taxonomy":"category","embeddable":true,"href":"https:\/\/newsinfoco.com.br\/inicio\/wp-json\/wp\/v2\/categories?post=50387"},{"taxonomy":"post_tag","embeddable":true,"href":"https:\/\/newsinfoco.com.br\/inicio\/wp-json\/wp\/v2\/tags?post=50387"}],"curies":[{"name":"wp","href":"https:\/\/api.w.org\/{rel}","templated":true}]}}