{"id":50390,"date":"2026-04-29T12:55:44","date_gmt":"2026-04-29T15:55:44","guid":{"rendered":"https:\/\/newsinfoco.com.br\/inicio\/?p=50390"},"modified":"2026-04-29T12:55:44","modified_gmt":"2026-04-29T15:55:44","slug":"caravana-dos-direitos-humanos-deve-atender-a-3-500-pessoas-em-alagoinhas","status":"publish","type":"post","link":"https:\/\/newsinfoco.com.br\/inicio\/caravana-dos-direitos-humanos-deve-atender-a-3-500-pessoas-em-alagoinhas\/","title":{"rendered":"Caravana dos Direitos Humanos deve atender a 3.500 pessoas em Alagoinhas"},"content":{"rendered":"<p>Desde ontem, 27 de abril, o Est\u00e1dio Carneir\u00e3o, em AlagoCaravana dos Direitos Humanos deve atender a 3.500 pessoas em Alagoinhasinhas, se tornou um verdadeiro ponto de servi\u00e7os de cidadania e acolhimento ao cidad\u00e3o. \u00c9 a Caravana dos Direitos Humanos, que vai funcionar no local at\u00e9 amanh\u00e3, 29, com a expectativa de realizar 3.500 atendimentos, reunindo servi\u00e7os essenciais em um s\u00f3 lugar e facilitando o acesso da popula\u00e7\u00e3o, especialmente a mais vulner\u00e1vel, a direitos b\u00e1sicos. Nesta ter\u00e7a, 28, o projeto, realizado pela Secretaria de Justi\u00e7a e Direitos Humanos do Estado da Bahia, recebeu as visitas do chefe de gabinete da Secretaria de Justi\u00e7a e Direitos Humanos do Estado da Bahia, Raimundo Jos\u00e9 Pedreira do Nascimento, e da superintendente de Justi\u00e7a da Bahia, Tr\u00edcia Calmon, que foram recebidos pelo prefeito Gustavo Carmo e pela secret\u00e1ria de Desenvolvimento Social, Lianne Carmo, e por representantes de institui\u00e7\u00f5es parceiras.<\/p>\n<p>Reformulada em 2023, a Caravana percorre diversos territ\u00f3rios baianos com uma proposta que vai al\u00e9m de oferecer atendimentos pontuais. Por meio dela, s\u00e3o realizados cursos, oficinas e momentos de forma\u00e7\u00e3o voltados \u00e0 tem\u00e1tica dos direitos humanos, contribuindo para a qualifica\u00e7\u00e3o de gestores, conselhos municipais e da pr\u00f3pria comunidade.<\/p><div class=\"newsi-conteudo_19\" id=\"newsi-4040687141\"><a href=\"https:\/\/www.instagram.com\/prefeituraalagoinhas?igsh=YzgzdDJ1bWR3aWI4\" aria-label=\"SAVE_20251006_221555\"><img loading=\"lazy\" decoding=\"async\" src=\"https:\/\/newsinfoco.com.br\/inicio\/wp-content\/uploads\/2025\/10\/SAVE_20251006_221555-rotated.jpg\" alt=\"\"  srcset=\"https:\/\/newsinfoco.com.br\/inicio\/wp-content\/uploads\/2025\/10\/SAVE_20251006_221555-rotated.jpg 1140w, https:\/\/newsinfoco.com.br\/inicio\/wp-content\/uploads\/2025\/10\/SAVE_20251006_221555-300x52.jpg 300w, https:\/\/newsinfoco.com.br\/inicio\/wp-content\/uploads\/2025\/10\/SAVE_20251006_221555-1024x177.jpg 1024w, https:\/\/newsinfoco.com.br\/inicio\/wp-content\/uploads\/2025\/10\/SAVE_20251006_221555-768x133.jpg 768w, https:\/\/newsinfoco.com.br\/inicio\/wp-content\/uploads\/2025\/10\/SAVE_20251006_221555-600x104.jpg 600w, https:\/\/newsinfoco.com.br\/inicio\/wp-content\/uploads\/2025\/10\/SAVE_20251006_221555-696x120.jpg 696w, https:\/\/newsinfoco.com.br\/inicio\/wp-content\/uploads\/2025\/10\/SAVE_20251006_221555-1068x185.jpg 1068w\" sizes=\"(max-width: 1140px) 100vw, 1140px\" width=\"1140\" height=\"197\"   \/><\/a><\/div>\n<p>\u201cHoje, cerca de 20 \u00f3rg\u00e3os atuam de forma integrada, garantindo servi\u00e7os como emiss\u00e3o de documentos b\u00e1sicos, orienta\u00e7\u00f5es jur\u00eddicas, acesso \u00e0 justi\u00e7a, renegocia\u00e7\u00e3o de d\u00edvidas por meio do Procon, al\u00e9m de atendimentos voltados a p\u00fablicos espec\u00edficos, como pessoas com defici\u00eancia, popula\u00e7\u00e3o LGBT, comunidades quilombolas e fam\u00edlias em situa\u00e7\u00e3o de vulnerabilidade\u201d, pontua Tr\u00edcia Calmon.<\/p>\n<p>Mais do que n\u00fameros, a Caravana carrega hist\u00f3rias que evidenciam sua import\u00e2ncia. Um dos relatos que marcam a a\u00e7\u00e3o \u00e9 o de uma idosa, com quase 80 anos, que nunca havia tido certid\u00e3o de nascimento. Moradora da zona rural, ela viveu d\u00e9cadas sem acesso pleno a direitos b\u00e1sicos. \u201cA partir da Caravana, esse cen\u00e1rio come\u00e7a a mudar. Em outros casos, pessoas que perderam documentos e n\u00e3o conseguiam regularizar a situa\u00e7\u00e3o encontram aqui a solu\u00e7\u00e3o, inclusive com articula\u00e7\u00e3o entre cart\u00f3rios de diferentes estados\u201d, explica Raimundo Nascimento<\/p>\n<p>Segundo ele, a iniciativa \u00e9 fundamental para garantir o acesso a direitos. \u201cA aus\u00eancia de documentos impede que muitas pessoas acessem pol\u00edticas p\u00fablicas. A Caravana aproxima o Estado de quem mais precisa e garante cidadania\u201d, afirma.<\/p>\n<p>A praticidade chama a aten\u00e7\u00e3o de quem busca atendimento. A moradora Manuela Reda Silva, 33 anos, aproveitou a oportunidade para emitir documentos e atualizar o Cadastro \u00danico. \u201cAqui \u00e9 mais r\u00e1pido, a gente resolve tudo de uma vez\u201d, diz.<\/p>\n<p>A Caravana permitiu que a artes\u00e3 Maria Lu\u00edsa da Anuncia\u00e7\u00e3o Silva, 55 anos, m\u00e3e de uma crian\u00e7a com autismo, resolvesse algumas pend\u00eancias. \u201cTenho v\u00e1rias demandas, tanto minhas quanto do meu filho, e aqui consigo resolver tudo sem custo. Isso faz muita diferen\u00e7a para a gente\u201d, relata.<\/p>\n<p>\u201cAo longo dos tr\u00eas dias, Alagoinhas se torna palco de uma mobiliza\u00e7\u00e3o que vai al\u00e9m dos servi\u00e7os ofertados. A Caravana deixa como legado o fortalecimento de parcerias, a escuta das demandas locais e a constru\u00e7\u00e3o de caminhos mais inclusivos para a popula\u00e7\u00e3o\u201d, destaca Gustavo Carmo.<\/p>\n<p>A secret\u00e1ria de Desenvolvimento Social, Lianne Carmo, ressalta que \u201co compromisso da gest\u00e3o municipal \u00e9 garantir que essas pol\u00edticas cheguem, de fato, a quem mais precisa\u201d. Segundo ela, o volume de pessoas sedo atendidas \u201cmostra a for\u00e7a da parceria do munic\u00edpio com o Governo do Estado e o quanto a\u00e7\u00f5es como essa fazem diferen\u00e7a na vida das fam\u00edlias, promovendo dignidade, inclus\u00e3o e cidadania\u201d.<\/p>\n<p>&nbsp;<\/p>\n<div class='share-to-whatsapp-wrapper'><div class='share-on-whsp'>Share on: <\/div><a data-text='Caravana dos Direitos Humanos deve atender a 3.500 pessoas em Alagoinhas' data-link='https:\/\/newsinfoco.com.br\/inicio\/caravana-dos-direitos-humanos-deve-atender-a-3-500-pessoas-em-alagoinhas\/' class='whatsapp-button whatsapp-share'>WhatsApp<\/a><div class='clear '><\/div><\/div>","protected":false},"excerpt":{"rendered":"<p>Desde ontem, 27 de abril, o Est\u00e1dio Carneir\u00e3o, em AlagoCaravana dos Direitos Humanos deve atender a 3.500 pessoas em Alagoinhasinhas, se tornou um verdadeiro ponto de servi\u00e7os de cidadania e acolhimento ao cidad\u00e3o. \u00c9 a Caravana dos Direitos Humanos, que vai funcionar no local at\u00e9 amanh\u00e3, 29, com a expectativa de realizar 3.500 atendimentos, reunindo [&hellip;]<\/p>\n","protected":false},"author":1,"featured_media":50391,"comment_status":"closed","ping_status":"closed","sticky":false,"template":"","format":"standard","meta":{"om_disable_all_campaigns":false,"_exactmetrics_skip_tracking":false,"_exactmetrics_sitenote_active":false,"_exactmetrics_sitenote_note":"","_exactmetrics_sitenote_category":0,"footnotes":""},"categories":[38,167],"tags":[],"class_list":["post-50390","post","type-post","status-publish","format-standard","has-post-thumbnail","hentry","category-alagoinhas-e-regiao","category-exclusivas"],"aioseo_notices":[],"_links":{"self":[{"href":"https:\/\/newsinfoco.com.br\/inicio\/wp-json\/wp\/v2\/posts\/50390","targetHints":{"allow":["GET"]}}],"collection":[{"href":"https:\/\/newsinfoco.com.br\/inicio\/wp-json\/wp\/v2\/posts"}],"about":[{"href":"https:\/\/newsinfoco.com.br\/inicio\/wp-json\/wp\/v2\/types\/post"}],"author":[{"embeddable":true,"href":"https:\/\/newsinfoco.com.br\/inicio\/wp-json\/wp\/v2\/users\/1"}],"replies":[{"embeddable":true,"href":"https:\/\/newsinfoco.com.br\/inicio\/wp-json\/wp\/v2\/comments?post=50390"}],"version-history":[{"count":1,"href":"https:\/\/newsinfoco.com.br\/inicio\/wp-json\/wp\/v2\/posts\/50390\/revisions"}],"predecessor-version":[{"id":50392,"href":"https:\/\/newsinfoco.com.br\/inicio\/wp-json\/wp\/v2\/posts\/50390\/revisions\/50392"}],"wp:featuredmedia":[{"embeddable":true,"href":"https:\/\/newsinfoco.com.br\/inicio\/wp-json\/wp\/v2\/media\/50391"}],"wp:attachment":[{"href":"https:\/\/newsinfoco.com.br\/inicio\/wp-json\/wp\/v2\/media?parent=50390"}],"wp:term":[{"taxonomy":"category","embeddable":true,"href":"https:\/\/newsinfoco.com.br\/inicio\/wp-json\/wp\/v2\/categories?post=50390"},{"taxonomy":"post_tag","embeddable":true,"href":"https:\/\/newsinfoco.com.br\/inicio\/wp-json\/wp\/v2\/tags?post=50390"}],"curies":[{"name":"wp","href":"https:\/\/api.w.org\/{rel}","templated":true}]}}