{"id":50397,"date":"2026-04-29T13:56:16","date_gmt":"2026-04-29T16:56:16","guid":{"rendered":"https:\/\/newsinfoco.com.br\/inicio\/?p=50397"},"modified":"2026-04-29T13:56:16","modified_gmt":"2026-04-29T16:56:16","slug":"quaest-eleitorado-ve-violencia-e-saude-como-os-maiores-problemas-da-bahia","status":"publish","type":"post","link":"https:\/\/newsinfoco.com.br\/inicio\/quaest-eleitorado-ve-violencia-e-saude-como-os-maiores-problemas-da-bahia\/","title":{"rendered":"Quaest: Eleitorado v\u00ea viol\u00eancia e sa\u00fade como os maiores problemas da Bahia"},"content":{"rendered":"<div class=\"conteudo_post\">\n<p>A pesquisa Quaest divulgada nesta quarta-feira (29) mostra que os eleitores apontam os eleitores baianos apontam a viol\u00eancia e sa\u00fade como os maiores problemas do Estado.<\/p>\n<p>De acordo com o levantamento, a viol\u00eancia \u00e9 apontada como principal problema da Bahia para 36% dos entrevistados. Em seguida aparecem a sa\u00fade, com 26%, e o desemprego, com 9%. Os que n\u00e3o sabem ou n\u00e3o responderam s\u00e3o 8%.<\/p><div class=\"newsi-conteudo_19\" id=\"newsi-3190176827\"><a href=\"https:\/\/www.instagram.com\/prefeituraalagoinhas?igsh=YzgzdDJ1bWR3aWI4\" aria-label=\"SAVE_20251006_221555\"><img loading=\"lazy\" decoding=\"async\" src=\"https:\/\/newsinfoco.com.br\/inicio\/wp-content\/uploads\/2025\/10\/SAVE_20251006_221555-rotated.jpg\" alt=\"\"  srcset=\"https:\/\/newsinfoco.com.br\/inicio\/wp-content\/uploads\/2025\/10\/SAVE_20251006_221555-rotated.jpg 1140w, https:\/\/newsinfoco.com.br\/inicio\/wp-content\/uploads\/2025\/10\/SAVE_20251006_221555-300x52.jpg 300w, https:\/\/newsinfoco.com.br\/inicio\/wp-content\/uploads\/2025\/10\/SAVE_20251006_221555-1024x177.jpg 1024w, https:\/\/newsinfoco.com.br\/inicio\/wp-content\/uploads\/2025\/10\/SAVE_20251006_221555-768x133.jpg 768w, https:\/\/newsinfoco.com.br\/inicio\/wp-content\/uploads\/2025\/10\/SAVE_20251006_221555-600x104.jpg 600w, https:\/\/newsinfoco.com.br\/inicio\/wp-content\/uploads\/2025\/10\/SAVE_20251006_221555-696x120.jpg 696w, https:\/\/newsinfoco.com.br\/inicio\/wp-content\/uploads\/2025\/10\/SAVE_20251006_221555-1068x185.jpg 1068w\" sizes=\"(max-width: 1140px) 100vw, 1140px\" width=\"1140\" height=\"197\"   \/><\/a><\/div>\n<figure id=\"attachment_532686\" class=\"wp-caption aligncenter\" aria-describedby=\"caption-attachment-532686\"><img loading=\"lazy\" decoding=\"async\" class=\"wp-image-532686 lazyloaded\" src=\"https:\/\/d1x4bjge7r9nas.cloudfront.net\/wp-content\/uploads\/2026\/04\/29093129\/WhatsApp-Image-2026-04-29-at-09.30.50-e1777465906166-1024x598.jpeg\" sizes=\"auto, (max-width: 599px) 100vw, 599px\" srcset=\"https:\/\/d1x4bjge7r9nas.cloudfront.net\/wp-content\/uploads\/2026\/04\/29093129\/WhatsApp-Image-2026-04-29-at-09.30.50-e1777465906166-1024x598.jpeg 1024w, https:\/\/d1x4bjge7r9nas.cloudfront.net\/wp-content\/uploads\/2026\/04\/29093129\/WhatsApp-Image-2026-04-29-at-09.30.50-e1777465906166-300x175.jpeg 300w, https:\/\/d1x4bjge7r9nas.cloudfront.net\/wp-content\/uploads\/2026\/04\/29093129\/WhatsApp-Image-2026-04-29-at-09.30.50-e1777465906166-768x448.jpeg 768w, https:\/\/d1x4bjge7r9nas.cloudfront.net\/wp-content\/uploads\/2026\/04\/29093129\/WhatsApp-Image-2026-04-29-at-09.30.50-e1777465906166.jpeg 1112w\" alt=\"\" width=\"599\" height=\"350\" data-src=\"https:\/\/d1x4bjge7r9nas.cloudfront.net\/wp-content\/uploads\/2026\/04\/29093129\/WhatsApp-Image-2026-04-29-at-09.30.50-e1777465906166-1024x598.jpeg\" data-srcset=\"https:\/\/d1x4bjge7r9nas.cloudfront.net\/wp-content\/uploads\/2026\/04\/29093129\/WhatsApp-Image-2026-04-29-at-09.30.50-e1777465906166-1024x598.jpeg 1024w, https:\/\/d1x4bjge7r9nas.cloudfront.net\/wp-content\/uploads\/2026\/04\/29093129\/WhatsApp-Image-2026-04-29-at-09.30.50-e1777465906166-300x175.jpeg 300w, https:\/\/d1x4bjge7r9nas.cloudfront.net\/wp-content\/uploads\/2026\/04\/29093129\/WhatsApp-Image-2026-04-29-at-09.30.50-e1777465906166-768x448.jpeg 768w, https:\/\/d1x4bjge7r9nas.cloudfront.net\/wp-content\/uploads\/2026\/04\/29093129\/WhatsApp-Image-2026-04-29-at-09.30.50-e1777465906166.jpeg 1112w\" data-sizes=\"(max-width: 599px) 100vw, 599px\" \/><figcaption id=\"caption-attachment-532686\" class=\"wp-caption-text\">Foto: Divulga\u00e7\u00e3o\/ Quaest<\/figcaption><\/figure>\n<p>A pesquisa mostra ainda que a viol\u00eancia \u00e9 o principal problema da Bahia entre o eleitorado de direita n\u00e3o bolsonarista, com\u00a0 51%; seguida pela esquerda n\u00e3o lulista, com 38%; os eleitores independentes e bolsonaristas, 37% cada; e os eleitores lulistas, 31%.<\/p>\n<div>\n<div>\n<div class=\"trv-player-container\">\n<div class=\"trv-wrapper\">\n<div id=\"br_video_player_dc3700efd7abfbfd055fe967007e3f9dc3c659f9\" class=\"trvd_video_player trvdfloater trv-right\">\n<div class=\"media-player\">\n<div class=\"trv-video\">\n<div id=\"truvid_ima_container53749\" class=\"truvid_ima_container\">\n<div>\n<div><\/div>\n<\/div>\n<\/div>\n<\/div>\n<\/div>\n<div id=\"br_video_player_dc3700efd7abfbfd055fe967007e3f9dc3c659f9_close\" class=\"trv-close-container\">J\u00e1 a sa\u00fade \u00e9 o principal problema da Bahia entre os eleitores dos eleitores lulistas e independentes, com 28% cada. Em seguida, aparece a esquerda lulista (25%), o eleitorado bolsonarista (24%) e a direita n\u00e3o bolsonarista (22%).<\/div>\n<\/div>\n<\/div>\n<\/div>\n<\/div>\n<\/div>\n<figure id=\"attachment_532688\" class=\"wp-caption aligncenter\" aria-describedby=\"caption-attachment-532688\"><img loading=\"lazy\" decoding=\"async\" class=\"wp-image-532688 lazyloaded\" src=\"https:\/\/d1x4bjge7r9nas.cloudfront.net\/wp-content\/uploads\/2026\/04\/29093355\/WhatsApp-Image-2026-04-29-at-09.33.20-e1777466137736-1024x604.jpeg\" sizes=\"auto, (max-width: 707px) 100vw, 707px\" srcset=\"https:\/\/d1x4bjge7r9nas.cloudfront.net\/wp-content\/uploads\/2026\/04\/29093355\/WhatsApp-Image-2026-04-29-at-09.33.20-e1777466137736-1024x604.jpeg 1024w, https:\/\/d1x4bjge7r9nas.cloudfront.net\/wp-content\/uploads\/2026\/04\/29093355\/WhatsApp-Image-2026-04-29-at-09.33.20-e1777466137736-300x177.jpeg 300w, https:\/\/d1x4bjge7r9nas.cloudfront.net\/wp-content\/uploads\/2026\/04\/29093355\/WhatsApp-Image-2026-04-29-at-09.33.20-e1777466137736-768x453.jpeg 768w, https:\/\/d1x4bjge7r9nas.cloudfront.net\/wp-content\/uploads\/2026\/04\/29093355\/WhatsApp-Image-2026-04-29-at-09.33.20-e1777466137736.jpeg 1110w\" alt=\"\" width=\"707\" height=\"417\" data-src=\"https:\/\/d1x4bjge7r9nas.cloudfront.net\/wp-content\/uploads\/2026\/04\/29093355\/WhatsApp-Image-2026-04-29-at-09.33.20-e1777466137736-1024x604.jpeg\" data-srcset=\"https:\/\/d1x4bjge7r9nas.cloudfront.net\/wp-content\/uploads\/2026\/04\/29093355\/WhatsApp-Image-2026-04-29-at-09.33.20-e1777466137736-1024x604.jpeg 1024w, https:\/\/d1x4bjge7r9nas.cloudfront.net\/wp-content\/uploads\/2026\/04\/29093355\/WhatsApp-Image-2026-04-29-at-09.33.20-e1777466137736-300x177.jpeg 300w, https:\/\/d1x4bjge7r9nas.cloudfront.net\/wp-content\/uploads\/2026\/04\/29093355\/WhatsApp-Image-2026-04-29-at-09.33.20-e1777466137736-768x453.jpeg 768w, https:\/\/d1x4bjge7r9nas.cloudfront.net\/wp-content\/uploads\/2026\/04\/29093355\/WhatsApp-Image-2026-04-29-at-09.33.20-e1777466137736.jpeg 1110w\" data-sizes=\"(max-width: 707px) 100vw, 707px\" \/><figcaption id=\"caption-attachment-532688\" class=\"wp-caption-text\">Foto: Divulga\u00e7\u00e3o\/ Quaest<\/figcaption><\/figure>\n<p>A Quaest entrevistou 1.200 pessoas, entre os dias 23 e 27 de abril de 2026. A margem de erro \u00e9 de 3 pontos percentuais, para mais ou para menos, com intervalo de confian\u00e7a de 95%. O levantamento foi registrado no Tribunal Superior Eleitoral sob o n\u00ba BA-03657\/2026.<\/p>\n<p>Bahia.Ba<\/p>\n<\/div>\n<div id=\"author-info\" class=\"ui items\">\n<div class=\"item\"><\/div>\n<\/div>\n<div class='share-to-whatsapp-wrapper'><div class='share-on-whsp'>Share on: <\/div><a data-text='Quaest: Eleitorado v\u00ea viol\u00eancia e sa\u00fade como os maiores problemas da Bahia' data-link='https:\/\/newsinfoco.com.br\/inicio\/quaest-eleitorado-ve-violencia-e-saude-como-os-maiores-problemas-da-bahia\/' class='whatsapp-button whatsapp-share'>WhatsApp<\/a><div class='clear '><\/div><\/div>","protected":false},"excerpt":{"rendered":"<p>A pesquisa Quaest divulgada nesta quarta-feira (29) mostra que os eleitores apontam os eleitores baianos apontam a viol\u00eancia e sa\u00fade como os maiores problemas do Estado. De acordo com o levantamento, a viol\u00eancia \u00e9 apontada como principal problema da Bahia para 36% dos entrevistados. Em seguida aparecem a sa\u00fade, com 26%, e o desemprego, com [&hellip;]<\/p>\n","protected":false},"author":1,"featured_media":50398,"comment_status":"closed","ping_status":"closed","sticky":false,"template":"","format":"standard","meta":{"om_disable_all_campaigns":false,"_exactmetrics_skip_tracking":false,"_exactmetrics_sitenote_active":false,"_exactmetrics_sitenote_note":"","_exactmetrics_sitenote_category":0,"footnotes":""},"categories":[19],"tags":[],"class_list":["post-50397","post","type-post","status-publish","format-standard","has-post-thumbnail","hentry","category-bahia"],"aioseo_notices":[],"_links":{"self":[{"href":"https:\/\/newsinfoco.com.br\/inicio\/wp-json\/wp\/v2\/posts\/50397","targetHints":{"allow":["GET"]}}],"collection":[{"href":"https:\/\/newsinfoco.com.br\/inicio\/wp-json\/wp\/v2\/posts"}],"about":[{"href":"https:\/\/newsinfoco.com.br\/inicio\/wp-json\/wp\/v2\/types\/post"}],"author":[{"embeddable":true,"href":"https:\/\/newsinfoco.com.br\/inicio\/wp-json\/wp\/v2\/users\/1"}],"replies":[{"embeddable":true,"href":"https:\/\/newsinfoco.com.br\/inicio\/wp-json\/wp\/v2\/comments?post=50397"}],"version-history":[{"count":1,"href":"https:\/\/newsinfoco.com.br\/inicio\/wp-json\/wp\/v2\/posts\/50397\/revisions"}],"predecessor-version":[{"id":50399,"href":"https:\/\/newsinfoco.com.br\/inicio\/wp-json\/wp\/v2\/posts\/50397\/revisions\/50399"}],"wp:featuredmedia":[{"embeddable":true,"href":"https:\/\/newsinfoco.com.br\/inicio\/wp-json\/wp\/v2\/media\/50398"}],"wp:attachment":[{"href":"https:\/\/newsinfoco.com.br\/inicio\/wp-json\/wp\/v2\/media?parent=50397"}],"wp:term":[{"taxonomy":"category","embeddable":true,"href":"https:\/\/newsinfoco.com.br\/inicio\/wp-json\/wp\/v2\/categories?post=50397"},{"taxonomy":"post_tag","embeddable":true,"href":"https:\/\/newsinfoco.com.br\/inicio\/wp-json\/wp\/v2\/tags?post=50397"}],"curies":[{"name":"wp","href":"https:\/\/api.w.org\/{rel}","templated":true}]}}