{"id":50400,"date":"2026-04-29T14:04:20","date_gmt":"2026-04-29T17:04:20","guid":{"rendered":"https:\/\/newsinfoco.com.br\/inicio\/?p=50400"},"modified":"2026-04-29T14:04:20","modified_gmt":"2026-04-29T17:04:20","slug":"quaest-rui-costa-e-jaques-wagner-lideram-disputa-para-o-senado-federal","status":"publish","type":"post","link":"https:\/\/newsinfoco.com.br\/inicio\/quaest-rui-costa-e-jaques-wagner-lideram-disputa-para-o-senado-federal\/","title":{"rendered":"Quaest: Rui Costa e Jaques Wagner lideram disputa para o Senado Federal"},"content":{"rendered":"<p><b>Rui Costa (PT)<\/b>\u00a0lidera a disputa pelo Senado Federal em 2026, de acordo com a pesquisa publicada na manh\u00e3 desta quarta-feira (29) pelo instituto Quaest. Com\u00a0<b>24%<\/b>\u00a0das inten\u00e7\u00f5es de voto, o ex-ministro da Casa Civil aparece como favorito para garantir a primeira vaga de senador pela Bahia.<\/p>\n<p>Depois de Rui, apareceu como o segundo favorito o senador<b>\u00a0Jaques Wagner (PT)<\/b>, com\u00a0<b>22%<\/b>.\u00a0O ex-ministro\u00a0<b>Jo\u00e3o Roma (PL)<\/b>\u00a0assumiu o terceiro lugar, com\u00a0<b>9%<\/b>\u00a0de inten\u00e7\u00e3o de votos dos baianos. J\u00e1 o senador\u00a0<b>Angelo Coronel (Republicanos)<\/b>\u00a0ficou em quarto lugar com\u00a0<b>6%<\/b>.<\/p><div class=\"newsi-conteudo_19\" id=\"newsi-2095918399\"><a href=\"https:\/\/www.instagram.com\/prefeituraalagoinhas?igsh=YzgzdDJ1bWR3aWI4\" aria-label=\"SAVE_20251006_221555\"><img loading=\"lazy\" decoding=\"async\" src=\"https:\/\/newsinfoco.com.br\/inicio\/wp-content\/uploads\/2025\/10\/SAVE_20251006_221555-rotated.jpg\" alt=\"\"  srcset=\"https:\/\/newsinfoco.com.br\/inicio\/wp-content\/uploads\/2025\/10\/SAVE_20251006_221555-rotated.jpg 1140w, https:\/\/newsinfoco.com.br\/inicio\/wp-content\/uploads\/2025\/10\/SAVE_20251006_221555-300x52.jpg 300w, https:\/\/newsinfoco.com.br\/inicio\/wp-content\/uploads\/2025\/10\/SAVE_20251006_221555-1024x177.jpg 1024w, https:\/\/newsinfoco.com.br\/inicio\/wp-content\/uploads\/2025\/10\/SAVE_20251006_221555-768x133.jpg 768w, https:\/\/newsinfoco.com.br\/inicio\/wp-content\/uploads\/2025\/10\/SAVE_20251006_221555-600x104.jpg 600w, https:\/\/newsinfoco.com.br\/inicio\/wp-content\/uploads\/2025\/10\/SAVE_20251006_221555-696x120.jpg 696w, https:\/\/newsinfoco.com.br\/inicio\/wp-content\/uploads\/2025\/10\/SAVE_20251006_221555-1068x185.jpg 1068w\" sizes=\"(max-width: 1140px) 100vw, 1140px\" width=\"1140\" height=\"197\"   \/><\/a><\/div>\n<p>Wagner e Coronel lutam para renovar seus mandatos por mais oito anos, enfrentando Roma pela segunda vaga, que despontou \u00e0 frente de Coronel.<\/p>\n<p><b>Delliana Ricelli (PSOL)<\/b>\u00a0e\u00a0<b>Marcelo Santtana (DC)<\/b>\u00a0ficam bem atr\u00e1s dos quatro primeiros, com\u00a0<b>1%<\/b>\u00a0e\u00a0<b>0%<\/b>, respectivamente. Os que responderam que pretendem votar nulo ou em branco somam 22%, enquanto 16% se mostraram indecisos.<\/p>\n<div>\n<div>\n<div class=\"trv-player-container\">\n<div class=\"trv-wrapper\">\n<div id=\"br_video_player_786c8b20b06d40d45391e967007e3f9dc3c659f9\" class=\"trvd_video_player trvdfloater trv-right\">\n<div class=\"media-player\">\n<div class=\"trv-video\">\n<div id=\"truvid_ima_container20226\" class=\"truvid_ima_container\">\n<div>\n<div><\/div>\n<\/div>\n<\/div>\n<\/div>\n<\/div>\n<div id=\"br_video_player_786c8b20b06d40d45391e967007e3f9dc3c659f9_close\" class=\"trv-close-container\"><strong>Veja as inten\u00e7\u00f5es de voto dos baianos para o Senado\u00a0<\/strong><\/div>\n<\/div>\n<\/div>\n<\/div>\n<\/div>\n<\/div>\n<figure id=\"attachment_532672\" class=\"wp-caption alignnone\" aria-describedby=\"caption-attachment-532672\"><img loading=\"lazy\" decoding=\"async\" class=\"wp-image-532672 size-full lazyloaded\" src=\"https:\/\/d1x4bjge7r9nas.cloudfront.net\/wp-content\/uploads\/2026\/04\/29080858\/intencao-de-votos-senado.jpeg\" sizes=\"auto, (max-width: 1986px) 100vw, 1986px\" srcset=\"https:\/\/d1x4bjge7r9nas.cloudfront.net\/wp-content\/uploads\/2026\/04\/29080858\/intencao-de-votos-senado.jpeg 1986w, https:\/\/d1x4bjge7r9nas.cloudfront.net\/wp-content\/uploads\/2026\/04\/29080858\/intencao-de-votos-senado-300x167.jpeg 300w, https:\/\/d1x4bjge7r9nas.cloudfront.net\/wp-content\/uploads\/2026\/04\/29080858\/intencao-de-votos-senado-1024x570.jpeg 1024w, https:\/\/d1x4bjge7r9nas.cloudfront.net\/wp-content\/uploads\/2026\/04\/29080858\/intencao-de-votos-senado-768x428.jpeg 768w, https:\/\/d1x4bjge7r9nas.cloudfront.net\/wp-content\/uploads\/2026\/04\/29080858\/intencao-de-votos-senado-1536x855.jpeg 1536w\" alt=\"\" width=\"1986\" height=\"1106\" data-src=\"https:\/\/d1x4bjge7r9nas.cloudfront.net\/wp-content\/uploads\/2026\/04\/29080858\/intencao-de-votos-senado.jpeg\" data-srcset=\"https:\/\/d1x4bjge7r9nas.cloudfront.net\/wp-content\/uploads\/2026\/04\/29080858\/intencao-de-votos-senado.jpeg 1986w, https:\/\/d1x4bjge7r9nas.cloudfront.net\/wp-content\/uploads\/2026\/04\/29080858\/intencao-de-votos-senado-300x167.jpeg 300w, https:\/\/d1x4bjge7r9nas.cloudfront.net\/wp-content\/uploads\/2026\/04\/29080858\/intencao-de-votos-senado-1024x570.jpeg 1024w, https:\/\/d1x4bjge7r9nas.cloudfront.net\/wp-content\/uploads\/2026\/04\/29080858\/intencao-de-votos-senado-768x428.jpeg 768w, https:\/\/d1x4bjge7r9nas.cloudfront.net\/wp-content\/uploads\/2026\/04\/29080858\/intencao-de-votos-senado-1536x855.jpeg 1536w\" data-sizes=\"(max-width: 1986px) 100vw, 1986px\" \/><figcaption id=\"caption-attachment-532672\" class=\"wp-caption-text\">Foto: Divulga\u00e7\u00e3o\/Quaest<\/figcaption><\/figure>\n<p>A Quaest entrevistou 1.200 pessoas entre os dias 23 e 27 de abril de 2026. A margem de erro \u00e9 de 3 pontos percentuais, para mais ou para menos, com intervalo de confian\u00e7a de 95%. O levantamento foi registrado no Tribunal Superior Eleitoral sob o n\u00ba BA-03657\/2026.<\/p>\n<p>Bahia.Ba<\/p>\n<div class='share-to-whatsapp-wrapper'><div class='share-on-whsp'>Share on: <\/div><a data-text='Quaest: Rui Costa e Jaques Wagner lideram disputa para o Senado Federal' data-link='https:\/\/newsinfoco.com.br\/inicio\/quaest-rui-costa-e-jaques-wagner-lideram-disputa-para-o-senado-federal\/' class='whatsapp-button whatsapp-share'>WhatsApp<\/a><div class='clear '><\/div><\/div>","protected":false},"excerpt":{"rendered":"<p>Rui Costa (PT)\u00a0lidera a disputa pelo Senado Federal em 2026, de acordo com a pesquisa publicada na manh\u00e3 desta quarta-feira (29) pelo instituto Quaest. Com\u00a024%\u00a0das inten\u00e7\u00f5es de voto, o ex-ministro da Casa Civil aparece como favorito para garantir a primeira vaga de senador pela Bahia. Depois de Rui, apareceu como o segundo favorito o senador\u00a0Jaques [&hellip;]<\/p>\n","protected":false},"author":1,"featured_media":50401,"comment_status":"closed","ping_status":"closed","sticky":false,"template":"","format":"standard","meta":{"om_disable_all_campaigns":false,"_exactmetrics_skip_tracking":false,"_exactmetrics_sitenote_active":false,"_exactmetrics_sitenote_note":"","_exactmetrics_sitenote_category":0,"footnotes":""},"categories":[19],"tags":[],"class_list":["post-50400","post","type-post","status-publish","format-standard","has-post-thumbnail","hentry","category-bahia"],"aioseo_notices":[],"_links":{"self":[{"href":"https:\/\/newsinfoco.com.br\/inicio\/wp-json\/wp\/v2\/posts\/50400","targetHints":{"allow":["GET"]}}],"collection":[{"href":"https:\/\/newsinfoco.com.br\/inicio\/wp-json\/wp\/v2\/posts"}],"about":[{"href":"https:\/\/newsinfoco.com.br\/inicio\/wp-json\/wp\/v2\/types\/post"}],"author":[{"embeddable":true,"href":"https:\/\/newsinfoco.com.br\/inicio\/wp-json\/wp\/v2\/users\/1"}],"replies":[{"embeddable":true,"href":"https:\/\/newsinfoco.com.br\/inicio\/wp-json\/wp\/v2\/comments?post=50400"}],"version-history":[{"count":1,"href":"https:\/\/newsinfoco.com.br\/inicio\/wp-json\/wp\/v2\/posts\/50400\/revisions"}],"predecessor-version":[{"id":50402,"href":"https:\/\/newsinfoco.com.br\/inicio\/wp-json\/wp\/v2\/posts\/50400\/revisions\/50402"}],"wp:featuredmedia":[{"embeddable":true,"href":"https:\/\/newsinfoco.com.br\/inicio\/wp-json\/wp\/v2\/media\/50401"}],"wp:attachment":[{"href":"https:\/\/newsinfoco.com.br\/inicio\/wp-json\/wp\/v2\/media?parent=50400"}],"wp:term":[{"taxonomy":"category","embeddable":true,"href":"https:\/\/newsinfoco.com.br\/inicio\/wp-json\/wp\/v2\/categories?post=50400"},{"taxonomy":"post_tag","embeddable":true,"href":"https:\/\/newsinfoco.com.br\/inicio\/wp-json\/wp\/v2\/tags?post=50400"}],"curies":[{"name":"wp","href":"https:\/\/api.w.org\/{rel}","templated":true}]}}